{"id":62995,"global_id":"wbp.lublin.pl?id=62995","global_id_lineage":["wbp.lublin.pl?id=62995"],"author":"25","status":"publish","date":"2024-10-07 15:02:29","date_utc":"2024-10-07 13:02:29","modified":"2024-10-07 15:11:06","modified_utc":"2024-10-07 13:11:06","url":"https:\/\/wbp.lublin.pl\/index.php\/event\/x-jubileuszowa-noc-bibliotek-w-mbp-w-bialej-podlaskiej\/","rest_url":"https:\/\/wbp.lublin.pl\/index.php\/wp-json\/tribe\/events\/v1\/events\/62995","title":"X jubileuszowa Noc Bibliotek w MBP w Bia\u0142ej Podlaskiej","description":"<div  class=\"tribe-events-schedule tribe-clearfix\" >\n\t<p class=\"tribe-events-schedule__datetime\">\n\t\t<span class=\"tribe-events-schedule__date tribe-events-schedule__date--start\">\n\t\t\t\t\t<\/span>\n\n\t\t\t\t\t<span class=\"tribe-events-schedule__separator tribe-events-schedule__separator--date\">\n\t\t\t\t godz. \t\t\t<\/span>\n\t\t\t<span class=\"tribe-events-schedule__time tribe-events-schedule__time--start\">\n\t\t\t\t\t\t\t<\/span>\n\t\t\n\t\t\t<\/p>\n<\/div>\n\n\n\n<p class=\"wp-block-paragraph\">15 pa\u017adziernika w Filii nr 6 Miejskiej Biblioteki Publicznej w Bia\u0142ej Podlaskiej <br>w ramach X Nocy Bibliotek zapraszamy na spotkanie <br>z kolekcjonerem Andrzejem Olichwirukiem.<\/p>\n\n\n<div  class=\"tribe-block tribe-block__event-price\" >\n\t\t<\/div>\n\n\n<div  class=\"tribe-block tribe-block__venue tribe-clearfix tribe-block__venue--has-map\" >\n\t\n\t\t\n<div class=\"tribe-block__venue__map\">\n\t<div id=\"tribe-events-gmap-0\" style=\"height: 256px; width: 310px\" aria-hidden=\"true\"><\/div><!-- #tribe-events-gmap- -->\n<\/div>\n\n\t<\/div>\n\n\n\n\n\t<div  class=\"tribe-block tribe-block__events-link\" >\n\t\t<div class=\"tribe-events tribe-common\">\n\t\t\t<div class=\"tribe-events-c-subscribe-dropdown__container\">\n\t\t\t\t<div class=\"tribe-events-c-subscribe-dropdown\">\n\t\t\t\t\t<div class=\"tribe-common-c-btn-border tribe-events-c-subscribe-dropdown__button\">\n\t\t\t\t\t\t<svg\n\t class=\"tribe-common-c-svgicon tribe-common-c-svgicon--cal-export tribe-events-c-subscribe-dropdown__export-icon\" \taria-hidden=\"true\"\n\tviewBox=\"0 0 23 17\"\n\txmlns=\"http:\/\/www.w3.org\/2000\/svg\"\n>\n\t<path fill-rule=\"evenodd\" clip-rule=\"evenodd\" d=\"M.128.896V16.13c0 .211.145.383.323.383h15.354c.179 0 .323-.172.323-.383V.896c0-.212-.144-.383-.323-.383H.451C.273.513.128.684.128.896Zm16 6.742h-.901V4.679H1.009v10.729h14.218v-3.336h.901V7.638ZM1.01 1.614h14.218v2.058H1.009V1.614Z\" \/>\n\t<path d=\"M20.5 9.846H8.312M18.524 6.953l2.89 2.909-2.855 2.855\" stroke-width=\"1.2\" stroke-linecap=\"round\" stroke-linejoin=\"round\"\/>\n<\/svg>\n\t\t\t\t\t\t<button\n\t\t\t\t\t\t\tclass=\"tribe-events-c-subscribe-dropdown__button-text\"\n\t\t\t\t\t\t\taria-expanded=\"false\"\n\t\t\t\t\t\t\taria-controls=\"tribe-events-subscribe-dropdown-content\"\n\t\t\t\t\t\t\taria-label=\"Wy\u015bwietl linki do dodawania wydarze\u0144 do kalendarza\"\n\t\t\t\t\t\t>\n\t\t\t\t\t\t\tDodaj do Kalendarza\t\t\t\t\t\t<\/button>\n\t\t\t\t\t\t<svg\n\t class=\"tribe-common-c-svgicon tribe-common-c-svgicon--caret-down tribe-events-c-subscribe-dropdown__button-icon\" \taria-hidden=\"true\"\n\tviewBox=\"0 0 10 7\"\n\txmlns=\"http:\/\/www.w3.org\/2000\/svg\"\n>\n\t<path fill-rule=\"evenodd\" clip-rule=\"evenodd\" d=\"M1.008.609L5 4.6 8.992.61l.958.958L5 6.517.05 1.566l.958-.958z\" class=\"tribe-common-c-svgicon__svg-fill\"\/>\n<\/svg>\n\t\t\t\t\t<\/div>\n\t\t\t\t\t<div id=\"tribe-events-subscribe-dropdown-content\" class=\"tribe-events-c-subscribe-dropdown__content\">\n\t\t\t\t\t\t<ul class=\"tribe-events-c-subscribe-dropdown__list\">\n\t\t\t\t\t\t\t\t\t\t\t\t\t\t\t<li class=\"tribe-events-c-subscribe-dropdown__list-item tribe-events-c-subscribe-dropdown__list-item--gcal\">\n\t\t\t\t\t\t\t\t\t<a\n\t\t\t\t\t\t\t\t\t\thref=\"\"\n\t\t\t\t\t\t\t\t\t\tclass=\"tribe-events-c-subscribe-dropdown__list-item-link\"\n\t\t\t\t\t\t\t\t\t\ttarget=\"_blank\"\n\t\t\t\t\t\t\t\t\t\trel=\"noopener noreferrer nofollow noindex\"\n\t\t\t\t\t\t\t\t\t>\n\t\t\t\t\t\t\t\t\t\tKalendarz Google\t\t\t\t\t\t\t\t\t<\/a>\n\t\t\t\t\t\t\t\t<\/li>\n\t\t\t\t\t\t\t\t\t\t\t\t\t\t\t<li class=\"tribe-events-c-subscribe-dropdown__list-item tribe-events-c-subscribe-dropdown__list-item--ical\">\n\t\t\t\t\t\t\t\t\t<a\n\t\t\t\t\t\t\t\t\t\thref=\"\"\n\t\t\t\t\t\t\t\t\t\tclass=\"tribe-events-c-subscribe-dropdown__list-item-link\"\n\t\t\t\t\t\t\t\t\t\ttarget=\"_blank\"\n\t\t\t\t\t\t\t\t\t\trel=\"noopener noreferrer nofollow noindex\"\n\t\t\t\t\t\t\t\t\t>\n\t\t\t\t\t\t\t\t\t\tiKalendarz\t\t\t\t\t\t\t\t\t<\/a>\n\t\t\t\t\t\t\t\t<\/li>\n\t\t\t\t\t\t\t\t\t\t\t\t\t\t\t<li class=\"tribe-events-c-subscribe-dropdown__list-item tribe-events-c-subscribe-dropdown__list-item--outlook-365\">\n\t\t\t\t\t\t\t\t\t<a\n\t\t\t\t\t\t\t\t\t\thref=\"\"\n\t\t\t\t\t\t\t\t\t\tclass=\"tribe-events-c-subscribe-dropdown__list-item-link\"\n\t\t\t\t\t\t\t\t\t\ttarget=\"_blank\"\n\t\t\t\t\t\t\t\t\t\trel=\"noopener noreferrer nofollow noindex\"\n\t\t\t\t\t\t\t\t\t>\n\t\t\t\t\t\t\t\t\t\tOutlook 365\t\t\t\t\t\t\t\t\t<\/a>\n\t\t\t\t\t\t\t\t<\/li>\n\t\t\t\t\t\t\t\t\t\t\t\t\t\t\t<li class=\"tribe-events-c-subscribe-dropdown__list-item tribe-events-c-subscribe-dropdown__list-item--outlook-live\">\n\t\t\t\t\t\t\t\t\t<a\n\t\t\t\t\t\t\t\t\t\thref=\"\"\n\t\t\t\t\t\t\t\t\t\tclass=\"tribe-events-c-subscribe-dropdown__list-item-link\"\n\t\t\t\t\t\t\t\t\t\ttarget=\"_blank\"\n\t\t\t\t\t\t\t\t\t\trel=\"noopener noreferrer nofollow noindex\"\n\t\t\t\t\t\t\t\t\t>\n\t\t\t\t\t\t\t\t\t\tOutlook na \u017cywo\t\t\t\t\t\t\t\t\t<\/a>\n\t\t\t\t\t\t\t\t<\/li>\n\t\t\t\t\t\t\t\t\t\t\t\t\t<\/ul>\n\t\t\t\t\t<\/div>\n\t\t\t\t<\/div>\n\t\t\t<\/div>\n\t\t<\/div>\n\t<\/div>","excerpt":"","slug":"x-jubileuszowa-noc-bibliotek-w-mbp-w-bialej-podlaskiej","image":{"url":"https:\/\/wbp.lublin.pl\/wp-content\/uploads\/2024\/10\/7-png.avif","id":62997,"extension":"avif","width":1587,"height":2245,"filesize":107093,"sizes":{"medium":{"width":424,"height":600,"mime-type":"image\/jpeg","filesize":61119,"sources":{"image\/jpeg":{"file":"7-png-424x600.jpg","filesize":61119},"image\/avif":{"file":"7-png-424x600-avif.avif","filesize":51210}},"url":"https:\/\/wbp.lublin.pl\/wp-content\/uploads\/2024\/10\/7-png-424x600.jpg"},"large":{"width":763,"height":1080,"mime-type":"image\/jpeg","filesize":147264,"sources":{"image\/jpeg":{"file":"7-png-763x1080.jpg","filesize":147264},"image\/avif":{"file":"7-png-763x1080-avif.avif","filesize":101775}},"url":"https:\/\/wbp.lublin.pl\/wp-content\/uploads\/2024\/10\/7-png-763x1080.jpg"},"thumbnail":{"width":283,"height":400,"mime-type":"image\/jpeg","filesize":33258,"sources":{"image\/jpeg":{"file":"7-png-283x400.jpg","filesize":33258},"image\/avif":{"file":"7-png-283x400-avif.avif","filesize":30160}},"url":"https:\/\/wbp.lublin.pl\/wp-content\/uploads\/2024\/10\/7-png-283x400.jpg"},"medium_large":{"width":768,"height":1086,"mime-type":"image\/jpeg","filesize":148749,"sources":{"image\/jpeg":{"file":"7-png-768x1086.jpg","filesize":148749},"image\/avif":{"file":"7-png-768x1086-avif.avif","filesize":101982}},"url":"https:\/\/wbp.lublin.pl\/wp-content\/uploads\/2024\/10\/7-png-768x1086.jpg"},"1536x1536":{"width":1086,"height":1536,"mime-type":"image\/jpeg","filesize":246039,"url":"https:\/\/wbp.lublin.pl\/wp-content\/uploads\/2024\/10\/7-png-1086x1536.jpg"},"2048x2048":{"width":1448,"height":2048,"mime-type":"image\/jpeg","filesize":365342,"url":"https:\/\/wbp.lublin.pl\/wp-content\/uploads\/2024\/10\/7-png-1448x2048.jpg"},"homepage-slider":{"width":1270,"height":500,"mime-type":"image\/jpeg","filesize":92213,"url":"https:\/\/wbp.lublin.pl\/wp-content\/uploads\/2024\/10\/7-png-1270x500.jpg"},"homepage-slider-small":{"width":947,"height":500,"mime-type":"image\/jpeg","filesize":82127,"url":"https:\/\/wbp.lublin.pl\/wp-content\/uploads\/2024\/10\/7-png-947x500.jpg"},"page-top":{"width":947,"height":1340,"mime-type":"image\/jpeg","filesize":202411,"url":"https:\/\/wbp.lublin.pl\/wp-content\/uploads\/2024\/10\/7-png-947x1340.jpg"},"page-small":{"width":624,"height":883,"mime-type":"image\/jpeg","filesize":109960,"url":"https:\/\/wbp.lublin.pl\/wp-content\/uploads\/2024\/10\/7-png-624x883.jpg"},"loop-main":{"width":365,"height":240,"mime-type":"image\/jpeg","filesize":24345,"url":"https:\/\/wbp.lublin.pl\/wp-content\/uploads\/2024\/10\/7-png-365x240.jpg"},"thumb-gallery-widget":{"width":84,"height":56,"mime-type":"image\/jpeg","filesize":2386,"url":"https:\/\/wbp.lublin.pl\/wp-content\/uploads\/2024\/10\/7-png-84x56.jpg"}},"dominant_color":"686964","sources":{"image\/avif":{"file":"7-png.avif","filesize":107093}}},"all_day":false,"start_date":"2024-10-15 18:00:00","start_date_details":{"year":"2024","month":"10","day":"15","hour":"18","minutes":"00","seconds":"00"},"end_date":"2024-10-15 20:00:00","end_date_details":{"year":"2024","month":"10","day":"15","hour":"20","minutes":"00","seconds":"00"},"utc_start_date":"2024-10-15 16:00:00","utc_start_date_details":{"year":"2024","month":"10","day":"15","hour":"16","minutes":"00","seconds":"00"},"utc_end_date":"2024-10-15 18:00:00","utc_end_date_details":{"year":"2024","month":"10","day":"15","hour":"18","minutes":"00","seconds":"00"},"timezone":"Europe\/Warsaw","timezone_abbr":"","cost":"","cost_details":{"currency_symbol":"PLN","currency_code":"PLN","currency_position":"prefix","values":[]},"website":"","show_map":false,"show_map_link":false,"hide_from_listings":false,"sticky":false,"featured":false,"categories":[{"name":"Co si\u0119 dzieje w terenie?","slug":"teren","term_group":0,"term_taxonomy_id":742,"taxonomy":"tribe_events_cat","description":"Wydarzenia w wojew\u00f3dztwie Lubelskim","parent":0,"count":103,"filter":"raw","term_order":"0","id":742,"urls":{"self":"https:\/\/wbp.lublin.pl\/index.php\/wp-json\/tribe\/events\/v1\/categories\/742","collection":"https:\/\/wbp.lublin.pl\/index.php\/wp-json\/tribe\/events\/v1\/categories"}}],"tags":[],"venue":{"id":59102,"author":"25","status":"publish","date":"2024-05-27 09:18:01","date_utc":"2024-05-27 07:18:01","modified":"2024-05-27 09:21:57","modified_utc":"2024-05-27 07:21:57","url":"https:\/\/wbp.lublin.pl\/index.php\/miejsce\/miejska-biblioteka-publiczna-w-bialej-podlaskiej\/","venue":"Miejska Biblioteka Publiczna w Bia\u0142ej Podlaskiej","slug":"miejska-biblioteka-publiczna-w-bialej-podlaskiej","address":"ul. Warszawska 12 a","city":"Bia\u0142a Podlaska","country":"Poland","zip":"21-500","website":"https:\/\/mbp.org.pl\/","geo_lat":52.031443479591,"geo_lng":23.115353943089,"json_ld":{"@type":"Place","name":"Miejska Biblioteka Publiczna w Bia\u0142ej Podlaskiej","description":"","url":"https:\/\/wbp.lublin.pl\/index.php\/miejsce\/miejska-biblioteka-publiczna-w-bialej-podlaskiej\/","address":{"@type":"PostalAddress","streetAddress":"ul. Warszawska 12 a","addressLocality":"Bia\u0142a Podlaska","postalCode":"21-500","addressCountry":"Poland"},"geo":{"@type":"GeoCoordinates","latitude":52.031443479591,"longitude":23.115353943089},"telephone":"","sameAs":"https:\/\/mbp.org.pl\/"},"show_map":true,"show_map_link":true,"global_id":"wbp.lublin.pl?id=59102","global_id_lineage":["wbp.lublin.pl?id=59102"]},"organizer":[],"custom_fields":[],"json_ld":{"@context":"http:\/\/schema.org","@type":"Event","name":"X jubileuszowa Noc Bibliotek w MBP w Bia\u0142ej Podlaskiej","description":"&lt;p&gt;15 pa\u017adziernika w Filii nr 6 Miejskiej Biblioteki Publicznej w Bia\u0142ej Podlaskiej w ramach X Nocy Bibliotek zapraszamy na spotkanie z kolekcjonerem Andrzejem Olichwirukiem.&lt;\/p&gt;\\n","image":"https:\/\/wbp.lublin.pl\/wp-content\/uploads\/2024\/10\/7-png.avif","url":"https:\/\/wbp.lublin.pl\/index.php\/event\/x-jubileuszowa-noc-bibliotek-w-mbp-w-bialej-podlaskiej\/","eventAttendanceMode":"https:\/\/schema.org\/OfflineEventAttendanceMode","eventStatus":"https:\/\/schema.org\/EventScheduled","startDate":"2024-10-15T18:00:00+02:00","endDate":"2024-10-15T20:00:00+02:00","location":{"@type":"Place","name":"Miejska Biblioteka Publiczna w Bia\u0142ej Podlaskiej","description":"","url":"https:\/\/wbp.lublin.pl\/index.php\/miejsce\/miejska-biblioteka-publiczna-w-bialej-podlaskiej\/","address":{"@type":"PostalAddress","streetAddress":"ul. Warszawska 12 a","addressLocality":"Bia\u0142a Podlaska","postalCode":"21-500","addressCountry":"Poland"},"geo":{"@type":"GeoCoordinates","latitude":52.031443479591,"longitude":23.115353943089},"telephone":"","sameAs":"https:\/\/mbp.org.pl\/"},"performer":"Organization"},"is_virtual":false,"virtual_url":null,"virtual_video_source":""}