{"id":65726,"global_id":"wbp.lublin.pl?id=65726","global_id_lineage":["wbp.lublin.pl?id=65726"],"author":"21","status":"publish","date":"2025-01-07 11:37:26","date_utc":"2025-01-07 10:37:26","modified":"2025-02-24 09:50:21","modified_utc":"2025-02-24 08:50:21","url":"https:\/\/wbp.lublin.pl\/index.php\/event\/wystawa-marii-urban-mieszkowskiej-pt-malarstwo-radosne\/","rest_url":"https:\/\/wbp.lublin.pl\/index.php\/wp-json\/tribe\/events\/v1\/events\/65726","title":"Wystawa\u00a0Marii Urban-Mieszkowskiej pt. \u201eMalarstwo radosne\u201d","description":"<div  class=\"tribe-events-schedule tribe-clearfix\" >\n\t<p class=\"tribe-events-schedule__datetime\">\n\t\t<span class=\"tribe-events-schedule__date tribe-events-schedule__date--start\">\n\t\t\t\t\t<\/span>\n\n\t\t\t\t\t<span class=\"tribe-events-schedule__separator tribe-events-schedule__separator--date\">\n\t\t\t\t godz. \t\t\t<\/span>\n\t\t\t<span class=\"tribe-events-schedule__time tribe-events-schedule__time--start\">\n\t\t\t\t\t\t\t<\/span>\n\t\t\n\t\t\t<\/p>\n<\/div>\n\n\n\n<p class=\"wp-block-paragraph\"><strong>Wojew\u00f3dzka Biblioteka Publiczna im. Hieronima \u0141opaci\u0144skiego w Lublinie<\/strong><br>oraz<br><strong>Dom Kultury Lubelskiej Sp\u00f3\u0142dzielni Mieszkaniowej<\/strong><\/p>\n\n\n\n<p class=\"wp-block-paragraph\">zapraszaj\u0105 na wystaw\u0119<strong>&nbsp;Marii Urban-Mieszkowskiej<\/strong> pt. <strong>\u201eMalarstwo radosne\u201d<\/strong><\/p>\n\n\n\n<p class=\"wp-block-paragraph\">11 stycznia \u2013 22 lutego 2025<\/p>\n\n\n\n<p class=\"wp-block-paragraph\">Galeria Biblioteki<br>ul. Gabriela Narutowicza 4<\/p>\n\n\n\n<p class=\"wp-block-paragraph\"><strong>Wystawa czynna w godzinach pracy Biblioteki. Wst\u0119p wolny. Zapraszamy!<\/strong><\/p>\n\n\n\n<p class=\"wp-block-paragraph\"><\/p>\n\n\n<div  class=\"tribe-block tribe-block__event-price\" >\n\t\t<\/div>\n\n\n<div  class=\"tribe-block tribe-block__organizer__details tribe-clearfix\" >\n\t<div class=\"tribe-block__organizer__title\">\n\t\t<h3><a href=\"https:\/\/wbp.lublin.pl\/index.php\/organizator\/wojewodzka-biblioteka-publiczna-im-hieronima-lopacinskiego\/\" title=\"Wojew\u00f3dzka Biblioteka Publiczna im. Hieronima \u0141opaci\u0144skiego\" target=\"_self\" rel=\"\">Wojew\u00f3dzka Biblioteka Publiczna im. Hieronima \u0141opaci\u0144skiego<\/a><\/h3>\n\t<\/div>\n\t\t\t<p class=\"tribe-block__organizer__phone\">81-52-87-417<\/p>\n\t\t\t\t<p class=\"tribe-block__organizer__website\"><a href=\"http:\/\/www.wbp.lublin.pl\" target=\"_blank\" rel=\"noopener noreferrer\">Zobacz witryn\u0119 internetow\u0105 Organizator<\/a><\/p>\n\t\t\t\t<p class=\"tribe-block__organizer__email\">&#105;n&#102;orm&#097;&#116;o&#114;&#105;&#117;m&#064;&#112;o&#099;zta&#046;w&#098;p.&#108;ub&#108;&#105;n.&#112;l<\/p>\n\t<\/div>\n\n\n<div  class=\"tribe-block tribe-block__venue tribe-clearfix\" >\n\t\n\t\t\n\t<\/div>\n\n\n\n\n\t<div  class=\"tribe-block tribe-block__events-link\" >\n\t\t<div class=\"tribe-events tribe-common\">\n\t\t\t<div class=\"tribe-events-c-subscribe-dropdown__container\">\n\t\t\t\t<div class=\"tribe-events-c-subscribe-dropdown\">\n\t\t\t\t\t<div class=\"tribe-common-c-btn-border tribe-events-c-subscribe-dropdown__button\">\n\t\t\t\t\t\t<svg\n\t class=\"tribe-common-c-svgicon tribe-common-c-svgicon--cal-export tribe-events-c-subscribe-dropdown__export-icon\" \taria-hidden=\"true\"\n\tviewBox=\"0 0 23 17\"\n\txmlns=\"http:\/\/www.w3.org\/2000\/svg\"\n>\n\t<path fill-rule=\"evenodd\" clip-rule=\"evenodd\" d=\"M.128.896V16.13c0 .211.145.383.323.383h15.354c.179 0 .323-.172.323-.383V.896c0-.212-.144-.383-.323-.383H.451C.273.513.128.684.128.896Zm16 6.742h-.901V4.679H1.009v10.729h14.218v-3.336h.901V7.638ZM1.01 1.614h14.218v2.058H1.009V1.614Z\" \/>\n\t<path d=\"M20.5 9.846H8.312M18.524 6.953l2.89 2.909-2.855 2.855\" stroke-width=\"1.2\" stroke-linecap=\"round\" stroke-linejoin=\"round\"\/>\n<\/svg>\n\t\t\t\t\t\t<button\n\t\t\t\t\t\t\tclass=\"tribe-events-c-subscribe-dropdown__button-text\"\n\t\t\t\t\t\t\taria-expanded=\"false\"\n\t\t\t\t\t\t\taria-controls=\"tribe-events-subscribe-dropdown-content\"\n\t\t\t\t\t\t\taria-label=\"Wy\u015bwietl linki do dodawania wydarze\u0144 do kalendarza\"\n\t\t\t\t\t\t>\n\t\t\t\t\t\t\tDodaj do Kalendarza\t\t\t\t\t\t<\/button>\n\t\t\t\t\t\t<svg\n\t class=\"tribe-common-c-svgicon tribe-common-c-svgicon--caret-down tribe-events-c-subscribe-dropdown__button-icon\" \taria-hidden=\"true\"\n\tviewBox=\"0 0 10 7\"\n\txmlns=\"http:\/\/www.w3.org\/2000\/svg\"\n>\n\t<path fill-rule=\"evenodd\" clip-rule=\"evenodd\" d=\"M1.008.609L5 4.6 8.992.61l.958.958L5 6.517.05 1.566l.958-.958z\" class=\"tribe-common-c-svgicon__svg-fill\"\/>\n<\/svg>\n\t\t\t\t\t<\/div>\n\t\t\t\t\t<div id=\"tribe-events-subscribe-dropdown-content\" class=\"tribe-events-c-subscribe-dropdown__content\">\n\t\t\t\t\t\t<ul class=\"tribe-events-c-subscribe-dropdown__list\">\n\t\t\t\t\t\t\t\t\t\t\t\t\t\t\t<li class=\"tribe-events-c-subscribe-dropdown__list-item tribe-events-c-subscribe-dropdown__list-item--gcal\">\n\t\t\t\t\t\t\t\t\t<a\n\t\t\t\t\t\t\t\t\t\thref=\"\"\n\t\t\t\t\t\t\t\t\t\tclass=\"tribe-events-c-subscribe-dropdown__list-item-link\"\n\t\t\t\t\t\t\t\t\t\ttarget=\"_blank\"\n\t\t\t\t\t\t\t\t\t\trel=\"noopener noreferrer nofollow noindex\"\n\t\t\t\t\t\t\t\t\t>\n\t\t\t\t\t\t\t\t\t\tKalendarz Google\t\t\t\t\t\t\t\t\t<\/a>\n\t\t\t\t\t\t\t\t<\/li>\n\t\t\t\t\t\t\t\t\t\t\t\t\t\t\t<li class=\"tribe-events-c-subscribe-dropdown__list-item tribe-events-c-subscribe-dropdown__list-item--ical\">\n\t\t\t\t\t\t\t\t\t<a\n\t\t\t\t\t\t\t\t\t\thref=\"\"\n\t\t\t\t\t\t\t\t\t\tclass=\"tribe-events-c-subscribe-dropdown__list-item-link\"\n\t\t\t\t\t\t\t\t\t\ttarget=\"_blank\"\n\t\t\t\t\t\t\t\t\t\trel=\"noopener noreferrer nofollow noindex\"\n\t\t\t\t\t\t\t\t\t>\n\t\t\t\t\t\t\t\t\t\tiKalendarz\t\t\t\t\t\t\t\t\t<\/a>\n\t\t\t\t\t\t\t\t<\/li>\n\t\t\t\t\t\t\t\t\t\t\t\t\t\t\t<li class=\"tribe-events-c-subscribe-dropdown__list-item tribe-events-c-subscribe-dropdown__list-item--outlook-365\">\n\t\t\t\t\t\t\t\t\t<a\n\t\t\t\t\t\t\t\t\t\thref=\"\"\n\t\t\t\t\t\t\t\t\t\tclass=\"tribe-events-c-subscribe-dropdown__list-item-link\"\n\t\t\t\t\t\t\t\t\t\ttarget=\"_blank\"\n\t\t\t\t\t\t\t\t\t\trel=\"noopener noreferrer nofollow noindex\"\n\t\t\t\t\t\t\t\t\t>\n\t\t\t\t\t\t\t\t\t\tOutlook 365\t\t\t\t\t\t\t\t\t<\/a>\n\t\t\t\t\t\t\t\t<\/li>\n\t\t\t\t\t\t\t\t\t\t\t\t\t\t\t<li class=\"tribe-events-c-subscribe-dropdown__list-item tribe-events-c-subscribe-dropdown__list-item--outlook-live\">\n\t\t\t\t\t\t\t\t\t<a\n\t\t\t\t\t\t\t\t\t\thref=\"\"\n\t\t\t\t\t\t\t\t\t\tclass=\"tribe-events-c-subscribe-dropdown__list-item-link\"\n\t\t\t\t\t\t\t\t\t\ttarget=\"_blank\"\n\t\t\t\t\t\t\t\t\t\trel=\"noopener noreferrer nofollow noindex\"\n\t\t\t\t\t\t\t\t\t>\n\t\t\t\t\t\t\t\t\t\tOutlook na \u017cywo\t\t\t\t\t\t\t\t\t<\/a>\n\t\t\t\t\t\t\t\t<\/li>\n\t\t\t\t\t\t\t\t\t\t\t\t\t<\/ul>\n\t\t\t\t\t<\/div>\n\t\t\t\t<\/div>\n\t\t\t<\/div>\n\t\t<\/div>\n\t<\/div>","excerpt":"","slug":"wystawa-marii-urban-mieszkowskiej-pt-malarstwo-radosne","image":{"url":"https:\/\/wbp.lublin.pl\/wp-content\/uploads\/2025\/01\/WYSTAWA-18_Z-cyklu-Kolysanki_1984_53-x-675--scaled.webp","id":65659,"extension":"webp","width":2560,"height":2011,"filesize":981490,"sizes":{"medium":{"width":600,"height":471,"mime-type":"image\/webp","filesize":81582,"sources":{"image\/webp":{"file":"WYSTAWA-18_Z-cyklu-Kolysanki_1984_53-x-675--600x471.webp","filesize":81582}},"url":"https:\/\/wbp.lublin.pl\/wp-content\/uploads\/2025\/01\/WYSTAWA-18_Z-cyklu-Kolysanki_1984_53-x-675--600x471.webp"},"large":{"width":1375,"height":1080,"mime-type":"image\/webp","filesize":382664,"sources":{"image\/webp":{"file":"WYSTAWA-18_Z-cyklu-Kolysanki_1984_53-x-675--1375x1080.webp","filesize":382664}},"url":"https:\/\/wbp.lublin.pl\/wp-content\/uploads\/2025\/01\/WYSTAWA-18_Z-cyklu-Kolysanki_1984_53-x-675--1375x1080.webp"},"thumbnail":{"width":400,"height":314,"mime-type":"image\/webp","filesize":44396,"sources":{"image\/webp":{"file":"WYSTAWA-18_Z-cyklu-Kolysanki_1984_53-x-675--400x314.webp","filesize":44396}},"url":"https:\/\/wbp.lublin.pl\/wp-content\/uploads\/2025\/01\/WYSTAWA-18_Z-cyklu-Kolysanki_1984_53-x-675--400x314.webp"},"medium_large":{"width":768,"height":603,"mime-type":"image\/webp","filesize":129396,"sources":{"image\/webp":{"file":"WYSTAWA-18_Z-cyklu-Kolysanki_1984_53-x-675--768x603.webp","filesize":129396}},"url":"https:\/\/wbp.lublin.pl\/wp-content\/uploads\/2025\/01\/WYSTAWA-18_Z-cyklu-Kolysanki_1984_53-x-675--768x603.webp"},"1536x1536":{"width":1536,"height":1207,"mime-type":"image\/webp","filesize":463458,"url":"https:\/\/wbp.lublin.pl\/wp-content\/uploads\/2025\/01\/WYSTAWA-18_Z-cyklu-Kolysanki_1984_53-x-675--1536x1207.webp"},"2048x2048":{"width":2048,"height":1609,"mime-type":"image\/webp","filesize":712752,"url":"https:\/\/wbp.lublin.pl\/wp-content\/uploads\/2025\/01\/WYSTAWA-18_Z-cyklu-Kolysanki_1984_53-x-675--2048x1609.webp"},"homepage-slider":{"width":1270,"height":500,"mime-type":"image\/webp","filesize":181940,"url":"https:\/\/wbp.lublin.pl\/wp-content\/uploads\/2025\/01\/WYSTAWA-18_Z-cyklu-Kolysanki_1984_53-x-675--1270x500.webp"},"homepage-slider-small":{"width":947,"height":500,"mime-type":"image\/webp","filesize":138634,"url":"https:\/\/wbp.lublin.pl\/wp-content\/uploads\/2025\/01\/WYSTAWA-18_Z-cyklu-Kolysanki_1984_53-x-675--947x500.webp"},"page-top":{"width":947,"height":744,"mime-type":"image\/webp","filesize":193516,"url":"https:\/\/wbp.lublin.pl\/wp-content\/uploads\/2025\/01\/WYSTAWA-18_Z-cyklu-Kolysanki_1984_53-x-675--947x744.webp"},"page-small":{"width":624,"height":490,"mime-type":"image\/webp","filesize":89224,"url":"https:\/\/wbp.lublin.pl\/wp-content\/uploads\/2025\/01\/WYSTAWA-18_Z-cyklu-Kolysanki_1984_53-x-675--624x490.webp"},"loop-main":{"width":365,"height":240,"mime-type":"image\/webp","filesize":35818,"url":"https:\/\/wbp.lublin.pl\/wp-content\/uploads\/2025\/01\/WYSTAWA-18_Z-cyklu-Kolysanki_1984_53-x-675--365x240.webp"},"thumb-gallery-widget":{"width":84,"height":56,"mime-type":"image\/webp","filesize":17960,"url":"https:\/\/wbp.lublin.pl\/wp-content\/uploads\/2025\/01\/WYSTAWA-18_Z-cyklu-Kolysanki_1984_53-x-675--84x56.webp"}},"original_image":"WYSTAWA-18_Z-cyklu-Kolysanki_1984_53-x-675-.jpg","dominant_color":"7e5a5d","sources":{"image\/webp":{"file":"WYSTAWA-18_Z-cyklu-Kolysanki_1984_53-x-675--scaled.webp","filesize":981490}}},"all_day":false,"start_date":"2025-01-11 08:00:00","start_date_details":{"year":"2025","month":"01","day":"11","hour":"08","minutes":"00","seconds":"00"},"end_date":"2025-03-01 17:00:00","end_date_details":{"year":"2025","month":"03","day":"01","hour":"17","minutes":"00","seconds":"00"},"utc_start_date":"2025-01-11 07:00:00","utc_start_date_details":{"year":"2025","month":"01","day":"11","hour":"07","minutes":"00","seconds":"00"},"utc_end_date":"2025-03-01 16:00:00","utc_end_date_details":{"year":"2025","month":"03","day":"01","hour":"16","minutes":"00","seconds":"00"},"timezone":"Europe\/Warsaw","timezone_abbr":"","cost":"","cost_details":{"currency_symbol":"PLN","currency_code":"PLN","currency_position":"prefix","values":[]},"website":"","show_map":false,"show_map_link":false,"hide_from_listings":false,"sticky":false,"featured":false,"categories":[{"name":"Wydarzenia WBP Lublin","slug":"wbp","term_group":0,"term_taxonomy_id":740,"taxonomy":"tribe_events_cat","description":"","parent":0,"count":194,"filter":"raw","term_order":"0","id":740,"urls":{"self":"https:\/\/wbp.lublin.pl\/index.php\/wp-json\/tribe\/events\/v1\/categories\/740","collection":"https:\/\/wbp.lublin.pl\/index.php\/wp-json\/tribe\/events\/v1\/categories"}}],"tags":[],"venue":[],"organizer":[],"custom_fields":[],"json_ld":{"@context":"http:\/\/schema.org","@type":"Event","name":"Wystawa\u00a0Marii Urban-Mieszkowskiej pt. \u201eMalarstwo radosne\u201d","description":"&lt;p&gt;Wojew\u00f3dzka Biblioteka Publiczna im. Hieronima \u0141opaci\u0144skiego w LublinieorazDom Kultury Lubelskiej Sp\u00f3\u0142dzielni Mieszkaniowej zapraszaj\u0105 na wystaw\u0119&nbsp;Marii Urban-Mieszkowskiej pt. \u201eMalarstwo radosne\u201d 11 stycznia \u2013 22 lutego 2025 Galeria Bibliotekiul. Gabriela Narutowicza 4 [&hellip;]&lt;\/p&gt;\\n","image":"https:\/\/wbp.lublin.pl\/wp-content\/uploads\/2025\/01\/WYSTAWA-18_Z-cyklu-Kolysanki_1984_53-x-675--scaled.webp","url":"https:\/\/wbp.lublin.pl\/index.php\/event\/wystawa-marii-urban-mieszkowskiej-pt-malarstwo-radosne\/","eventAttendanceMode":"https:\/\/schema.org\/OfflineEventAttendanceMode","eventStatus":"https:\/\/schema.org\/EventScheduled","startDate":"2025-01-11T08:00:00+01:00","endDate":"2025-03-01T17:00:00+01:00","performer":"Organization"},"is_virtual":false,"virtual_url":null,"virtual_video_source":""}