{"id":66169,"global_id":"wbp.lublin.pl?id=66169","global_id_lineage":["wbp.lublin.pl?id=66169"],"author":"21","status":"publish","date":"2025-01-20 15:13:04","date_utc":"2025-01-20 14:13:04","modified":"2025-01-20 15:13:05","modified_utc":"2025-01-20 14:13:05","url":"https:\/\/wbp.lublin.pl\/index.php\/event\/wystawa-slady-nieobecnych-pamiec-o-holokauscie-na-lubelszczyznie\/","rest_url":"https:\/\/wbp.lublin.pl\/index.php\/wp-json\/tribe\/events\/v1\/events\/66169","title":"Wystawa \u201e\u015alady Nieobecnych. Pami\u0119\u0107 o Holokau\u015bcie na Lubelszczy\u017anie\u201d","description":"<div  class=\"tribe-events-schedule tribe-clearfix\" >\n\t<p class=\"tribe-events-schedule__datetime\">\n\t\t<span class=\"tribe-events-schedule__date tribe-events-schedule__date--start\">\n\t\t\t\t\t<\/span>\n\n\t\t\t\t\t<span class=\"tribe-events-schedule__separator tribe-events-schedule__separator--date\">\n\t\t\t\t godz. \t\t\t<\/span>\n\t\t\t<span class=\"tribe-events-schedule__time tribe-events-schedule__time--start\">\n\t\t\t\t\t\t\t<\/span>\n\t\t\n\t\t\t<\/p>\n<\/div>\n\n\n\n<p class=\"wp-block-paragraph\"><strong>Wojew\u00f3dzka Biblioteka Publiczna im. Hieronima \u0141opaci\u0144skiego w Lublinie<\/strong><br>zaprasza na wystaw\u0119<strong>\u00a0<\/strong> <strong>\u201e\u015alady Nieobecnych. Pami\u0119\u0107 o Holokau\u015bcie na Lubelszczy\u017anie\u201d<\/strong><br>Hol Biblioteki<br>Wystawa b\u0119dzie czynna do 31 stycznia 2025 r. w godzinach pracy Biblioteki<\/p>\n\n\n\n<p class=\"wp-block-paragraph\">W dniach 22-27 stycznia 2025 r. odb\u0119d\u0105 si\u0119 VII Obchody Mi\u0119dzynarodowego Dnia Pami\u0119ci o Ofiarach Holokaustu na Lubelszczy\u017anie.<br>Honorowy patronat nad wydarzeniem obj\u0105\u0142 Marsza\u0142ek Wojew\u00f3dztwa Lubelskiego Jaros\u0142aw Stawiarski.<\/p>\n\n\n<div  class=\"tribe-block tribe-block__event-price\" >\n\t\t<\/div>\n\n\n<div  class=\"tribe-block tribe-block__organizer__details tribe-clearfix\" >\n\t<div class=\"tribe-block__organizer__title\">\n\t\t<h3><a href=\"https:\/\/wbp.lublin.pl\/index.php\/organizator\/wojewodzka-biblioteka-publiczna-im-hieronima-lopacinskiego\/\" title=\"Wojew\u00f3dzka Biblioteka Publiczna im. Hieronima \u0141opaci\u0144skiego\" target=\"_self\" rel=\"\">Wojew\u00f3dzka Biblioteka Publiczna im. Hieronima \u0141opaci\u0144skiego<\/a><\/h3>\n\t<\/div>\n\t\t\t<p class=\"tribe-block__organizer__phone\">81-52-87-417<\/p>\n\t\t\t\t<p class=\"tribe-block__organizer__website\"><a href=\"http:\/\/www.wbp.lublin.pl\" target=\"_blank\" rel=\"noopener noreferrer\">Zobacz witryn\u0119 internetow\u0105 Organizator<\/a><\/p>\n\t\t\t\t<p class=\"tribe-block__organizer__email\">i&#110;&#102;or&#109;a&#116;&#111;ri&#117;&#109;&#064;&#112;o&#099;&#122;ta.&#119;&#098;&#112;.lub&#108;i&#110;&#046;p&#108;<\/p>\n\t<\/div>\n\n\n<div  class=\"tribe-block tribe-block__venue tribe-clearfix\" >\n\t\n\t\t\n\t<\/div>\n\n\n\n\n\t<div  class=\"tribe-block tribe-block__events-link\" >\n\t\t<div class=\"tribe-events tribe-common\">\n\t\t\t<div class=\"tribe-events-c-subscribe-dropdown__container\">\n\t\t\t\t<div class=\"tribe-events-c-subscribe-dropdown\">\n\t\t\t\t\t<div class=\"tribe-common-c-btn-border tribe-events-c-subscribe-dropdown__button\">\n\t\t\t\t\t\t<svg\n\t class=\"tribe-common-c-svgicon tribe-common-c-svgicon--cal-export tribe-events-c-subscribe-dropdown__export-icon\" \taria-hidden=\"true\"\n\tviewBox=\"0 0 23 17\"\n\txmlns=\"http:\/\/www.w3.org\/2000\/svg\"\n>\n\t<path fill-rule=\"evenodd\" clip-rule=\"evenodd\" d=\"M.128.896V16.13c0 .211.145.383.323.383h15.354c.179 0 .323-.172.323-.383V.896c0-.212-.144-.383-.323-.383H.451C.273.513.128.684.128.896Zm16 6.742h-.901V4.679H1.009v10.729h14.218v-3.336h.901V7.638ZM1.01 1.614h14.218v2.058H1.009V1.614Z\" \/>\n\t<path d=\"M20.5 9.846H8.312M18.524 6.953l2.89 2.909-2.855 2.855\" stroke-width=\"1.2\" stroke-linecap=\"round\" stroke-linejoin=\"round\"\/>\n<\/svg>\n\t\t\t\t\t\t<button\n\t\t\t\t\t\t\tclass=\"tribe-events-c-subscribe-dropdown__button-text\"\n\t\t\t\t\t\t\taria-expanded=\"false\"\n\t\t\t\t\t\t\taria-controls=\"tribe-events-subscribe-dropdown-content\"\n\t\t\t\t\t\t\taria-label=\"Wy\u015bwietl linki do dodawania wydarze\u0144 do kalendarza\"\n\t\t\t\t\t\t>\n\t\t\t\t\t\t\tDodaj do Kalendarza\t\t\t\t\t\t<\/button>\n\t\t\t\t\t\t<svg\n\t class=\"tribe-common-c-svgicon tribe-common-c-svgicon--caret-down tribe-events-c-subscribe-dropdown__button-icon\" \taria-hidden=\"true\"\n\tviewBox=\"0 0 10 7\"\n\txmlns=\"http:\/\/www.w3.org\/2000\/svg\"\n>\n\t<path fill-rule=\"evenodd\" clip-rule=\"evenodd\" d=\"M1.008.609L5 4.6 8.992.61l.958.958L5 6.517.05 1.566l.958-.958z\" class=\"tribe-common-c-svgicon__svg-fill\"\/>\n<\/svg>\n\t\t\t\t\t<\/div>\n\t\t\t\t\t<div id=\"tribe-events-subscribe-dropdown-content\" class=\"tribe-events-c-subscribe-dropdown__content\">\n\t\t\t\t\t\t<ul class=\"tribe-events-c-subscribe-dropdown__list\">\n\t\t\t\t\t\t\t\t\t\t\t\t\t\t\t<li class=\"tribe-events-c-subscribe-dropdown__list-item tribe-events-c-subscribe-dropdown__list-item--gcal\">\n\t\t\t\t\t\t\t\t\t<a\n\t\t\t\t\t\t\t\t\t\thref=\"\"\n\t\t\t\t\t\t\t\t\t\tclass=\"tribe-events-c-subscribe-dropdown__list-item-link\"\n\t\t\t\t\t\t\t\t\t\ttarget=\"_blank\"\n\t\t\t\t\t\t\t\t\t\trel=\"noopener noreferrer nofollow noindex\"\n\t\t\t\t\t\t\t\t\t>\n\t\t\t\t\t\t\t\t\t\tKalendarz Google\t\t\t\t\t\t\t\t\t<\/a>\n\t\t\t\t\t\t\t\t<\/li>\n\t\t\t\t\t\t\t\t\t\t\t\t\t\t\t<li class=\"tribe-events-c-subscribe-dropdown__list-item tribe-events-c-subscribe-dropdown__list-item--ical\">\n\t\t\t\t\t\t\t\t\t<a\n\t\t\t\t\t\t\t\t\t\thref=\"\"\n\t\t\t\t\t\t\t\t\t\tclass=\"tribe-events-c-subscribe-dropdown__list-item-link\"\n\t\t\t\t\t\t\t\t\t\ttarget=\"_blank\"\n\t\t\t\t\t\t\t\t\t\trel=\"noopener noreferrer nofollow noindex\"\n\t\t\t\t\t\t\t\t\t>\n\t\t\t\t\t\t\t\t\t\tiKalendarz\t\t\t\t\t\t\t\t\t<\/a>\n\t\t\t\t\t\t\t\t<\/li>\n\t\t\t\t\t\t\t\t\t\t\t\t\t\t\t<li class=\"tribe-events-c-subscribe-dropdown__list-item tribe-events-c-subscribe-dropdown__list-item--outlook-365\">\n\t\t\t\t\t\t\t\t\t<a\n\t\t\t\t\t\t\t\t\t\thref=\"\"\n\t\t\t\t\t\t\t\t\t\tclass=\"tribe-events-c-subscribe-dropdown__list-item-link\"\n\t\t\t\t\t\t\t\t\t\ttarget=\"_blank\"\n\t\t\t\t\t\t\t\t\t\trel=\"noopener noreferrer nofollow noindex\"\n\t\t\t\t\t\t\t\t\t>\n\t\t\t\t\t\t\t\t\t\tOutlook 365\t\t\t\t\t\t\t\t\t<\/a>\n\t\t\t\t\t\t\t\t<\/li>\n\t\t\t\t\t\t\t\t\t\t\t\t\t\t\t<li class=\"tribe-events-c-subscribe-dropdown__list-item tribe-events-c-subscribe-dropdown__list-item--outlook-live\">\n\t\t\t\t\t\t\t\t\t<a\n\t\t\t\t\t\t\t\t\t\thref=\"\"\n\t\t\t\t\t\t\t\t\t\tclass=\"tribe-events-c-subscribe-dropdown__list-item-link\"\n\t\t\t\t\t\t\t\t\t\ttarget=\"_blank\"\n\t\t\t\t\t\t\t\t\t\trel=\"noopener noreferrer nofollow noindex\"\n\t\t\t\t\t\t\t\t\t>\n\t\t\t\t\t\t\t\t\t\tOutlook na \u017cywo\t\t\t\t\t\t\t\t\t<\/a>\n\t\t\t\t\t\t\t\t<\/li>\n\t\t\t\t\t\t\t\t\t\t\t\t\t<\/ul>\n\t\t\t\t\t<\/div>\n\t\t\t\t<\/div>\n\t\t\t<\/div>\n\t\t<\/div>\n\t<\/div>","excerpt":"","slug":"wystawa-slady-nieobecnych-pamiec-o-holokauscie-na-lubelszczyznie","image":{"url":"https:\/\/wbp.lublin.pl\/wp-content\/uploads\/2025\/01\/d27aa84c-46f9-4135-be4d-67c7cf99a99d.webp","id":66163,"extension":"webp","width":1536,"height":2048,"filesize":152218,"sizes":{"medium":{"width":450,"height":600,"mime-type":"image\/webp","filesize":30726,"sources":{"image\/webp":{"file":"d27aa84c-46f9-4135-be4d-67c7cf99a99d-450x600.webp","filesize":30726}},"url":"https:\/\/wbp.lublin.pl\/wp-content\/uploads\/2025\/01\/d27aa84c-46f9-4135-be4d-67c7cf99a99d-450x600.webp"},"large":{"width":810,"height":1080,"mime-type":"image\/webp","filesize":69850,"sources":{"image\/webp":{"file":"d27aa84c-46f9-4135-be4d-67c7cf99a99d-810x1080.webp","filesize":69850}},"url":"https:\/\/wbp.lublin.pl\/wp-content\/uploads\/2025\/01\/d27aa84c-46f9-4135-be4d-67c7cf99a99d-810x1080.webp"},"thumbnail":{"width":300,"height":400,"mime-type":"image\/webp","filesize":16588,"sources":{"image\/webp":{"file":"d27aa84c-46f9-4135-be4d-67c7cf99a99d-300x400.webp","filesize":16588}},"url":"https:\/\/wbp.lublin.pl\/wp-content\/uploads\/2025\/01\/d27aa84c-46f9-4135-be4d-67c7cf99a99d-300x400.webp"},"medium_large":{"width":768,"height":1024,"mime-type":"image\/webp","filesize":64946,"sources":{"image\/webp":{"file":"d27aa84c-46f9-4135-be4d-67c7cf99a99d-768x1024.webp","filesize":64946}},"url":"https:\/\/wbp.lublin.pl\/wp-content\/uploads\/2025\/01\/d27aa84c-46f9-4135-be4d-67c7cf99a99d-768x1024.webp"},"1536x1536":{"width":1152,"height":1536,"mime-type":"image\/webp","filesize":105130,"url":"https:\/\/wbp.lublin.pl\/wp-content\/uploads\/2025\/01\/d27aa84c-46f9-4135-be4d-67c7cf99a99d-1152x1536.webp"},"homepage-slider":{"width":1270,"height":500,"mime-type":"image\/webp","filesize":51316,"url":"https:\/\/wbp.lublin.pl\/wp-content\/uploads\/2025\/01\/d27aa84c-46f9-4135-be4d-67c7cf99a99d-1270x500.webp"},"homepage-slider-small":{"width":947,"height":500,"mime-type":"image\/webp","filesize":48142,"url":"https:\/\/wbp.lublin.pl\/wp-content\/uploads\/2025\/01\/d27aa84c-46f9-4135-be4d-67c7cf99a99d-947x500.webp"},"page-top":{"width":947,"height":1263,"mime-type":"image\/webp","filesize":84768,"url":"https:\/\/wbp.lublin.pl\/wp-content\/uploads\/2025\/01\/d27aa84c-46f9-4135-be4d-67c7cf99a99d-947x1263.webp"},"page-small":{"width":624,"height":832,"mime-type":"image\/webp","filesize":49316,"url":"https:\/\/wbp.lublin.pl\/wp-content\/uploads\/2025\/01\/d27aa84c-46f9-4135-be4d-67c7cf99a99d-624x832.webp"},"loop-main":{"width":365,"height":240,"mime-type":"image\/webp","filesize":15514,"url":"https:\/\/wbp.lublin.pl\/wp-content\/uploads\/2025\/01\/d27aa84c-46f9-4135-be4d-67c7cf99a99d-365x240.webp"},"thumb-gallery-widget":{"width":84,"height":56,"mime-type":"image\/webp","filesize":1330,"url":"https:\/\/wbp.lublin.pl\/wp-content\/uploads\/2025\/01\/d27aa84c-46f9-4135-be4d-67c7cf99a99d-84x56.webp"}},"original_image":"d27aa84c-46f9-4135-be4d-67c7cf99a99d.jpg","dominant_color":"988879","sources":{"image\/webp":{"file":"d27aa84c-46f9-4135-be4d-67c7cf99a99d.webp","filesize":152218}}},"all_day":false,"start_date":"2025-01-20 09:00:00","start_date_details":{"year":"2025","month":"01","day":"20","hour":"09","minutes":"00","seconds":"00"},"end_date":"2025-01-31 20:00:00","end_date_details":{"year":"2025","month":"01","day":"31","hour":"20","minutes":"00","seconds":"00"},"utc_start_date":"2025-01-20 08:00:00","utc_start_date_details":{"year":"2025","month":"01","day":"20","hour":"08","minutes":"00","seconds":"00"},"utc_end_date":"2025-01-31 19:00:00","utc_end_date_details":{"year":"2025","month":"01","day":"31","hour":"19","minutes":"00","seconds":"00"},"timezone":"Europe\/Warsaw","timezone_abbr":"","cost":"","cost_details":{"currency_symbol":"PLN","currency_code":"PLN","currency_position":"prefix","values":[]},"website":"","show_map":false,"show_map_link":false,"hide_from_listings":false,"sticky":false,"featured":false,"categories":[{"name":"Wydarzenia WBP Lublin","slug":"wbp","term_group":0,"term_taxonomy_id":740,"taxonomy":"tribe_events_cat","description":"","parent":0,"count":194,"filter":"raw","term_order":"0","id":740,"urls":{"self":"https:\/\/wbp.lublin.pl\/index.php\/wp-json\/tribe\/events\/v1\/categories\/740","collection":"https:\/\/wbp.lublin.pl\/index.php\/wp-json\/tribe\/events\/v1\/categories"}}],"tags":[],"venue":[],"organizer":[],"custom_fields":[],"json_ld":{"@context":"http:\/\/schema.org","@type":"Event","name":"Wystawa \u201e\u015alady Nieobecnych. Pami\u0119\u0107 o Holokau\u015bcie na Lubelszczy\u017anie\u201d","description":"&lt;p&gt;Wojew\u00f3dzka Biblioteka Publiczna im. Hieronima \u0141opaci\u0144skiego w Lubliniezaprasza na wystaw\u0119\u00a0 \u201e\u015alady Nieobecnych. Pami\u0119\u0107 o Holokau\u015bcie na Lubelszczy\u017anie\u201dHol BibliotekiWystawa b\u0119dzie czynna do 31 stycznia 2025 r. w godzinach pracy Biblioteki W [&hellip;]&lt;\/p&gt;\\n","image":"https:\/\/wbp.lublin.pl\/wp-content\/uploads\/2025\/01\/d27aa84c-46f9-4135-be4d-67c7cf99a99d.webp","url":"https:\/\/wbp.lublin.pl\/index.php\/event\/wystawa-slady-nieobecnych-pamiec-o-holokauscie-na-lubelszczyznie\/","eventAttendanceMode":"https:\/\/schema.org\/OfflineEventAttendanceMode","eventStatus":"https:\/\/schema.org\/EventScheduled","startDate":"2025-01-20T09:00:00+01:00","endDate":"2025-01-31T20:00:00+01:00","performer":"Organization"},"is_virtual":false,"virtual_url":null,"virtual_video_source":""}