{"id":66639,"global_id":"wbp.lublin.pl?id=66639","global_id_lineage":["wbp.lublin.pl?id=66639"],"author":"21","status":"publish","date":"2025-01-29 13:55:56","date_utc":"2025-01-29 12:55:56","modified":"2025-01-29 13:55:57","modified_utc":"2025-01-29 12:55:57","url":"https:\/\/wbp.lublin.pl\/index.php\/event\/spotkanie-autorskie-z-aleksandra-igras\/","rest_url":"https:\/\/wbp.lublin.pl\/index.php\/wp-json\/tribe\/events\/v1\/events\/66639","title":"Spotkanie autorskie z Aleksandr\u0105 Igras","description":"<div  class=\"tribe-events-schedule tribe-clearfix\" >\n\t<p class=\"tribe-events-schedule__datetime\">\n\t\t<span class=\"tribe-events-schedule__date tribe-events-schedule__date--start\">\n\t\t\t\t\t<\/span>\n\n\t\t\t\t\t<span class=\"tribe-events-schedule__separator tribe-events-schedule__separator--date\">\n\t\t\t\t godz. \t\t\t<\/span>\n\t\t\t<span class=\"tribe-events-schedule__time tribe-events-schedule__time--start\">\n\t\t\t\t\t\t\t<\/span>\n\t\t\n\t\t\t<\/p>\n<\/div>\n\n\n\n<p class=\"has-text-align-center wp-block-paragraph\">Wojew\u00f3dzka Biblioteka Publiczna im. Hieronima \u0141opaci\u0144skiego w Lublinie<\/p>\n\n\n\n<p class=\"has-text-align-center wp-block-paragraph\">zaprasza <br>na spotkanie z <strong>Aleksandr\u0105 Igras <\/strong>i promocj\u0119 ksi\u0105\u017cki \u201eMOKRA BIEL BAMBINO\u201d<\/p>\n\n\n<div class=\"wp-block-image\">\n<figure class=\"aligncenter size-large is-resized\"><img data-dominant-color=\"988e92\" data-has-transparency=\"false\" loading=\"lazy\" decoding=\"async\" width=\"699\" height=\"1080\" sizes=\"auto, (max-width: 699px) 100vw, 699px\" src=\"https:\/\/wbp.lublin.pl\/wp-content\/uploads\/2025\/01\/igras-obrazy-0-699x1080.webp\" alt=\"Wojew\u00f3dzka Biblioteka Publiczna im. Hieronima \u0141opaci\u0144skiego w Lublinie\" class=\"wp-image-66628 not-transparent\" style=\"--dominant-color: #988e92; width:453px;height:auto\" srcset=\"https:\/\/wbp.lublin.pl\/wp-content\/uploads\/2025\/01\/igras-obrazy-0-699x1080.webp 699w, https:\/\/wbp.lublin.pl\/wp-content\/uploads\/2025\/01\/igras-obrazy-0-388x600.webp 388w, https:\/\/wbp.lublin.pl\/wp-content\/uploads\/2025\/01\/igras-obrazy-0-259x400.webp 259w, https:\/\/wbp.lublin.pl\/wp-content\/uploads\/2025\/01\/igras-obrazy-0-768x1187.webp 768w, https:\/\/wbp.lublin.pl\/wp-content\/uploads\/2025\/01\/igras-obrazy-0-994x1536.webp 994w, https:\/\/wbp.lublin.pl\/wp-content\/uploads\/2025\/01\/igras-obrazy-0-947x1463.webp 947w, https:\/\/wbp.lublin.pl\/wp-content\/uploads\/2025\/01\/igras-obrazy-0-624x964.webp 624w, https:\/\/wbp.lublin.pl\/wp-content\/uploads\/2025\/01\/igras-obrazy-0.webp 1278w\" \/><\/figure>\n<\/div>\n\n\n<p class=\"has-text-align-center wp-block-paragraph\"><strong>6 lutego (czwartek) 2025 r., godz. 17.00 <\/strong><br>Galeria Biblioteki<br>Lublin, ul. Gabriela Narutowicza 4<\/p>\n\n\n<div  class=\"tribe-block tribe-block__event-price\" >\n\t\t<\/div>\n\n\n<div  class=\"tribe-block tribe-block__organizer__details tribe-clearfix\" >\n\t<div class=\"tribe-block__organizer__title\">\n\t\t<h3><a href=\"https:\/\/wbp.lublin.pl\/index.php\/organizator\/wojewodzka-biblioteka-publiczna-im-hieronima-lopacinskiego\/\" title=\"Wojew\u00f3dzka Biblioteka Publiczna im. Hieronima \u0141opaci\u0144skiego\" target=\"_self\" rel=\"\">Wojew\u00f3dzka Biblioteka Publiczna im. Hieronima \u0141opaci\u0144skiego<\/a><\/h3>\n\t<\/div>\n\t\t\t<p class=\"tribe-block__organizer__phone\">81-52-87-417<\/p>\n\t\t\t\t<p class=\"tribe-block__organizer__website\"><a href=\"http:\/\/www.wbp.lublin.pl\" target=\"_blank\" rel=\"noopener noreferrer\">Zobacz witryn\u0119 internetow\u0105 Organizator<\/a><\/p>\n\t\t\t\t<p class=\"tribe-block__organizer__email\">i&#110;&#102;o&#114;&#109;&#097;&#116;&#111;riu&#109;&#064;&#112;o&#099;&#122;&#116;&#097;.&#119;bp.l&#117;bl&#105;n&#046;pl<\/p>\n\t<\/div>\n\n\n<div  class=\"tribe-block tribe-block__venue tribe-clearfix\" >\n\t\n\t\t\n\t<\/div>\n\n\n\n\n\t<div  class=\"tribe-block tribe-block__events-link\" >\n\t\t<div class=\"tribe-events tribe-common\">\n\t\t\t<div class=\"tribe-events-c-subscribe-dropdown__container\">\n\t\t\t\t<div class=\"tribe-events-c-subscribe-dropdown\">\n\t\t\t\t\t<div class=\"tribe-common-c-btn-border tribe-events-c-subscribe-dropdown__button\">\n\t\t\t\t\t\t<svg\n\t class=\"tribe-common-c-svgicon tribe-common-c-svgicon--cal-export tribe-events-c-subscribe-dropdown__export-icon\" \taria-hidden=\"true\"\n\tviewBox=\"0 0 23 17\"\n\txmlns=\"http:\/\/www.w3.org\/2000\/svg\"\n>\n\t<path fill-rule=\"evenodd\" clip-rule=\"evenodd\" d=\"M.128.896V16.13c0 .211.145.383.323.383h15.354c.179 0 .323-.172.323-.383V.896c0-.212-.144-.383-.323-.383H.451C.273.513.128.684.128.896Zm16 6.742h-.901V4.679H1.009v10.729h14.218v-3.336h.901V7.638ZM1.01 1.614h14.218v2.058H1.009V1.614Z\" \/>\n\t<path d=\"M20.5 9.846H8.312M18.524 6.953l2.89 2.909-2.855 2.855\" stroke-width=\"1.2\" stroke-linecap=\"round\" stroke-linejoin=\"round\"\/>\n<\/svg>\n\t\t\t\t\t\t<button\n\t\t\t\t\t\t\tclass=\"tribe-events-c-subscribe-dropdown__button-text\"\n\t\t\t\t\t\t\taria-expanded=\"false\"\n\t\t\t\t\t\t\taria-controls=\"tribe-events-subscribe-dropdown-content\"\n\t\t\t\t\t\t\taria-label=\"Wy\u015bwietl linki do dodawania wydarze\u0144 do kalendarza\"\n\t\t\t\t\t\t>\n\t\t\t\t\t\t\tDodaj do Kalendarza\t\t\t\t\t\t<\/button>\n\t\t\t\t\t\t<svg\n\t class=\"tribe-common-c-svgicon tribe-common-c-svgicon--caret-down tribe-events-c-subscribe-dropdown__button-icon\" \taria-hidden=\"true\"\n\tviewBox=\"0 0 10 7\"\n\txmlns=\"http:\/\/www.w3.org\/2000\/svg\"\n>\n\t<path fill-rule=\"evenodd\" clip-rule=\"evenodd\" d=\"M1.008.609L5 4.6 8.992.61l.958.958L5 6.517.05 1.566l.958-.958z\" class=\"tribe-common-c-svgicon__svg-fill\"\/>\n<\/svg>\n\t\t\t\t\t<\/div>\n\t\t\t\t\t<div id=\"tribe-events-subscribe-dropdown-content\" class=\"tribe-events-c-subscribe-dropdown__content\">\n\t\t\t\t\t\t<ul class=\"tribe-events-c-subscribe-dropdown__list\">\n\t\t\t\t\t\t\t\t\t\t\t\t\t\t\t<li class=\"tribe-events-c-subscribe-dropdown__list-item tribe-events-c-subscribe-dropdown__list-item--gcal\">\n\t\t\t\t\t\t\t\t\t<a\n\t\t\t\t\t\t\t\t\t\thref=\"\"\n\t\t\t\t\t\t\t\t\t\tclass=\"tribe-events-c-subscribe-dropdown__list-item-link\"\n\t\t\t\t\t\t\t\t\t\ttarget=\"_blank\"\n\t\t\t\t\t\t\t\t\t\trel=\"noopener noreferrer nofollow noindex\"\n\t\t\t\t\t\t\t\t\t>\n\t\t\t\t\t\t\t\t\t\tKalendarz Google\t\t\t\t\t\t\t\t\t<\/a>\n\t\t\t\t\t\t\t\t<\/li>\n\t\t\t\t\t\t\t\t\t\t\t\t\t\t\t<li class=\"tribe-events-c-subscribe-dropdown__list-item tribe-events-c-subscribe-dropdown__list-item--ical\">\n\t\t\t\t\t\t\t\t\t<a\n\t\t\t\t\t\t\t\t\t\thref=\"\"\n\t\t\t\t\t\t\t\t\t\tclass=\"tribe-events-c-subscribe-dropdown__list-item-link\"\n\t\t\t\t\t\t\t\t\t\ttarget=\"_blank\"\n\t\t\t\t\t\t\t\t\t\trel=\"noopener noreferrer nofollow noindex\"\n\t\t\t\t\t\t\t\t\t>\n\t\t\t\t\t\t\t\t\t\tiKalendarz\t\t\t\t\t\t\t\t\t<\/a>\n\t\t\t\t\t\t\t\t<\/li>\n\t\t\t\t\t\t\t\t\t\t\t\t\t\t\t<li class=\"tribe-events-c-subscribe-dropdown__list-item tribe-events-c-subscribe-dropdown__list-item--outlook-365\">\n\t\t\t\t\t\t\t\t\t<a\n\t\t\t\t\t\t\t\t\t\thref=\"\"\n\t\t\t\t\t\t\t\t\t\tclass=\"tribe-events-c-subscribe-dropdown__list-item-link\"\n\t\t\t\t\t\t\t\t\t\ttarget=\"_blank\"\n\t\t\t\t\t\t\t\t\t\trel=\"noopener noreferrer nofollow noindex\"\n\t\t\t\t\t\t\t\t\t>\n\t\t\t\t\t\t\t\t\t\tOutlook 365\t\t\t\t\t\t\t\t\t<\/a>\n\t\t\t\t\t\t\t\t<\/li>\n\t\t\t\t\t\t\t\t\t\t\t\t\t\t\t<li class=\"tribe-events-c-subscribe-dropdown__list-item tribe-events-c-subscribe-dropdown__list-item--outlook-live\">\n\t\t\t\t\t\t\t\t\t<a\n\t\t\t\t\t\t\t\t\t\thref=\"\"\n\t\t\t\t\t\t\t\t\t\tclass=\"tribe-events-c-subscribe-dropdown__list-item-link\"\n\t\t\t\t\t\t\t\t\t\ttarget=\"_blank\"\n\t\t\t\t\t\t\t\t\t\trel=\"noopener noreferrer nofollow noindex\"\n\t\t\t\t\t\t\t\t\t>\n\t\t\t\t\t\t\t\t\t\tOutlook na \u017cywo\t\t\t\t\t\t\t\t\t<\/a>\n\t\t\t\t\t\t\t\t<\/li>\n\t\t\t\t\t\t\t\t\t\t\t\t\t<\/ul>\n\t\t\t\t\t<\/div>\n\t\t\t\t<\/div>\n\t\t\t<\/div>\n\t\t<\/div>\n\t<\/div>","excerpt":"","slug":"spotkanie-autorskie-z-aleksandra-igras","image":{"url":"https:\/\/wbp.lublin.pl\/wp-content\/uploads\/2025\/01\/igras-obrazy-0.webp","id":66628,"extension":"webp","width":1278,"height":1975,"filesize":97694,"sizes":{"medium":{"width":388,"height":600,"mime-type":"image\/webp","filesize":26224,"sources":{"image\/webp":{"file":"igras-obrazy-0-388x600.webp","filesize":26224}},"url":"https:\/\/wbp.lublin.pl\/wp-content\/uploads\/2025\/01\/igras-obrazy-0-388x600.webp"},"large":{"width":699,"height":1080,"mime-type":"image\/webp","filesize":45660,"sources":{"image\/webp":{"file":"igras-obrazy-0-699x1080.webp","filesize":45660}},"url":"https:\/\/wbp.lublin.pl\/wp-content\/uploads\/2025\/01\/igras-obrazy-0-699x1080.webp"},"thumbnail":{"width":259,"height":400,"mime-type":"image\/webp","filesize":17512,"sources":{"image\/webp":{"file":"igras-obrazy-0-259x400.webp","filesize":17512}},"url":"https:\/\/wbp.lublin.pl\/wp-content\/uploads\/2025\/01\/igras-obrazy-0-259x400.webp"},"medium_large":{"width":768,"height":1187,"mime-type":"image\/webp","filesize":49710,"sources":{"image\/webp":{"file":"igras-obrazy-0-768x1187.webp","filesize":49710}},"url":"https:\/\/wbp.lublin.pl\/wp-content\/uploads\/2025\/01\/igras-obrazy-0-768x1187.webp"},"1536x1536":{"width":994,"height":1536,"mime-type":"image\/webp","filesize":67330,"url":"https:\/\/wbp.lublin.pl\/wp-content\/uploads\/2025\/01\/igras-obrazy-0-994x1536.webp"},"homepage-slider":{"width":1270,"height":500,"mime-type":"image\/webp","filesize":26060,"url":"https:\/\/wbp.lublin.pl\/wp-content\/uploads\/2025\/01\/igras-obrazy-0-1270x500.webp"},"homepage-slider-small":{"width":947,"height":500,"mime-type":"image\/webp","filesize":23486,"url":"https:\/\/wbp.lublin.pl\/wp-content\/uploads\/2025\/01\/igras-obrazy-0-947x500.webp"},"page-top":{"width":947,"height":1463,"mime-type":"image\/webp","filesize":63096,"url":"https:\/\/wbp.lublin.pl\/wp-content\/uploads\/2025\/01\/igras-obrazy-0-947x1463.webp"},"page-small":{"width":624,"height":964,"mime-type":"image\/webp","filesize":40136,"url":"https:\/\/wbp.lublin.pl\/wp-content\/uploads\/2025\/01\/igras-obrazy-0-624x964.webp"},"loop-main":{"width":365,"height":240,"mime-type":"image\/webp","filesize":10708,"url":"https:\/\/wbp.lublin.pl\/wp-content\/uploads\/2025\/01\/igras-obrazy-0-365x240.webp"},"thumb-gallery-widget":{"width":84,"height":56,"mime-type":"image\/webp","filesize":2404,"url":"https:\/\/wbp.lublin.pl\/wp-content\/uploads\/2025\/01\/igras-obrazy-0-84x56.webp"}},"original_image":"igras-obrazy-0.jpg","dominant_color":"988e92","sources":{"image\/webp":{"file":"igras-obrazy-0.webp","filesize":97694}}},"all_day":false,"start_date":"2025-02-06 17:00:00","start_date_details":{"year":"2025","month":"02","day":"06","hour":"17","minutes":"00","seconds":"00"},"end_date":"2025-02-06 18:00:00","end_date_details":{"year":"2025","month":"02","day":"06","hour":"18","minutes":"00","seconds":"00"},"utc_start_date":"2025-02-06 16:00:00","utc_start_date_details":{"year":"2025","month":"02","day":"06","hour":"16","minutes":"00","seconds":"00"},"utc_end_date":"2025-02-06 17:00:00","utc_end_date_details":{"year":"2025","month":"02","day":"06","hour":"17","minutes":"00","seconds":"00"},"timezone":"Europe\/Warsaw","timezone_abbr":"","cost":"","cost_details":{"currency_symbol":"PLN","currency_code":"PLN","currency_position":"prefix","values":[]},"website":"","show_map":false,"show_map_link":false,"hide_from_listings":false,"sticky":false,"featured":false,"categories":[{"name":"Wydarzenia WBP Lublin","slug":"wbp","term_group":0,"term_taxonomy_id":740,"taxonomy":"tribe_events_cat","description":"","parent":0,"count":194,"filter":"raw","term_order":"0","id":740,"urls":{"self":"https:\/\/wbp.lublin.pl\/index.php\/wp-json\/tribe\/events\/v1\/categories\/740","collection":"https:\/\/wbp.lublin.pl\/index.php\/wp-json\/tribe\/events\/v1\/categories"}}],"tags":[],"venue":[],"organizer":[],"custom_fields":[],"json_ld":{"@context":"http:\/\/schema.org","@type":"Event","name":"Spotkanie autorskie z Aleksandr\u0105 Igras","description":"&lt;p&gt;Wojew\u00f3dzka Biblioteka Publiczna im. Hieronima \u0141opaci\u0144skiego w Lublinie zaprasza na spotkanie z Aleksandr\u0105 Igras i promocj\u0119 ksi\u0105\u017cki \u201eMOKRA BIEL BAMBINO\u201d 6 lutego (czwartek) 2025 r., godz. 17.00 Galeria BibliotekiLublin, ul. [&hellip;]&lt;\/p&gt;\\n","image":"https:\/\/wbp.lublin.pl\/wp-content\/uploads\/2025\/01\/igras-obrazy-0.webp","url":"https:\/\/wbp.lublin.pl\/index.php\/event\/spotkanie-autorskie-z-aleksandra-igras\/","eventAttendanceMode":"https:\/\/schema.org\/OfflineEventAttendanceMode","eventStatus":"https:\/\/schema.org\/EventScheduled","startDate":"2025-02-06T17:00:00+01:00","endDate":"2025-02-06T18:00:00+01:00","performer":"Organization"},"is_virtual":false,"virtual_url":null,"virtual_video_source":""}