{"id":10169,"date":"2017-09-06T08:22:06","date_gmt":"2017-09-06T06:22:06","guid":{"rendered":"https:\/\/wbp.lublin.pl8\/index.php\/2017\/09\/06\/zdarzyo-si-we-wrzeniu\/"},"modified":"2018-07-02T23:26:28","modified_gmt":"2018-07-02T21:26:28","slug":"zdarzyo-si-we-wrzeniu","status":"publish","type":"post","link":"https:\/\/wbp.lublin.pl\/index.php\/2017\/09\/06\/zdarzyo-si-we-wrzeniu\/","title":{"rendered":"Zdarzy\u0142o si\u0119 we\u2026 wrze\u015bniu"},"content":{"rendered":"<h3><\/h3>\n<p><!--more--><\/p>\n<p><!-- [if gte mso 9]><xml> <o:OfficeDocumentSettings> <o:AllowPNG \/> <\/o:OfficeDocumentSettings> <\/xml><![endif]--><\/p>\n<p><!-- [if gte mso 9]><xml> <o:OfficeDocumentSettings> <o:AllowPNG \/> <\/o:OfficeDocumentSettings> <\/xml><![endif]--><\/p>\n<p><!-- [if gte mso 9]><xml> <w:WordDocument> <w:View>Normal<\/w:View> <w:Zoom>0<\/w:Zoom> <w:HyphenationZone>21<\/w:HyphenationZone> <w:PunctuationKerning \/> <w:ValidateAgainstSchemas \/> <w:SaveIfXMLInvalid>false<\/w:SaveIfXMLInvalid> <w:IgnoreMixedContent>false<\/w:IgnoreMixedContent> <w:AlwaysShowPlaceholderText>false<\/w:AlwaysShowPlaceholderText> <w:Compatibility> <w:BreakWrappedTables \/> <w:SnapToGridInCell \/> <w:WrapTextWithPunct \/> <w:UseAsianBreakRules \/> <w:DontGrowAutofit \/> <\/w:Compatibility> <\/w:WordDocument> <\/xml><![endif]--><!-- [if gte mso 9]><xml> <w:LatentStyles DefLockedState=\"false\" LatentStyleCount=\"156\"> <\/w:LatentStyles> <\/xml><![endif]--><!-- [if gte mso 10]>\n\n\n\n<style> \/* Style Definitions *\/ table.MsoNormalTable {mso-style-name:Standardowy; mso-tstyle-rowband-size:0; mso-tstyle-colband-size:0; mso-style-noshow:yes; mso-style-parent:\"\"; mso-padding-alt:0cm 5.4pt 0cm 5.4pt; mso-para-margin:0cm; mso-para-margin-bottom:.0001pt; mso-pagination:widow-orphan; font-size:10.0pt; font-family:\"Times New Roman\"; mso-ansi-language:#0400; mso-fareast-language:#0400; mso-bidi-language:#0400;} <\/style>\n\n <![endif]--><\/p>\n<p><!-- [if gte mso 9]><xml> <w:WordDocument> <w:View>Normal<\/w:View> <w:Zoom>0<\/w:Zoom> <w:HyphenationZone>21<\/w:HyphenationZone> <w:PunctuationKerning \/> <w:ValidateAgainstSchemas \/> <w:SaveIfXMLInvalid>false<\/w:SaveIfXMLInvalid> <w:IgnoreMixedContent>false<\/w:IgnoreMixedContent> <w:AlwaysShowPlaceholderText>false<\/w:AlwaysShowPlaceholderText> <w:Compatibility> <w:BreakWrappedTables \/> <w:SnapToGridInCell \/> <w:WrapTextWithPunct \/> <w:UseAsianBreakRules \/> <w:DontGrowAutofit \/> <\/w:Compatibility> <w:BrowserLevel>MicrosoftInternetExplorer4<\/w:BrowserLevel> <\/w:WordDocument> <\/xml><![endif]--><!-- [if gte mso 9]><xml> <w:LatentStyles DefLockedState=\"false\" LatentStyleCount=\"156\"> <\/w:LatentStyles> <\/xml><![endif]--><!-- [if gte mso 10]>\n\n\n\n<style> \/* Style Definitions *\/ table.MsoNormalTable {mso-style-name:Standardowy; mso-tstyle-rowband-size:0; mso-tstyle-colband-size:0; mso-style-noshow:yes; mso-style-parent:\"\"; mso-padding-alt:0cm 5.4pt 0cm 5.4pt; mso-para-margin:0cm; mso-para-margin-bottom:.0001pt; mso-pagination:widow-orphan; font-size:10.0pt; font-family:\"Times New Roman\"; mso-ansi-language:#0400; mso-fareast-language:#0400; mso-bidi-language:#0400;} <\/style>\n\n <![endif]--><\/p>\n<p><!-- [if gte mso 9]><xml> <w:WordDocument> <w:View>Normal<\/w:View> <w:Zoom>0<\/w:Zoom> <w:HyphenationZone>21<\/w:HyphenationZone> <w:PunctuationKerning \/> <w:ValidateAgainstSchemas \/> <w:SaveIfXMLInvalid>false<\/w:SaveIfXMLInvalid> <w:IgnoreMixedContent>false<\/w:IgnoreMixedContent> <w:AlwaysShowPlaceholderText>false<\/w:AlwaysShowPlaceholderText> <w:Compatibility> <w:BreakWrappedTables \/> <w:SnapToGridInCell \/> <w:WrapTextWithPunct \/> <w:UseAsianBreakRules \/> <w:DontGrowAutofit \/> <\/w:Compatibility> <w:BrowserLevel>MicrosoftInternetExplorer4<\/w:BrowserLevel> <\/w:WordDocument> <\/xml><![endif]--><\/p>\n<p>&nbsp;<\/p>\n<p class=\"MsoNormal\" style=\"text-align: justify;\"><b><span style=\"line-height: 115%;\">1 IX 2009<\/span><\/b><span style=\"line-height: 115%;\"> W ramach obchod\u00f3w 70 rocznicy wybuchu II wojny \u015bwiatowej Biblioteka wyda\u0142a film dokumentalny <b style=\"mso-bidi-font-weight: normal;\"><i style=\"mso-bidi-font-style: normal;\">Wrzesie\u0144 1939 roku na Lubelszczy\u017anie<\/i><\/b> oraz <b style=\"mso-bidi-font-weight: normal;\"><i style=\"mso-bidi-font-style: normal;\">Katalog dokument\u00f3w \u017cycia spo\u0142ecznego 1939-1945<\/i><\/b><\/span><\/p>\n<p class=\"MsoNormal\" style=\"text-align: justify;\"><span style=\"font-size: 12px;\"><span style=\"font-family: Verdana;\"><b><span style=\"line-height: 115%;\">4-5 IX 2012<\/span><\/b><span style=\"line-height: 115%;\"> W Bibliotece odby\u0142o si\u0119 spotkanie koordynator\u00f3w Programu Rozwoju Bibliotek z ca\u0142ej Polski. Program Rozwoju Bibliotek, wspieraj\u0105cy rozw\u00f3j bibliotek, to przedsi\u0119wzi\u0119cie Polsko-Ameryka\u0144skiej Fundacji Wolno\u015bci prowadzone przez Fundacj\u0119 Rozwoju Spo\u0142ecze\u0144stwa Informacyjnego. W latach 2009-2015 by\u0142o realizowane w ramach partnerstwa z Fundacj\u0105 Billa i Melindy Gates\u00f3w.<\/span><\/span><\/span><\/p>\n<p class=\"MsoNormal\" style=\"text-align: justify;\"><span style=\"font-size: 12px;\"><b style=\"mso-bidi-font-weight: normal;\"><span style=\"line-height: 115%;\">7 IX 2016<\/span><\/b><span style=\"line-height: 115%;\"> Wernisa\u017c wystawy, przygotowanej przez Muzeum Uniwersytetu Jagiello\u0144skiego w\u00a0Krakowie, <b><i style=\"mso-bidi-font-style: normal;\">Od lunety Galileusza do teleskop\u00f3w kosmicznych<\/i><\/b>. Wystawa by\u0142a prezentowana w\u00a0ramach XIII Lubelskiego Festiwalu Nauki<\/span><\/span><\/p>\n<p class=\"MsoNormal\" style=\"text-align: justify;\"><span style=\"font-size: 12px;\"><span style=\"font-family: Verdana;\"><b><span style=\"line-height: 115%;\">8 IX 2009<\/span><\/b><span style=\"line-height: 115%;\"> Otwarto wystaw\u0119 w <b style=\"mso-bidi-font-weight: normal;\"><i style=\"mso-bidi-font-style: normal;\">Ho\u0142dzie Hartwigowi<\/i><\/b> przygotowan\u0105 w 100-lecie urodzin Artysty<\/span><\/span><\/span><\/p>\n<p class=\"MsoNormal\" style=\"text-align: justify;\"><span style=\"font-size: 12px;\"><span style=\"font-family: Verdana;\"><b><span style=\"line-height: 115%;\">8 IX 2012<\/span><\/b><span style=\"line-height: 115%;\"> Spotkanie literackie <b style=\"mso-bidi-font-weight: normal;\"><i style=\"mso-bidi-font-style: normal;\">Czytanie czas zacz\u0105\u0107, czyli Dwana\u015bcie godzin z Panem Tadeuszem<\/i><\/b>. Impreza zorganizowana w ramach pierwszej edycji akcji <b style=\"mso-bidi-font-weight: normal;\">Narodowe Czytanie<\/b>, zainicjowanej przez Prezydenta Rzeczpospolitej Polskiej \u2013 Bronis\u0142awa Komorowskiego. W 2013 roku czytano <b style=\"mso-bidi-font-weight: normal;\">Aleksandra Fredr\u0119<\/b>, w 2014 \u2013 <b style=\"mso-bidi-font-weight: normal;\"><i style=\"mso-bidi-font-style: normal;\">Trylogi\u0119<\/i><\/b> Henryka Sienkiewicza, w 2015 \u2013 <b style=\"mso-bidi-font-weight: normal;\"><i style=\"mso-bidi-font-style: normal;\">Lalk\u0119<\/i><\/b> Bolesawa Prusa, w 2016 \u2013 <b style=\"mso-bidi-font-weight: normal;\"><i style=\"mso-bidi-font-style: normal;\">Quo vadis<\/i><\/b> Henrylka Sienkiewicza, w 2017 Narodowe Czytanie odby\u0142o si\u0119 po raz sz\u00f3sty, czytano <b style=\"mso-bidi-font-weight: normal;\"><i style=\"mso-bidi-font-style: normal;\">Wesele<\/i><\/b> Stanis\u0142awa Wyspia\u0144skiego; od 2015 roku pracownicy Biblioteki wyst\u0119puj\u0105 jako &#8222;Trupa z szafy bibliotecznej&#8221; wystawiaj\u0105c inscenizacje teatralne<br \/>\n<\/span><\/span><\/span><\/p>\n<p class=\"MsoNormal\" style=\"text-align: justify;\"><span style=\"font-size: 12px;\"><span style=\"font-family: Verdana;\"><b><span style=\"line-height: 115%;\">9 IX 1939 <\/span><\/b><span style=\"line-height: 115%;\">Przywieziono<\/span><span style=\"line-height: 115%;\"> z Warszawy do Lublina dwa obrazy Jana Matejki <b style=\"mso-bidi-font-weight: normal;\"><i>Bitwa pod<\/i> <i>Grunwaldem<\/i><\/b> i <b style=\"mso-bidi-font-weight: normal;\"><i>Kazanie Skargi<\/i><\/b>. Z\u0142o\u017cono je na parterze w sali konferencyjnej \u00f3wczesnego Muzeum, a obecnie pomieszczeniach administracyjnych Biblioteki<\/span><\/span><\/span><span style=\"font-size: 10px;\"><span style=\"font-family: Verdana;\">\u00a0<\/span><\/span><\/p>\n<p>&nbsp;<\/p>\n<p class=\"MsoNormal\" style=\"text-align: justify;\"><b><span style=\"line-height: 115%;\">9-10 IX 2010 <\/span><\/b><span style=\"line-height: 115%;\">Biblioteka w<\/span><span style=\"line-height: 115%;\">e wsp\u00f3\u0142pracy ze Stowarzyszeniem Bibliotekarzy Polskich zorganizowa\u0142a <b style=\"mso-bidi-font-weight: normal;\">V Forum M\u0142odych Bibliotekarzy<\/b>, og\u00f3lnopolskie spotkanie m\u0142odych<\/span> <span style=\"line-height: 115%;\">pod has\u0142em <b style=\"mso-bidi-font-weight: normal;\"><i style=\"mso-bidi-font-style: normal;\">Jako\u015b\u0107 bibliotek w naszych r\u0119kach<\/i><\/b><\/span><span style=\"font-size: 12px;\"><span style=\"font-family: Verdana;\">\u00a0 <\/span><\/span><\/p>\n<p>&nbsp;<\/p>\n<p class=\"MsoNormal\" style=\"text-align: justify;\"><b><span style=\"line-height: 115%;\">10 IX 2014 <\/span><\/b><span style=\"line-height: 115%;\">W<\/span><span style=\"line-height: 115%;\">iecz\u00f3r literacko-muzyczny Leszka D\u0142ugosza \u2013 krakowskiego poety i pie\u015bniarza zwi\u0105zanego z \u201ePiwnic\u0105 pod Baranami\u201d, zatytu\u0142owany <b style=\"mso-bidi-font-weight: normal;\"><i>Niejaki LD, czyli w\u00a0stron\u0119 w\u0142asn\u0105<\/i><\/b><\/span><\/p>\n<p class=\"MsoNormal\" style=\"text-align: justify;\"><span style=\"font-family: Verdana;\"><b><span style=\"line-height: 115%;\">12 IX 1975<\/span><\/b><span style=\"line-height: 115%;\"> Zatwierdzenie statutu Wojew\u00f3dzkiej Biblioteki Publicznej im. H. \u0141opaci\u0144skiego \u2013 centralnej biblioteki publicznej regionu<\/span><\/span><span style=\"font-size: 12px;\"><span style=\"font-family: Verdana;\">\u00a0 <\/span><\/span><\/p>\n<p class=\"MsoNormal\" style=\"text-align: justify;\"><span style=\"font-size: 12px;\"><b><span style=\"line-height: 115%;\">12 IX 2006<\/span><\/b><span style=\"line-height: 115%;\"> Otwarcie wystawy rocznicowej <b style=\"mso-bidi-font-weight: normal;\"><i style=\"mso-bidi-font-style: normal;\">Hieronim \u0141opaci\u0144ski 1860-1906. W 100-lecie \u015bmierci patrona Biblioteki<\/i><\/b><\/span><\/span><\/p>\n<p class=\"MsoNormal\" style=\"text-align: justify;\"><span style=\"font-family: Verdana;\"><b><span style=\"line-height: 115%;\">12 IX 2013 <\/span><\/b><span style=\"line-height: 115%;\">Spotkanie z wybitnym aktorem Stanis\u0142awem Mikulskim po\u0142\u0105czone z promocj\u0105 autobiograficznej ksi\u0105\u017cki <b style=\"mso-bidi-font-weight: normal;\"><i>Niech\u0119tnie o sobie<\/i><\/b>. Stanis\u0142aw Mikulski swoj\u0105 karier\u0119 aktorsk\u0105 rozpocz\u0105\u0142 w 1953 r. w Teatrze im. Juliusza Osterwy w Lublinie<\/span><\/span><\/p>\n<p class=\"MsoNormal\" style=\"text-align: justify;\"><span style=\"font-size: 12px;\"><span style=\"font-family: Verdana;\"><b><span style=\"line-height: 115%;\">14 IX 2009<\/span><\/b><span style=\"line-height: 115%;\"> W Bibliotece uruchomiono elektroniczne zamawianie ksi\u0105\u017cek<\/span><\/span><\/span><\/p>\n<p class=\"MsoNormal\" style=\"mso-margin-top-alt: auto; mso-margin-bottom-alt: auto; text-align: justify; line-height: normal;\"><span style=\"font-size: 12px;\"><b style=\"mso-bidi-font-weight: normal;\">16 IX 2013 <\/b>Wernisa\u017c wystawy <b><i style=\"mso-bidi-font-style: normal;\">Lubelskie Genealogie<\/i><\/b>, przygotowanej przez Lubelskie Towarzystwo Genealogiczne<\/span><\/p>\n<p class=\"MsoNormal\" style=\"mso-margin-top-alt: auto; mso-margin-bottom-alt: auto; text-align: justify; line-height: normal;\"><span style=\"font-size: 12px;\"><span style=\"font-family: Verdana;\"><b><span style=\"line-height: 115%;\">18 IX 2008<\/span><\/b><span style=\"line-height: 115%;\"> Otwarto wystaw\u0119 <b style=\"mso-bidi-font-weight: normal;\"><i style=\"mso-bidi-font-style: normal;\">Plakat lubelski 1927-2007<\/i><\/b> ze zbior\u00f3w Biblioteki<\/span><\/span><\/span><\/p>\n<p class=\"MsoNormal\" style=\"text-align: justify;\"><span style=\"font-size: 12px;\"><span style=\"font-family: Verdana;\"><b><span style=\"line-height: 115%;\">18-19 IX 2007 <\/span><\/b><span style=\"line-height: 115%;\">Konferencja naukowa <b><i style=\"mso-bidi-font-style: normal;\">Biblioteki publiczne Lubelszczyzny 1944-2007. Dzieje \u2013 funkcje \u2013 dzia\u0142alno\u015b\u0107<\/i><\/b>, zorganizowana przez Bbliotek\u0119 oraz Instytut Bibliotekoznawstwa i Informacji Naukowej UMCS. Celem by\u0142o dokonanie oceny dorobku bibliotekarstwa publicznego na Lubelszczy\u017anie po II wojnie \u015bwiatowej, a tak\u017ce zaprezentowanie aktualnej dzia\u0142alno\u015bci bibliotek i wskazanie kierunk\u00f3w rozwoju<\/span><\/span><\/span><\/p>\n<p class=\"MsoNormal\" style=\"text-align: justify;\"><span style=\"font-size: 12px;\"><span style=\"font-family: Verdana;\"><b><span style=\"line-height: 115%;\">18-24 IX 2010 <\/span><\/b><span style=\"line-height: 115%;\">Biblioteka w\u0142\u0105czy\u0142a si\u0119 w\u00a0program VII Lubelskiego Festiwalu Nauki, staj\u0105c si\u0119 odt\u0105d sta\u0142ym i\u00a0cenionym wsp\u00f3\u0142organizatorem lubelskiego przedsi\u0119wzi\u0119cia kulturalnego i\u00a0edukacyjnego<\/span><\/span><\/span><\/p>\n<p class=\"MsoNormal\" style=\"text-align: justify;\"><span style=\"font-size: 12px;\"><span style=\"font-family: Verdana;\"><b><span style=\"line-height: 115%;\">19-20 IX 2006<\/span><\/b><span style=\"line-height: 115%;\"> Konferencja naukowa <b style=\"mso-bidi-font-weight: normal;\"><i style=\"mso-bidi-font-style: normal;\">Hieronim \u0141opaci\u0144ski. Epoka \u2013 Ludzie \u2013 Region.<\/i><\/b> Wyg\u0142oszono 20 referat\u00f3w. Pok\u0142osiem konferencji by\u0142a publikacja wydana przez Bibliotek\u0119 pod tym samym tytu\u0142em<\/span><\/span><\/span><\/p>\n<p class=\"MsoNormal\" style=\"text-align: justify;\"><span style=\"font-size: 12px;\"><span style=\"font-family: Verdana;\"><strong><span style=\"line-height: 115%;\">20<\/span><\/strong><b><span style=\"line-height: 115%;\"> IX <strong>2011<\/strong><\/span><\/b><strong><span style=\"line-height: 115%; font-weight: normal;\"> Otwarcie wystawy <\/span><\/strong><strong><i style=\"mso-bidi-font-style: normal;\"><span style=\"line-height: 115%;\">Spitsbergen \u2013 pi\u0119kno niepor\u00f3wnywalne w tw\u00f3rczo\u015bci Zbigniewa J\u00f3\u017awika<\/span><\/i><\/strong><\/span><\/span><\/p>\n<p class=\"MsoNormal\" style=\"text-align: justify;\"><span style=\"font-size: 12px;\"><b><span style=\"line-height: 115%;\">25 IX 1951 <\/span><\/b><span style=\"line-height: 115%;\">Pierwsze spotkanie kierownik\u00f3w bibliotek powiatowych i miejskich, zorganizowane przez Wojew\u00f3dzk\u0105 Bibliotek\u0119 Publiczna im. H. \u0141opaci\u0144skiego<\/span><\/span><\/p>\n<p class=\"MsoNormal\" style=\"text-align: justify;\"><span style=\"font-size: 12px;\"><span style=\"font-family: Verdana;\"><b style=\"mso-bidi-font-weight: normal;\"><span style=\"line-height: 115%;\">29 IX 2016<\/span><\/b><span style=\"line-height: 115%;\"> Spotkanie autorskie ukrai\u0144skiego felietonisty O\u0142eksandra Bojczenko i\u00a0promocja jego ksi\u0105\u017cki <b><i>50 procent racji<\/i><\/b>. Spotkanie by\u0142o jednym z\u00a0wydarze\u0144 towarzysz\u0105cych Kongresowi Inicjatyw Europy Wschodniej, trwaj\u0105cego w\u00a0Lublinie w\u00a0dniach 29 wrze\u015bnia \u2013 1 pa\u017adziernika 2016<\/span><\/span><\/span><\/p>\n<p class=\"MsoNormal\" style=\"text-align: justify;\"><span style=\"font-size: 12px;\"><span style=\"font-family: Verdana;\"><b><span style=\"line-height: 115%;\">30 IX 1860 <\/span><\/b><span style=\"line-height: 115%;\">W O\u015bnie G\u00f3rnym na Kujawach urodzi\u0142 si\u0119 <b style=\"mso-bidi-font-weight: normal;\">Hieronim Rafa\u0142 \u0141opaci\u0144ski<\/b>, p\u00f3\u017aniejszy j\u0119zykoznawca, etnograf, historyk, bibliofil i patron Biblioteki.<\/span> <span style=\"line-height: 115%;\">Pochodzi\u0142 z rodziny \u0141opaci\u0144skich \u2013 Lubicz\u00f3w z \u0141opacina, st\u0105d p\u00f3\u017aniejszy pseudonim \u0141opaci\u0144skiego \u2013 Rafa\u0142 Lubicz<\/span><\/span><\/span><\/p>\n<p><!-- [if gte mso 9]><xml> <w:LatentStyles DefLockedState=\"false\" LatentStyleCount=\"156\"> <\/w:LatentStyles> <\/xml><![endif]--><!-- [if gte mso 10]>\n\n\n\n<style> \/* Style Definitions *\/ table.MsoNormalTable {mso-style-name:Standardowy; mso-tstyle-rowband-size:0; mso-tstyle-colband-size:0; mso-style-noshow:yes; mso-style-parent:\"\"; mso-padding-alt:0cm 5.4pt 0cm 5.4pt; mso-para-margin:0cm; mso-para-margin-bottom:.0001pt; mso-pagination:widow-orphan; font-size:10.0pt; font-family:\"Times New Roman\"; mso-ansi-language:#0400; mso-fareast-language:#0400; mso-bidi-language:#0400;} <\/style>\n\n <![endif]--><\/p>\n<p><!-- [if gte mso 9]><xml> <w:WordDocument> <w:View>Normal<\/w:View> <w:Zoom>0<\/w:Zoom> <w:HyphenationZone>21<\/w:HyphenationZone> <w:PunctuationKerning \/> <w:ValidateAgainstSchemas \/> <w:SaveIfXMLInvalid>false<\/w:SaveIfXMLInvalid> <w:IgnoreMixedContent>false<\/w:IgnoreMixedContent> <w:AlwaysShowPlaceholderText>false<\/w:AlwaysShowPlaceholderText> <w:Compatibility> <w:BreakWrappedTables \/> <w:SnapToGridInCell \/> <w:WrapTextWithPunct \/> <w:UseAsianBreakRules \/> <w:DontGrowAutofit \/> <\/w:Compatibility> <w:BrowserLevel>MicrosoftInternetExplorer4<\/w:BrowserLevel> <\/w:WordDocument> <\/xml><![endif]--><\/p>\n<p><!-- [if gte mso 9]><xml> <w:LatentStyles DefLockedState=\"false\" LatentStyleCount=\"156\"> <\/w:LatentStyles> <\/xml><![endif]--><!-- [if gte mso 10]>\n\n\n\n<style> \/* Style Definitions *\/ table.MsoNormalTable {mso-style-name:Standardowy; mso-tstyle-rowband-size:0; mso-tstyle-colband-size:0; mso-style-noshow:yes; mso-style-parent:\"\"; mso-padding-alt:0cm 5.4pt 0cm 5.4pt; mso-para-margin:0cm; mso-para-margin-bottom:.0001pt; mso-pagination:widow-orphan; font-size:10.0pt; font-family:\"Times New Roman\"; mso-ansi-language:#0400; mso-fareast-language:#0400; mso-bidi-language:#0400;} <\/style>\n\n <![endif]--><\/p>\n<p><!-- [if gte mso 9]><xml> <w:WordDocument> <w:View>Normal<\/w:View> <w:Zoom>0<\/w:Zoom> <w:HyphenationZone>21<\/w:HyphenationZone> <w:PunctuationKerning \/> <w:ValidateAgainstSchemas \/> <w:SaveIfXMLInvalid>false<\/w:SaveIfXMLInvalid> <w:IgnoreMixedContent>false<\/w:IgnoreMixedContent> <w:AlwaysShowPlaceholderText>false<\/w:AlwaysShowPlaceholderText> <w:Compatibility> <w:BreakWrappedTables \/> <w:SnapToGridInCell \/> <w:WrapTextWithPunct \/> <w:UseAsianBreakRules \/> <w:DontGrowAutofit \/> <\/w:Compatibility> <w:BrowserLevel>MicrosoftInternetExplorer4<\/w:BrowserLevel> <\/w:WordDocument> <\/xml><![endif]--><!-- [if gte mso 9]><xml> <w:WordDocument> <w:View>Normal<\/w:View> <w:Zoom>0<\/w:Zoom> <w:HyphenationZone>21<\/w:HyphenationZone> <w:PunctuationKerning \/> <w:ValidateAgainstSchemas \/> <w:SaveIfXMLInvalid>false<\/w:SaveIfXMLInvalid> <w:IgnoreMixedContent>false<\/w:IgnoreMixedContent> <w:AlwaysShowPlaceholderText>false<\/w:AlwaysShowPlaceholderText> <w:Compatibility> <w:BreakWrappedTables \/> <w:SnapToGridInCell \/> <w:WrapTextWithPunct \/> <w:UseAsianBreakRules \/> <w:DontGrowAutofit \/> <\/w:Compatibility> <w:BrowserLevel>MicrosoftInternetExplorer4<\/w:BrowserLevel> <\/w:WordDocument> <\/xml><![endif]--><!-- [if gte mso 9]><xml> <w:LatentStyles DefLockedState=\"false\" LatentStyleCount=\"156\"> <\/w:LatentStyles> <\/xml><![endif]--><!-- [if gte mso 10]>\n\n\n\n<style> \/* Style Definitions *\/ table.MsoNormalTable {mso-style-name:Standardowy; mso-tstyle-rowband-size:0; mso-tstyle-colband-size:0; mso-style-noshow:yes; mso-style-parent:\"\"; mso-padding-alt:0cm 5.4pt 0cm 5.4pt; mso-para-margin:0cm; mso-para-margin-bottom:.0001pt; mso-pagination:widow-orphan; font-size:10.0pt; font-family:\"Times New Roman\"; mso-ansi-language:#0400; mso-fareast-language:#0400; mso-bidi-language:#0400;} <\/style>\n\n <![endif]--><!-- [if gte mso 9]><xml> <w:LatentStyles DefLockedState=\"false\" LatentStyleCount=\"156\"> <\/w:LatentStyles> <\/xml><![endif]--><!-- [if gte mso 10]>\n\n\n\n<style> \/* Style Definitions *\/ table.MsoNormalTable {mso-style-name:Standardowy; mso-tstyle-rowband-size:0; mso-tstyle-colband-size:0; mso-style-noshow:yes; mso-style-parent:\"\"; mso-padding-alt:0cm 5.4pt 0cm 5.4pt; mso-para-margin:0cm; mso-para-margin-bottom:.0001pt; mso-pagination:widow-orphan; font-size:10.0pt; font-family:\"Times New Roman\"; mso-ansi-language:#0400; mso-fareast-language:#0400; mso-bidi-language:#0400;} <\/style>\n\n <![endif]--><\/p>\n","protected":false},"excerpt":{"rendered":"","protected":false},"author":9,"featured_media":9844,"comment_status":"open","ping_status":"open","sticky":false,"template":"","format":"standard","meta":{"_tec_requires_first_save":true,"_crdt_document":"","pgc_sgb_lightbox_settings":"","_EventAllDay":false,"_EventTimezone":"","_EventStartDate":"","_EventEndDate":"","_EventStartDateUTC":"","_EventEndDateUTC":"","_EventShowMap":false,"_EventShowMapLink":false,"_EventURL":"","_EventCost":"","_EventCostDescription":"","_EventCurrencySymbol":"","_EventCurrencyCode":"","_EventCurrencyPosition":"","_EventDateTimeSeparator":"","_EventTimeRangeSeparator":"","_EventOrganizerID":[],"_EventVenueID":[],"_OrganizerEmail":"","_OrganizerPhone":"","_OrganizerWebsite":"","_VenueAddress":"","_VenueCity":"","_VenueCountry":"","_VenueProvince":"","_VenueState":"","_VenueZip":"","_VenuePhone":"","_VenueURL":"","_VenueStateProvince":"","_VenueLat":"","_VenueLng":"","_VenueShowMap":false,"_VenueShowMapLink":false,"_tribe_blocks_recurrence_rules":"","_tribe_blocks_recurrence_description":"","_tribe_blocks_recurrence_exclusions":"","footnotes":""},"categories":[1],"tags":[],"class_list":["post-10169","post","type-post","status-publish","format-standard","has-post-thumbnail","hentry","category-bez-kategorii"],"publishpress_future_action":{"enabled":false,"date":"2026-05-06 15:53:58","action":"change-status","newStatus":"draft","terms":[],"taxonomy":"category","extraData":[]},"publishpress_future_workflow_manual_trigger":{"enabledWorkflows":[]},"_links":{"self":[{"href":"https:\/\/wbp.lublin.pl\/index.php\/wp-json\/wp\/v2\/posts\/10169","targetHints":{"allow":["GET"]}}],"collection":[{"href":"https:\/\/wbp.lublin.pl\/index.php\/wp-json\/wp\/v2\/posts"}],"about":[{"href":"https:\/\/wbp.lublin.pl\/index.php\/wp-json\/wp\/v2\/types\/post"}],"author":[{"embeddable":true,"href":"https:\/\/wbp.lublin.pl\/index.php\/wp-json\/wp\/v2\/users\/9"}],"replies":[{"embeddable":true,"href":"https:\/\/wbp.lublin.pl\/index.php\/wp-json\/wp\/v2\/comments?post=10169"}],"version-history":[{"count":3,"href":"https:\/\/wbp.lublin.pl\/index.php\/wp-json\/wp\/v2\/posts\/10169\/revisions"}],"predecessor-version":[{"id":13273,"href":"https:\/\/wbp.lublin.pl\/index.php\/wp-json\/wp\/v2\/posts\/10169\/revisions\/13273"}],"wp:featuredmedia":[{"embeddable":true,"href":"https:\/\/wbp.lublin.pl\/index.php\/wp-json\/wp\/v2\/media\/9844"}],"wp:attachment":[{"href":"https:\/\/wbp.lublin.pl\/index.php\/wp-json\/wp\/v2\/media?parent=10169"}],"wp:term":[{"taxonomy":"category","embeddable":true,"href":"https:\/\/wbp.lublin.pl\/index.php\/wp-json\/wp\/v2\/categories?post=10169"},{"taxonomy":"post_tag","embeddable":true,"href":"https:\/\/wbp.lublin.pl\/index.php\/wp-json\/wp\/v2\/tags?post=10169"}],"curies":[{"name":"wp","href":"https:\/\/api.w.org\/{rel}","templated":true}]}}