{"id":10200,"date":"2017-10-02T08:52:06","date_gmt":"2017-10-02T06:52:06","guid":{"rendered":"https:\/\/wbp.lublin.pl8\/index.php\/2017\/10\/02\/zdarzyo-si-w-padzierniku\/"},"modified":"2018-07-02T23:26:30","modified_gmt":"2018-07-02T21:26:30","slug":"zdarzyo-si-w-padzierniku","status":"publish","type":"post","link":"https:\/\/wbp.lublin.pl\/index.php\/2017\/10\/02\/zdarzyo-si-w-padzierniku\/","title":{"rendered":"Zdarzy\u0142o si\u0119 w\u2026 pa\u017adzierniku"},"content":{"rendered":"<h3><\/h3>\n<p><!--more--><\/p>\n<p><!-- [if gte mso 9]><xml> <o:OfficeDocumentSettings> <o:AllowPNG \/> <\/o:OfficeDocumentSettings> <\/xml><![endif]--><\/p>\n<p><!-- [if gte mso 9]><xml> <o:OfficeDocumentSettings> <o:AllowPNG \/> <\/o:OfficeDocumentSettings> <\/xml><![endif]--><\/p>\n<p><!-- [if gte mso 9]><xml> <w:WordDocument> <w:View>Normal<\/w:View> <w:Zoom>0<\/w:Zoom> <w:HyphenationZone>21<\/w:HyphenationZone> <w:PunctuationKerning \/> <w:ValidateAgainstSchemas \/> <w:SaveIfXMLInvalid>false<\/w:SaveIfXMLInvalid> <w:IgnoreMixedContent>false<\/w:IgnoreMixedContent> <w:AlwaysShowPlaceholderText>false<\/w:AlwaysShowPlaceholderText> <w:Compatibility> <w:BreakWrappedTables \/> <w:SnapToGridInCell \/> <w:WrapTextWithPunct \/> <w:UseAsianBreakRules \/> <w:DontGrowAutofit \/> <\/w:Compatibility> <\/w:WordDocument> <\/xml><![endif]--><!-- [if gte mso 9]><xml> <w:LatentStyles DefLockedState=\"false\" LatentStyleCount=\"156\"> <\/w:LatentStyles> <\/xml><![endif]--><!-- [if gte mso 10]>\n\n\n\n<style> \/* Style Definitions *\/ table.MsoNormalTable {mso-style-name:Standardowy; mso-tstyle-rowband-size:0; mso-tstyle-colband-size:0; mso-style-noshow:yes; mso-style-parent:\"\"; mso-padding-alt:0cm 5.4pt 0cm 5.4pt; mso-para-margin:0cm; mso-para-margin-bottom:.0001pt; mso-pagination:widow-orphan; font-size:10.0pt; font-family:\"Times New Roman\"; mso-ansi-language:#0400; mso-fareast-language:#0400; mso-bidi-language:#0400;} <\/style>\n\n <![endif]--><\/p>\n<p><!-- [if gte mso 9]><xml> <w:WordDocument> <w:View>Normal<\/w:View> <w:Zoom>0<\/w:Zoom> <w:HyphenationZone>21<\/w:HyphenationZone> <w:PunctuationKerning \/> <w:ValidateAgainstSchemas \/> <w:SaveIfXMLInvalid>false<\/w:SaveIfXMLInvalid> <w:IgnoreMixedContent>false<\/w:IgnoreMixedContent> <w:AlwaysShowPlaceholderText>false<\/w:AlwaysShowPlaceholderText> <w:Compatibility> <w:BreakWrappedTables \/> <w:SnapToGridInCell \/> <w:WrapTextWithPunct \/> <w:UseAsianBreakRules \/> <w:DontGrowAutofit \/> <\/w:Compatibility> <w:BrowserLevel>MicrosoftInternetExplorer4<\/w:BrowserLevel> <\/w:WordDocument> <\/xml><![endif]--><!-- [if gte mso 9]><xml> <w:LatentStyles DefLockedState=\"false\" LatentStyleCount=\"156\"> <\/w:LatentStyles> <\/xml><![endif]--><!-- [if gte mso 10]>\n\n\n\n<style> \/* Style Definitions *\/ table.MsoNormalTable {mso-style-name:Standardowy; mso-tstyle-rowband-size:0; mso-tstyle-colband-size:0; mso-style-noshow:yes; mso-style-parent:\"\"; mso-padding-alt:0cm 5.4pt 0cm 5.4pt; mso-para-margin:0cm; mso-para-margin-bottom:.0001pt; mso-pagination:widow-orphan; font-size:10.0pt; font-family:\"Times New Roman\"; mso-ansi-language:#0400; mso-fareast-language:#0400; mso-bidi-language:#0400;} <\/style>\n\n <![endif]--> <span style=\"font-size: 12px;\"><br \/>\n<\/span><\/p>\n<p><!-- [if gte mso 9]><xml> <w:WordDocument> <w:View>Normal<\/w:View> <w:Zoom>0<\/w:Zoom> <w:HyphenationZone>21<\/w:HyphenationZone> <w:PunctuationKerning \/> <w:ValidateAgainstSchemas \/> <w:SaveIfXMLInvalid>false<\/w:SaveIfXMLInvalid> <w:IgnoreMixedContent>false<\/w:IgnoreMixedContent> <w:AlwaysShowPlaceholderText>false<\/w:AlwaysShowPlaceholderText> <w:Compatibility> <w:BreakWrappedTables \/> <w:SnapToGridInCell \/> <w:WrapTextWithPunct \/> <w:UseAsianBreakRules \/> <w:DontGrowAutofit \/> <\/w:Compatibility> <w:BrowserLevel>MicrosoftInternetExplorer4<\/w:BrowserLevel> <\/w:WordDocument> <\/xml><![endif]--> <!-- [if gte mso 9]><xml> <w:WordDocument> <w:View>Normal<\/w:View> <w:Zoom>0<\/w:Zoom> <w:HyphenationZone>21<\/w:HyphenationZone> <w:PunctuationKerning \/> <w:ValidateAgainstSchemas \/> <w:SaveIfXMLInvalid>false<\/w:SaveIfXMLInvalid> <w:IgnoreMixedContent>false<\/w:IgnoreMixedContent> <w:AlwaysShowPlaceholderText>false<\/w:AlwaysShowPlaceholderText> <w:Compatibility> <w:BreakWrappedTables \/> <w:SnapToGridInCell \/> <w:WrapTextWithPunct \/> <w:UseAsianBreakRules \/> <w:DontGrowAutofit \/> <\/w:Compatibility> <w:BrowserLevel>MicrosoftInternetExplorer4<\/w:BrowserLevel> <\/w:WordDocument> <\/xml><![endif]--><\/p>\n<p>&nbsp;<\/p>\n<p class=\"MsoNormal\" style=\"margin-bottom: .0001pt; text-align: justify; line-height: normal;\"><b>5 X 2004 <\/b>Dzie\u0144 Gombrowiczowski w WBP. W programie znalaz\u0142y si\u0119:<b> <\/b>otwarcie wystawy <b style=\"mso-bidi-font-weight: normal;\"><i style=\"mso-bidi-font-style: normal;\">Witold Gombrowicz. W setn\u0105 rocznic\u0119 urodzin<\/i><\/b>, wyk\u0142ad Agnieszki Stawiarskiej <b style=\"mso-bidi-font-weight: normal;\"><i style=\"mso-bidi-font-style: normal;\">Zwyczajny czy niezwyczajny los Witolda Gombrowicza?<\/i><\/b>, spotkanie autorskie z Joann\u0105 Siedleck\u0105<b>, <\/b>autork\u0105 ksi\u0105\u017cek <b style=\"mso-bidi-font-weight: normal;\"><i>Ja\u015bniepanicz<\/i><\/b>, <b style=\"mso-bidi-font-weight: normal;\"><i>Mahatma Witkac<\/i><\/b>, <b style=\"mso-bidi-font-weight: normal;\"><i>Pan od poezji. O Zbigniewie<\/i><i style=\"mso-bidi-font-style: normal;\"> Herbercie<\/i><\/b>, \u00a0<b style=\"mso-bidi-font-weight: normal;\"><i style=\"mso-bidi-font-style: normal;\">Czarny ptasior<\/i><\/b> oraz prelekcja Dariusza J\u00f3\u017awika <b><i style=\"mso-bidi-font-style: normal;\">Gombrowiczowskie autokreacje<\/i><\/b><\/p>\n<p class=\"MsoNormal\" style=\"margin-bottom: .0001pt; text-align: justify; line-height: normal;\"><b>5 X 2006 <\/b>Promocja ksi\u0105\u017cki dra Adriana Uljasza <b><i>Hieronim \u0141opaci\u0144ski 1860-1906. Cz\u0142owiek &#8211; dzie\u0142o \u2013 pami\u0119\u0107<\/i><\/b><\/p>\n<p class=\"MsoNormal\" style=\"margin-bottom: .0001pt; text-align: justify; line-height: normal;\"><span style=\"font-size: 12px;\"><span style=\"font-family: Verdana;\"><b>7-13 X 1946 Instytut Lubelski <\/b>zorganizowa\u0142 w sali Biblioteki Publicznej im. H. \u0141opaci\u0144skiego<b> Wystaw\u0119 Ksi\u0105\u017cki. <\/b>By\u0142o to znacz\u0105ce wydarzenie w ramach Lubelskiego Festiwalu Sztuki. Wystaw\u0119 zwiedzi\u0142o blisko 4 tysi\u0105ce os\u00f3b<\/span><\/span><\/p>\n<p class=\"MsoNormal\" style=\"margin-bottom: .0001pt; text-align: justify; line-height: normal;\"><span style=\"font-size: 12px;\"><span style=\"font-family: Verdana;\"><b>11 X 2007 <\/b>Promocja ksi\u0105\u017cki J\u00f3zefa\u00a0 Zi\u0119by <b><i>Lublin miasto przeznaczenia<\/i><\/b><\/span><\/span><span style=\"font-size: 12px;\"><span style=\"font-family: Verdana;\"><br \/>\n<\/span><\/span><\/p>\n<p class=\"MsoNormal\" style=\"margin-bottom: .0001pt; text-align: justify; line-height: normal;\"><span style=\"font-size: 12px;\"><span style=\"font-family: Verdana;\"><b style=\"mso-bidi-font-weight: normal;\">12 X 2006<\/b> W Muzeum Lubelskim odby\u0142o si\u0119 spotkanie po\u015bwi\u0119cone Hieronimowi \u0141opaci\u0144skiemu w ramach cyklu <b style=\"mso-bidi-font-weight: normal;\"><i style=\"mso-bidi-font-style: normal;\">Dobroczy\u0144cy Lublina<\/i><\/b>. O patronie Biblioteki opowiada\u0142 Zdzis\u0142aw Biele\u0144, zast\u0119pca dyrektora WBP<\/span><\/span><span style=\"font-size: 12px;\"><span style=\"font-family: Verdana;\"><br \/>\n<\/span><\/span><\/p>\n<p class=\"MsoNormal\" style=\"margin-bottom: .0001pt; text-align: justify; line-height: normal;\"><span style=\"font-size: 12px;\"><span style=\"font-family: Verdana;\"><b>12 X 2010<\/b> Inauguracja dw\u00f3ch wystaw: <b style=\"mso-bidi-font-weight: normal;\"><i style=\"mso-bidi-font-style: normal;\">Nasi s\u0105siedzi Niemcy<\/i><\/b> oraz <b style=\"mso-bidi-font-weight: normal;\"><i style=\"mso-bidi-font-style: normal;\">Herlinde Koelbl. Zadomowieni w pisaniu-Pisarze przy pracy. Fotografie i rozmowy<\/i><\/b>, przygotowanej przez Goethe Institut<\/span><\/span><span style=\"font-size: 12px;\"><span style=\"font-family: Verdana;\"><br \/>\n<\/span><\/span><\/p>\n<p class=\"MsoNormal\" style=\"margin-bottom: .0001pt; text-align: justify; line-height: normal;\"><span style=\"font-size: 12px;\"><span style=\"font-family: Verdana;\"><b style=\"mso-bidi-font-weight: normal;\">12 X 2015<\/b> Wernisa\u017c wystawy <strong><i style=\"mso-bidi-font-style: normal;\">Jak si\u0119 uczymy, jak si\u0119 bawimy<\/i><\/strong>. Ekspozycja zosta\u0142a zorganizowana przy wsp\u00f3\u0142pracy z <strong><span style=\"font-weight: normal;\">Lubelskim Oddzia\u0142em Polskiego Stowarzyszenia Montessori<\/span><\/strong><b style=\"mso-bidi-font-weight: normal;\">. <\/b>Wystawa towarzyszy\u0142a XVI Kongresowi Montessori Europa (Lublin, 16-18 X 2015 r.)<\/span><\/span><\/p>\n<p class=\"MsoNormal\" style=\"margin-bottom: .0001pt; text-align: justify; line-height: normal;\"><strong>13 X 1951<\/strong><strong><span style=\"font-weight: normal;\"> W sali Muzeum Lubelskiego otwarto wystaw\u0119 <\/span><\/strong><strong><i style=\"mso-bidi-font-style: normal;\">Ksi\u0105\u017cka radziecka w walce o socjalizm i pok\u00f3j<\/i><\/strong><strong><span style=\"font-weight: normal;\">, przygotowan\u0105 przez pracownik\u00f3w Miejskiej Biblioteki Publicznej im. H. \u0141opaci\u0144skiego. Wydarzenie by\u0142o zwi\u0105zane z Miesi\u0105cem Pog\u0142\u0119biania Przyja\u017ani Polsko-Radzieckiej<\/span><\/strong><\/p>\n<p class=\"MsoNormal\" style=\"margin-bottom: .0001pt; text-align: justify; line-height: normal;\"><b>13 X 2006<\/b> Otwarcie<b> <\/b>wystawy <b><i style=\"mso-bidi-font-style: normal;\">Hieronim \u0141opaci\u0144ski 1860-1906. W 100-lecie \u015bmierci Patrona Biblioteki<\/i><\/b><\/p>\n<p class=\"MsoNormal\" style=\"margin-bottom: .0001pt; text-align: justify; line-height: normal;\"><b>14 X 2003<\/b> Otwarcie wystawy <b style=\"mso-bidi-font-weight: normal;\"><i style=\"mso-bidi-font-style: normal;\">Poeta, uczony, papie\u017c. XXV lat pontyfikatu Jana Paw\u0142a II<\/i><\/b><span style=\"font-size: 12px;\"><span style=\"font-family: Verdana;\">\u00a0 <\/span><\/span><\/p>\n<p class=\"MsoNormal\" style=\"margin-bottom: .0001pt; text-align: justify; line-height: normal;\"><span style=\"font-size: 12px;\"><span style=\"font-family: Verdana;\"><b>15 X 2012<\/b> Jubileusz pi\u0119ciolecia programu Dyskusyjnych Klub\u00f3w Ksi\u0105\u017cki, honorowym go\u015bciem by\u0142a El\u017cbeta Kalinowska, z-ca dyrektora Instytutu Ksi\u0105\u017cki<\/span><\/span><span style=\"font-size: 12px;\"><span style=\"font-family: Verdana;\">\u00a0<\/span><\/span><\/p>\n<p class=\"MsoNormal\" style=\"margin-bottom: .0001pt; text-align: justify; line-height: normal;\"><span style=\"font-size: 12px;\"><span style=\"font-family: Verdana;\"><b style=\"mso-bidi-font-weight: normal;\">15 X 2014<\/b> Wernisa\u017c wystawy <strong><i>Lublin i\u00a0Lubelszczyzna w\u00a0publikacjach pracownik\u00f3w Instytutu Historii UMCS<\/i><\/strong>. Ekspozycja powsta\u0142a z\u00a0okazji 70. rocznicy powstania Uniwersytetu Marii Curie-Sk\u0142odowskiej w\u00a0Lublinie<\/span><\/span><\/p>\n<p class=\"MsoNormal\" style=\"margin-bottom: .0001pt; text-align: justify; line-height: normal;\"><b style=\"mso-bidi-font-weight: normal;\">15 X 2016<\/b> Sesja <b><i style=\"mso-bidi-font-style: normal;\">Miejsce i\u00a0rola kolekcjonerstwa krajoznawczego w\u00a0kulturze polskiej<\/i><\/b>, zorganizowana przez Polskie Towarzystwo Turystyczno-Krajoznawcze, Komisj\u0119 Krajoznawcz\u0105 Zarz\u0105du G\u0142\u00f3wnego oraz Zarz\u0105d Oddzia\u0142u Miejskiego im. Aleksandra Janowskiego w\u00a0Lublinie<\/p>\n<p class=\"MsoNormal\" style=\"margin-bottom: .0001pt; text-align: justify; line-height: normal;\"><b>16 X 1970 <\/b>Biblioteka otrzyma\u0142a <b style=\"mso-bidi-font-weight: normal;\">Odznak\u0119 Honorow\u0105 \u201eZa zas\u0142ugi dla Lubelszczyzny\u201d<\/b><span style=\"font-size: 12px;\"><span style=\"font-family: Verdana;\">\u00a0 <\/span><\/span><\/p>\n<p class=\"MsoNormal\" style=\"margin-bottom: .0001pt; text-align: justify; line-height: normal;\"><span style=\"font-size: 12px;\"><span style=\"font-family: Verdana;\"><b>18-19 X 2012<\/b> Og\u00f3lnopolska Konferencja<b style=\"mso-bidi-font-weight: normal;\"><i style=\"mso-bidi-font-style: normal;\"> \u201eBibliografia regionalna w\u00a0komunikacji publicznej\u201d<\/i><\/b>. By\u0142o to zarazem XXX Spotkanie Zespo\u0142u ds. Bibliografii Regionalnej Zarz\u0105du G\u0142\u00f3wnego Stowarzyszenia Bibliotekarzy Polskich<\/span><\/span><\/p>\n<p class=\"MsoNormal\" style=\"margin-bottom: .0001pt; text-align: justify; line-height: normal; background: white;\"><span style=\"font-size: 12px;\"><span style=\"font-family: Verdana;\"><b>20 X 2005 <\/b><span style=\"color: black; letter-spacing: -0.2pt;\">Wyk\u0142ad <\/span><span style=\"color: black; letter-spacing: -0.3pt;\">dra hab. Eugeniusza Niebelskiego <b><i>Duchowie\u0144stwo lubelskie a Powstanie Styczniowe w 1863 r.<\/i><\/b><\/span><\/span><\/span><b>\u00a0<\/b><\/p>\n<p class=\"MsoNormal\" style=\"margin-bottom: .0001pt; text-align: justify; line-height: normal;\"><span style=\"font-size: 12px;\"><span style=\"font-family: Verdana;\"><b>21 X 2002<\/b> <b style=\"mso-bidi-font-weight: normal;\">Gala Jubileuszu 95-lecia Biblioteki im. Hieronima \u0141opaci\u0144skiego<\/b>, w Galerii Starej udost\u0119pnionej przez Biuro Wystaw Artystycznych (obecnie Galerii WBP)<\/span><\/span><\/p>\n<p class=\"MsoNormal\" style=\"margin-bottom: .0001pt; text-align: justify; line-height: normal;\"><strong><span style=\"font-size: 12px;\"><span style=\"font-family: Verdana;\">21 X 2011<\/span><\/span><\/strong><span style=\"font-size: 12px;\"><span style=\"font-family: Verdana;\"><span style=\"font-weight: normal;\"> Wernisa\u017c wystawy <\/span><strong><i style=\"mso-bidi-font-style: normal;\">16. Wschodni Salon Sztuki \u2013 ods\u0142ona II<\/i><\/strong><strong><span style=\"font-weight: normal;\">, kt\u00f3ra wpisywa\u0142a si\u0119 w obchody<\/span><\/strong><span style=\"font-weight: normal;\"> 100-lecia dzia\u0142alno\u015bci Zwi\u0105zku Polskich Artyst\u00f3w Plastyk\u00f3w oraz\u00a075-lecia Okr\u0119gu Lubelskiego ZPAP<\/span><\/span><\/span><\/p>\n<p class=\"MsoNormal\" style=\"margin-bottom: .0001pt; text-align: justify; line-height: normal;\"><strong><span style=\"font-size: 12px;\"><span style=\"font-family: Verdana;\">23 X 1955<\/span><\/span><\/strong><span style=\"font-size: 12px;\"><span style=\"font-family: Verdana;\"><span style=\"font-weight: normal;\"> W Bibliotece otwarto<\/span> <span style=\"font-weight: normal;\">wystaw\u0119 ksi\u0105\u017cek pod has\u0142em, zaczerpni\u0119tym z wypowiedzi Boles\u0142awa Bieruta, <\/span><\/span><\/span><strong><span style=\"font-size: 12px;\"><span style=\"font-family: Verdana;\"><i style=\"mso-bidi-font-style: normal;\">Ksi\u0105\u017cka radziecka uczy nas, jak walczy\u0107 o pok\u00f3j, o szcz\u0119\u015bcie narod\u00f3w, o socjalizm<\/i><\/span><\/span><\/strong><span style=\"font-size: 12px;\"><span style=\"font-family: Verdana;\"><span style=\"font-weight: normal;\"><br \/>\n<\/span><\/span><\/span><\/p>\n<p class=\"MsoNormal\" style=\"margin-bottom: .0001pt; text-align: justify; line-height: normal;\"><span style=\"font-size: 12px;\"><span style=\"font-family: Verdana;\"><b>23 X 2008<\/b> Rozstrzygni\u0119to konkurs czytelniczo-prasowy z okazji \u015awiatowego Roku Planety Ziemia, przy wsp\u00f3\u0142pracy Instytutu Nauk o Ziemi UMCS, pod patronatem medialnym \u201eDziennika Wschodniego\u201d. Na konkurs nap\u0142yn\u0119\u0142o ponad 2 300 odpowiedzi<\/span><\/span><span style=\"font-size: 12px;\"><span style=\"font-family: Verdana;\"><br \/>\n<\/span><\/span><\/p>\n<p class=\"MsoNormal\" style=\"margin-bottom: .0001pt; text-align: justify; line-height: normal;\"><span style=\"font-size: 12px;\"><span style=\"font-family: Verdana;\"><b>24 X 1939 <\/b>Biblioteka im. \u0141opaci\u0144skiego, po przerwie spowodowanej dzia\u0142aniami wojennymi, wznowi\u0142a dzia\u0142alno\u015b\u0107 dla spo\u0142eczno\u015bci Lublina<\/span><\/span><\/p>\n<p class=\"MsoNormal\" style=\"margin-bottom: .0001pt; text-align: justify; line-height: normal;\"><b style=\"mso-bidi-font-weight: normal;\">28 X 2008 <\/b>Spotkanie literackie, po\u015bwi\u0119cone pami\u0119ci Tadeusza Kwiatkowskiego-Cugowa, po\u0142\u0105czone z prezentacj\u0105 tomiku wierszy Jego autorstwa <b style=\"mso-bidi-font-weight: normal;\"><i>Suita wile\u0144ska<\/i><\/b><\/p>\n<p class=\"MsoNormal\" style=\"margin-bottom: .0001pt; text-align: justify; line-height: normal;\"><b style=\"mso-bidi-font-weight: normal;\">28 X 2016 <\/b>Uroczysto\u015b\u0107 jubileuszowa z\u00a0okazji dziewi\u0119\u0107dziesi\u0119ciolecia istnienia <strong>Lubelskiego Towarzystwa Mi\u0142o\u015bnik\u00f3w Ksi\u0105\u017cki<\/strong><\/p>\n<p class=\"MsoNormal\" style=\"margin-bottom: .0001pt; text-align: justify; line-height: normal;\"><span style=\"font-size: 12px;\"><span style=\"font-family: Verdana;\"><b style=\"mso-bidi-font-weight: normal;\">[pa\u017adziernik] 1954<\/b> Biblioteka zorganizowa\u0142a wystaw\u0119 <b style=\"mso-bidi-font-weight: normal;\"><i style=\"mso-bidi-font-style: normal;\">Dziesi\u0119\u0107 lat rozwoju Biblioteki Publicznej im. H. \u0141opaci\u0144skiego<\/i><\/b><\/span><\/span><\/p>\n<p><!-- [if gte mso 9]><xml> <w:LatentStyles DefLockedState=\"false\" LatentStyleCount=\"156\"> <\/w:LatentStyles> <\/xml><![endif]--><!-- [if gte mso 10]>\n\n\n\n<style> \/* Style Definitions *\/ table.MsoNormalTable {mso-style-name:Standardowy; mso-tstyle-rowband-size:0; mso-tstyle-colband-size:0; mso-style-noshow:yes; mso-style-parent:\"\"; mso-padding-alt:0cm 5.4pt 0cm 5.4pt; mso-para-margin:0cm; mso-para-margin-bottom:.0001pt; mso-pagination:widow-orphan; font-size:10.0pt; font-family:\"Times New Roman\"; mso-ansi-language:#0400; mso-fareast-language:#0400; mso-bidi-language:#0400;} <\/style>\n\n <![endif]--><!-- [if gte mso 9]><xml> <w:LatentStyles DefLockedState=\"false\" LatentStyleCount=\"156\"> <\/w:LatentStyles> <\/xml><![endif]--><!-- [if gte mso 10]>\n\n\n\n<style> \/* Style Definitions *\/ table.MsoNormalTable {mso-style-name:Standardowy; mso-tstyle-rowband-size:0; mso-tstyle-colband-size:0; mso-style-noshow:yes; mso-style-parent:\"\"; mso-padding-alt:0cm 5.4pt 0cm 5.4pt; mso-para-margin:0cm; mso-para-margin-bottom:.0001pt; mso-pagination:widow-orphan; font-size:10.0pt; font-family:\"Times New Roman\"; mso-ansi-language:#0400; mso-fareast-language:#0400; mso-bidi-language:#0400;} <\/style>\n\n <![endif]--><\/p>\n<p><!-- [if gte mso 9]><xml> <w:WordDocument> <w:View>Normal<\/w:View> <w:Zoom>0<\/w:Zoom> <w:HyphenationZone>21<\/w:HyphenationZone> <w:PunctuationKerning \/> <w:ValidateAgainstSchemas \/> <w:SaveIfXMLInvalid>false<\/w:SaveIfXMLInvalid> <w:IgnoreMixedContent>false<\/w:IgnoreMixedContent> <w:AlwaysShowPlaceholderText>false<\/w:AlwaysShowPlaceholderText> <w:Compatibility> <w:BreakWrappedTables \/> <w:SnapToGridInCell \/> <w:WrapTextWithPunct \/> <w:UseAsianBreakRules \/> <w:DontGrowAutofit \/> <\/w:Compatibility> <w:BrowserLevel>MicrosoftInternetExplorer4<\/w:BrowserLevel> <\/w:WordDocument> <\/xml><![endif]--><\/p>\n<p><!-- [if gte mso 9]><xml> <w:LatentStyles DefLockedState=\"false\" LatentStyleCount=\"156\"> <\/w:LatentStyles> <\/xml><![endif]--><!-- [if gte mso 10]>\n\n\n\n<style> \/* Style Definitions *\/ table.MsoNormalTable {mso-style-name:Standardowy; mso-tstyle-rowband-size:0; mso-tstyle-colband-size:0; mso-style-noshow:yes; mso-style-parent:\"\"; mso-padding-alt:0cm 5.4pt 0cm 5.4pt; mso-para-margin:0cm; mso-para-margin-bottom:.0001pt; mso-pagination:widow-orphan; font-size:10.0pt; font-family:\"Times New Roman\"; mso-ansi-language:#0400; mso-fareast-language:#0400; mso-bidi-language:#0400;} <\/style>\n\n <![endif]--><\/p>\n<p><!-- [if gte mso 9]><xml> <w:WordDocument> <w:View>Normal<\/w:View> <w:Zoom>0<\/w:Zoom> <w:HyphenationZone>21<\/w:HyphenationZone> <w:PunctuationKerning \/> <w:ValidateAgainstSchemas \/> <w:SaveIfXMLInvalid>false<\/w:SaveIfXMLInvalid> <w:IgnoreMixedContent>false<\/w:IgnoreMixedContent> <w:AlwaysShowPlaceholderText>false<\/w:AlwaysShowPlaceholderText> <w:Compatibility> <w:BreakWrappedTables \/> <w:SnapToGridInCell \/> <w:WrapTextWithPunct \/> <w:UseAsianBreakRules \/> <w:DontGrowAutofit \/> <\/w:Compatibility> <w:BrowserLevel>MicrosoftInternetExplorer4<\/w:BrowserLevel> <\/w:WordDocument> <\/xml><![endif]--><!-- [if gte mso 9]><xml> <w:WordDocument> <w:View>Normal<\/w:View> <w:Zoom>0<\/w:Zoom> <w:HyphenationZone>21<\/w:HyphenationZone> <w:PunctuationKerning \/> <w:ValidateAgainstSchemas \/> <w:SaveIfXMLInvalid>false<\/w:SaveIfXMLInvalid> <w:IgnoreMixedContent>false<\/w:IgnoreMixedContent> <w:AlwaysShowPlaceholderText>false<\/w:AlwaysShowPlaceholderText> <w:Compatibility> <w:BreakWrappedTables \/> <w:SnapToGridInCell \/> <w:WrapTextWithPunct \/> <w:UseAsianBreakRules \/> <w:DontGrowAutofit \/> <\/w:Compatibility> <w:BrowserLevel>MicrosoftInternetExplorer4<\/w:BrowserLevel> <\/w:WordDocument> <\/xml><![endif]--><!-- [if gte mso 9]><xml> <w:LatentStyles DefLockedState=\"false\" LatentStyleCount=\"156\"> <\/w:LatentStyles> <\/xml><![endif]--><!-- [if gte mso 10]>\n\n\n\n<style> \/* Style Definitions *\/ table.MsoNormalTable {mso-style-name:Standardowy; mso-tstyle-rowband-size:0; mso-tstyle-colband-size:0; mso-style-noshow:yes; mso-style-parent:\"\"; mso-padding-alt:0cm 5.4pt 0cm 5.4pt; mso-para-margin:0cm; mso-para-margin-bottom:.0001pt; mso-pagination:widow-orphan; font-size:10.0pt; font-family:\"Times New Roman\"; mso-ansi-language:#0400; mso-fareast-language:#0400; mso-bidi-language:#0400;} <\/style>\n\n <![endif]--><!-- [if gte mso 9]><xml> <w:LatentStyles DefLockedState=\"false\" LatentStyleCount=\"156\"> <\/w:LatentStyles> <\/xml><![endif]--><!-- [if gte mso 10]>\n\n\n\n<style> \/* Style Definitions *\/ table.MsoNormalTable {mso-style-name:Standardowy; mso-tstyle-rowband-size:0; mso-tstyle-colband-size:0; mso-style-noshow:yes; mso-style-parent:\"\"; mso-padding-alt:0cm 5.4pt 0cm 5.4pt; mso-para-margin:0cm; mso-para-margin-bottom:.0001pt; mso-pagination:widow-orphan; font-size:10.0pt; font-family:\"Times New Roman\"; mso-ansi-language:#0400; mso-fareast-language:#0400; mso-bidi-language:#0400;} <\/style>\n\n <![endif]--><\/p>\n","protected":false},"excerpt":{"rendered":"","protected":false},"author":9,"featured_media":9844,"comment_status":"open","ping_status":"open","sticky":false,"template":"","format":"standard","meta":{"_tec_requires_first_save":true,"_crdt_document":"","pgc_sgb_lightbox_settings":"","_EventAllDay":false,"_EventTimezone":"","_EventStartDate":"","_EventEndDate":"","_EventStartDateUTC":"","_EventEndDateUTC":"","_EventShowMap":false,"_EventShowMapLink":false,"_EventURL":"","_EventCost":"","_EventCostDescription":"","_EventCurrencySymbol":"","_EventCurrencyCode":"","_EventCurrencyPosition":"","_EventDateTimeSeparator":"","_EventTimeRangeSeparator":"","_EventOrganizerID":[],"_EventVenueID":[],"_OrganizerEmail":"","_OrganizerPhone":"","_OrganizerWebsite":"","_VenueAddress":"","_VenueCity":"","_VenueCountry":"","_VenueProvince":"","_VenueState":"","_VenueZip":"","_VenuePhone":"","_VenueURL":"","_VenueStateProvince":"","_VenueLat":"","_VenueLng":"","_VenueShowMap":false,"_VenueShowMapLink":false,"_tribe_blocks_recurrence_rules":"","_tribe_blocks_recurrence_description":"","_tribe_blocks_recurrence_exclusions":"","footnotes":""},"categories":[1],"tags":[],"class_list":["post-10200","post","type-post","status-publish","format-standard","has-post-thumbnail","hentry","category-bez-kategorii"],"publishpress_future_action":{"enabled":false,"date":"2026-05-06 17:28:53","action":"change-status","newStatus":"draft","terms":[],"taxonomy":"category","extraData":[]},"publishpress_future_workflow_manual_trigger":{"enabledWorkflows":[]},"_links":{"self":[{"href":"https:\/\/wbp.lublin.pl\/index.php\/wp-json\/wp\/v2\/posts\/10200","targetHints":{"allow":["GET"]}}],"collection":[{"href":"https:\/\/wbp.lublin.pl\/index.php\/wp-json\/wp\/v2\/posts"}],"about":[{"href":"https:\/\/wbp.lublin.pl\/index.php\/wp-json\/wp\/v2\/types\/post"}],"author":[{"embeddable":true,"href":"https:\/\/wbp.lublin.pl\/index.php\/wp-json\/wp\/v2\/users\/9"}],"replies":[{"embeddable":true,"href":"https:\/\/wbp.lublin.pl\/index.php\/wp-json\/wp\/v2\/comments?post=10200"}],"version-history":[{"count":3,"href":"https:\/\/wbp.lublin.pl\/index.php\/wp-json\/wp\/v2\/posts\/10200\/revisions"}],"predecessor-version":[{"id":13274,"href":"https:\/\/wbp.lublin.pl\/index.php\/wp-json\/wp\/v2\/posts\/10200\/revisions\/13274"}],"wp:featuredmedia":[{"embeddable":true,"href":"https:\/\/wbp.lublin.pl\/index.php\/wp-json\/wp\/v2\/media\/9844"}],"wp:attachment":[{"href":"https:\/\/wbp.lublin.pl\/index.php\/wp-json\/wp\/v2\/media?parent=10200"}],"wp:term":[{"taxonomy":"category","embeddable":true,"href":"https:\/\/wbp.lublin.pl\/index.php\/wp-json\/wp\/v2\/categories?post=10200"},{"taxonomy":"post_tag","embeddable":true,"href":"https:\/\/wbp.lublin.pl\/index.php\/wp-json\/wp\/v2\/tags?post=10200"}],"curies":[{"name":"wp","href":"https:\/\/api.w.org\/{rel}","templated":true}]}}