{"id":10232,"date":"2017-11-07T08:32:06","date_gmt":"2017-11-07T07:32:06","guid":{"rendered":"https:\/\/wbp.lublin.pl8\/index.php\/2017\/11\/07\/zdarzyo-si-w-listopadzie\/"},"modified":"2018-07-02T23:26:31","modified_gmt":"2018-07-02T21:26:31","slug":"zdarzyo-si-w-listopadzie","status":"publish","type":"post","link":"https:\/\/wbp.lublin.pl\/index.php\/2017\/11\/07\/zdarzyo-si-w-listopadzie\/","title":{"rendered":"Zdarzy\u0142o si\u0119 w\u2026 listopadzie"},"content":{"rendered":"<h3><\/h3>\n<p><!--more--><\/p>\n<p><span style=\"font-family: Verdana;\"><span style=\"font-size: 12px;\"><!-- [if gte mso 9]><xml> <o:OfficeDocumentSettings> <o:AllowPNG \/> <\/o:OfficeDocumentSettings> <\/xml><![endif]--><\/span><\/span><\/p>\n<p><span style=\"font-family: Verdana;\"><span style=\"font-size: 12px;\"><!-- [if gte mso 9]><xml> <o:OfficeDocumentSettings> <o:AllowPNG \/> <\/o:OfficeDocumentSettings> <\/xml><![endif]--><\/span><\/span><\/p>\n<p><span style=\"font-family: Verdana;\"><span style=\"font-size: 12px;\"><!-- [if gte mso 9]><xml> <w:WordDocument> <w:View>Normal<\/w:View> <w:Zoom>0<\/w:Zoom> <w:HyphenationZone>21<\/w:HyphenationZone> <w:PunctuationKerning \/> <w:ValidateAgainstSchemas \/> <w:SaveIfXMLInvalid>false<\/w:SaveIfXMLInvalid> <w:IgnoreMixedContent>false<\/w:IgnoreMixedContent> <w:AlwaysShowPlaceholderText>false<\/w:AlwaysShowPlaceholderText> <w:Compatibility> <w:BreakWrappedTables \/> <w:SnapToGridInCell \/> <w:WrapTextWithPunct \/> <w:UseAsianBreakRules \/> <w:DontGrowAutofit \/> <\/w:Compatibility> <\/w:WordDocument> <\/xml><![endif]--><!-- [if gte mso 9]><xml> <w:LatentStyles DefLockedState=\"false\" LatentStyleCount=\"156\"> <\/w:LatentStyles> <\/xml><![endif]--><!-- [if gte mso 10]>\n\n\n\n<style> \/* Style Definitions *\/ table.MsoNormalTable {mso-style-name:Standardowy; mso-tstyle-rowband-size:0; mso-tstyle-colband-size:0; mso-style-noshow:yes; mso-style-parent:\"\"; mso-padding-alt:0cm 5.4pt 0cm 5.4pt; mso-para-margin:0cm; mso-para-margin-bottom:.0001pt; mso-pagination:widow-orphan; font-size:10.0pt; font-family:\"Times New Roman\"; mso-ansi-language:#0400; mso-fareast-language:#0400; mso-bidi-language:#0400;} <\/style>\n\n <![endif]--><\/span><\/span><\/p>\n<p><span style=\"font-family: Verdana;\"><span style=\"font-size: 12px;\">\u00a0<\/span><\/span><\/p>\n<p><span style=\"font-family: Verdana;\"><!-- [if gte mso 9]><xml> <w:WordDocument> <w:View>Normal<\/w:View> <w:Zoom>0<\/w:Zoom> <w:HyphenationZone>21<\/w:HyphenationZone> <w:PunctuationKerning \/> <w:ValidateAgainstSchemas \/> <w:SaveIfXMLInvalid>false<\/w:SaveIfXMLInvalid> <w:IgnoreMixedContent>false<\/w:IgnoreMixedContent> <w:AlwaysShowPlaceholderText>false<\/w:AlwaysShowPlaceholderText> <w:Compatibility> <w:BreakWrappedTables \/> <w:SnapToGridInCell \/> <w:WrapTextWithPunct \/> <w:UseAsianBreakRules \/> <w:DontGrowAutofit \/> <\/w:Compatibility> <w:BrowserLevel>MicrosoftInternetExplorer4<\/w:BrowserLevel> <\/w:WordDocument> <\/xml><![endif]--><!-- [if gte mso 9]><xml> <w:LatentStyles DefLockedState=\"false\" LatentStyleCount=\"156\"> <\/w:LatentStyles> <\/xml><![endif]--><!-- [if gte mso 10]>\n\n\n\n<style> \/* Style Definitions *\/ table.MsoNormalTable {mso-style-name:Standardowy; mso-tstyle-rowband-size:0; mso-tstyle-colband-size:0; mso-style-noshow:yes; mso-style-parent:\"\"; mso-padding-alt:0cm 5.4pt 0cm 5.4pt; mso-para-margin:0cm; mso-para-margin-bottom:.0001pt; mso-pagination:widow-orphan; font-size:10.0pt; font-family:\"Times New Roman\"; mso-ansi-language:#0400; mso-fareast-language:#0400; mso-bidi-language:#0400;} <\/style>\n\n <![endif]--> <!-- [if gte mso 9]><xml> <w:WordDocument> <w:View>Normal<\/w:View> <w:Zoom>0<\/w:Zoom> <w:HyphenationZone>21<\/w:HyphenationZone> <w:PunctuationKerning \/> <w:ValidateAgainstSchemas \/> <w:SaveIfXMLInvalid>false<\/w:SaveIfXMLInvalid> <w:IgnoreMixedContent>false<\/w:IgnoreMixedContent> <w:AlwaysShowPlaceholderText>false<\/w:AlwaysShowPlaceholderText> <w:Compatibility> <w:BreakWrappedTables \/> <w:SnapToGridInCell \/> <w:WrapTextWithPunct \/> <w:UseAsianBreakRules \/> <w:DontGrowAutofit \/> <\/w:Compatibility> <w:BrowserLevel>MicrosoftInternetExplorer4<\/w:BrowserLevel> <\/w:WordDocument> <\/xml><![endif]--><\/span><span style=\"font-family: Verdana;\"><!-- [if gte mso 9]><xml> <w:LatentStyles DefLockedState=\"false\" LatentStyleCount=\"156\"> <\/w:LatentStyles> <\/xml><![endif]--><!-- [if !mso]><object classid=\"clsid:38481807-CA0E-42D2-BF39-B33AF135CC4D\" id=ieooui><\/object>\n\n\n\n<style> st1\\:*{behavior:url(#ieooui) } <\/style>\n\n <![endif]--><!-- [if gte mso 10]>\n\n\n\n<style> \/* Style Definitions *\/ table.MsoNormalTable {mso-style-name:Standardowy; mso-tstyle-rowband-size:0; mso-tstyle-colband-size:0; mso-style-noshow:yes; mso-style-parent:\"\"; mso-padding-alt:0cm 5.4pt 0cm 5.4pt; mso-para-margin:0cm; mso-para-margin-bottom:.0001pt; mso-pagination:widow-orphan; font-size:10.0pt; font-family:\"Times New Roman\"; mso-ansi-language:#0400; mso-fareast-language:#0400; mso-bidi-language:#0400;} <\/style>\n\n <![endif]--> <\/span><\/p>\n<p><!-- [if gte mso 9]><xml> <w:WordDocument> <w:View>Normal<\/w:View> <w:Zoom>0<\/w:Zoom> <w:HyphenationZone>21<\/w:HyphenationZone> <w:PunctuationKerning \/> <w:ValidateAgainstSchemas \/> <w:SaveIfXMLInvalid>false<\/w:SaveIfXMLInvalid> <w:IgnoreMixedContent>false<\/w:IgnoreMixedContent> <w:AlwaysShowPlaceholderText>false<\/w:AlwaysShowPlaceholderText> <w:Compatibility> <w:BreakWrappedTables \/> <w:SnapToGridInCell \/> <w:WrapTextWithPunct \/> <w:UseAsianBreakRules \/> <w:DontGrowAutofit \/> <\/w:Compatibility> <w:BrowserLevel>MicrosoftInternetExplorer4<\/w:BrowserLevel> <\/w:WordDocument> <\/xml><![endif]--><\/p>\n<p><!-- [if gte mso 9]><xml> <w:LatentStyles DefLockedState=\"false\" LatentStyleCount=\"156\"> <\/w:LatentStyles> <\/xml><![endif]--><!-- [if !mso]><object classid=\"clsid:38481807-CA0E-42D2-BF39-B33AF135CC4D\" id=ieooui><\/object>\n\n\n\n<style> st1\\:*{behavior:url(#ieooui) } <\/style>\n\n <![endif]--><!-- [if gte mso 10]>\n\n\n\n<style> \/* Style Definitions *\/ table.MsoNormalTable {mso-style-name:Standardowy; mso-tstyle-rowband-size:0; mso-tstyle-colband-size:0; mso-style-noshow:yes; mso-style-parent:\"\"; mso-padding-alt:0cm 5.4pt 0cm 5.4pt; mso-para-margin:0cm; mso-para-margin-bottom:.0001pt; mso-pagination:widow-orphan; font-size:10.0pt; font-family:\"Times New Roman\"; mso-ansi-language:#0400; mso-fareast-language:#0400; mso-bidi-language:#0400;} <\/style>\n\n <![endif]--><\/p>\n<p class=\"MsoNormal\" style=\"text-align: justify;\">\n<p class=\"MsoNormal\" style=\"text-align: justify;\"><b><span style=\"line-height: 115%; font-family: Verdana;\">6 XI 2008<\/span><\/b><span style=\"line-height: 115%; font-family: Verdana;\"> Otwarcie wystawy <b style=\"mso-bidi-font-weight: normal;\"><i style=\"mso-bidi-font-style: normal;\">W 90. rocznic\u0119 Odrodzenia Polski 1918-2008<\/i><\/b><\/span><\/p>\n<p class=\"MsoNormal\" style=\"text-align: justify;\"><b><span style=\"line-height: 115%; font-family: Verdana;\">9 XI 2006<\/span><\/b> <span style=\"line-height: 115%; font-family: Verdana;\">Promocja ksi\u0105\u017cki dr Zdzis\u0142awa Bielenia<\/span><span style=\"line-height: 115%; font-family: Verdana;\"> <b><i>Zwyci\u0119zca spod \u017byrzyna. Genera\u0142 Micha\u0142 Heydenreich-Kruk (1831-1886)<\/i><\/b><\/span><\/p>\n<p class=\"MsoNormal\" style=\"text-align: justify;\"><b><span style=\"line-height: 115%; font-family: Verdana;\">11 XI 1935<\/span><\/b><span style=\"line-height: 115%; font-family: Verdana;\"> Po\u0142o\u017cenie kamienia w\u0119gielnego pod <b style=\"mso-bidi-font-weight: normal;\">Dom Pracy Kulturalnej<\/b>. Lubelski Zwi\u0105zek Pracy Kulturalnej (przekszta\u0142cony p\u00f3\u017aniej w Instytut Lubelski), podj\u0105\u0142 decyzje o wzniesieniu budynku przy ul. Narutowicza 4 z przeznaczeniem na instytucje kulturalne, dzia\u0142aj\u0105ce w Lublinie, mi\u0119dzy innymi z przeznaczeniem na Bibliotek\u0119<\/span><\/p>\n<p class=\"MsoNormal\" style=\"text-align: justify;\"><b><span style=\"line-height: 115%; font-family: Verdana;\">14 XI 2002<\/span><\/b><span style=\"line-height: 115%; font-family: Verdana;\"> Reaktywowano Towarzystwo Biblioteki Publicznej im. Hieronima \u0141opaci\u0144skiego<\/span><\/p>\n<p class=\"MsoNormal\" style=\"text-align: justify;\"><b style=\"mso-bidi-font-weight: normal;\"><span style=\"line-height: 115%; font-family: Verdana;\">14 XI 2016<\/span><\/b><span style=\"line-height: 115%; font-family: Verdana;\"> Odby\u0142o si\u0119 pierwsze, z planowanego przez WBP cyklu, <b><i style=\"mso-bidi-font-style: normal;\">Spotkanie Mi\u0142o\u015bnik\u00f3w Regionu, po\u015bwi\u0119cone prowadzeniu bada\u0144 regionalnych<\/i><\/b>. Na spotkanie zaproszono bibliotekarzy, cz\u0142onk\u00f3w stowarzysze\u0144 regionalnych i niezrzeszonych regionalist\u00f3w z terenu wojew\u00f3dztwa lubelskiego<\/span><\/p>\n<p class=\"MsoNormal\" style=\"text-align: justify;\"><b><span style=\"line-height: 115%; font-family: Verdana;\">16-17 XI 2007 <\/span><\/b><span style=\"line-height: 115%; font-family: Verdana;\">Zorganizowano <b style=\"mso-bidi-font-weight: normal;\"><i style=\"mso-bidi-font-style: normal;\">I Lubelskie Targi Ksi\u0105\u017cki<\/i><\/b>, w kt\u00f3rych uczestniczy\u0142o 26 wystawc\u00f3w z Lublina i regionu<\/span><\/p>\n<p class=\"MsoNormal\" style=\"text-align: justify;\"><b style=\"mso-bidi-font-weight: normal;\"><span style=\"line-height: 115%; font-family: Verdana;\">17 XI 2016<\/span><\/b><span style=\"line-height: 115%; font-family: Verdana;\"> Spotkanie <b><i style=\"mso-bidi-font-style: normal;\">Jak budowa\u0107 program wychowawczy szko\u0142y na mocnej podstawie aksjologicznej<\/i><\/b> po\u0142\u0105czone z\u00a0promocj\u0105 <b><i style=\"mso-bidi-font-style: normal;\">Encyklopedii aksjologii pedagogicznej<\/i><\/b>. Spotkanie zorganizowano przy wsp\u00f3\u0142pracy Katedry Dydaktyki i\u00a0Edukacji Szkolnej Wydzia\u0142u Nauk Spo\u0142ecznych oraz Katolickiego Uniwersytetu Lubelskiego Jana Paw\u0142a II<\/span><\/p>\n<p class=\"MsoNormal\" style=\"text-align: justify;\"><b><span style=\"line-height: 115%; font-family: Verdana;\">19 XI 2015 <\/span><\/b><span style=\"line-height: 115%; font-family: Verdana;\">Inauguracja cyklu wyk\u0142ad\u00f3w <b style=\"mso-bidi-font-weight: normal;\"><i>700 lat miasta Lublina \u2013 spotkania z histori\u0105<\/i><\/b>, kt\u00f3ry honorowym patronatem obj\u0105\u0142 Prezydent Miasta Lublin Krzysztof \u017buk. Prelekcj\u0119 <\/span><b style=\"mso-bidi-font-weight: normal;\"><span style=\"line-height: 115%; font-family: Verdana;\"><strong><i><span style=\"font-family: Verdana; color: windowtext; font-weight: normal; text-decoration: none;\">Przed powstaniem miasta Lublina \u2013 osadnictwo od VI do XIII w.<\/span><\/i><\/strong><\/span><\/b><b style=\"mso-bidi-font-weight: normal;\"> <\/b><span style=\"line-height: 115%; font-family: Verdana;\">wyg\u0142osi\u0142 dr hab. Andrzej Rozwa\u0142ka z Uniwersytetu Rzeszowskiego. Program cyklu przewidywa\u0142 14 wyk\u0142ad\u00f3w i trwa\u0142 do czerwca jubileuszowego 2017 r.<\/span><\/p>\n<p class=\"MsoNormal\" style=\"margin-bottom: .0001pt; text-align: justify; line-height: normal; mso-layout-grid-align: none; text-autospace: none;\"><b><span style=\"font-family: Verdana;\">22 XI 2007 <\/span><\/b><span style=\"font-family: Verdana;\">Otwarcie wystawy jubileuszowej z okazji 100-lecia istnienia Biblioteki im. Hieronima \u0141opaci\u0144skiego<\/span><a name=\"_GoBack\"><\/a> <b style=\"mso-bidi-font-weight: normal;\"><i style=\"mso-bidi-font-style: normal;\"><span style=\"font-family: Verdana;\">\u201e\u2026ksi\u0119gom pi\u0119knym wierni\u2026\u201d<\/span><\/i><\/b><span style=\"font-family: Verdana;\">. Prezentowano fotograficzn\u0105 histori\u0119 Ksi\u0105\u017cnicy oraz najwarto\u015bciowsze obiekty ze wszystkich rodzaj\u00f3w gromadzonych zbior\u00f3w: inkunabu\u0142y, stare druki, r\u0119kopisy, ksi\u0105\u017cki, czasopisma<\/span><\/p>\n<p class=\"MsoNormal\" style=\"mso-margin-top-alt: auto; mso-margin-bottom-alt: auto; text-align: justify; line-height: normal; mso-outline-level: 5;\"><b><span style=\"font-family: Verdana;\">25 XI 2011<\/span><\/b><span style=\"font-family: Verdana;\"> Wernisa\u017c wystawy fotografii z okazji 75-lecia Lubelskiego Towarzystwa Fotograficznego<\/span><\/p>\n<p class=\"MsoNormal\" style=\"text-align: justify; line-height: normal;\"><b><span style=\"font-family: Verdana;\">27 XI 2006<\/span><\/b><span style=\"font-family: Verdana;\"> Otwarcie wystawy pokonkursowej <b style=\"mso-bidi-font-weight: normal;\"><i style=\"mso-bidi-font-style: normal;\">Og\u00f3lnopolskiego Konkursu na Ma\u0142\u0105 Form\u0119 Graficzn\u0105<\/i><\/b> zorganizowanego z okazji 100. rocznicy \u015bmierci Hieronima \u0141opaci\u0144skiego i 100. rocznicy utworzenia Biblioteki<\/span><\/p>\n<p class=\"MsoNormal\" style=\"text-align: justify; line-height: normal;\"><b><span style=\"font-family: Verdana;\">29 XI 2007<\/span><\/b><span style=\"font-family: Verdana;\"> W Centrum Kongresowym Uniwersytetu Przyrodniczego odby\u0142 si\u0119 <b style=\"mso-bidi-font-weight: normal;\">Jubileusz 100-lecia Bblioteki<\/b> W\u00a0czasie uroczysto\u015bci Bibliotek\u0119 wyr\u00f3\u017cniono m.in.: Odznak\u0105 Honorow\u0105 \u201eZas\u0142u\u017cony dla Kultury Polskiej\u201d przyznan\u0105 przez Ministra Kultury i\u00a0Dziedzictwa Narodowego; Medalem Wojewody Lubelskiego za wybitne osi\u0105gni\u0119cia w\u00a0dziedzinie upowszechniania i\u00a0ochrony d\u00f3br kultury oraz dzia\u0142alno\u015b\u0107 naukow\u0105 i\u00a0wydawnicz\u0105; Odznak\u0105 Honorow\u0105 \u201eZas\u0142u\u017cony dla Wojew\u00f3dztwa Lubelskiego\u201d, Medalem \u201eUnii Lubelskiej\u201d przyznanym przez Prezydenta Miasta Lublin<\/span><\/p>\n<p class=\"MsoNormal\" style=\"text-align: justify; line-height: normal;\"><b style=\"mso-bidi-font-weight: normal;\"><span style=\"font-family: Verdana;\">30 XI 2014<\/span><\/b><span style=\"font-family: Verdana;\"> Prezentacja ksi\u0105\u017cki <b><i>Dwie godziny. Wspomnienia mieszka\u0144c\u00f3w Che\u0142mszczyzny i\u00a0Po\u0142udniowego Podlasia o\u00a0akcji \u201eWis\u0142a\u201d<\/i><\/b>. Wsp\u00f3\u0142organizatorami spotkania byli: Bractwo M\u0142odzie\u017cy Prawos\u0142awnej Diecezji Lubelsko-Che\u0142mskiej oraz Sekcja M\u0142odzie\u017cowa Towarzystwa Ukrai\u0144skiego<\/span><\/p>\n<p class=\"MsoNormal\" style=\"text-align: justify; line-height: normal;\"><b><span style=\"font-family: Verdana;\">[listopad] 1955<\/span><\/b><span style=\"font-family: Verdana;\"> Otwarcie wystawy <b><i style=\"mso-bidi-font-style: normal;\">Droga \u017cycia i tw\u00f3rczo\u015bci Adama Mickiewicza<\/i><\/b>. By\u0142o to zwi\u0105zane z Rokiem Mickiewiczowskim oraz setn\u0105 rocznic\u0105 \u015bmierci wieszcza<\/span><\/p>\n<p class=\"MsoNormal\" style=\"text-align: justify;\"><b><span style=\"line-height: 115%; font-family: Verdana;\">[listopad] 1989<\/span><\/b><span style=\"line-height: 115%; font-family: Verdana;\"> Powo\u0142ano w WBP im. H. \u0141opaci\u0144skiego <b style=\"mso-bidi-font-weight: normal;\"><i style=\"mso-bidi-font-style: normal;\">Kolegium Heraldyczne<\/i><\/b>, w sk\u0142ad, kt\u00f3rego wchodzili pracownicy Dzia\u0142u Informacji i Udost\u0119pniania oraz Pracowni Plastycznej pod kierownictwem zast\u0119pcy dyrektora ds. merytorycznych Waldemara Jaksona<\/span><\/p>\n<p class=\"MsoNormal\" style=\"text-align: justify;\"><b><span style=\"line-height: 115%; font-family: Verdana;\">[listopad] <\/span><\/b><b style=\"mso-bidi-font-weight: normal;\"><span style=\"line-height: 115%; font-family: Verdana;\">2006<\/span><\/b><span style=\"line-height: 115%; font-family: Verdana;\"> zako\u0144czono II etap rozbudowy WBP im. H. \u0141opaci\u0144skiego. Ca\u0142kowita warto\u015b\u0107 inwestycji wynios\u0142a 15 932 123 z\u0142. W cz\u0119\u015bci podziemnej znalaz\u0142y si\u0119 magazyny ksi\u0105\u017cek, sala seminaryjna, czytelnia internetowa i pomieszczenia techniczne. W czterokondygnacyjnym nadziemiu ulokowano wypo\u017cyczalni\u0119, czytelni\u0119 czasopism i Dzia\u0142 Zbior\u00f3w Specjalnych. \u0141\u0105cznie magazyny pomieszcz\u0105 ok. 600 000 wol. Rozbudowa powi\u0119kszy\u0142a powierzchni\u0119 u\u017cytkow\u0105 Biblioteki o 2 201 m<sup>2<\/sup><\/span><\/p>\n","protected":false},"excerpt":{"rendered":"","protected":false},"author":9,"featured_media":9844,"comment_status":"open","ping_status":"open","sticky":false,"template":"","format":"standard","meta":{"_tec_requires_first_save":true,"_crdt_document":"","pgc_sgb_lightbox_settings":"","_EventAllDay":false,"_EventTimezone":"","_EventStartDate":"","_EventEndDate":"","_EventStartDateUTC":"","_EventEndDateUTC":"","_EventShowMap":false,"_EventShowMapLink":false,"_EventURL":"","_EventCost":"","_EventCostDescription":"","_EventCurrencySymbol":"","_EventCurrencyCode":"","_EventCurrencyPosition":"","_EventDateTimeSeparator":"","_EventTimeRangeSeparator":"","_EventOrganizerID":[],"_EventVenueID":[],"_OrganizerEmail":"","_OrganizerPhone":"","_OrganizerWebsite":"","_VenueAddress":"","_VenueCity":"","_VenueCountry":"","_VenueProvince":"","_VenueState":"","_VenueZip":"","_VenuePhone":"","_VenueURL":"","_VenueStateProvince":"","_VenueLat":"","_VenueLng":"","_VenueShowMap":false,"_VenueShowMapLink":false,"_tribe_blocks_recurrence_rules":"","_tribe_blocks_recurrence_description":"","_tribe_blocks_recurrence_exclusions":"","footnotes":""},"categories":[1],"tags":[],"class_list":["post-10232","post","type-post","status-publish","format-standard","has-post-thumbnail","hentry","category-bez-kategorii"],"publishpress_future_action":{"enabled":false,"date":"2026-05-06 17:27:51","action":"change-status","newStatus":"draft","terms":[],"taxonomy":"category","extraData":[]},"publishpress_future_workflow_manual_trigger":{"enabledWorkflows":[]},"_links":{"self":[{"href":"https:\/\/wbp.lublin.pl\/index.php\/wp-json\/wp\/v2\/posts\/10232","targetHints":{"allow":["GET"]}}],"collection":[{"href":"https:\/\/wbp.lublin.pl\/index.php\/wp-json\/wp\/v2\/posts"}],"about":[{"href":"https:\/\/wbp.lublin.pl\/index.php\/wp-json\/wp\/v2\/types\/post"}],"author":[{"embeddable":true,"href":"https:\/\/wbp.lublin.pl\/index.php\/wp-json\/wp\/v2\/users\/9"}],"replies":[{"embeddable":true,"href":"https:\/\/wbp.lublin.pl\/index.php\/wp-json\/wp\/v2\/comments?post=10232"}],"version-history":[{"count":3,"href":"https:\/\/wbp.lublin.pl\/index.php\/wp-json\/wp\/v2\/posts\/10232\/revisions"}],"predecessor-version":[{"id":13275,"href":"https:\/\/wbp.lublin.pl\/index.php\/wp-json\/wp\/v2\/posts\/10232\/revisions\/13275"}],"wp:featuredmedia":[{"embeddable":true,"href":"https:\/\/wbp.lublin.pl\/index.php\/wp-json\/wp\/v2\/media\/9844"}],"wp:attachment":[{"href":"https:\/\/wbp.lublin.pl\/index.php\/wp-json\/wp\/v2\/media?parent=10232"}],"wp:term":[{"taxonomy":"category","embeddable":true,"href":"https:\/\/wbp.lublin.pl\/index.php\/wp-json\/wp\/v2\/categories?post=10232"},{"taxonomy":"post_tag","embeddable":true,"href":"https:\/\/wbp.lublin.pl\/index.php\/wp-json\/wp\/v2\/tags?post=10232"}],"curies":[{"name":"wp","href":"https:\/\/api.w.org\/{rel}","templated":true}]}}