{"id":10242,"date":"2017-11-16T09:36:16","date_gmt":"2017-11-16T08:36:16","guid":{"rendered":"https:\/\/wbp.lublin.pl8\/index.php\/2017\/11\/16\/dkk-w-wyrykach\/"},"modified":"2018-07-02T22:47:33","modified_gmt":"2018-07-02T20:47:33","slug":"dkk-w-wyrykach","status":"publish","type":"post","link":"https:\/\/wbp.lublin.pl\/index.php\/2017\/11\/16\/dkk-w-wyrykach\/","title":{"rendered":"DKK w Wyrykach"},"content":{"rendered":"<p>BIBLIOTEKA: Gminna Biblioteka Publiczna w Wyrykach<br \/>\nMODERATOR: Hanna Czelej<br \/>\nMIEJSCOWO\u015a\u0106: Wyryki-Po\u0142\u00f3d 201, pow. w\u0142odawski<br \/>\nKONTAKT: 508 199 120, biblioteka.wyryki@onet.eu<!--more--><\/p>\n","protected":false},"excerpt":{"rendered":"<p>BIBLIOTEKA: Gminna Biblioteka Publiczna w Wyrykach MODERATOR: Hanna Czelej MIEJSCOWO\u015a\u0106: Wyryki-Po\u0142\u00f3d 201, pow. w\u0142odawski KONTAKT: 508 199 120, biblioteka.wyryki@onet.eu<\/p>\n","protected":false},"author":9,"featured_media":0,"comment_status":"open","ping_status":"open","sticky":false,"template":"","format":"standard","meta":{"_tec_requires_first_save":true,"_crdt_document":"","pgc_sgb_lightbox_settings":"","_EventAllDay":false,"_EventTimezone":"","_EventStartDate":"","_EventEndDate":"","_EventStartDateUTC":"","_EventEndDateUTC":"","_EventShowMap":false,"_EventShowMapLink":false,"_EventURL":"","_EventCost":"","_EventCostDescription":"","_EventCurrencySymbol":"","_EventCurrencyCode":"","_EventCurrencyPosition":"","_EventDateTimeSeparator":"","_EventTimeRangeSeparator":"","_EventOrganizerID":[],"_EventVenueID":[],"_OrganizerEmail":"","_OrganizerPhone":"","_OrganizerWebsite":"","_VenueAddress":"","_VenueCity":"","_VenueCountry":"","_VenueProvince":"","_VenueState":"","_VenueZip":"","_VenuePhone":"","_VenueURL":"","_VenueStateProvince":"","_VenueLat":"","_VenueLng":"","_VenueShowMap":false,"_VenueShowMapLink":false,"_tribe_blocks_recurrence_rules":"","_tribe_blocks_recurrence_description":"","_tribe_blocks_recurrence_exclusions":"","footnotes":""},"categories":[1],"tags":[],"class_list":["post-10242","post","type-post","status-publish","format-standard","hentry","category-bez-kategorii"],"publishpress_future_action":{"enabled":false,"date":"2026-05-06 17:28:53","action":"change-status","newStatus":"draft","terms":[],"taxonomy":"category","extraData":[]},"publishpress_future_workflow_manual_trigger":{"enabledWorkflows":[]},"_links":{"self":[{"href":"https:\/\/wbp.lublin.pl\/index.php\/wp-json\/wp\/v2\/posts\/10242","targetHints":{"allow":["GET"]}}],"collection":[{"href":"https:\/\/wbp.lublin.pl\/index.php\/wp-json\/wp\/v2\/posts"}],"about":[{"href":"https:\/\/wbp.lublin.pl\/index.php\/wp-json\/wp\/v2\/types\/post"}],"author":[{"embeddable":true,"href":"https:\/\/wbp.lublin.pl\/index.php\/wp-json\/wp\/v2\/users\/9"}],"replies":[{"embeddable":true,"href":"https:\/\/wbp.lublin.pl\/index.php\/wp-json\/wp\/v2\/comments?post=10242"}],"version-history":[{"count":3,"href":"https:\/\/wbp.lublin.pl\/index.php\/wp-json\/wp\/v2\/posts\/10242\/revisions"}],"predecessor-version":[{"id":13200,"href":"https:\/\/wbp.lublin.pl\/index.php\/wp-json\/wp\/v2\/posts\/10242\/revisions\/13200"}],"wp:attachment":[{"href":"https:\/\/wbp.lublin.pl\/index.php\/wp-json\/wp\/v2\/media?parent=10242"}],"wp:term":[{"taxonomy":"category","embeddable":true,"href":"https:\/\/wbp.lublin.pl\/index.php\/wp-json\/wp\/v2\/categories?post=10242"},{"taxonomy":"post_tag","embeddable":true,"href":"https:\/\/wbp.lublin.pl\/index.php\/wp-json\/wp\/v2\/tags?post=10242"}],"curies":[{"name":"wp","href":"https:\/\/api.w.org\/{rel}","templated":true}]}}