{"id":10711,"date":"2018-02-08T13:24:12","date_gmt":"2018-02-08T12:24:12","guid":{"rendered":"https:\/\/wbp.lublin.pl8\/index.php\/2018\/02\/08\/nabytki-do-ksigozbioru-naukowego-stycze-2018\/"},"modified":"2018-10-31T11:44:20","modified_gmt":"2018-10-31T10:44:20","slug":"nabytki-do-ksigozbioru-naukowego-stycze-2018","status":"publish","type":"post","link":"https:\/\/wbp.lublin.pl\/index.php\/2018\/02\/08\/nabytki-do-ksigozbioru-naukowego-stycze-2018\/","title":{"rendered":"Nabytki do Ksi\u0119gozbioru Naukowego (stycze\u0144 2018)"},"content":{"rendered":"<h3><\/h3>\n<p><!--more--><\/p>\n<p><!-- [if gte mso 9]><xml> <w:WordDocument> <w:View>Normal<\/w:View> <w:Zoom>0<\/w:Zoom> <w:HyphenationZone>21<\/w:HyphenationZone> <w:PunctuationKerning \/> <w:ValidateAgainstSchemas \/> <w:SaveIfXMLInvalid>false<\/w:SaveIfXMLInvalid> <w:IgnoreMixedContent>false<\/w:IgnoreMixedContent> <w:AlwaysShowPlaceholderText>false<\/w:AlwaysShowPlaceholderText> <w:Compatibility> <w:BreakWrappedTables \/> <w:SnapToGridInCell \/> <w:WrapTextWithPunct \/> <w:UseAsianBreakRules \/> <w:DontGrowAutofit \/> <\/w:Compatibility> <w:BrowserLevel>MicrosoftInternetExplorer4<\/w:BrowserLevel> <\/w:WordDocument> <\/xml><![endif]--><\/p>\n<p><!-- [if gte mso 9]><xml> <w:LatentStyles DefLockedState=\"false\" LatentStyleCount=\"156\"> <\/w:LatentStyles> <\/xml><![endif]--><!-- [if gte mso 10]>\n\n\n\n<style> \/* Style Definitions *\/ table.MsoNormalTable {mso-style-name:Standardowy; mso-tstyle-rowband-size:0; mso-tstyle-colband-size:0; mso-style-noshow:yes; mso-style-parent:\"\"; mso-padding-alt:0cm 5.4pt 0cm 5.4pt; mso-para-margin:0cm; mso-para-margin-bottom:.0001pt; mso-pagination:widow-orphan; font-size:10.0pt; font-family:\"Times New Roman\"; mso-ansi-language:#0400; mso-fareast-language:#0400; mso-bidi-language:#0400;} <\/style>\n\n <![endif]--><\/p>\n<p>&nbsp;<\/p>\n<ol style=\"margin-top: 0cm;\" start=\"1\" type=\"1\">\n<li class=\"MsoNormal\" style=\"mso-list: l0 level1 lfo1; tab-stops: list 36.0pt;\"><b style=\"mso-bidi-font-weight: normal;\">Adamska A.<\/b> <i style=\"mso-bidi-font-style: normal;\">Loca scribendi : miejsca i \u015brodowiska tworz\u0105ce kultur\u0119 pisma w dawnej Rzeczypospolitej XV-XVIII stulecia, <\/i>Warszawa 2017<\/li>\n<li class=\"MsoNormal\" style=\"mso-list: l0 level1 lfo1; tab-stops: list 36.0pt;\"><b style=\"mso-bidi-font-weight: normal;\">Balcerek U. (red.)<\/b> <i style=\"mso-bidi-font-style: normal;\">Ikony w zbiorach Muzeum \u015al\u0105skiego w Katowicach,<\/i> Katowice 2017<\/li>\n<li class=\"MsoNormal\" style=\"mso-list: l0 level1 lfo1; tab-stops: list 36.0pt;\"><b style=\"mso-bidi-font-weight: normal;\">Bara\u0144ska B.<\/b> <i style=\"mso-bidi-font-style: normal;\">Standardy i procedury w piel\u0119gniarstwie onkologicznym,<\/i> Warszawa 2017<\/li>\n<li class=\"MsoNormal\" style=\"mso-list: l0 level1 lfo1; tab-stops: list 36.0pt;\"><b style=\"mso-bidi-font-weight: normal;\">Besala J.<\/b> <i style=\"mso-bidi-font-style: normal;\">Niewygodne zwi\u0105zki : opowie\u015b\u0107 o ko\u0144cu dynastii Jagiellon\u00f3w,<\/i> Warszawa 2017<\/li>\n<li class=\"MsoNormal\" style=\"mso-list: l0 level1 lfo1; tab-stops: list 36.0pt;\"><b style=\"mso-bidi-font-weight: normal;\">Chmielewski P.<\/b> <i style=\"mso-bidi-font-style: normal;\">S\u0142ownik: chemia,<\/i> Pozna\u0144 2017<\/li>\n<li class=\"MsoNormal\" style=\"mso-list: l0 level1 lfo1; tab-stops: list 36.0pt;\"><b style=\"mso-bidi-font-weight: normal;\">Cylkowska-Nowak M.<\/b>(red.) <i style=\"mso-bidi-font-style: normal;\">Muzykoterapia : mi\u0119dzy wgl\u0105dem a inkluzj\u0105<\/i>, Toru\u0144 2017<\/li>\n<li class=\"MsoNormal\" style=\"mso-list: l0 level1 lfo1; tab-stops: list 36.0pt;\"><b style=\"mso-bidi-font-weight: normal;\">Czapli\u0144ski M.<\/b> <i style=\"mso-bidi-font-style: normal;\">S\u0142ownik : historia,<\/i> Pozna\u0144 2017<\/li>\n<li class=\"MsoNormal\" style=\"mso-list: l0 level1 lfo1; tab-stops: list 36.0pt;\"><b style=\"mso-bidi-font-weight: normal;\">Czarnota K.<\/b> <i style=\"mso-bidi-font-style: normal;\">Czarodzieje koni,<\/i> Pozna\u0144 2017<\/li>\n<li class=\"MsoNormal\" style=\"mso-list: l0 level1 lfo1; tab-stops: list 36.0pt;\"><b style=\"mso-bidi-font-weight: normal;\">Dymek P.<\/b> <i style=\"mso-bidi-font-style: normal;\">2 Batalion Strzelc\u00f3w,<\/i> Pruszk\u00f3w 2017<\/li>\n<li class=\"MsoNormal\" style=\"mso-list: l0 level1 lfo1; tab-stops: list 36.0pt;\"><b style=\"mso-bidi-font-weight: normal;\">Filit L.<\/b> <i style=\"mso-bidi-font-style: normal;\">S\u0142ownik : matematyka, <\/i>Pozna\u0144 2017<\/li>\n<li class=\"MsoNormal\" style=\"mso-list: l0 level1 lfo1; tab-stops: list 36.0pt;\"><b style=\"mso-bidi-font-weight: normal;\"><span lang=\"EN-US\" style=\"mso-ansi-language: EN-US;\">Gadomska K. (red.)<\/span><\/b><span lang=\"EN-US\" style=\"mso-ansi-language: EN-US;\"> <i style=\"mso-bidi-font-style: normal;\">Poe, Grabi\u0144ski, Ray, Lovecraft : visions, correspondences, transitions, <\/i>Katowice 2017<\/span><\/li>\n<li class=\"MsoNormal\" style=\"mso-list: l0 level1 lfo1; tab-stops: list 36.0pt;\"><b style=\"mso-bidi-font-weight: normal;\">Gajda K. (red.)<\/b> <i style=\"mso-bidi-font-style: normal;\">Poetyka losu i historii : profesorowi Tadeuszowi Budrewiczowi w sze\u015b\u0107dziesi\u0105t\u0105 pi\u0105t\u0105 rocznic\u0119 urodzin,<\/i> Krak\u00f3w 2017<\/li>\n<li class=\"MsoNormal\" style=\"mso-list: l0 level1 lfo1; tab-stops: list 36.0pt;\"><b style=\"mso-bidi-font-weight: normal;\">Galusek \u0141. (red.) <\/b><i style=\"mso-bidi-font-style: normal;\">Wszystko osi\u0105ga si\u0119 przez nadziej\u0119&#8230; : kulturowe dziedzictwo Reformacji na \u015al\u0105sku,<\/i> Katowice 2017<\/li>\n<li class=\"MsoNormal\" style=\"mso-list: l0 level1 lfo1; tab-stops: list 36.0pt;\"><b style=\"mso-bidi-font-weight: normal;\">G\u00fcttner-Sporzy\u0144ski D.<\/b> <i style=\"mso-bidi-font-style: normal;\">\u015awi\u0119te wojny Piast\u00f3w,<\/i> Warszawa 2017<\/li>\n<li class=\"MsoNormal\" style=\"mso-list: l0 level1 lfo1; tab-stops: list 36.0pt;\"><b style=\"mso-bidi-font-weight: normal;\">Hansen A.<\/b> <i style=\"mso-bidi-font-style: normal;\">Projekt zdrowie,<\/i> Sopot 2017<\/li>\n<li class=\"MsoNormal\" style=\"mso-list: l0 level1 lfo1; tab-stops: list 36.0pt;\"><b style=\"mso-bidi-font-weight: normal;\">Jurkiewicz E.<\/b> <i style=\"mso-bidi-font-style: normal;\">Diagnostyka obrazowa w pediatrii,<\/i> Warszawa 2017<\/li>\n<li class=\"MsoNormal\" style=\"mso-list: l0 level1 lfo1; tab-stops: list 36.0pt left 203.7pt;\"><b style=\"mso-bidi-font-weight: normal;\">Kita B. (red.) <\/b><i style=\"mso-bidi-font-style: normal;\">Filmowe pejza\u017ce Europy,<\/i> Katowice 2017<\/li>\n<li class=\"MsoNormal\" style=\"mso-list: l0 level1 lfo1; tab-stops: list 36.0pt;\"><b style=\"mso-bidi-font-weight: normal;\">Koch W.<\/b> <i style=\"mso-bidi-font-style: normal;\">Style w architekturze : arcydzie\u0142a budownictwa europejskiego od antyku po czasy wsp\u00f3\u0142czesne,<\/i> Warszawa 2017<\/li>\n<li class=\"MsoNormal\" style=\"mso-list: l0 level1 lfo1; tab-stops: list 36.0pt;\"><b style=\"mso-bidi-font-weight: normal;\">Kurpiewski P.<\/b> <i style=\"mso-bidi-font-style: normal;\">Historia na ekranie Polski Ludowej,<\/i> Gda\u0144sk 2017-12-04<\/li>\n<li class=\"MsoNormal\" style=\"mso-list: l0 level1 lfo1; tab-stops: list 36.0pt;\"><b style=\"mso-bidi-font-weight: normal;\">Makarewicz J.<\/b> <i style=\"mso-bidi-font-style: normal;\">Polskie prawo karne : cz\u0119\u015b\u0107 og\u00f3lna,<\/i> Warszawa 2017<\/li>\n<li class=\"MsoNormal\" style=\"mso-list: l0 level1 lfo1; tab-stops: list 36.0pt;\"><b style=\"mso-bidi-font-weight: normal;\">Mas\u0142o\u0144 K.<\/b> <i style=\"mso-bidi-font-style: normal;\">W pisarskim czy\u015b\u0107cu : sylwetki dwudziestowiecznych pisarzy,<\/i> Pozna\u0144 2017<\/li>\n<li class=\"MsoNormal\" style=\"mso-list: l0 level1 lfo1; tab-stops: list 36.0pt;\"><b style=\"mso-bidi-font-weight: normal;\">Migo\u0144, P.<\/b> <i style=\"mso-bidi-font-style: normal;\">S\u0142ownik : geografia,<\/i> Pozna\u0144 2017<\/li>\n<li class=\"MsoNormal\" style=\"mso-list: l0 level1 lfo1; tab-stops: list 36.0pt;\"><b style=\"mso-bidi-font-weight: normal;\">Mrozowski K.<\/b> <i style=\"mso-bidi-font-style: normal;\">Bia\u0142y Mim,<\/i> Toru\u0144 2017<\/li>\n<li class=\"MsoNormal\" style=\"mso-list: l0 level1 lfo1; tab-stops: list 36.0pt;\"><b style=\"mso-bidi-font-weight: normal;\">Paszkowska M.<\/b> <i style=\"mso-bidi-font-style: normal;\">Uzdrowiska w systemie ochrony zdrowia,<\/i> Warszawa 2017<\/li>\n<li class=\"MsoNormal\" style=\"mso-list: l0 level1 lfo1; tab-stops: list 36.0pt;\"><b style=\"mso-bidi-font-weight: normal;\">P\u00e9rez-Reverte A.<\/b> <i style=\"mso-bidi-font-style: normal;\">Misja : Encyklopedia,<\/i> Krak\u00f3w 2017<\/li>\n<li class=\"MsoNormal\" style=\"mso-list: l0 level1 lfo1; tab-stops: list 36.0pt;\"><b style=\"mso-bidi-font-weight: normal;\">Pietrzykowski T.<\/b> <i style=\"mso-bidi-font-style: normal;\">Naturalizm i granice nauk prawnych : esej z metodologii prawoznawstwa,<\/i> Warszawa 2017<\/li>\n<li class=\"MsoNormal\" style=\"mso-list: l0 level1 lfo1; tab-stops: list 36.0pt;\"><b style=\"mso-bidi-font-weight: normal;\">P\u0142u\u017ca\u0144ski T.<\/b> <i style=\"mso-bidi-font-style: normal;\">Ob\u0142awa na Wykl\u0119tych : polowanie bezpieki na \u017bo\u0142nierzy Niez\u0142omnych,<\/i> Zakrzewo 2017<\/li>\n<li class=\"MsoNormal\" style=\"mso-list: l0 level1 lfo1; tab-stops: list 36.0pt;\"><b style=\"mso-bidi-font-weight: normal;\">Przedpe\u0142ska-Bieniek M.<\/b> <i style=\"mso-bidi-font-style: normal;\">Sztuka d\u017awi\u0119ku : technika i realizacja,<\/i> Warszawa 2017<\/li>\n<li class=\"MsoNormal\" style=\"mso-list: l0 level1 lfo1; tab-stops: list 36.0pt;\"><b style=\"mso-bidi-font-weight: normal;\">Rado\u017cycki J.<\/b> <i style=\"mso-bidi-font-style: normal;\">Aby o nich nie zapomniano : wspomnienia,<\/i> \u0141omianki 2017<\/li>\n<li class=\"MsoNormal\" style=\"mso-list: l0 level1 lfo1; tab-stops: list 36.0pt;\"><i style=\"mso-bidi-font-style: normal;\">Rozmowy drugie (wywiady Ewy Ma\u0144kowskiej-Grin z historykami sztuki i krytykami architektury),<\/i> Krak\u00f3w 2017<\/li>\n<li class=\"MsoNormal\" style=\"mso-list: l0 level1 lfo1; tab-stops: list 36.0pt;\"><b style=\"mso-bidi-font-weight: normal;\">Rubenstein J.<\/b> <i style=\"mso-bidi-font-style: normal;\">Ostatnie dni Stalina,<\/i> Warszawa 2017<\/li>\n<li class=\"MsoNormal\" style=\"mso-list: l0 level1 lfo1; tab-stops: list 36.0pt;\"><b style=\"mso-bidi-font-weight: normal;\">Sady A.<\/b> <i style=\"mso-bidi-font-style: normal;\">Zacz\u0119\u0142o si\u0119 od ziarna&#8230; : historia ro\u015blin uprawnych,<\/i> Katowice 2017<\/li>\n<li class=\"MsoNormal\" style=\"mso-list: l0 level1 lfo1; tab-stops: list 36.0pt;\"><b style=\"mso-bidi-font-weight: normal;\">Salski M.<\/b> <i style=\"mso-bidi-font-style: normal;\">Nanook w Googlach : przewodnik po filmie dokumentalnym Internetem wspomagany,<\/i> Szczecin 2016<\/li>\n<li class=\"MsoNormal\" style=\"mso-list: l0 level1 lfo1; tab-stops: list 36.0pt;\"><b style=\"mso-bidi-font-weight: normal;\">Sch\u00fcnke M. <\/b>Prometeusz &#8211; atlas anatomii cz\u0142owieka T.1 ,Wroc\u0142aw 2015<\/li>\n<li class=\"MsoNormal\" style=\"mso-list: l0 level1 lfo1; tab-stops: list 36.0pt;\"><b style=\"mso-bidi-font-weight: normal;\">Sch\u00fcnke M. <\/b>Prometeusz &#8211; atlas anatomii cz\u0142owieka T.2, Wroc\u0142aw 2016<\/li>\n<li class=\"MsoNormal\" style=\"mso-list: l0 level1 lfo1; tab-stops: list 36.0pt;\"><b style=\"mso-bidi-font-weight: normal;\">Sch\u00fcnke M. <\/b>Prometeusz &#8211; atlas anatomii cz\u0142owieka T.3, Wroc\u0142aw 2017<\/li>\n<li class=\"MsoNormal\" style=\"mso-list: l0 level1 lfo1; tab-stops: list 36.0pt;\"><b style=\"mso-bidi-font-weight: normal;\">Seligman M.<\/b> <i style=\"mso-bidi-font-style: normal;\">Psychopatologia,<\/i> Pozna\u0144 2017<\/li>\n<li class=\"MsoNormal\" style=\"mso-list: l0 level1 lfo1; tab-stops: list 36.0pt left 203.7pt;\"><b style=\"mso-bidi-font-weight: normal;\">Sobczy\u0144ska-Szczepa\u0144ska M. <\/b><i style=\"mso-bidi-font-style: normal;\">Architektura trynitarzy na ziemiach dawnej Rzeczypospolitej, <\/i>Katowice 2017<\/li>\n<li class=\"MsoNormal\" style=\"mso-list: l0 level1 lfo1; tab-stops: list 36.0pt;\"><b style=\"mso-bidi-font-weight: normal;\">Sullivan R.<\/b> <i style=\"mso-bidi-font-style: normal;\">C\u00f3rka Stalina : niezwyk\u0142e i burzliwe \u017cycie Swiet\u0142any Alli\u0142ujewej,<\/i> Krak\u00f3w 2017<\/li>\n<li class=\"MsoNormal\" style=\"mso-list: l0 level1 lfo1; tab-stops: list 36.0pt;\"><b style=\"mso-bidi-font-weight: normal;\">Targus H.<\/b>(red.) <i style=\"mso-bidi-font-style: normal;\">Internacjonalizacja juana (RMB),<\/i> Toru\u0144 2017<\/li>\n<li class=\"MsoNormal\" style=\"mso-list: l0 level1 lfo1; tab-stops: list 36.0pt left 203.7pt;\"><i style=\"mso-bidi-font-style: normal;\">Vladim\u00edr Birgus : fotografia 1972-2017, <\/i>Katowice 2017<\/li>\n<li class=\"MsoNormal\" style=\"mso-list: l0 level1 lfo1; tab-stops: list 36.0pt left 203.7pt;\"><b style=\"mso-bidi-font-weight: normal;\">Weretiuk O. (red<i style=\"mso-bidi-font-style: normal;\">.) <\/i><\/b><i style=\"mso-bidi-font-style: normal;\">Inny w podr\u00f3\u017cy. T.1<span style=\"mso-spacerun: yes;\">\u00a0 <\/span>Literackie \u015bwiadectwa podr\u00f3\u017cy na przestrzeni wiek\u00f3w, <\/i><span style=\"mso-spacerun: yes;\">\u00a0\u00a0<\/span>Rzesz\u00f3w 2017<\/li>\n<li class=\"MsoNormal\" style=\"mso-list: l0 level1 lfo1; tab-stops: list 36.0pt left 203.7pt;\"><b style=\"mso-bidi-font-weight: normal;\">Weretiuk O. (red.) <\/b><i style=\"mso-bidi-font-style: normal;\">Inny w podr\u00f3\u017cy. T.2 Narracje podr\u00f3\u017cnicze w XX i XXI wieku,<\/i> Rzesz\u00f3w 2017<\/li>\n<li class=\"MsoNormal\" style=\"mso-list: l0 level1 lfo1; tab-stops: list 36.0pt;\"><b style=\"mso-bidi-font-weight: normal;\">Wilko\u0144 T. (red.)<\/b> <i style=\"mso-bidi-font-style: normal;\">O etosie ksi\u0105\u017cki : studia z dziej\u00f3w bibliotek i kultury czytelniczej,<\/i> Katowice 2017<\/li>\n<li class=\"MsoNormal\" style=\"mso-list: l0 level1 lfo1; tab-stops: list 36.0pt;\"><b style=\"mso-bidi-font-weight: normal;\">Witczyk H.<\/b> <i style=\"mso-bidi-font-style: normal;\">Nowy s\u0142ownik teologii biblijnej,<\/i> Lublin 2017<\/li>\n<li class=\"MsoNormal\" style=\"mso-list: l0 level1 lfo1; tab-stops: list 36.0pt;\"><b style=\"mso-bidi-font-weight: normal;\">Wojas-Pelc A.<\/b> <i style=\"mso-bidi-font-style: normal;\">Dermatologia dla niedermatolog\u00f3w,<\/i> Krak\u00f3w 2017<\/li>\n<li class=\"MsoNormal\" style=\"mso-list: l0 level1 lfo1; tab-stops: list 36.0pt;\"><b style=\"mso-bidi-font-weight: normal;\">Wolski M.<\/b> <i style=\"mso-bidi-font-style: normal;\">Powr\u00f3t Almanzora,<\/i> Pozna\u0144 2017<\/li>\n<li class=\"MsoNormal\" style=\"mso-list: l0 level1 lfo1; tab-stops: list 36.0pt;\"><b style=\"mso-bidi-font-weight: normal;\">W\u00f3jtowicz A. <\/b><i style=\"mso-bidi-font-style: normal;\">Nowa sztuka : pocz\u0105tki (i ko\u0144ce),<\/i> Krak\u00f3w 2017<\/li>\n<li class=\"MsoNormal\" style=\"mso-list: l0 level1 lfo1; tab-stops: list 36.0pt left 203.7pt;\"><b style=\"mso-bidi-font-weight: normal;\">Wr\u00f3bel P.<\/b> <i style=\"mso-bidi-font-style: normal;\">Pawe\u0142 Wr\u00f3bel : kroniki przedmie\u015b\u0107,<\/i> Katowice 2017<\/li>\n<li class=\"MsoNormal\" style=\"mso-list: l0 level1 lfo1; tab-stops: list 36.0pt;\"><b style=\"mso-bidi-font-weight: normal;\">Wr\u00f3blewski A.K<i style=\"mso-bidi-font-style: normal;\">.<\/i><\/b><i style=\"mso-bidi-font-style: normal;\"> Historia fizyki : od czas\u00f3w najdawniejszych do wsp\u00f3\u0142czesno\u015bci,<\/i> Warszawa 2017<\/li>\n<\/ol>\n<p>&nbsp;<\/p>\n","protected":false},"excerpt":{"rendered":"","protected":false},"author":11,"featured_media":15430,"comment_status":"closed","ping_status":"open","sticky":false,"template":"","format":"standard","meta":{"_tec_requires_first_save":true,"_crdt_document":"","pgc_sgb_lightbox_settings":"","_EventAllDay":false,"_EventTimezone":"","_EventStartDate":"","_EventEndDate":"","_EventStartDateUTC":"","_EventEndDateUTC":"","_EventShowMap":false,"_EventShowMapLink":false,"_EventURL":"","_EventCost":"","_EventCostDescription":"","_EventCurrencySymbol":"","_EventCurrencyCode":"","_EventCurrencyPosition":"","_EventDateTimeSeparator":"","_EventTimeRangeSeparator":"","_EventOrganizerID":[],"_EventVenueID":[],"_OrganizerEmail":"","_OrganizerPhone":"","_OrganizerWebsite":"","_VenueAddress":"","_VenueCity":"","_VenueCountry":"","_VenueProvince":"","_VenueState":"","_VenueZip":"","_VenuePhone":"","_VenueURL":"","_VenueStateProvince":"","_VenueLat":"","_VenueLng":"","_VenueShowMap":false,"_VenueShowMapLink":false,"_tribe_blocks_recurrence_rules":"","_tribe_blocks_recurrence_description":"","_tribe_blocks_recurrence_exclusions":"","footnotes":""},"categories":[509,57],"tags":[],"class_list":["post-10711","post","type-post","status-publish","format-standard","has-post-thumbnail","hentry","category-nowe-nabytki","category-nowe-nabytki-do-ksigozbioru-naukowego"],"publishpress_future_action":{"enabled":false,"date":"2026-05-06 11:45:07","action":"change-status","newStatus":"draft","terms":[],"taxonomy":"category","extraData":[]},"publishpress_future_workflow_manual_trigger":{"enabledWorkflows":[]},"_links":{"self":[{"href":"https:\/\/wbp.lublin.pl\/index.php\/wp-json\/wp\/v2\/posts\/10711","targetHints":{"allow":["GET"]}}],"collection":[{"href":"https:\/\/wbp.lublin.pl\/index.php\/wp-json\/wp\/v2\/posts"}],"about":[{"href":"https:\/\/wbp.lublin.pl\/index.php\/wp-json\/wp\/v2\/types\/post"}],"author":[{"embeddable":true,"href":"https:\/\/wbp.lublin.pl\/index.php\/wp-json\/wp\/v2\/users\/11"}],"replies":[{"embeddable":true,"href":"https:\/\/wbp.lublin.pl\/index.php\/wp-json\/wp\/v2\/comments?post=10711"}],"version-history":[{"count":3,"href":"https:\/\/wbp.lublin.pl\/index.php\/wp-json\/wp\/v2\/posts\/10711\/revisions"}],"predecessor-version":[{"id":13485,"href":"https:\/\/wbp.lublin.pl\/index.php\/wp-json\/wp\/v2\/posts\/10711\/revisions\/13485"}],"wp:featuredmedia":[{"embeddable":true,"href":"https:\/\/wbp.lublin.pl\/index.php\/wp-json\/wp\/v2\/media\/15430"}],"wp:attachment":[{"href":"https:\/\/wbp.lublin.pl\/index.php\/wp-json\/wp\/v2\/media?parent=10711"}],"wp:term":[{"taxonomy":"category","embeddable":true,"href":"https:\/\/wbp.lublin.pl\/index.php\/wp-json\/wp\/v2\/categories?post=10711"},{"taxonomy":"post_tag","embeddable":true,"href":"https:\/\/wbp.lublin.pl\/index.php\/wp-json\/wp\/v2\/tags?post=10711"}],"curies":[{"name":"wp","href":"https:\/\/api.w.org\/{rel}","templated":true}]}}