{"id":10761,"date":"2018-03-08T08:50:17","date_gmt":"2018-03-08T07:50:17","guid":{"rendered":"https:\/\/wbp.lublin.pl8\/index.php\/2018\/03\/08\/mam-prawo-wic-czytam\/"},"modified":"2018-06-24T14:44:43","modified_gmt":"2018-06-24T12:44:43","slug":"mam-prawo-wic-czytam","status":"publish","type":"post","link":"https:\/\/wbp.lublin.pl\/index.php\/2018\/03\/08\/mam-prawo-wic-czytam\/","title":{"rendered":"Mam prawo, wi\u0119c czytam"},"content":{"rendered":"<p style=\"text-align: center;\"><input src=\"http:\/\/hl.wbp.lublin.pl\/wbp\/images\/stories\/plakat%20ROK-1.jpg\" longdesc=\"undefined\" type=\"image\" height=\"500\" width=\"354\" \/><\/p>\n<p style=\"text-align: justify;\"><b><span style=\"font-size:11.0pt;font-family:Calibri\">Lubelskie Dyskusyjne Kluby Ksi\u0105\u017cki ruszaj\u0105 z akcj\u0105 <\/span><\/b><b style=\"mso-bidi-font-weight:normal\"><i style=\"mso-bidi-font-style:normal\"><span style=\"font-size:11.0pt;font-family:Calibri\">Mam prawo, wi\u0119c czytam. <\/span><\/i><\/b><span style=\"font-size:11.0pt;font-family:Calibri\">Akcj\u0119 zainicjowano w <span style=\"mso-bidi-font-weight:bold\">zwi\u0105zku z ustanowieniem roku 2018 Rokiem Praw Kobiet.<\/span><\/span><\/p>\n<p style=\"text-align:justify\"><b><span style=\"font-size:11.0pt;font-family:Calibri\">8 marca <\/span><\/b><span style=\"font-size:11.0pt;font-family:Calibri\">&#8211; <span style=\"color:black\">w<\/span> Dniu Kobiet \u2013 w lubelskich DKK rozpoczyna si\u0119 czytanie i rozmowy o prawach kobiet, pozycji spo\u0142ecznej kobiet w Polsce i na \u015bwiecie, o kobietach w literaturze i tworz\u0105cych literatur\u0119. <b>Akcja b\u0119dzie kontynuowana przez<span style=\"color:black\"> ca\u0142y rok. <\/span><\/b><\/span><\/p>\n<p style=\"text-align:justify\"><span style=\"font-size:11.0pt;font-family:Calibri;color:black\">Akcja skierowana jest do kobiet, ale mile widziani s\u0105 m\u0119\u017cczy\u017ani! <\/span><\/p>\n<p style=\"text-align:justify\"><span style=\"font-size:11.0pt;font-family:Calibri\">Poruszane zagadnienia mog\u0105 dotyczy\u0107 wielu aspekt\u00f3w, m.in.: dlaczego sejm ustanowi\u0142 rok 2018 Rokiem Praw Kobiet? czy s\u0105 one przestrzegane? co wiem o kobietach <i>walcz\u0105cych? o kobietach Solidarno\u015bci<\/i>? jak wygl\u0105da\u0142a\u00a0 sytuacja zawodowa kobiet, naszych matek, bab\u0107 i jak wygl\u0105da teraz? jak przebiega podzia\u0142 obowi\u0105zk\u00f3w w domu? czy pokoleniu m\u0142odych kobiet \u017cyje si\u0119 \u0142atwiej?\u00a0 o co chodzi<span style=\"mso-spacerun:yes\"> <\/span>z t\u0105 akcj\u0105 #Me Too? czym jest dla mnie kobieco\u015b\u0107? dlaczego powszechnie u\u017cywa si\u0119 okre\u015blenia &#8222;literatura kobieca&#8221;, a nie &#8222;literatura kobiet&#8221;? czy wyobra\u017cacie sobie literatur\u0119 bez wk\u0142adu tw\u00f3rczego kobiet? czym r\u00f3\u017cni si\u0119 tw\u00f3rczo\u015b\u0107 kobiet od tw\u00f3rczo\u015bci m\u0119\u017cczyzn? jak przedstawiana jest kobieta w literaturze? jakich odbiorc\u00f3w ma literatura kobiet?\u00a0 czym jest dla mnie przywilej czytania? czy w pe\u0142ni wykorzystuj\u0119 ten potencja\u0142? itp, itd&#8230; <\/span><\/p>\n<p style=\"text-align:justify\"><span style=\"font-size:11.0pt;font-family:Calibri;color:black\">Akcja <b style=\"mso-bidi-font-weight:normal\"><i style=\"mso-bidi-font-style:normal\">Mam prawo, wi\u0119c czytam <\/i><\/b>ma<b style=\"mso-bidi-font-weight:normal\"><i style=\"mso-bidi-font-style:normal\"> <\/i><\/b>zach\u0119ci\u0107 do si\u0119gni\u0119cia po r\u00f3\u017cnorodne teksty, sprowokowa\u0107 do przemy\u015ble\u0144, dostarczy\u0107 wielu wra\u017ce\u0144, poszerzy\u0107 horyzonty, a przede wszystkim by\u0107 okazj\u0105 do ciekawych i bardzo warto\u015bciowych dyskusji.<\/span><\/p>\n<p style=\"text-align:justify\"><span style=\"font-size:11.0pt;font-family:Calibri;color:black\">Plakat Akcji przygotowa\u0142 Mariusz Olejarczyk z Dzia\u0142u Instrukcyjno-Metodycznego WBP im. H. \u0141opaci\u0144skiego w Lublinie.<\/span><\/p>\n<p style=\"text-align:justify\"><b style=\"mso-bidi-font-weight:normal\"><i style=\"mso-bidi-font-style:normal\"><span style=\"font-size:11.0pt;font-family:Calibri;color:black\">Mam prawo, wi\u0119c czytam &#8211;<\/span><\/i><\/b><b><span style=\"font-size:11.0pt;font-family:Calibri;color:black\"> korzystajmy z tego prawa i wzbogacajmy nasze \u017cycie!<\/span><\/b><\/p>\n","protected":false},"excerpt":{"rendered":"<p>Lubelskie Dyskusyjne Kluby Ksi\u0105\u017cki ruszaj\u0105 z akcj\u0105 Mam prawo, wi\u0119c czytam. Akcj\u0119 zainicjowano w zwi\u0105zku z ustanowieniem roku 2018 Rokiem Praw Kobiet. 8 marca &#8211; w Dniu Kobiet \u2013 w [&hellip;]<\/p>\n","protected":false},"author":9,"featured_media":0,"comment_status":"open","ping_status":"open","sticky":false,"template":"","format":"standard","meta":{"_tec_requires_first_save":true,"_crdt_document":"","pgc_sgb_lightbox_settings":"","_EventAllDay":false,"_EventTimezone":"","_EventStartDate":"","_EventEndDate":"","_EventStartDateUTC":"","_EventEndDateUTC":"","_EventShowMap":false,"_EventShowMapLink":false,"_EventURL":"","_EventCost":"","_EventCostDescription":"","_EventCurrencySymbol":"","_EventCurrencyCode":"","_EventCurrencyPosition":"","_EventDateTimeSeparator":"","_EventTimeRangeSeparator":"","_EventOrganizerID":[],"_EventVenueID":[],"_OrganizerEmail":"","_OrganizerPhone":"","_OrganizerWebsite":"","_VenueAddress":"","_VenueCity":"","_VenueCountry":"","_VenueProvince":"","_VenueState":"","_VenueZip":"","_VenuePhone":"","_VenueURL":"","_VenueStateProvince":"","_VenueLat":"","_VenueLng":"","_VenueShowMap":false,"_VenueShowMapLink":false,"_tribe_blocks_recurrence_rules":"","_tribe_blocks_recurrence_description":"","_tribe_blocks_recurrence_exclusions":"","footnotes":""},"categories":[105],"tags":[],"class_list":["post-10761","post","type-post","status-publish","format-standard","hentry","category-aktualnosci-dkk"],"publishpress_future_action":{"enabled":false,"date":"2026-05-06 16:14:13","action":"change-status","newStatus":"draft","terms":[],"taxonomy":"category","extraData":[]},"publishpress_future_workflow_manual_trigger":{"enabledWorkflows":[]},"_links":{"self":[{"href":"https:\/\/wbp.lublin.pl\/index.php\/wp-json\/wp\/v2\/posts\/10761","targetHints":{"allow":["GET"]}}],"collection":[{"href":"https:\/\/wbp.lublin.pl\/index.php\/wp-json\/wp\/v2\/posts"}],"about":[{"href":"https:\/\/wbp.lublin.pl\/index.php\/wp-json\/wp\/v2\/types\/post"}],"author":[{"embeddable":true,"href":"https:\/\/wbp.lublin.pl\/index.php\/wp-json\/wp\/v2\/users\/9"}],"replies":[{"embeddable":true,"href":"https:\/\/wbp.lublin.pl\/index.php\/wp-json\/wp\/v2\/comments?post=10761"}],"version-history":[{"count":1,"href":"https:\/\/wbp.lublin.pl\/index.php\/wp-json\/wp\/v2\/posts\/10761\/revisions"}],"predecessor-version":[{"id":11069,"href":"https:\/\/wbp.lublin.pl\/index.php\/wp-json\/wp\/v2\/posts\/10761\/revisions\/11069"}],"wp:attachment":[{"href":"https:\/\/wbp.lublin.pl\/index.php\/wp-json\/wp\/v2\/media?parent=10761"}],"wp:term":[{"taxonomy":"category","embeddable":true,"href":"https:\/\/wbp.lublin.pl\/index.php\/wp-json\/wp\/v2\/categories?post=10761"},{"taxonomy":"post_tag","embeddable":true,"href":"https:\/\/wbp.lublin.pl\/index.php\/wp-json\/wp\/v2\/tags?post=10761"}],"curies":[{"name":"wp","href":"https:\/\/api.w.org\/{rel}","templated":true}]}}