{"id":10816,"date":"2018-04-16T10:10:44","date_gmt":"2018-04-16T08:10:44","guid":{"rendered":"https:\/\/wbp.lublin.pl8\/index.php\/2018\/04\/16\/szkolenie-z-obsugi-systemu-bibliotecznego-mak-24042018\/"},"modified":"2018-06-22T23:58:16","modified_gmt":"2018-06-22T21:58:16","slug":"szkolenie-z-obsugi-systemu-bibliotecznego-mak-24042018","status":"publish","type":"post","link":"https:\/\/wbp.lublin.pl\/index.php\/2018\/04\/16\/szkolenie-z-obsugi-systemu-bibliotecznego-mak-24042018\/","title":{"rendered":"Szkolenie z obs\u0142ugi systemu bibliotecznego MAK+ (24.04.2018)"},"content":{"rendered":"<p>&nbsp;<\/p>\n<p style=\"text-align: justify;\">Wojew\u00f3dzka Biblioteka Publiczna im. Hieronima \u0141opaci\u0144skiego w Lublinie zaprasza bibliotekarzy wojew\u00f3dztwa lubelskiego na szkolenie z obs\u0142ugi systemu bibliotecznego MAK+, kt\u00f3re poprowadzi <strong>Szymon Sok\u00f3\u0142 <\/strong>z Instytutu Ksi\u0105\u017cki.<\/p>\n<p style=\"text-align: justify;\"><strong>Program<\/strong>:<\/p>\n<p style=\"text-align: justify;\">1.\u00a0\u00a0\u00a0 Start z MAK+, co potrzebujemy by rozpocz\u0105\u0107 prac\u0119?<\/p>\n<p>2.\u00a0\u00a0\u00a0 Ksi\u0105\u017cka doskonale skatalogowana:<br \/>\n&#8211; \u00a0\u00a0\u00a0 sk\u0105d i jak pobiera\u0107 opisy?<br \/>\n&#8211;\u00a0\u00a0\u00a0 jak rozbudowa\u0107 opis by czytelnik zainteresowa\u0142 si\u0119 ksi\u0105\u017ck\u0105?<br \/>\n&#8211;\u00a0\u00a0\u00a0 co si\u0119 zmieni\u0142o w dzia\u0142aniu BC?<\/p>\n<p>3.\u00a0\u00a0\u00a0 Przychodzi czytelnik do biblioteki&#8230;:<br \/>\n&#8211;\u00a0\u00a0\u00a0 karta zobowi\u0105zania<br \/>\n&#8211; \u00a0\u00a0\u00a0 rejestracja czytelnika<\/p>\n<p>4.\u00a0\u00a0 RODO &#8211; dostosowanie MAK+ do nowej ustawy o ochronie danych osobowych.<\/p>\n<p>5.\u00a0\u00a0\u00a0 Droga czytelnika do biblioteki, czyli jak bibliotekarz stawia drogowskazy:<br \/>\n&#8211;\u00a0\u00a0\u00a0 szukam ksi\u0105\u017cki.pl<br \/>\n&#8211;\u00a0\u00a0\u00a0 lubimyczyta\u0107.pl<\/p>\n<p>6.\u00a0\u00a0\u00a0 Obs\u0142uga czytelnika na co dzie\u0144:<br \/>\n&#8211;\u00a0\u00a0\u00a0 wypo\u017cyczenia<br \/>\n&#8211;\u00a0\u00a0\u00a0 zwroty<br \/>\n&#8211;\u00a0\u00a0\u00a0 obs\u0142uga rezerwacji i zam\u00f3wie\u0144<\/p>\n<p>7.\u00a0\u00a0\u00a0 Praca b\u0142yskawiczna:<br \/>\n&#8211;\u00a0\u00a0\u00a0 ubytkowanie<br \/>\n&#8211;\u00a0\u00a0\u00a0 skontrum<br \/>\n&#8211;\u00a0\u00a0\u00a0 pos\u0142ugiwanie si\u0119 narz\u0119dziami w magazynie<\/p>\n<p>Szkolenie odb\u0119dzie si\u0119 w siedzibie WBP ul. Narutowicza 4 w &#8211; Galerii, w godz. 10.00-14.00, w dniu <strong>24 kwietnia<\/strong>. Udzia\u0142 w szkoleniu wymaga telefonicznego zg\u0142oszenia do 19 kwietnia 2018 r.<\/p>\n<p>Dzia\u0142 Instrukcyjno-Metodyczny:<br \/>\n\u2022\u00a0\u00a0\u00a0 tel.\u00a0 81 52 87 420<\/p>\n<p>Uczestnicy szkolenia przyje\u017cd\u017caj\u0105 na koszt instytucji deleguj\u0105cych.<\/p>\n","protected":false},"excerpt":{"rendered":"<p style=\"text-align: justify;\">&#160;&#160;&#160;<\/p>\n","protected":false},"author":9,"featured_media":0,"comment_status":"open","ping_status":"open","sticky":false,"template":"","format":"standard","meta":{"_tec_requires_first_save":true,"_crdt_document":"","pgc_sgb_lightbox_settings":"","_EventAllDay":false,"_EventTimezone":"","_EventStartDate":"","_EventEndDate":"","_EventStartDateUTC":"","_EventEndDateUTC":"","_EventShowMap":false,"_EventShowMapLink":false,"_EventURL":"","_EventCost":"","_EventCostDescription":"","_EventCurrencySymbol":"","_EventCurrencyCode":"","_EventCurrencyPosition":"","_EventDateTimeSeparator":"","_EventTimeRangeSeparator":"","_EventOrganizerID":[],"_EventVenueID":[],"_OrganizerEmail":"","_OrganizerPhone":"","_OrganizerWebsite":"","_VenueAddress":"","_VenueCity":"","_VenueCountry":"","_VenueProvince":"","_VenueState":"","_VenueZip":"","_VenuePhone":"","_VenueURL":"","_VenueStateProvince":"","_VenueLat":"","_VenueLng":"","_VenueShowMap":false,"_VenueShowMapLink":false,"_tribe_blocks_recurrence_rules":"","_tribe_blocks_recurrence_description":"","_tribe_blocks_recurrence_exclusions":"","footnotes":""},"categories":[101],"tags":[],"class_list":["post-10816","post","type-post","status-publish","format-standard","hentry","category-komunikaty-branzowe-archiwum"],"publishpress_future_action":{"enabled":false,"date":"2026-05-06 17:29:18","action":"change-status","newStatus":"draft","terms":[],"taxonomy":"category","extraData":[]},"publishpress_future_workflow_manual_trigger":{"enabledWorkflows":[]},"_links":{"self":[{"href":"https:\/\/wbp.lublin.pl\/index.php\/wp-json\/wp\/v2\/posts\/10816","targetHints":{"allow":["GET"]}}],"collection":[{"href":"https:\/\/wbp.lublin.pl\/index.php\/wp-json\/wp\/v2\/posts"}],"about":[{"href":"https:\/\/wbp.lublin.pl\/index.php\/wp-json\/wp\/v2\/types\/post"}],"author":[{"embeddable":true,"href":"https:\/\/wbp.lublin.pl\/index.php\/wp-json\/wp\/v2\/users\/9"}],"replies":[{"embeddable":true,"href":"https:\/\/wbp.lublin.pl\/index.php\/wp-json\/wp\/v2\/comments?post=10816"}],"version-history":[{"count":2,"href":"https:\/\/wbp.lublin.pl\/index.php\/wp-json\/wp\/v2\/posts\/10816\/revisions"}],"predecessor-version":[{"id":11230,"href":"https:\/\/wbp.lublin.pl\/index.php\/wp-json\/wp\/v2\/posts\/10816\/revisions\/11230"}],"wp:attachment":[{"href":"https:\/\/wbp.lublin.pl\/index.php\/wp-json\/wp\/v2\/media?parent=10816"}],"wp:term":[{"taxonomy":"category","embeddable":true,"href":"https:\/\/wbp.lublin.pl\/index.php\/wp-json\/wp\/v2\/categories?post=10816"},{"taxonomy":"post_tag","embeddable":true,"href":"https:\/\/wbp.lublin.pl\/index.php\/wp-json\/wp\/v2\/tags?post=10816"}],"curies":[{"name":"wp","href":"https:\/\/api.w.org\/{rel}","templated":true}]}}