{"id":10917,"date":"2018-05-12T08:06:32","date_gmt":"2018-05-12T06:06:32","guid":{"rendered":"https:\/\/wbp.lublin.pl8\/index.php\/2018\/05\/12\/angelika-kuniak-w-lubelskich-dkk\/"},"modified":"2018-07-04T19:46:38","modified_gmt":"2018-07-04T17:46:38","slug":"angelika-kuniak-w-lubelskich-dkk","status":"publish","type":"post","link":"https:\/\/wbp.lublin.pl\/index.php\/2018\/05\/12\/angelika-kuniak-w-lubelskich-dkk\/","title":{"rendered":"Angelika Ku\u017aniak w Lubelskich DKK"},"content":{"rendered":"<p style=\"text-align: justify;\">Wojew\u00f3dzka    Biblioteka Publiczna im. Hieronima \u0141opaci\u0144skiego i Instytut Ksi\u0105\u017cki    zapraszaj\u0105 na spotkania autorskie w lubelskich DKK <b style=\"mso-bidi-font-weight:normal\">ze znan\u0105 reporta\u017cystk\u0105 Angelik\u0105 Ku\u017aniak<br \/> <\/b><span style=\"font-family: Tahoma;\"><span style=\"font-size: 12px;\"> <\/span><\/span><\/p>\n<p class=\"MsoNormal\" style=\"margin-left:81.0pt;text-indent:-81.0pt\"><span style=\"font-family: Tahoma;\"><span style=\"font-size: 12px;\"><b>28 V g. 18.00<\/b> \u2013 Che\u0142mska Biblioteka Publiczna im. Marii Pauliny Orsetti, ul. Partyzant\u00f3w 40, 22-100 Che\u0142m<\/span><\/span><\/p>\n<p class=\"MsoNormal\"><span style=\"font-family: Tahoma;\"><span style=\"font-size: 12px;\"><b>29 V g. 10.00<\/b> &#8211; J\u00f3zef\u00f3w Miejska Biblioteka Publiczna, ul. Kr\u00f3tka 10, 23-460 J\u00f3zef\u00f3w k\/Bi\u0142goraja<\/span><\/span><\/p>\n<p class=\"MsoNormal\" style=\"margin-left:81.0pt;text-indent:-81.0pt\"><span style=\"font-family: Tahoma;\"><span style=\"font-size: 12px;\"><b>29 V g. 12.00<\/b> &#8211; Tomasz\u00f3w Lub. Miejska Biblioteka Publiczna im. Tomasza Zamoyskiego, ul. Zamojska 2, 22-600 Tomasz\u00f3w Lubelski<\/span><\/span><\/p>\n<p class=\"MsoNormal\"><span style=\"font-family: Tahoma;\"><span style=\"font-size: 12px;\"> <\/span><\/span><\/p>\n","protected":false},"excerpt":{"rendered":"<p>Wojew\u00f3dzka Biblioteka Publiczna im. Hieronima \u0141opaci\u0144skiego i Instytut Ksi\u0105\u017cki zapraszaj\u0105 na spotkania autorskie w lubelskich DKK ze znan\u0105 reporta\u017cystk\u0105 Angelik\u0105 Ku\u017aniak 28 V g. 18.00 \u2013 Che\u0142mska Biblioteka Publiczna im. [&hellip;]<\/p>\n","protected":false},"author":9,"featured_media":0,"comment_status":"open","ping_status":"open","sticky":false,"template":"","format":"standard","meta":{"_tec_requires_first_save":true,"_crdt_document":"","pgc_sgb_lightbox_settings":"","_EventAllDay":false,"_EventTimezone":"","_EventStartDate":"","_EventEndDate":"","_EventStartDateUTC":"","_EventEndDateUTC":"","_EventShowMap":false,"_EventShowMapLink":false,"_EventURL":"","_EventCost":"","_EventCostDescription":"","_EventCurrencySymbol":"","_EventCurrencyCode":"","_EventCurrencyPosition":"","_EventDateTimeSeparator":"","_EventTimeRangeSeparator":"","_EventOrganizerID":[],"_EventVenueID":[],"_OrganizerEmail":"","_OrganizerPhone":"","_OrganizerWebsite":"","_VenueAddress":"","_VenueCity":"","_VenueCountry":"","_VenueProvince":"","_VenueState":"","_VenueZip":"","_VenuePhone":"","_VenueURL":"","_VenueStateProvince":"","_VenueLat":"","_VenueLng":"","_VenueShowMap":false,"_VenueShowMapLink":false,"_tribe_blocks_recurrence_rules":"","_tribe_blocks_recurrence_description":"","_tribe_blocks_recurrence_exclusions":"","footnotes":""},"categories":[105],"tags":[],"class_list":["post-10917","post","type-post","status-publish","format-standard","hentry","category-aktualnosci-dkk"],"publishpress_future_action":{"enabled":false,"date":"2026-05-06 16:13:43","action":"change-status","newStatus":"draft","terms":[],"taxonomy":"category","extraData":[]},"publishpress_future_workflow_manual_trigger":{"enabledWorkflows":[]},"_links":{"self":[{"href":"https:\/\/wbp.lublin.pl\/index.php\/wp-json\/wp\/v2\/posts\/10917","targetHints":{"allow":["GET"]}}],"collection":[{"href":"https:\/\/wbp.lublin.pl\/index.php\/wp-json\/wp\/v2\/posts"}],"about":[{"href":"https:\/\/wbp.lublin.pl\/index.php\/wp-json\/wp\/v2\/types\/post"}],"author":[{"embeddable":true,"href":"https:\/\/wbp.lublin.pl\/index.php\/wp-json\/wp\/v2\/users\/9"}],"replies":[{"embeddable":true,"href":"https:\/\/wbp.lublin.pl\/index.php\/wp-json\/wp\/v2\/comments?post=10917"}],"version-history":[{"count":1,"href":"https:\/\/wbp.lublin.pl\/index.php\/wp-json\/wp\/v2\/posts\/10917\/revisions"}],"predecessor-version":[{"id":11038,"href":"https:\/\/wbp.lublin.pl\/index.php\/wp-json\/wp\/v2\/posts\/10917\/revisions\/11038"}],"wp:attachment":[{"href":"https:\/\/wbp.lublin.pl\/index.php\/wp-json\/wp\/v2\/media?parent=10917"}],"wp:term":[{"taxonomy":"category","embeddable":true,"href":"https:\/\/wbp.lublin.pl\/index.php\/wp-json\/wp\/v2\/categories?post=10917"},{"taxonomy":"post_tag","embeddable":true,"href":"https:\/\/wbp.lublin.pl\/index.php\/wp-json\/wp\/v2\/tags?post=10917"}],"curies":[{"name":"wp","href":"https:\/\/api.w.org\/{rel}","templated":true}]}}