{"id":12131,"date":"2018-06-14T12:15:31","date_gmt":"2018-06-14T10:15:31","guid":{"rendered":"https:\/\/wbp.lublin.pl8\/?p=12131"},"modified":"2018-07-01T01:31:18","modified_gmt":"2018-06-30T23:31:18","slug":"promocja-ksiazki-tomasza-rolskiego-kamienica-w-obiektywie","status":"publish","type":"post","link":"https:\/\/wbp.lublin.pl\/index.php\/2018\/06\/14\/promocja-ksiazki-tomasza-rolskiego-kamienica-w-obiektywie\/","title":{"rendered":"Promocja ksi\u0105\u017cki Tomasza Rolskiego &#8222;Kamienica&#8221; w obiektywie"},"content":{"rendered":"<p><!--more--><\/p>\n<div id='gallery-1' class='gallery galleryid-12131 gallery-columns-3 gallery-size-thumbnail'><figure class='gallery-item'>\n\t\t\t<div class='gallery-icon landscape'>\n\t\t\t\t<a href='https:\/\/wbp.lublin.pl\/index.php\/2018\/06\/14\/promocja-ksiazki-tomasza-rolskiego-kamienica-w-obiektywie\/1-3\/'><img loading=\"lazy\" decoding=\"async\" width=\"400\" height=\"267\" src=\"https:\/\/wbp.lublin.pl\/wp-content\/uploads\/2018\/06\/1-1-400x267.webp\" class=\"attachment-thumbnail size-thumbnail not-transparent\" alt=\"\" aria-describedby=\"gallery-1-12132\" srcset=\"https:\/\/wbp.lublin.pl\/wp-content\/uploads\/2018\/06\/1-1-400x267.webp 400w, https:\/\/wbp.lublin.pl\/wp-content\/uploads\/2018\/06\/1-1-600x400.webp 600w, https:\/\/wbp.lublin.pl\/wp-content\/uploads\/2018\/06\/1-1-768x513.webp 768w, https:\/\/wbp.lublin.pl\/wp-content\/uploads\/2018\/06\/1-1-947x632.webp 947w, https:\/\/wbp.lublin.pl\/wp-content\/uploads\/2018\/06\/1-1-624x416.webp 624w, https:\/\/wbp.lublin.pl\/wp-content\/uploads\/2018\/06\/1-1-84x56.webp 84w, https:\/\/wbp.lublin.pl\/wp-content\/uploads\/2018\/06\/1-1.webp 974w\" sizes=\"auto, (max-width: 400px) 100vw, 400px\" data-has-transparency=\"false\" data-dominant-color=\"604e36\" style=\"--dominant-color: #604e36;\" \/><\/a>\n\t\t\t<\/div>\n\t\t\t\t<figcaption class='wp-caption-text gallery-caption' id='gallery-1-12132'>\n\t\t\t\t7 czerwca 2018 r. w Czytelni Naukowej Wojew\u00f3dzkiej Biblioteki Publicznej im. H. \u0141opaci\u0144skiego w Lublinie odby\u0142a si\u0119 promocja ksi\u0105\u017cki Tomasza Rolskiego Kamienica (Lublin, 2018).\n\t\t\t\t<\/figcaption><\/figure><figure class='gallery-item'>\n\t\t\t<div class='gallery-icon landscape'>\n\t\t\t\t<a href='https:\/\/wbp.lublin.pl\/index.php\/2018\/06\/14\/promocja-ksiazki-tomasza-rolskiego-kamienica-w-obiektywie\/2-3\/'><img loading=\"lazy\" decoding=\"async\" width=\"400\" height=\"267\" src=\"https:\/\/wbp.lublin.pl\/wp-content\/uploads\/2018\/06\/2-1-400x267.webp\" class=\"attachment-thumbnail size-thumbnail not-transparent\" alt=\"\" aria-describedby=\"gallery-1-12133\" srcset=\"https:\/\/wbp.lublin.pl\/wp-content\/uploads\/2018\/06\/2-1-400x267.webp 400w, https:\/\/wbp.lublin.pl\/wp-content\/uploads\/2018\/06\/2-1-600x400.webp 600w, https:\/\/wbp.lublin.pl\/wp-content\/uploads\/2018\/06\/2-1-768x513.webp 768w, https:\/\/wbp.lublin.pl\/wp-content\/uploads\/2018\/06\/2-1-947x632.webp 947w, https:\/\/wbp.lublin.pl\/wp-content\/uploads\/2018\/06\/2-1-624x416.webp 624w, https:\/\/wbp.lublin.pl\/wp-content\/uploads\/2018\/06\/2-1-84x56.webp 84w, https:\/\/wbp.lublin.pl\/wp-content\/uploads\/2018\/06\/2-1.webp 974w\" sizes=\"auto, (max-width: 400px) 100vw, 400px\" data-has-transparency=\"false\" data-dominant-color=\"4e463b\" style=\"--dominant-color: #4e463b;\" \/><\/a>\n\t\t\t<\/div>\n\t\t\t\t<figcaption class='wp-caption-text gallery-caption' id='gallery-1-12133'>\n\t\t\t\tSpotkanie zorganizowano w dniu premiery ksi\u0105\u017cki na rynku wydawniczym.\n\t\t\t\t<\/figcaption><\/figure><figure class='gallery-item'>\n\t\t\t<div class='gallery-icon landscape'>\n\t\t\t\t<a href='https:\/\/wbp.lublin.pl\/index.php\/2018\/06\/14\/promocja-ksiazki-tomasza-rolskiego-kamienica-w-obiektywie\/5-3\/'><img loading=\"lazy\" decoding=\"async\" width=\"400\" height=\"267\" src=\"https:\/\/wbp.lublin.pl\/wp-content\/uploads\/2018\/06\/5-1-400x267.webp\" class=\"attachment-thumbnail size-thumbnail not-transparent\" alt=\"\" aria-describedby=\"gallery-1-12135\" srcset=\"https:\/\/wbp.lublin.pl\/wp-content\/uploads\/2018\/06\/5-1-400x267.webp 400w, https:\/\/wbp.lublin.pl\/wp-content\/uploads\/2018\/06\/5-1-600x400.webp 600w, https:\/\/wbp.lublin.pl\/wp-content\/uploads\/2018\/06\/5-1-768x513.webp 768w, https:\/\/wbp.lublin.pl\/wp-content\/uploads\/2018\/06\/5-1-947x632.webp 947w, https:\/\/wbp.lublin.pl\/wp-content\/uploads\/2018\/06\/5-1-624x416.webp 624w, https:\/\/wbp.lublin.pl\/wp-content\/uploads\/2018\/06\/5-1-84x56.webp 84w, https:\/\/wbp.lublin.pl\/wp-content\/uploads\/2018\/06\/5-1.webp 974w\" sizes=\"auto, (max-width: 400px) 100vw, 400px\" data-has-transparency=\"false\" data-dominant-color=\"6b5741\" style=\"--dominant-color: #6b5741;\" \/><\/a>\n\t\t\t<\/div>\n\t\t\t\t<figcaption class='wp-caption-text gallery-caption' id='gallery-1-12135'>\n\t\t\t\tSpotkanie prowadzi\u0142a Ewa Hadrian (Dzia\u0142 Informacji i Promocji)\n\t\t\t\t<\/figcaption><\/figure><figure class='gallery-item'>\n\t\t\t<div class='gallery-icon landscape'>\n\t\t\t\t<a href='https:\/\/wbp.lublin.pl\/index.php\/2018\/06\/14\/promocja-ksiazki-tomasza-rolskiego-kamienica-w-obiektywie\/3-3\/'><img loading=\"lazy\" decoding=\"async\" width=\"400\" height=\"267\" src=\"https:\/\/wbp.lublin.pl\/wp-content\/uploads\/2018\/06\/3-1-400x267.webp\" class=\"attachment-thumbnail size-thumbnail not-transparent\" alt=\"\" aria-describedby=\"gallery-1-12134\" srcset=\"https:\/\/wbp.lublin.pl\/wp-content\/uploads\/2018\/06\/3-1-400x267.webp 400w, https:\/\/wbp.lublin.pl\/wp-content\/uploads\/2018\/06\/3-1-600x400.webp 600w, https:\/\/wbp.lublin.pl\/wp-content\/uploads\/2018\/06\/3-1-768x513.webp 768w, https:\/\/wbp.lublin.pl\/wp-content\/uploads\/2018\/06\/3-1-947x632.webp 947w, https:\/\/wbp.lublin.pl\/wp-content\/uploads\/2018\/06\/3-1-624x416.webp 624w, https:\/\/wbp.lublin.pl\/wp-content\/uploads\/2018\/06\/3-1-84x56.webp 84w, https:\/\/wbp.lublin.pl\/wp-content\/uploads\/2018\/06\/3-1.webp 974w\" sizes=\"auto, (max-width: 400px) 100vw, 400px\" data-has-transparency=\"false\" data-dominant-color=\"716151\" style=\"--dominant-color: #716151;\" \/><\/a>\n\t\t\t<\/div>\n\t\t\t\t<figcaption class='wp-caption-text gallery-caption' id='gallery-1-12134'>\n\t\t\t\tW spotkaniu uczestniczy\u0142 m.in. prof. dr hab. Henryk Gapski (recenzent publikacji) i dr Grzegorz Figiel \u2013 Zast\u0119pca Dyrektora WBP ds. Merytorycznych \n\t\t\t\t<\/figcaption><\/figure><figure class='gallery-item'>\n\t\t\t<div class='gallery-icon portrait'>\n\t\t\t\t<a href='https:\/\/wbp.lublin.pl\/index.php\/2018\/06\/14\/promocja-ksiazki-tomasza-rolskiego-kamienica-w-obiektywie\/6-4\/'><img loading=\"lazy\" decoding=\"async\" width=\"266\" height=\"400\" src=\"https:\/\/wbp.lublin.pl\/wp-content\/uploads\/2018\/06\/6-1-266x400.webp\" class=\"attachment-thumbnail size-thumbnail not-transparent\" alt=\"\" aria-describedby=\"gallery-1-12136\" srcset=\"https:\/\/wbp.lublin.pl\/wp-content\/uploads\/2018\/06\/6-1-266x400.webp 266w, https:\/\/wbp.lublin.pl\/wp-content\/uploads\/2018\/06\/6-1-400x600.webp 400w, https:\/\/wbp.lublin.pl\/wp-content\/uploads\/2018\/06\/6-1.webp 433w\" sizes=\"auto, (max-width: 266px) 100vw, 266px\" data-has-transparency=\"false\" data-dominant-color=\"69614a\" style=\"--dominant-color: #69614a;\" \/><\/a>\n\t\t\t<\/div>\n\t\t\t\t<figcaption class='wp-caption-text gallery-caption' id='gallery-1-12136'>\n\t\t\t\tPortret Babci Autora\n\t\t\t\t<\/figcaption><\/figure><figure class='gallery-item'>\n\t\t\t<div class='gallery-icon portrait'>\n\t\t\t\t<a href='https:\/\/wbp.lublin.pl\/index.php\/2018\/06\/14\/promocja-ksiazki-tomasza-rolskiego-kamienica-w-obiektywie\/10-3\/'><img loading=\"lazy\" decoding=\"async\" width=\"266\" height=\"400\" src=\"https:\/\/wbp.lublin.pl\/wp-content\/uploads\/2018\/06\/10-1-266x400.webp\" class=\"attachment-thumbnail size-thumbnail not-transparent\" alt=\"\" aria-describedby=\"gallery-1-12139\" srcset=\"https:\/\/wbp.lublin.pl\/wp-content\/uploads\/2018\/06\/10-1-266x400.webp 266w, https:\/\/wbp.lublin.pl\/wp-content\/uploads\/2018\/06\/10-1-400x600.webp 400w, https:\/\/wbp.lublin.pl\/wp-content\/uploads\/2018\/06\/10-1.webp 433w\" sizes=\"auto, (max-width: 266px) 100vw, 266px\" data-has-transparency=\"false\" data-dominant-color=\"685538\" style=\"--dominant-color: #685538;\" \/><\/a>\n\t\t\t<\/div>\n\t\t\t\t<figcaption class='wp-caption-text gallery-caption' id='gallery-1-12139'>\n\t\t\t\tTomasz Rolski\n\t\t\t\t<\/figcaption><\/figure><figure class='gallery-item'>\n\t\t\t<div class='gallery-icon portrait'>\n\t\t\t\t<a href='https:\/\/wbp.lublin.pl\/index.php\/2018\/06\/14\/promocja-ksiazki-tomasza-rolskiego-kamienica-w-obiektywie\/11-3\/'><img loading=\"lazy\" decoding=\"async\" width=\"266\" height=\"400\" src=\"https:\/\/wbp.lublin.pl\/wp-content\/uploads\/2018\/06\/11-1-266x400.webp\" class=\"attachment-thumbnail size-thumbnail not-transparent\" alt=\"\" srcset=\"https:\/\/wbp.lublin.pl\/wp-content\/uploads\/2018\/06\/11-1-266x400.webp 266w, https:\/\/wbp.lublin.pl\/wp-content\/uploads\/2018\/06\/11-1-400x600.webp 400w, https:\/\/wbp.lublin.pl\/wp-content\/uploads\/2018\/06\/11-1.webp 433w\" sizes=\"auto, (max-width: 266px) 100vw, 266px\" data-has-transparency=\"false\" data-dominant-color=\"60533d\" style=\"--dominant-color: #60533d;\" \/><\/a>\n\t\t\t<\/div><\/figure><figure class='gallery-item'>\n\t\t\t<div class='gallery-icon portrait'>\n\t\t\t\t<a href='https:\/\/wbp.lublin.pl\/index.php\/2018\/06\/14\/promocja-ksiazki-tomasza-rolskiego-kamienica-w-obiektywie\/13-3\/'><img loading=\"lazy\" decoding=\"async\" width=\"266\" height=\"400\" src=\"https:\/\/wbp.lublin.pl\/wp-content\/uploads\/2018\/06\/13-1-266x400.webp\" class=\"attachment-thumbnail size-thumbnail not-transparent\" alt=\"\" srcset=\"https:\/\/wbp.lublin.pl\/wp-content\/uploads\/2018\/06\/13-1-266x400.webp 266w, https:\/\/wbp.lublin.pl\/wp-content\/uploads\/2018\/06\/13-1-400x600.webp 400w, https:\/\/wbp.lublin.pl\/wp-content\/uploads\/2018\/06\/13-1.webp 433w\" sizes=\"auto, (max-width: 266px) 100vw, 266px\" data-has-transparency=\"false\" data-dominant-color=\"6e614b\" style=\"--dominant-color: #6e614b;\" \/><\/a>\n\t\t\t<\/div><\/figure><figure class='gallery-item'>\n\t\t\t<div class='gallery-icon landscape'>\n\t\t\t\t<a href='https:\/\/wbp.lublin.pl\/index.php\/2018\/06\/14\/promocja-ksiazki-tomasza-rolskiego-kamienica-w-obiektywie\/15-3\/'><img loading=\"lazy\" decoding=\"async\" width=\"400\" height=\"267\" src=\"https:\/\/wbp.lublin.pl\/wp-content\/uploads\/2018\/06\/15-1-400x267.webp\" class=\"attachment-thumbnail size-thumbnail not-transparent\" alt=\"\" srcset=\"https:\/\/wbp.lublin.pl\/wp-content\/uploads\/2018\/06\/15-1-400x267.webp 400w, https:\/\/wbp.lublin.pl\/wp-content\/uploads\/2018\/06\/15-1-600x400.webp 600w, https:\/\/wbp.lublin.pl\/wp-content\/uploads\/2018\/06\/15-1-768x513.webp 768w, https:\/\/wbp.lublin.pl\/wp-content\/uploads\/2018\/06\/15-1-947x632.webp 947w, https:\/\/wbp.lublin.pl\/wp-content\/uploads\/2018\/06\/15-1-624x416.webp 624w, https:\/\/wbp.lublin.pl\/wp-content\/uploads\/2018\/06\/15-1-84x56.webp 84w, https:\/\/wbp.lublin.pl\/wp-content\/uploads\/2018\/06\/15-1.webp 974w\" sizes=\"auto, (max-width: 400px) 100vw, 400px\" data-has-transparency=\"false\" data-dominant-color=\"665543\" style=\"--dominant-color: #665543;\" \/><\/a>\n\t\t\t<\/div><\/figure><figure class='gallery-item'>\n\t\t\t<div class='gallery-icon landscape'>\n\t\t\t\t<a href='https:\/\/wbp.lublin.pl\/index.php\/2018\/06\/14\/promocja-ksiazki-tomasza-rolskiego-kamienica-w-obiektywie\/16-3\/'><img loading=\"lazy\" decoding=\"async\" width=\"400\" height=\"267\" src=\"https:\/\/wbp.lublin.pl\/wp-content\/uploads\/2018\/06\/16-1-400x267.webp\" class=\"attachment-thumbnail size-thumbnail not-transparent\" alt=\"\" srcset=\"https:\/\/wbp.lublin.pl\/wp-content\/uploads\/2018\/06\/16-1-400x267.webp 400w, https:\/\/wbp.lublin.pl\/wp-content\/uploads\/2018\/06\/16-1-600x400.webp 600w, https:\/\/wbp.lublin.pl\/wp-content\/uploads\/2018\/06\/16-1-768x513.webp 768w, https:\/\/wbp.lublin.pl\/wp-content\/uploads\/2018\/06\/16-1-947x632.webp 947w, https:\/\/wbp.lublin.pl\/wp-content\/uploads\/2018\/06\/16-1-624x416.webp 624w, https:\/\/wbp.lublin.pl\/wp-content\/uploads\/2018\/06\/16-1-84x56.webp 84w, https:\/\/wbp.lublin.pl\/wp-content\/uploads\/2018\/06\/16-1.webp 974w\" sizes=\"auto, (max-width: 400px) 100vw, 400px\" data-has-transparency=\"false\" data-dominant-color=\"725a3d\" style=\"--dominant-color: #725a3d;\" \/><\/a>\n\t\t\t<\/div><\/figure><figure class='gallery-item'>\n\t\t\t<div class='gallery-icon landscape'>\n\t\t\t\t<a href='https:\/\/wbp.lublin.pl\/index.php\/2018\/06\/14\/promocja-ksiazki-tomasza-rolskiego-kamienica-w-obiektywie\/18-3\/'><img loading=\"lazy\" decoding=\"async\" width=\"400\" height=\"267\" src=\"https:\/\/wbp.lublin.pl\/wp-content\/uploads\/2018\/06\/18-1-jpg-avif-400x267.jpg\" class=\"attachment-thumbnail size-thumbnail not-transparent\" alt=\"\" srcset=\"https:\/\/wbp.lublin.pl\/wp-content\/uploads\/2018\/06\/18-1-jpg-avif-400x267.jpg 400w, https:\/\/wbp.lublin.pl\/wp-content\/uploads\/2018\/06\/18-1-jpg-avif-600x400.jpg 600w, https:\/\/wbp.lublin.pl\/wp-content\/uploads\/2018\/06\/18-1-jpg-avif-768x513.jpg 768w, https:\/\/wbp.lublin.pl\/wp-content\/uploads\/2018\/06\/18-1-jpg-avif-947x632.jpg 947w, https:\/\/wbp.lublin.pl\/wp-content\/uploads\/2018\/06\/18-1-jpg-avif-624x416.jpg 624w, https:\/\/wbp.lublin.pl\/wp-content\/uploads\/2018\/06\/18-1-jpg-avif-84x56.jpg 84w, https:\/\/wbp.lublin.pl\/wp-content\/uploads\/2018\/06\/18-1-jpg-avif.avif 974w\" sizes=\"auto, (max-width: 400px) 100vw, 400px\" data-has-transparency=\"false\" data-dominant-color=\"634e2f\" style=\"--dominant-color: #634e2f;\" \/><\/a>\n\t\t\t<\/div><\/figure><figure class='gallery-item'>\n\t\t\t<div class='gallery-icon landscape'>\n\t\t\t\t<a href='https:\/\/wbp.lublin.pl\/index.php\/2018\/06\/14\/promocja-ksiazki-tomasza-rolskiego-kamienica-w-obiektywie\/19-3\/'><img loading=\"lazy\" decoding=\"async\" width=\"400\" height=\"267\" src=\"https:\/\/wbp.lublin.pl\/wp-content\/uploads\/2018\/06\/19-1-400x267.webp\" class=\"attachment-thumbnail size-thumbnail not-transparent\" alt=\"\" srcset=\"https:\/\/wbp.lublin.pl\/wp-content\/uploads\/2018\/06\/19-1-400x267.webp 400w, https:\/\/wbp.lublin.pl\/wp-content\/uploads\/2018\/06\/19-1-600x400.webp 600w, https:\/\/wbp.lublin.pl\/wp-content\/uploads\/2018\/06\/19-1-768x513.webp 768w, https:\/\/wbp.lublin.pl\/wp-content\/uploads\/2018\/06\/19-1-947x632.webp 947w, https:\/\/wbp.lublin.pl\/wp-content\/uploads\/2018\/06\/19-1-624x416.webp 624w, https:\/\/wbp.lublin.pl\/wp-content\/uploads\/2018\/06\/19-1-84x56.webp 84w, https:\/\/wbp.lublin.pl\/wp-content\/uploads\/2018\/06\/19-1.webp 974w\" sizes=\"auto, (max-width: 400px) 100vw, 400px\" data-has-transparency=\"false\" data-dominant-color=\"584b3b\" style=\"--dominant-color: #584b3b;\" \/><\/a>\n\t\t\t<\/div><\/figure><figure class='gallery-item'>\n\t\t\t<div class='gallery-icon landscape'>\n\t\t\t\t<a href='https:\/\/wbp.lublin.pl\/index.php\/2018\/06\/14\/promocja-ksiazki-tomasza-rolskiego-kamienica-w-obiektywie\/20-2\/'><img loading=\"lazy\" decoding=\"async\" width=\"400\" height=\"267\" src=\"https:\/\/wbp.lublin.pl\/wp-content\/uploads\/2018\/06\/20-1-400x267.webp\" class=\"attachment-thumbnail size-thumbnail not-transparent\" alt=\"\" srcset=\"https:\/\/wbp.lublin.pl\/wp-content\/uploads\/2018\/06\/20-1-400x267.webp 400w, https:\/\/wbp.lublin.pl\/wp-content\/uploads\/2018\/06\/20-1-600x400.webp 600w, https:\/\/wbp.lublin.pl\/wp-content\/uploads\/2018\/06\/20-1-768x513.webp 768w, https:\/\/wbp.lublin.pl\/wp-content\/uploads\/2018\/06\/20-1-947x632.webp 947w, https:\/\/wbp.lublin.pl\/wp-content\/uploads\/2018\/06\/20-1-624x416.webp 624w, https:\/\/wbp.lublin.pl\/wp-content\/uploads\/2018\/06\/20-1-84x56.webp 84w, https:\/\/wbp.lublin.pl\/wp-content\/uploads\/2018\/06\/20-1.webp 974w\" sizes=\"auto, (max-width: 400px) 100vw, 400px\" data-has-transparency=\"false\" data-dominant-color=\"5d5357\" style=\"--dominant-color: #5d5357;\" \/><\/a>\n\t\t\t<\/div><\/figure><figure class='gallery-item'>\n\t\t\t<div class='gallery-icon landscape'>\n\t\t\t\t<a href='https:\/\/wbp.lublin.pl\/index.php\/2018\/06\/14\/promocja-ksiazki-tomasza-rolskiego-kamienica-w-obiektywie\/22-2\/'><img loading=\"lazy\" decoding=\"async\" width=\"400\" height=\"267\" src=\"https:\/\/wbp.lublin.pl\/wp-content\/uploads\/2018\/06\/22-1-400x267.webp\" class=\"attachment-thumbnail size-thumbnail not-transparent\" alt=\"\" srcset=\"https:\/\/wbp.lublin.pl\/wp-content\/uploads\/2018\/06\/22-1-400x267.webp 400w, https:\/\/wbp.lublin.pl\/wp-content\/uploads\/2018\/06\/22-1-600x400.webp 600w, https:\/\/wbp.lublin.pl\/wp-content\/uploads\/2018\/06\/22-1-768x513.webp 768w, https:\/\/wbp.lublin.pl\/wp-content\/uploads\/2018\/06\/22-1-947x632.webp 947w, https:\/\/wbp.lublin.pl\/wp-content\/uploads\/2018\/06\/22-1-624x416.webp 624w, https:\/\/wbp.lublin.pl\/wp-content\/uploads\/2018\/06\/22-1-84x56.webp 84w, https:\/\/wbp.lublin.pl\/wp-content\/uploads\/2018\/06\/22-1.webp 974w\" sizes=\"auto, (max-width: 400px) 100vw, 400px\" data-has-transparency=\"false\" data-dominant-color=\"5a5159\" style=\"--dominant-color: #5a5159;\" \/><\/a>\n\t\t\t<\/div><\/figure><figure class='gallery-item'>\n\t\t\t<div class='gallery-icon landscape'>\n\t\t\t\t<a href='https:\/\/wbp.lublin.pl\/index.php\/2018\/06\/14\/promocja-ksiazki-tomasza-rolskiego-kamienica-w-obiektywie\/23-4\/'><img loading=\"lazy\" decoding=\"async\" width=\"400\" height=\"267\" src=\"https:\/\/wbp.lublin.pl\/wp-content\/uploads\/2018\/06\/23-1-400x267.webp\" class=\"attachment-thumbnail size-thumbnail not-transparent\" alt=\"\" srcset=\"https:\/\/wbp.lublin.pl\/wp-content\/uploads\/2018\/06\/23-1-400x267.webp 400w, https:\/\/wbp.lublin.pl\/wp-content\/uploads\/2018\/06\/23-1-600x400.webp 600w, https:\/\/wbp.lublin.pl\/wp-content\/uploads\/2018\/06\/23-1-768x513.webp 768w, https:\/\/wbp.lublin.pl\/wp-content\/uploads\/2018\/06\/23-1-947x632.webp 947w, https:\/\/wbp.lublin.pl\/wp-content\/uploads\/2018\/06\/23-1-624x416.webp 624w, https:\/\/wbp.lublin.pl\/wp-content\/uploads\/2018\/06\/23-1-84x56.webp 84w, https:\/\/wbp.lublin.pl\/wp-content\/uploads\/2018\/06\/23-1.webp 974w\" sizes=\"auto, (max-width: 400px) 100vw, 400px\" data-has-transparency=\"false\" data-dominant-color=\"585158\" style=\"--dominant-color: #585158;\" \/><\/a>\n\t\t\t<\/div><\/figure><figure class='gallery-item'>\n\t\t\t<div class='gallery-icon landscape'>\n\t\t\t\t<a href='https:\/\/wbp.lublin.pl\/index.php\/2018\/06\/14\/promocja-ksiazki-tomasza-rolskiego-kamienica-w-obiektywie\/25-3\/'><img loading=\"lazy\" decoding=\"async\" width=\"400\" height=\"267\" src=\"https:\/\/wbp.lublin.pl\/wp-content\/uploads\/2018\/06\/25-1-400x267.webp\" class=\"attachment-thumbnail size-thumbnail not-transparent\" alt=\"\" srcset=\"https:\/\/wbp.lublin.pl\/wp-content\/uploads\/2018\/06\/25-1-400x267.webp 400w, https:\/\/wbp.lublin.pl\/wp-content\/uploads\/2018\/06\/25-1-600x400.webp 600w, https:\/\/wbp.lublin.pl\/wp-content\/uploads\/2018\/06\/25-1-768x513.webp 768w, https:\/\/wbp.lublin.pl\/wp-content\/uploads\/2018\/06\/25-1-947x632.webp 947w, https:\/\/wbp.lublin.pl\/wp-content\/uploads\/2018\/06\/25-1-624x416.webp 624w, https:\/\/wbp.lublin.pl\/wp-content\/uploads\/2018\/06\/25-1-84x56.webp 84w, https:\/\/wbp.lublin.pl\/wp-content\/uploads\/2018\/06\/25-1.webp 974w\" sizes=\"auto, (max-width: 400px) 100vw, 400px\" data-has-transparency=\"false\" data-dominant-color=\"5a4d3d\" style=\"--dominant-color: #5a4d3d;\" \/><\/a>\n\t\t\t<\/div><\/figure><figure class='gallery-item'>\n\t\t\t<div class='gallery-icon landscape'>\n\t\t\t\t<a href='https:\/\/wbp.lublin.pl\/index.php\/2018\/06\/14\/promocja-ksiazki-tomasza-rolskiego-kamienica-w-obiektywie\/26-3\/'><img loading=\"lazy\" decoding=\"async\" width=\"400\" height=\"267\" src=\"https:\/\/wbp.lublin.pl\/wp-content\/uploads\/2018\/06\/26-1-400x267.webp\" class=\"attachment-thumbnail size-thumbnail not-transparent\" alt=\"\" srcset=\"https:\/\/wbp.lublin.pl\/wp-content\/uploads\/2018\/06\/26-1-400x267.webp 400w, https:\/\/wbp.lublin.pl\/wp-content\/uploads\/2018\/06\/26-1-600x400.webp 600w, https:\/\/wbp.lublin.pl\/wp-content\/uploads\/2018\/06\/26-1-768x513.webp 768w, https:\/\/wbp.lublin.pl\/wp-content\/uploads\/2018\/06\/26-1-947x632.webp 947w, https:\/\/wbp.lublin.pl\/wp-content\/uploads\/2018\/06\/26-1-624x416.webp 624w, https:\/\/wbp.lublin.pl\/wp-content\/uploads\/2018\/06\/26-1-84x56.webp 84w, https:\/\/wbp.lublin.pl\/wp-content\/uploads\/2018\/06\/26-1.webp 974w\" sizes=\"auto, (max-width: 400px) 100vw, 400px\" data-has-transparency=\"false\" data-dominant-color=\"7f6748\" style=\"--dominant-color: #7f6748;\" \/><\/a>\n\t\t\t<\/div><\/figure><figure class='gallery-item'>\n\t\t\t<div class='gallery-icon landscape'>\n\t\t\t\t<a href='https:\/\/wbp.lublin.pl\/index.php\/2018\/06\/14\/promocja-ksiazki-tomasza-rolskiego-kamienica-w-obiektywie\/28-2\/'><img loading=\"lazy\" decoding=\"async\" width=\"400\" height=\"267\" src=\"https:\/\/wbp.lublin.pl\/wp-content\/uploads\/2018\/06\/28-1-400x267.webp\" class=\"attachment-thumbnail size-thumbnail not-transparent\" alt=\"\" srcset=\"https:\/\/wbp.lublin.pl\/wp-content\/uploads\/2018\/06\/28-1-400x267.webp 400w, https:\/\/wbp.lublin.pl\/wp-content\/uploads\/2018\/06\/28-1-600x400.webp 600w, https:\/\/wbp.lublin.pl\/wp-content\/uploads\/2018\/06\/28-1-768x513.webp 768w, https:\/\/wbp.lublin.pl\/wp-content\/uploads\/2018\/06\/28-1-947x632.webp 947w, https:\/\/wbp.lublin.pl\/wp-content\/uploads\/2018\/06\/28-1-624x416.webp 624w, https:\/\/wbp.lublin.pl\/wp-content\/uploads\/2018\/06\/28-1-84x56.webp 84w, https:\/\/wbp.lublin.pl\/wp-content\/uploads\/2018\/06\/28-1.webp 974w\" sizes=\"auto, (max-width: 400px) 100vw, 400px\" data-has-transparency=\"false\" data-dominant-color=\"5c4d3e\" style=\"--dominant-color: #5c4d3e;\" \/><\/a>\n\t\t\t<\/div><\/figure><figure class='gallery-item'>\n\t\t\t<div class='gallery-icon landscape'>\n\t\t\t\t<a href='https:\/\/wbp.lublin.pl\/index.php\/2018\/06\/14\/promocja-ksiazki-tomasza-rolskiego-kamienica-w-obiektywie\/29-3\/'><img loading=\"lazy\" decoding=\"async\" width=\"400\" height=\"267\" src=\"https:\/\/wbp.lublin.pl\/wp-content\/uploads\/2018\/06\/29-1-400x267.webp\" class=\"attachment-thumbnail size-thumbnail not-transparent\" alt=\"\" srcset=\"https:\/\/wbp.lublin.pl\/wp-content\/uploads\/2018\/06\/29-1-400x267.webp 400w, https:\/\/wbp.lublin.pl\/wp-content\/uploads\/2018\/06\/29-1-600x400.webp 600w, https:\/\/wbp.lublin.pl\/wp-content\/uploads\/2018\/06\/29-1-768x513.webp 768w, https:\/\/wbp.lublin.pl\/wp-content\/uploads\/2018\/06\/29-1-947x632.webp 947w, https:\/\/wbp.lublin.pl\/wp-content\/uploads\/2018\/06\/29-1-624x416.webp 624w, https:\/\/wbp.lublin.pl\/wp-content\/uploads\/2018\/06\/29-1-84x56.webp 84w, https:\/\/wbp.lublin.pl\/wp-content\/uploads\/2018\/06\/29-1.webp 974w\" sizes=\"auto, (max-width: 400px) 100vw, 400px\" data-has-transparency=\"false\" data-dominant-color=\"636683\" style=\"--dominant-color: #636683;\" \/><\/a>\n\t\t\t<\/div><\/figure><figure class='gallery-item'>\n\t\t\t<div class='gallery-icon landscape'>\n\t\t\t\t<a href='https:\/\/wbp.lublin.pl\/index.php\/2018\/06\/14\/promocja-ksiazki-tomasza-rolskiego-kamienica-w-obiektywie\/30-3\/'><img loading=\"lazy\" decoding=\"async\" width=\"400\" height=\"267\" src=\"https:\/\/wbp.lublin.pl\/wp-content\/uploads\/2018\/06\/30-1-400x267.webp\" class=\"attachment-thumbnail size-thumbnail not-transparent\" alt=\"\" aria-describedby=\"gallery-1-12158\" srcset=\"https:\/\/wbp.lublin.pl\/wp-content\/uploads\/2018\/06\/30-1-400x267.webp 400w, https:\/\/wbp.lublin.pl\/wp-content\/uploads\/2018\/06\/30-1-600x400.webp 600w, https:\/\/wbp.lublin.pl\/wp-content\/uploads\/2018\/06\/30-1-768x513.webp 768w, https:\/\/wbp.lublin.pl\/wp-content\/uploads\/2018\/06\/30-1-947x632.webp 947w, https:\/\/wbp.lublin.pl\/wp-content\/uploads\/2018\/06\/30-1-624x416.webp 624w, https:\/\/wbp.lublin.pl\/wp-content\/uploads\/2018\/06\/30-1-84x56.webp 84w, https:\/\/wbp.lublin.pl\/wp-content\/uploads\/2018\/06\/30-1.webp 974w\" sizes=\"auto, (max-width: 400px) 100vw, 400px\" data-has-transparency=\"false\" data-dominant-color=\"6d5e52\" style=\"--dominant-color: #6d5e52;\" \/><\/a>\n\t\t\t<\/div>\n\t\t\t\t<figcaption class='wp-caption-text gallery-caption' id='gallery-1-12158'>\n\t\t\t\tPytania i dyskusje\n\t\t\t\t<\/figcaption><\/figure><figure class='gallery-item'>\n\t\t\t<div class='gallery-icon landscape'>\n\t\t\t\t<a href='https:\/\/wbp.lublin.pl\/index.php\/2018\/06\/14\/promocja-ksiazki-tomasza-rolskiego-kamienica-w-obiektywie\/31-3\/'><img loading=\"lazy\" decoding=\"async\" width=\"400\" height=\"267\" src=\"https:\/\/wbp.lublin.pl\/wp-content\/uploads\/2018\/06\/31-1-400x267.webp\" class=\"attachment-thumbnail size-thumbnail not-transparent\" alt=\"\" aria-describedby=\"gallery-1-12159\" srcset=\"https:\/\/wbp.lublin.pl\/wp-content\/uploads\/2018\/06\/31-1-400x267.webp 400w, https:\/\/wbp.lublin.pl\/wp-content\/uploads\/2018\/06\/31-1-600x400.webp 600w, https:\/\/wbp.lublin.pl\/wp-content\/uploads\/2018\/06\/31-1-768x513.webp 768w, https:\/\/wbp.lublin.pl\/wp-content\/uploads\/2018\/06\/31-1-947x632.webp 947w, https:\/\/wbp.lublin.pl\/wp-content\/uploads\/2018\/06\/31-1-624x416.webp 624w, https:\/\/wbp.lublin.pl\/wp-content\/uploads\/2018\/06\/31-1-84x56.webp 84w, https:\/\/wbp.lublin.pl\/wp-content\/uploads\/2018\/06\/31-1.webp 974w\" sizes=\"auto, (max-width: 400px) 100vw, 400px\" data-has-transparency=\"false\" data-dominant-color=\"6c605a\" style=\"--dominant-color: #6c605a;\" \/><\/a>\n\t\t\t<\/div>\n\t\t\t\t<figcaption class='wp-caption-text gallery-caption' id='gallery-1-12159'>\n\t\t\t\tPytania i dyskusje\n\t\t\t\t<\/figcaption><\/figure><figure class='gallery-item'>\n\t\t\t<div class='gallery-icon landscape'>\n\t\t\t\t<a href='https:\/\/wbp.lublin.pl\/index.php\/2018\/06\/14\/promocja-ksiazki-tomasza-rolskiego-kamienica-w-obiektywie\/32-3\/'><img loading=\"lazy\" decoding=\"async\" width=\"400\" height=\"267\" src=\"https:\/\/wbp.lublin.pl\/wp-content\/uploads\/2018\/06\/32-1-400x267.webp\" class=\"attachment-thumbnail size-thumbnail not-transparent\" alt=\"\" srcset=\"https:\/\/wbp.lublin.pl\/wp-content\/uploads\/2018\/06\/32-1-400x267.webp 400w, https:\/\/wbp.lublin.pl\/wp-content\/uploads\/2018\/06\/32-1-600x400.webp 600w, https:\/\/wbp.lublin.pl\/wp-content\/uploads\/2018\/06\/32-1-768x513.webp 768w, https:\/\/wbp.lublin.pl\/wp-content\/uploads\/2018\/06\/32-1-947x632.webp 947w, https:\/\/wbp.lublin.pl\/wp-content\/uploads\/2018\/06\/32-1-624x416.webp 624w, https:\/\/wbp.lublin.pl\/wp-content\/uploads\/2018\/06\/32-1-84x56.webp 84w, https:\/\/wbp.lublin.pl\/wp-content\/uploads\/2018\/06\/32-1.webp 974w\" sizes=\"auto, (max-width: 400px) 100vw, 400px\" data-has-transparency=\"false\" data-dominant-color=\"71614f\" style=\"--dominant-color: #71614f;\" \/><\/a>\n\t\t\t<\/div><\/figure><figure class='gallery-item'>\n\t\t\t<div class='gallery-icon landscape'>\n\t\t\t\t<a href='https:\/\/wbp.lublin.pl\/index.php\/2018\/06\/14\/promocja-ksiazki-tomasza-rolskiego-kamienica-w-obiektywie\/34-3\/'><img loading=\"lazy\" decoding=\"async\" width=\"400\" height=\"267\" src=\"https:\/\/wbp.lublin.pl\/wp-content\/uploads\/2018\/06\/34-1-400x267.webp\" class=\"attachment-thumbnail size-thumbnail not-transparent\" alt=\"\" srcset=\"https:\/\/wbp.lublin.pl\/wp-content\/uploads\/2018\/06\/34-1-400x267.webp 400w, https:\/\/wbp.lublin.pl\/wp-content\/uploads\/2018\/06\/34-1-600x400.webp 600w, https:\/\/wbp.lublin.pl\/wp-content\/uploads\/2018\/06\/34-1-768x513.webp 768w, https:\/\/wbp.lublin.pl\/wp-content\/uploads\/2018\/06\/34-1-947x632.webp 947w, https:\/\/wbp.lublin.pl\/wp-content\/uploads\/2018\/06\/34-1-624x416.webp 624w, https:\/\/wbp.lublin.pl\/wp-content\/uploads\/2018\/06\/34-1-84x56.webp 84w, https:\/\/wbp.lublin.pl\/wp-content\/uploads\/2018\/06\/34-1.webp 974w\" sizes=\"auto, (max-width: 400px) 100vw, 400px\" data-has-transparency=\"false\" data-dominant-color=\"6d5b49\" style=\"--dominant-color: #6d5b49;\" \/><\/a>\n\t\t\t<\/div><\/figure><figure class='gallery-item'>\n\t\t\t<div class='gallery-icon landscape'>\n\t\t\t\t<a href='https:\/\/wbp.lublin.pl\/index.php\/2018\/06\/14\/promocja-ksiazki-tomasza-rolskiego-kamienica-w-obiektywie\/35-3\/'><img loading=\"lazy\" decoding=\"async\" width=\"400\" height=\"267\" src=\"https:\/\/wbp.lublin.pl\/wp-content\/uploads\/2018\/06\/35-1-400x267.webp\" class=\"attachment-thumbnail size-thumbnail not-transparent\" alt=\"\" srcset=\"https:\/\/wbp.lublin.pl\/wp-content\/uploads\/2018\/06\/35-1-400x267.webp 400w, https:\/\/wbp.lublin.pl\/wp-content\/uploads\/2018\/06\/35-1-600x400.webp 600w, https:\/\/wbp.lublin.pl\/wp-content\/uploads\/2018\/06\/35-1-768x513.webp 768w, https:\/\/wbp.lublin.pl\/wp-content\/uploads\/2018\/06\/35-1-947x632.webp 947w, https:\/\/wbp.lublin.pl\/wp-content\/uploads\/2018\/06\/35-1-624x416.webp 624w, https:\/\/wbp.lublin.pl\/wp-content\/uploads\/2018\/06\/35-1-84x56.webp 84w, https:\/\/wbp.lublin.pl\/wp-content\/uploads\/2018\/06\/35-1.webp 974w\" sizes=\"auto, (max-width: 400px) 100vw, 400px\" data-has-transparency=\"false\" data-dominant-color=\"745a37\" style=\"--dominant-color: #745a37;\" \/><\/a>\n\t\t\t<\/div><\/figure><figure class='gallery-item'>\n\t\t\t<div class='gallery-icon landscape'>\n\t\t\t\t<a href='https:\/\/wbp.lublin.pl\/index.php\/2018\/06\/14\/promocja-ksiazki-tomasza-rolskiego-kamienica-w-obiektywie\/36-2\/'><img loading=\"lazy\" decoding=\"async\" width=\"400\" height=\"267\" src=\"https:\/\/wbp.lublin.pl\/wp-content\/uploads\/2018\/06\/36-1-400x267.webp\" class=\"attachment-thumbnail size-thumbnail not-transparent\" alt=\"\" srcset=\"https:\/\/wbp.lublin.pl\/wp-content\/uploads\/2018\/06\/36-1-400x267.webp 400w, https:\/\/wbp.lublin.pl\/wp-content\/uploads\/2018\/06\/36-1-600x400.webp 600w, https:\/\/wbp.lublin.pl\/wp-content\/uploads\/2018\/06\/36-1-768x513.webp 768w, https:\/\/wbp.lublin.pl\/wp-content\/uploads\/2018\/06\/36-1-947x632.webp 947w, https:\/\/wbp.lublin.pl\/wp-content\/uploads\/2018\/06\/36-1-624x416.webp 624w, https:\/\/wbp.lublin.pl\/wp-content\/uploads\/2018\/06\/36-1-84x56.webp 84w, https:\/\/wbp.lublin.pl\/wp-content\/uploads\/2018\/06\/36-1.webp 974w\" sizes=\"auto, (max-width: 400px) 100vw, 400px\" data-has-transparency=\"false\" data-dominant-color=\"6b5a45\" style=\"--dominant-color: #6b5a45;\" \/><\/a>\n\t\t\t<\/div><\/figure><figure class='gallery-item'>\n\t\t\t<div class='gallery-icon landscape'>\n\t\t\t\t<a href='https:\/\/wbp.lublin.pl\/index.php\/2018\/06\/14\/promocja-ksiazki-tomasza-rolskiego-kamienica-w-obiektywie\/37-3\/'><img loading=\"lazy\" decoding=\"async\" width=\"400\" height=\"267\" src=\"https:\/\/wbp.lublin.pl\/wp-content\/uploads\/2018\/06\/37-1-400x267.webp\" class=\"attachment-thumbnail size-thumbnail not-transparent\" alt=\"\" srcset=\"https:\/\/wbp.lublin.pl\/wp-content\/uploads\/2018\/06\/37-1-400x267.webp 400w, https:\/\/wbp.lublin.pl\/wp-content\/uploads\/2018\/06\/37-1-600x400.webp 600w, https:\/\/wbp.lublin.pl\/wp-content\/uploads\/2018\/06\/37-1-768x513.webp 768w, https:\/\/wbp.lublin.pl\/wp-content\/uploads\/2018\/06\/37-1-947x632.webp 947w, https:\/\/wbp.lublin.pl\/wp-content\/uploads\/2018\/06\/37-1-624x416.webp 624w, https:\/\/wbp.lublin.pl\/wp-content\/uploads\/2018\/06\/37-1-84x56.webp 84w, https:\/\/wbp.lublin.pl\/wp-content\/uploads\/2018\/06\/37-1.webp 974w\" sizes=\"auto, (max-width: 400px) 100vw, 400px\" data-has-transparency=\"false\" data-dominant-color=\"625244\" style=\"--dominant-color: #625244;\" \/><\/a>\n\t\t\t<\/div><\/figure><figure class='gallery-item'>\n\t\t\t<div class='gallery-icon landscape'>\n\t\t\t\t<a href='https:\/\/wbp.lublin.pl\/index.php\/2018\/06\/14\/promocja-ksiazki-tomasza-rolskiego-kamienica-w-obiektywie\/38-3\/'><img loading=\"lazy\" decoding=\"async\" width=\"400\" height=\"267\" src=\"https:\/\/wbp.lublin.pl\/wp-content\/uploads\/2018\/06\/38-1-400x267.webp\" class=\"attachment-thumbnail size-thumbnail not-transparent\" alt=\"\" srcset=\"https:\/\/wbp.lublin.pl\/wp-content\/uploads\/2018\/06\/38-1-400x267.webp 400w, https:\/\/wbp.lublin.pl\/wp-content\/uploads\/2018\/06\/38-1-600x400.webp 600w, https:\/\/wbp.lublin.pl\/wp-content\/uploads\/2018\/06\/38-1-768x513.webp 768w, https:\/\/wbp.lublin.pl\/wp-content\/uploads\/2018\/06\/38-1-947x632.webp 947w, https:\/\/wbp.lublin.pl\/wp-content\/uploads\/2018\/06\/38-1-624x416.webp 624w, https:\/\/wbp.lublin.pl\/wp-content\/uploads\/2018\/06\/38-1-84x56.webp 84w, https:\/\/wbp.lublin.pl\/wp-content\/uploads\/2018\/06\/38-1.webp 974w\" sizes=\"auto, (max-width: 400px) 100vw, 400px\" data-has-transparency=\"false\" data-dominant-color=\"7f5f40\" style=\"--dominant-color: #7f5f40;\" \/><\/a>\n\t\t\t<\/div><\/figure><figure class='gallery-item'>\n\t\t\t<div class='gallery-icon landscape'>\n\t\t\t\t<a href='https:\/\/wbp.lublin.pl\/index.php\/2018\/06\/14\/promocja-ksiazki-tomasza-rolskiego-kamienica-w-obiektywie\/39-4\/'><img loading=\"lazy\" decoding=\"async\" width=\"400\" height=\"267\" src=\"https:\/\/wbp.lublin.pl\/wp-content\/uploads\/2018\/06\/39-1-400x267.webp\" class=\"attachment-thumbnail size-thumbnail not-transparent\" alt=\"\" srcset=\"https:\/\/wbp.lublin.pl\/wp-content\/uploads\/2018\/06\/39-1-400x267.webp 400w, https:\/\/wbp.lublin.pl\/wp-content\/uploads\/2018\/06\/39-1-600x400.webp 600w, https:\/\/wbp.lublin.pl\/wp-content\/uploads\/2018\/06\/39-1-768x513.webp 768w, https:\/\/wbp.lublin.pl\/wp-content\/uploads\/2018\/06\/39-1-947x632.webp 947w, https:\/\/wbp.lublin.pl\/wp-content\/uploads\/2018\/06\/39-1-624x416.webp 624w, https:\/\/wbp.lublin.pl\/wp-content\/uploads\/2018\/06\/39-1-84x56.webp 84w, https:\/\/wbp.lublin.pl\/wp-content\/uploads\/2018\/06\/39-1.webp 974w\" sizes=\"auto, (max-width: 400px) 100vw, 400px\" data-has-transparency=\"false\" data-dominant-color=\"786244\" style=\"--dominant-color: #786244;\" \/><\/a>\n\t\t\t<\/div><\/figure><figure class='gallery-item'>\n\t\t\t<div class='gallery-icon landscape'>\n\t\t\t\t<a href='https:\/\/wbp.lublin.pl\/index.php\/2018\/06\/14\/promocja-ksiazki-tomasza-rolskiego-kamienica-w-obiektywie\/40-3\/'><img loading=\"lazy\" decoding=\"async\" width=\"400\" height=\"267\" src=\"https:\/\/wbp.lublin.pl\/wp-content\/uploads\/2018\/06\/40-1-400x267.webp\" class=\"attachment-thumbnail size-thumbnail not-transparent\" alt=\"\" srcset=\"https:\/\/wbp.lublin.pl\/wp-content\/uploads\/2018\/06\/40-1-400x267.webp 400w, https:\/\/wbp.lublin.pl\/wp-content\/uploads\/2018\/06\/40-1-600x400.webp 600w, https:\/\/wbp.lublin.pl\/wp-content\/uploads\/2018\/06\/40-1-768x513.webp 768w, https:\/\/wbp.lublin.pl\/wp-content\/uploads\/2018\/06\/40-1-947x632.webp 947w, https:\/\/wbp.lublin.pl\/wp-content\/uploads\/2018\/06\/40-1-624x416.webp 624w, https:\/\/wbp.lublin.pl\/wp-content\/uploads\/2018\/06\/40-1-84x56.webp 84w, https:\/\/wbp.lublin.pl\/wp-content\/uploads\/2018\/06\/40-1.webp 974w\" sizes=\"auto, (max-width: 400px) 100vw, 400px\" data-has-transparency=\"false\" data-dominant-color=\"736458\" style=\"--dominant-color: #736458;\" \/><\/a>\n\t\t\t<\/div><\/figure><figure class='gallery-item'>\n\t\t\t<div class='gallery-icon landscape'>\n\t\t\t\t<a href='https:\/\/wbp.lublin.pl\/index.php\/2018\/06\/14\/promocja-ksiazki-tomasza-rolskiego-kamienica-w-obiektywie\/41-3\/'><img loading=\"lazy\" decoding=\"async\" width=\"400\" height=\"267\" src=\"https:\/\/wbp.lublin.pl\/wp-content\/uploads\/2018\/06\/41-1-400x267.webp\" class=\"attachment-thumbnail size-thumbnail not-transparent\" alt=\"\" srcset=\"https:\/\/wbp.lublin.pl\/wp-content\/uploads\/2018\/06\/41-1-400x267.webp 400w, https:\/\/wbp.lublin.pl\/wp-content\/uploads\/2018\/06\/41-1-600x400.webp 600w, https:\/\/wbp.lublin.pl\/wp-content\/uploads\/2018\/06\/41-1-768x513.webp 768w, https:\/\/wbp.lublin.pl\/wp-content\/uploads\/2018\/06\/41-1-947x632.webp 947w, https:\/\/wbp.lublin.pl\/wp-content\/uploads\/2018\/06\/41-1-624x416.webp 624w, https:\/\/wbp.lublin.pl\/wp-content\/uploads\/2018\/06\/41-1-84x56.webp 84w, https:\/\/wbp.lublin.pl\/wp-content\/uploads\/2018\/06\/41-1.webp 974w\" sizes=\"auto, (max-width: 400px) 100vw, 400px\" data-has-transparency=\"false\" data-dominant-color=\"5e4f3d\" style=\"--dominant-color: #5e4f3d;\" \/><\/a>\n\t\t\t<\/div><\/figure><figure class='gallery-item'>\n\t\t\t<div class='gallery-icon landscape'>\n\t\t\t\t<a href='https:\/\/wbp.lublin.pl\/index.php\/2018\/06\/14\/promocja-ksiazki-tomasza-rolskiego-kamienica-w-obiektywie\/42-2\/'><img loading=\"lazy\" decoding=\"async\" width=\"400\" height=\"267\" src=\"https:\/\/wbp.lublin.pl\/wp-content\/uploads\/2018\/06\/42-1-400x267.webp\" class=\"attachment-thumbnail size-thumbnail not-transparent\" alt=\"\" srcset=\"https:\/\/wbp.lublin.pl\/wp-content\/uploads\/2018\/06\/42-1-400x267.webp 400w, https:\/\/wbp.lublin.pl\/wp-content\/uploads\/2018\/06\/42-1-600x400.webp 600w, https:\/\/wbp.lublin.pl\/wp-content\/uploads\/2018\/06\/42-1-768x513.webp 768w, https:\/\/wbp.lublin.pl\/wp-content\/uploads\/2018\/06\/42-1-947x632.webp 947w, https:\/\/wbp.lublin.pl\/wp-content\/uploads\/2018\/06\/42-1-624x416.webp 624w, https:\/\/wbp.lublin.pl\/wp-content\/uploads\/2018\/06\/42-1-84x56.webp 84w, https:\/\/wbp.lublin.pl\/wp-content\/uploads\/2018\/06\/42-1.webp 974w\" sizes=\"auto, (max-width: 400px) 100vw, 400px\" data-has-transparency=\"false\" data-dominant-color=\"896d3b\" style=\"--dominant-color: #896d3b;\" \/><\/a>\n\t\t\t<\/div><\/figure><figure class='gallery-item'>\n\t\t\t<div class='gallery-icon landscape'>\n\t\t\t\t<a href='https:\/\/wbp.lublin.pl\/index.php\/2018\/06\/14\/promocja-ksiazki-tomasza-rolskiego-kamienica-w-obiektywie\/43-4\/'><img loading=\"lazy\" decoding=\"async\" width=\"400\" height=\"267\" src=\"https:\/\/wbp.lublin.pl\/wp-content\/uploads\/2018\/06\/43-1-400x267.webp\" class=\"attachment-thumbnail size-thumbnail not-transparent\" alt=\"\" srcset=\"https:\/\/wbp.lublin.pl\/wp-content\/uploads\/2018\/06\/43-1-400x267.webp 400w, https:\/\/wbp.lublin.pl\/wp-content\/uploads\/2018\/06\/43-1-600x400.webp 600w, https:\/\/wbp.lublin.pl\/wp-content\/uploads\/2018\/06\/43-1-768x513.webp 768w, https:\/\/wbp.lublin.pl\/wp-content\/uploads\/2018\/06\/43-1-947x632.webp 947w, https:\/\/wbp.lublin.pl\/wp-content\/uploads\/2018\/06\/43-1-624x416.webp 624w, https:\/\/wbp.lublin.pl\/wp-content\/uploads\/2018\/06\/43-1-84x56.webp 84w, https:\/\/wbp.lublin.pl\/wp-content\/uploads\/2018\/06\/43-1.webp 974w\" sizes=\"auto, (max-width: 400px) 100vw, 400px\" data-has-transparency=\"false\" data-dominant-color=\"6e5b42\" style=\"--dominant-color: #6e5b42;\" \/><\/a>\n\t\t\t<\/div><\/figure>\n\t\t<\/div>\n\n<p style=\"text-align: center;\"><a href=\"https:\/\/lublin.tvp.pl\/37554313\/7-czerwca-2018-g2100\">Relacja ze spotkania w\u00a0panoramie Lubelskiej (00:16:12)<\/a><\/p>\n<p style=\"text-align: center;\">Fot. D.J. Mo\u015bcibrodzka<\/p>\n","protected":false},"excerpt":{"rendered":"","protected":false},"author":7,"featured_media":12146,"comment_status":"closed","ping_status":"open","sticky":false,"template":"","format":"standard","meta":{"_tec_requires_first_save":true,"_crdt_document":"","pgc_sgb_lightbox_settings":"","_EventAllDay":false,"_EventTimezone":"","_EventStartDate":"","_EventEndDate":"","_EventStartDateUTC":"","_EventEndDateUTC":"","_EventShowMap":false,"_EventShowMapLink":false,"_EventURL":"","_EventCost":"","_EventCostDescription":"","_EventCurrencySymbol":"","_EventCurrencyCode":"","_EventCurrencyPosition":"","_EventDateTimeSeparator":"","_EventTimeRangeSeparator":"","_EventOrganizerID":[],"_EventVenueID":[],"_OrganizerEmail":"","_OrganizerPhone":"","_OrganizerWebsite":"","_VenueAddress":"","_VenueCity":"","_VenueCountry":"","_VenueProvince":"","_VenueState":"","_VenueZip":"","_VenuePhone":"","_VenueURL":"","_VenueStateProvince":"","_VenueLat":"","_VenueLng":"","_VenueShowMap":false,"_VenueShowMapLink":false,"_tribe_blocks_recurrence_rules":"","_tribe_blocks_recurrence_description":"","_tribe_blocks_recurrence_exclusions":"","footnotes":""},"categories":[537,543,540],"tags":[],"class_list":["post-12131","post","type-post","status-publish","format-standard","has-post-thumbnail","hentry","category-archiwum-wydarzen","category-rok-2018","category-spotkania-autorskie-w-obiektywie"],"publishpress_future_action":{"enabled":false,"date":"2026-05-06 18:07:23","action":"change-status","newStatus":"draft","terms":[],"taxonomy":"category","extraData":[]},"publishpress_future_workflow_manual_trigger":{"enabledWorkflows":[]},"_links":{"self":[{"href":"https:\/\/wbp.lublin.pl\/index.php\/wp-json\/wp\/v2\/posts\/12131","targetHints":{"allow":["GET"]}}],"collection":[{"href":"https:\/\/wbp.lublin.pl\/index.php\/wp-json\/wp\/v2\/posts"}],"about":[{"href":"https:\/\/wbp.lublin.pl\/index.php\/wp-json\/wp\/v2\/types\/post"}],"author":[{"embeddable":true,"href":"https:\/\/wbp.lublin.pl\/index.php\/wp-json\/wp\/v2\/users\/7"}],"replies":[{"embeddable":true,"href":"https:\/\/wbp.lublin.pl\/index.php\/wp-json\/wp\/v2\/comments?post=12131"}],"version-history":[{"count":2,"href":"https:\/\/wbp.lublin.pl\/index.php\/wp-json\/wp\/v2\/posts\/12131\/revisions"}],"predecessor-version":[{"id":12269,"href":"https:\/\/wbp.lublin.pl\/index.php\/wp-json\/wp\/v2\/posts\/12131\/revisions\/12269"}],"wp:featuredmedia":[{"embeddable":true,"href":"https:\/\/wbp.lublin.pl\/index.php\/wp-json\/wp\/v2\/media\/12146"}],"wp:attachment":[{"href":"https:\/\/wbp.lublin.pl\/index.php\/wp-json\/wp\/v2\/media?parent=12131"}],"wp:term":[{"taxonomy":"category","embeddable":true,"href":"https:\/\/wbp.lublin.pl\/index.php\/wp-json\/wp\/v2\/categories?post=12131"},{"taxonomy":"post_tag","embeddable":true,"href":"https:\/\/wbp.lublin.pl\/index.php\/wp-json\/wp\/v2\/tags?post=12131"}],"curies":[{"name":"wp","href":"https:\/\/api.w.org\/{rel}","templated":true}]}}