{"id":12313,"date":"2018-06-29T14:49:59","date_gmt":"2018-06-29T12:49:59","guid":{"rendered":"https:\/\/wbp.lublin.pl8\/?p=12313"},"modified":"2018-10-24T14:01:38","modified_gmt":"2018-10-24T12:01:38","slug":"wystawa-malgorzaty-ciosmak-rysunki","status":"publish","type":"post","link":"https:\/\/wbp.lublin.pl\/index.php\/2018\/06\/29\/wystawa-malgorzaty-ciosmak-rysunki\/","title":{"rendered":"Wystawa Ma\u0142gorzaty Ciosmak \u201eRysunki\u201d"},"content":{"rendered":"<p><!--more--><\/p>\n<p style=\"text-align: center;\"><strong>Wojew\u00f3dzka Biblioteka Publiczna im. H. \u0141opaci\u0144skiego w Lublinie<br \/>\nzaprasza na wystaw\u0119<\/strong><strong>\u00a0<\/strong><\/p>\n<h3 style=\"text-align: center;\"><strong>Ma\u0142gorzata Ciosmak<br \/>\n<\/strong><strong>\u201eRysunki\u201d<\/strong><strong>\u00a0<\/strong><\/h3>\n<p style=\"text-align: center;\"><strong>AutorskaGaleriaHol<\/strong><br \/>\n<strong>29.06-28.07.2018<\/strong><br \/>\n<strong>Wystawa czynna w godzinach pracy Biblioteki.<\/strong><\/p>\n<p style=\"text-align: center;\"><strong>Wst\u0119p wolny. Zapraszamy!<\/strong><\/p>\n<p><strong>\u00a0<\/strong><\/p>\n<p><strong>Ma\u0142gorzata Anna Ciosmak<\/strong> urodzi\u0142a si\u0119 w\u00a0Urz\u0119dowie. Uko\u0144czy\u0142a studia na Politechnice Lubelskej, jest adiunktem na\u00a0Wydziale Mechanicznym w\u00a0Zak\u0142adzie In\u017cynierii Procesowej, Bezpiecze\u0144stwa i Ekologii Instytutu Transportu, Silnik\u00f3w Spalinowych i\u00a0Ekologii. Realizuje tam swoje plany naukowe, \u0142\u0105cz\u0105c zagadnienia techniczne z\u00a0ochron\u0105 i\u00a0eksploatacj\u0105 zasob\u00f3w przyrody. Interesuje si\u0119 histori\u0105 sztuki, architektur\u0105, archeologi\u0105, fotografi\u0105 i turystyk\u0105 g\u00f3rsk\u0105. Wiele czasu po\u015bwi\u0119ca Towarzystwu Ziemi Urz\u0119dowskiej.<\/p>\n<p>Do uprawiania sztuki i rozwijania talentu plastycznego zach\u0119cili Autork\u0119 jej nauczyciele &#8211; wybitny artysta plastyk Konrad Szurowski (nauczyciel plastyki ze szko\u0142y podstawowej) i Jacek Spisacki (nauczyciel plastyki w liceum). Pierwsza wystawa rysunku Ma\u0142gorzaty Ciosmak odby\u0142a si\u0119 w\u00a01992 roku w\u00a0Lublinie. Prace Autorki znajduj\u0105 si\u0119 w\u00a0zbiorach prywatnych w\u00a0Polsce, Kanadzie, Szwecji, Niemczech, W\u0142oszech, Anglii i\u00a0Japonii.<\/p>\n<div id='gallery-1' class='gallery galleryid-12313 gallery-columns-3 gallery-size-thumbnail'><figure class='gallery-item'>\n\t\t\t<div class='gallery-icon landscape'>\n\t\t\t\t<a href='https:\/\/wbp.lublin.pl\/index.php\/2018\/06\/29\/wystawa-malgorzaty-ciosmak-rysunki\/1-7\/'><img loading=\"lazy\" decoding=\"async\" width=\"400\" height=\"267\" src=\"https:\/\/wbp.lublin.pl\/wp-content\/uploads\/2018\/07\/1-2-400x267.webp\" class=\"attachment-thumbnail size-thumbnail not-transparent\" alt=\"\" srcset=\"https:\/\/wbp.lublin.pl\/wp-content\/uploads\/2018\/07\/1-2-400x267.webp 400w, https:\/\/wbp.lublin.pl\/wp-content\/uploads\/2018\/07\/1-2-600x400.webp 600w, https:\/\/wbp.lublin.pl\/wp-content\/uploads\/2018\/07\/1-2-768x513.webp 768w, https:\/\/wbp.lublin.pl\/wp-content\/uploads\/2018\/07\/1-2-947x632.webp 947w, https:\/\/wbp.lublin.pl\/wp-content\/uploads\/2018\/07\/1-2-624x416.webp 624w, https:\/\/wbp.lublin.pl\/wp-content\/uploads\/2018\/07\/1-2-84x56.webp 84w, https:\/\/wbp.lublin.pl\/wp-content\/uploads\/2018\/07\/1-2.webp 974w\" sizes=\"auto, (max-width: 400px) 100vw, 400px\" data-has-transparency=\"false\" data-dominant-color=\"465763\" style=\"--dominant-color: #465763;\" \/><\/a>\n\t\t\t<\/div><\/figure><figure class='gallery-item'>\n\t\t\t<div class='gallery-icon portrait'>\n\t\t\t\t<a href='https:\/\/wbp.lublin.pl\/index.php\/2018\/06\/29\/wystawa-malgorzaty-ciosmak-rysunki\/2-7\/'><img loading=\"lazy\" decoding=\"async\" width=\"266\" height=\"400\" src=\"https:\/\/wbp.lublin.pl\/wp-content\/uploads\/2018\/07\/2-2-266x400.webp\" class=\"attachment-thumbnail size-thumbnail not-transparent\" alt=\"\" srcset=\"https:\/\/wbp.lublin.pl\/wp-content\/uploads\/2018\/07\/2-2-266x400.webp 266w, https:\/\/wbp.lublin.pl\/wp-content\/uploads\/2018\/07\/2-2-400x600.webp 400w, https:\/\/wbp.lublin.pl\/wp-content\/uploads\/2018\/07\/2-2.webp 433w\" sizes=\"auto, (max-width: 266px) 100vw, 266px\" data-has-transparency=\"false\" data-dominant-color=\"7e94a0\" style=\"--dominant-color: #7e94a0;\" \/><\/a>\n\t\t\t<\/div><\/figure><figure class='gallery-item'>\n\t\t\t<div class='gallery-icon landscape'>\n\t\t\t\t<a href='https:\/\/wbp.lublin.pl\/index.php\/2018\/06\/29\/wystawa-malgorzaty-ciosmak-rysunki\/3-7\/'><img loading=\"lazy\" decoding=\"async\" width=\"400\" height=\"267\" src=\"https:\/\/wbp.lublin.pl\/wp-content\/uploads\/2018\/07\/3-2-400x267.webp\" class=\"attachment-thumbnail size-thumbnail not-transparent\" alt=\"\" srcset=\"https:\/\/wbp.lublin.pl\/wp-content\/uploads\/2018\/07\/3-2-400x267.webp 400w, https:\/\/wbp.lublin.pl\/wp-content\/uploads\/2018\/07\/3-2-600x400.webp 600w, https:\/\/wbp.lublin.pl\/wp-content\/uploads\/2018\/07\/3-2-768x513.webp 768w, https:\/\/wbp.lublin.pl\/wp-content\/uploads\/2018\/07\/3-2-947x632.webp 947w, https:\/\/wbp.lublin.pl\/wp-content\/uploads\/2018\/07\/3-2-624x416.webp 624w, https:\/\/wbp.lublin.pl\/wp-content\/uploads\/2018\/07\/3-2-84x56.webp 84w, https:\/\/wbp.lublin.pl\/wp-content\/uploads\/2018\/07\/3-2.webp 974w\" sizes=\"auto, (max-width: 400px) 100vw, 400px\" data-has-transparency=\"false\" data-dominant-color=\"606d76\" style=\"--dominant-color: #606d76;\" \/><\/a>\n\t\t\t<\/div><\/figure><figure class='gallery-item'>\n\t\t\t<div class='gallery-icon landscape'>\n\t\t\t\t<a href='https:\/\/wbp.lublin.pl\/index.php\/2018\/06\/29\/wystawa-malgorzaty-ciosmak-rysunki\/4-4\/'><img loading=\"lazy\" decoding=\"async\" width=\"400\" height=\"267\" src=\"https:\/\/wbp.lublin.pl\/wp-content\/uploads\/2018\/07\/4-1-400x267.webp\" class=\"attachment-thumbnail size-thumbnail not-transparent\" alt=\"\" srcset=\"https:\/\/wbp.lublin.pl\/wp-content\/uploads\/2018\/07\/4-1-400x267.webp 400w, https:\/\/wbp.lublin.pl\/wp-content\/uploads\/2018\/07\/4-1-600x400.webp 600w, https:\/\/wbp.lublin.pl\/wp-content\/uploads\/2018\/07\/4-1-768x513.webp 768w, https:\/\/wbp.lublin.pl\/wp-content\/uploads\/2018\/07\/4-1-947x632.webp 947w, https:\/\/wbp.lublin.pl\/wp-content\/uploads\/2018\/07\/4-1-624x416.webp 624w, https:\/\/wbp.lublin.pl\/wp-content\/uploads\/2018\/07\/4-1-84x56.webp 84w, https:\/\/wbp.lublin.pl\/wp-content\/uploads\/2018\/07\/4-1.webp 974w\" sizes=\"auto, (max-width: 400px) 100vw, 400px\" data-has-transparency=\"false\" data-dominant-color=\"556266\" style=\"--dominant-color: #556266;\" \/><\/a>\n\t\t\t<\/div><\/figure><figure class='gallery-item'>\n\t\t\t<div class='gallery-icon portrait'>\n\t\t\t\t<a href='https:\/\/wbp.lublin.pl\/index.php\/2018\/06\/29\/wystawa-malgorzaty-ciosmak-rysunki\/5-7\/'><img loading=\"lazy\" decoding=\"async\" width=\"266\" height=\"400\" src=\"https:\/\/wbp.lublin.pl\/wp-content\/uploads\/2018\/07\/5-2-266x400.webp\" class=\"attachment-thumbnail size-thumbnail not-transparent\" alt=\"\" srcset=\"https:\/\/wbp.lublin.pl\/wp-content\/uploads\/2018\/07\/5-2-266x400.webp 266w, https:\/\/wbp.lublin.pl\/wp-content\/uploads\/2018\/07\/5-2-400x600.webp 400w, https:\/\/wbp.lublin.pl\/wp-content\/uploads\/2018\/07\/5-2.webp 433w\" sizes=\"auto, (max-width: 266px) 100vw, 266px\" data-has-transparency=\"false\" data-dominant-color=\"2c3e67\" style=\"--dominant-color: #2c3e67;\" \/><\/a>\n\t\t\t<\/div><\/figure><figure class='gallery-item'>\n\t\t\t<div class='gallery-icon portrait'>\n\t\t\t\t<a href='https:\/\/wbp.lublin.pl\/index.php\/2018\/06\/29\/wystawa-malgorzaty-ciosmak-rysunki\/6-7\/'><img loading=\"lazy\" decoding=\"async\" width=\"266\" height=\"400\" src=\"https:\/\/wbp.lublin.pl\/wp-content\/uploads\/2018\/07\/6-2-266x400.webp\" class=\"attachment-thumbnail size-thumbnail not-transparent\" alt=\"\" srcset=\"https:\/\/wbp.lublin.pl\/wp-content\/uploads\/2018\/07\/6-2-266x400.webp 266w, https:\/\/wbp.lublin.pl\/wp-content\/uploads\/2018\/07\/6-2-400x600.webp 400w, https:\/\/wbp.lublin.pl\/wp-content\/uploads\/2018\/07\/6-2.webp 433w\" sizes=\"auto, (max-width: 266px) 100vw, 266px\" data-has-transparency=\"false\" data-dominant-color=\"7d877b\" style=\"--dominant-color: #7d877b;\" \/><\/a>\n\t\t\t<\/div><\/figure><figure class='gallery-item'>\n\t\t\t<div class='gallery-icon landscape'>\n\t\t\t\t<a href='https:\/\/wbp.lublin.pl\/index.php\/2018\/06\/29\/wystawa-malgorzaty-ciosmak-rysunki\/7-7\/'><img loading=\"lazy\" decoding=\"async\" width=\"400\" height=\"267\" src=\"https:\/\/wbp.lublin.pl\/wp-content\/uploads\/2018\/07\/7-1-400x267.webp\" class=\"attachment-thumbnail size-thumbnail not-transparent\" alt=\"\" srcset=\"https:\/\/wbp.lublin.pl\/wp-content\/uploads\/2018\/07\/7-1-400x267.webp 400w, https:\/\/wbp.lublin.pl\/wp-content\/uploads\/2018\/07\/7-1-600x400.webp 600w, https:\/\/wbp.lublin.pl\/wp-content\/uploads\/2018\/07\/7-1-768x513.webp 768w, https:\/\/wbp.lublin.pl\/wp-content\/uploads\/2018\/07\/7-1-947x632.webp 947w, https:\/\/wbp.lublin.pl\/wp-content\/uploads\/2018\/07\/7-1-624x416.webp 624w, https:\/\/wbp.lublin.pl\/wp-content\/uploads\/2018\/07\/7-1-84x56.webp 84w, https:\/\/wbp.lublin.pl\/wp-content\/uploads\/2018\/07\/7-1.webp 974w\" sizes=\"auto, (max-width: 400px) 100vw, 400px\" data-has-transparency=\"false\" data-dominant-color=\"4b5b62\" style=\"--dominant-color: #4b5b62;\" \/><\/a>\n\t\t\t<\/div><\/figure><figure class='gallery-item'>\n\t\t\t<div class='gallery-icon landscape'>\n\t\t\t\t<a href='https:\/\/wbp.lublin.pl\/index.php\/2018\/06\/29\/wystawa-malgorzaty-ciosmak-rysunki\/8-7\/'><img loading=\"lazy\" decoding=\"async\" width=\"400\" height=\"267\" src=\"https:\/\/wbp.lublin.pl\/wp-content\/uploads\/2018\/07\/8-2-400x267.webp\" class=\"attachment-thumbnail size-thumbnail not-transparent\" alt=\"\" srcset=\"https:\/\/wbp.lublin.pl\/wp-content\/uploads\/2018\/07\/8-2-400x267.webp 400w, https:\/\/wbp.lublin.pl\/wp-content\/uploads\/2018\/07\/8-2-600x400.webp 600w, https:\/\/wbp.lublin.pl\/wp-content\/uploads\/2018\/07\/8-2-768x513.webp 768w, https:\/\/wbp.lublin.pl\/wp-content\/uploads\/2018\/07\/8-2-947x632.webp 947w, https:\/\/wbp.lublin.pl\/wp-content\/uploads\/2018\/07\/8-2-624x416.webp 624w, https:\/\/wbp.lublin.pl\/wp-content\/uploads\/2018\/07\/8-2-84x56.webp 84w, https:\/\/wbp.lublin.pl\/wp-content\/uploads\/2018\/07\/8-2.webp 974w\" sizes=\"auto, (max-width: 400px) 100vw, 400px\" data-has-transparency=\"false\" data-dominant-color=\"505e65\" style=\"--dominant-color: #505e65;\" \/><\/a>\n\t\t\t<\/div><\/figure>\n\t\t<\/div>\n\n","protected":false},"excerpt":{"rendered":"<p>AutorskaGaleriaHol <br \/> Wystawa czynna do 28 lipca<\/p>\n","protected":false},"author":7,"featured_media":12322,"comment_status":"closed","ping_status":"open","sticky":false,"template":"","format":"standard","meta":{"_tec_requires_first_save":true,"_crdt_document":"","pgc_sgb_lightbox_settings":"","_EventAllDay":false,"_EventTimezone":"","_EventStartDate":"","_EventEndDate":"","_EventStartDateUTC":"","_EventEndDateUTC":"","_EventShowMap":false,"_EventShowMapLink":false,"_EventURL":"","_EventCost":"","_EventCostDescription":"","_EventCurrencySymbol":"","_EventCurrencyCode":"","_EventCurrencyPosition":"","_EventDateTimeSeparator":"","_EventTimeRangeSeparator":"","_EventOrganizerID":[],"_EventVenueID":[],"_OrganizerEmail":"","_OrganizerPhone":"","_OrganizerWebsite":"","_VenueAddress":"","_VenueCity":"","_VenueCountry":"","_VenueProvince":"","_VenueState":"","_VenueZip":"","_VenuePhone":"","_VenueURL":"","_VenueStateProvince":"","_VenueLat":"","_VenueLng":"","_VenueShowMap":false,"_VenueShowMapLink":false,"_tribe_blocks_recurrence_rules":"","_tribe_blocks_recurrence_description":"","_tribe_blocks_recurrence_exclusions":"","footnotes":""},"categories":[537,543,542],"tags":[],"class_list":["post-12313","post","type-post","status-publish","format-standard","has-post-thumbnail","hentry","category-archiwum-wydarzen","category-rok-2018","category-wystawy-w-obiektywie"],"publishpress_future_action":{"enabled":false,"date":"2026-05-06 12:19:15","action":"change-status","newStatus":"draft","terms":[],"taxonomy":"category","extraData":[]},"publishpress_future_workflow_manual_trigger":{"enabledWorkflows":[]},"_links":{"self":[{"href":"https:\/\/wbp.lublin.pl\/index.php\/wp-json\/wp\/v2\/posts\/12313","targetHints":{"allow":["GET"]}}],"collection":[{"href":"https:\/\/wbp.lublin.pl\/index.php\/wp-json\/wp\/v2\/posts"}],"about":[{"href":"https:\/\/wbp.lublin.pl\/index.php\/wp-json\/wp\/v2\/types\/post"}],"author":[{"embeddable":true,"href":"https:\/\/wbp.lublin.pl\/index.php\/wp-json\/wp\/v2\/users\/7"}],"replies":[{"embeddable":true,"href":"https:\/\/wbp.lublin.pl\/index.php\/wp-json\/wp\/v2\/comments?post=12313"}],"version-history":[{"count":3,"href":"https:\/\/wbp.lublin.pl\/index.php\/wp-json\/wp\/v2\/posts\/12313\/revisions"}],"predecessor-version":[{"id":12336,"href":"https:\/\/wbp.lublin.pl\/index.php\/wp-json\/wp\/v2\/posts\/12313\/revisions\/12336"}],"wp:featuredmedia":[{"embeddable":true,"href":"https:\/\/wbp.lublin.pl\/index.php\/wp-json\/wp\/v2\/media\/12322"}],"wp:attachment":[{"href":"https:\/\/wbp.lublin.pl\/index.php\/wp-json\/wp\/v2\/media?parent=12313"}],"wp:term":[{"taxonomy":"category","embeddable":true,"href":"https:\/\/wbp.lublin.pl\/index.php\/wp-json\/wp\/v2\/categories?post=12313"},{"taxonomy":"post_tag","embeddable":true,"href":"https:\/\/wbp.lublin.pl\/index.php\/wp-json\/wp\/v2\/tags?post=12313"}],"curies":[{"name":"wp","href":"https:\/\/api.w.org\/{rel}","templated":true}]}}