{"id":14137,"date":"2010-01-15T00:00:00","date_gmt":"2010-01-14T23:00:00","guid":{"rendered":"https:\/\/wbp.lublin.pl8\/index.php\/2010\/01\/15\/nowa-publikacja-bibliografia-lubelszczyzny-1991-1995\/"},"modified":"2018-07-06T13:49:47","modified_gmt":"2018-07-06T11:49:47","slug":"nowa-publikacja-bibliografia-lubelszczyzny-1991-1995","status":"publish","type":"post","link":"https:\/\/wbp.lublin.pl\/index.php\/2010\/01\/15\/nowa-publikacja-bibliografia-lubelszczyzny-1991-1995\/","title":{"rendered":"Nowa publikacja: Bibliografia Lubelszczyzny 1991-1995"},"content":{"rendered":"<p>&nbsp;<\/p>\n<p><!--more--><\/p>\n<p><img loading=\"lazy\" decoding=\"async\" class=\"mavik\" title=\"Bibliografia Lubelszczyzny 1991-1995\" src=\"http:\/\/212.182.106.58\/wbp\/images\/stories\/publikacje\/biblio_lubel\/bibliolubel7.jpg\" alt=\"\" width=\"99\" height=\"150\" align=\"left\" \/>Informujemy, \u017ce ukaza\u0142 si\u0119 kolejny tom Bibliografii Lubelszczyzny, obejmuj\u0105cy pi\u015bmiennictwo opublikowane w latach 1991-1995. Jest to kontynuacja tom\u00f3w rejestruj\u0105cych publikacje o regionie z lat 1944-1990 oraz 1998-2000.<\/p>\n<p>Bibliografia jest dost\u0119pna w Czytelni Czasopism oraz w ksi\u0119gozbiorach podr\u0119cznych agend Biblioteki. Mo\u017cna j\u0105 tak\u017ce naby\u0107 w ksi\u0119garni WBP.<\/p>\n<p>Ksi\u0119garnia posiada r\u00f3wnie\u017c w sprzeda\u017cy poprzednie tomy Bibliografii Lubelszczyzny za lata: 1971-1975 (26 z\u0142); 1976-1980 (60 z\u0142); 1981-1985 (60 z\u0142); 1998-1999 (35 z\u0142); 2000 (50 z\u0142).<\/p>\n<p>&nbsp;<\/p>\n<p><strong>Bibliografia Lubelszczyzny, oprac. zesp\u00f3\u0142 pod red. Bo\u017ceny Lech-Jab\u0142o\u0144skiej, Lublin 2009.<\/strong><\/p>\n","protected":false},"excerpt":{"rendered":"<p>&nbsp;<\/p>\n","protected":false},"author":18,"featured_media":0,"comment_status":"closed","ping_status":"open","sticky":false,"template":"","format":"standard","meta":{"_tec_requires_first_save":true,"_crdt_document":"","pgc_sgb_lightbox_settings":"","_EventAllDay":false,"_EventTimezone":"","_EventStartDate":"","_EventEndDate":"","_EventStartDateUTC":"","_EventEndDateUTC":"","_EventShowMap":false,"_EventShowMapLink":false,"_EventURL":"","_EventCost":"","_EventCostDescription":"","_EventCurrencySymbol":"","_EventCurrencyCode":"","_EventCurrencyPosition":"","_EventDateTimeSeparator":"","_EventTimeRangeSeparator":"","_EventOrganizerID":[],"_EventVenueID":[],"_OrganizerEmail":"","_OrganizerPhone":"","_OrganizerWebsite":"","_VenueAddress":"","_VenueCity":"","_VenueCountry":"","_VenueProvince":"","_VenueState":"","_VenueZip":"","_VenuePhone":"","_VenueURL":"","_VenueStateProvince":"","_VenueLat":"","_VenueLng":"","_VenueShowMap":false,"_VenueShowMapLink":false,"_tribe_blocks_recurrence_rules":"","_tribe_blocks_recurrence_description":"","_tribe_blocks_recurrence_exclusions":"","footnotes":""},"categories":[56],"tags":[],"class_list":["post-14137","post","type-post","status-publish","format-standard","hentry","category-nowe-publikacje"],"publishpress_future_action":{"enabled":false,"date":"2026-05-06 15:55:18","action":"change-status","newStatus":"draft","terms":[],"taxonomy":"category","extraData":[]},"publishpress_future_workflow_manual_trigger":{"enabledWorkflows":[]},"_links":{"self":[{"href":"https:\/\/wbp.lublin.pl\/index.php\/wp-json\/wp\/v2\/posts\/14137","targetHints":{"allow":["GET"]}}],"collection":[{"href":"https:\/\/wbp.lublin.pl\/index.php\/wp-json\/wp\/v2\/posts"}],"about":[{"href":"https:\/\/wbp.lublin.pl\/index.php\/wp-json\/wp\/v2\/types\/post"}],"author":[{"embeddable":true,"href":"https:\/\/wbp.lublin.pl\/index.php\/wp-json\/wp\/v2\/users\/18"}],"replies":[{"embeddable":true,"href":"https:\/\/wbp.lublin.pl\/index.php\/wp-json\/wp\/v2\/comments?post=14137"}],"version-history":[{"count":2,"href":"https:\/\/wbp.lublin.pl\/index.php\/wp-json\/wp\/v2\/posts\/14137\/revisions"}],"predecessor-version":[{"id":15321,"href":"https:\/\/wbp.lublin.pl\/index.php\/wp-json\/wp\/v2\/posts\/14137\/revisions\/15321"}],"wp:attachment":[{"href":"https:\/\/wbp.lublin.pl\/index.php\/wp-json\/wp\/v2\/media?parent=14137"}],"wp:term":[{"taxonomy":"category","embeddable":true,"href":"https:\/\/wbp.lublin.pl\/index.php\/wp-json\/wp\/v2\/categories?post=14137"},{"taxonomy":"post_tag","embeddable":true,"href":"https:\/\/wbp.lublin.pl\/index.php\/wp-json\/wp\/v2\/tags?post=14137"}],"curies":[{"name":"wp","href":"https:\/\/api.w.org\/{rel}","templated":true}]}}