{"id":145,"date":"2009-11-24T11:19:27","date_gmt":"2009-11-24T10:19:27","guid":{"rendered":"https:\/\/wbp.lublin.pl8\/index.php\/2009\/11\/24\/chelmska-biblioteka-publiczna-im-marii-pauliny-orsetti-w-chelmie\/"},"modified":"2023-01-17T13:16:21","modified_gmt":"2023-01-17T12:16:21","slug":"chelmska-biblioteka-publiczna-im-marii-pauliny-orsetti-w-chelmie","status":"publish","type":"post","link":"https:\/\/wbp.lublin.pl\/index.php\/2009\/11\/24\/chelmska-biblioteka-publiczna-im-marii-pauliny-orsetti-w-chelmie\/","title":{"rendered":"Che\u0142mska Biblioteka Publiczna im. Marii Pauliny Orsetti w Che\u0142mie"},"content":{"rendered":"<p><!--more--><\/p>\n<p>22-100 ul. Partyzant\u00f3w 40<br \/>\ntel.\/fax. 82-563-95-92, 93<br \/>\np.o. Dyrektora<br \/>\nKatarzyna Soko\u0142owska<br \/>\ne-mail: <a href=\"mailto:sekretariat@chbp.chelm.pl\">sekretariat@chbp.chelm.pl<\/a><br \/>\n<a href=\"http:\/\/www.chbp.chelm.pl\/\" target=\"_blank\" rel=\"noopener\">strona www<\/a><\/p>\n<hr \/>\n<h3><strong>BIBLIOTEKI PUBLICZNE POWIATU CHE\u0141MSKIEGO<\/strong><\/h3>\n<p><strong>&#8211; Gminny O\u015brodek Kultury w Bia\u0142opolu Biblioteka<\/strong><\/p>\n<table>\n<tbody>\n<tr>\n<td width=\"604\">Dyrektor: El\u017cbieta Kudrej<\/td>\n<\/tr>\n<tr>\n<td width=\"604\">Adres: ul. Che\u0142mska 1, 22-135 Bia\u0142opole<\/td>\n<\/tr>\n<tr>\n<td width=\"604\">Telefon: 82\u00a0568-24-30<\/td>\n<\/tr>\n<tr>\n<td width=\"604\">E-mail: <a href=\"mailto:gokb@vp.pl\">gokb@vp.pl<\/a><\/td>\n<\/tr>\n<tr>\n<td width=\"604\">Strona www: <a href=\"http:\/\/bialopole.eu\/gok\/\">http:\/\/bialopole.eu\/gok\/<\/a><\/td>\n<\/tr>\n<\/tbody>\n<\/table>\n<p><strong>\u00a0<\/strong><\/p>\n<p><strong>&#8211; Centrum Bibliotek i Kultury Gminy Che\u0142m z\/s w Okszowie<\/strong><\/p>\n<table>\n<tbody>\n<tr>\n<td width=\"604\">Dyrektor: Irena Wawerska<\/td>\n<\/tr>\n<tr>\n<td width=\"604\">Adres: ul. Che\u0142mska 35, 22-105 Oksz\u00f3w<\/td>\n<\/tr>\n<tr>\n<td width=\"604\">Telefon: 82\u00a0569-08-14<\/td>\n<\/tr>\n<tr>\n<td width=\"604\">E-mail: <a href=\"mailto:gbp@gmina.chelm.pl\">gbp@gmina.chelm.pl<\/a><\/td>\n<\/tr>\n<tr>\n<td width=\"604\">Strona www: <a href=\"http:\/\/cbik-okszow.pl\/\">http:\/\/cbik-okszow.pl\/<\/a><\/td>\n<\/tr>\n<\/tbody>\n<\/table>\n<p><strong>\u00a0<\/strong><\/p>\n<p><strong>&#8211; Gminna Biblioteka Publiczna w Dorohusku<\/strong><\/p>\n<table>\n<tbody>\n<tr>\n<td width=\"604\">Dyrektor: Irena Prokopowicz<\/td>\n<\/tr>\n<tr>\n<td width=\"604\">Adres: ul. Parkowa 5, 22-175 Dorohusk<\/td>\n<\/tr>\n<tr>\n<td width=\"604\">Telefon: 82\u00a0566-11-14<\/td>\n<\/tr>\n<tr>\n<td width=\"604\">E-mail: <a href=\"mailto:gbpdorohusk@wp.pl\">gbpdorohusk@wp.pl<\/a><\/td>\n<\/tr>\n<tr>\n<td width=\"604\">Strona www: <a href=\"http:\/\/dorohusk.naszabiblioteka.com\/\">http:\/\/dorohusk.naszabiblioteka.com\/<\/a><\/td>\n<\/tr>\n<\/tbody>\n<\/table>\n<p><strong>\u00a0<\/strong><\/p>\n<p><strong>&#8211; Gminne Centrum Kultury i Czytelnictwa w Dubience<\/strong><\/p>\n<table>\n<tbody>\n<tr>\n<td width=\"604\">Dyrektor: Anna Prus<\/td>\n<\/tr>\n<tr>\n<td width=\"604\">Adres: ul. kmdr. ppor. Bogus\u0142awa Krawczyka<\/td>\n<\/tr>\n<tr>\n<td width=\"604\">Telefon: 82 566 -83-93<\/td>\n<\/tr>\n<tr>\n<td width=\"604\">E-mail: <a href=\"mailto:bpgdubienka@o2.pl\">bpgdubienka@o2.pl<\/a><\/td>\n<\/tr>\n<\/tbody>\n<\/table>\n<p><strong>\u00a0<\/strong><\/p>\n<p><strong>&#8211; Gminna Biblioteka Publiczna w Kamieniu z\/s w Strachos\u0142awiu<\/strong><\/p>\n<table>\n<tbody>\n<tr>\n<td width=\"604\">Kierownik: Urszula Jawornicka<\/td>\n<\/tr>\n<tr>\n<td width=\"604\">Adres: Strachos\u0142aw 77a, 22-113 Kamie\u0144<\/td>\n<\/tr>\n<tr>\n<td width=\"604\">Telefon: 82\u00a0567-14-92<\/td>\n<\/tr>\n<tr>\n<td width=\"604\">E-mail: <a href=\"mailto:bibliotekakamien@vp.pl\">bibliotekakamien@vp.pl<\/a><\/td>\n<\/tr>\n<\/tbody>\n<\/table>\n<p><strong>\u00a0<\/strong><\/p>\n<p><strong>&#8211; Samorz\u0105dowy O\u015brodek Kultury w Le\u015bniowicach Biblioteka<\/strong><\/p>\n<table>\n<tbody>\n<tr>\n<td width=\"604\">Dyrektor SOK: Wanda Jaroszczuk, bibliotekarz: Judyta Mr\u00f3z<\/td>\n<\/tr>\n<tr>\n<td width=\"604\">Adres: Le\u015bniowice 21a, 22-122 Le\u015bniowice<\/td>\n<\/tr>\n<tr>\n<td width=\"604\">Telefon: 82\u00a0567-54-25<\/td>\n<\/tr>\n<tr>\n<td width=\"604\">E-mail: <a href=\"mailto:j7777@onet.pl\">j7777@onet.pl<\/a><\/td>\n<\/tr>\n<tr>\n<td width=\"604\">Strona www: <a href=\"http:\/\/www.lesniowice.lubelskie.pl\/sok\/index.htm\">http:\/\/www.lesniowice.lubelskie.pl\/sok\/index.htm<\/a><\/td>\n<\/tr>\n<\/tbody>\n<\/table>\n<p><strong>\u00a0<\/strong><\/p>\n<p><strong>&#8211; Gminna Biblioteka Publiczna w Rejowcu<\/strong><\/p>\n<table>\n<tbody>\n<tr>\n<td width=\"604\">Dyrektor: p.o. Teresa Jagie\u0142\u0142o<\/td>\n<\/tr>\n<tr>\n<td width=\"604\">Adres: ul. Zwierzy\u0144skiego 8c<\/td>\n<\/tr>\n<tr>\n<td width=\"604\">Telefon: 82\u00a0568-86-88<\/td>\n<\/tr>\n<tr>\n<td width=\"604\">E-mail: <a href=\"mailto:bpgrejowiec@o2.pl\">bpgrejowiec@o2.pl<\/a><\/td>\n<\/tr>\n<tr>\n<td width=\"604\">Strona www: <a href=\"http:\/\/rejowiec.naszabiblioteka.com\/\">http:\/\/rejowiec.naszabiblioteka.com\/<\/a><\/td>\n<\/tr>\n<\/tbody>\n<\/table>\n<p><strong>\u00a0<\/strong><\/p>\n<p><strong>&#8211; Gminny O\u015brodek Kultury im. Ryszarda Kapu\u015bci\u0144skiego w Paw\u0142owie Biblioteka<\/strong><\/p>\n<table>\n<tbody>\n<tr>\n<td width=\"604\">Kierownik GOK: Andrzej Kosz, bibliotekarz: Lucyna Waryszak<\/td>\n<\/tr>\n<tr>\n<td width=\"604\">Adres: ul. Lubelska 23a, 22-170 Rejowiec Fabryczny<\/td>\n<\/tr>\n<tr>\n<td width=\"604\">Telefon: 82\u00a0566-46-03<\/td>\n<\/tr>\n<tr>\n<td width=\"604\">E-mail: <a href=\"mailto:gokpawlow@op.pl\">gokpawlow@op.pl<\/a><\/td>\n<\/tr>\n<tr>\n<td width=\"604\">Strona www: <a href=\"http:\/\/www.gokpawlow.pl\/\">http:\/\/www.gokpawlow.pl\/<\/a><\/td>\n<\/tr>\n<\/tbody>\n<\/table>\n<p><strong>\u00a0<\/strong><\/p>\n<p><strong>&#8211; Miejski O\u015brodek Kultury \u201eDworek\u201d w Rejowcu Fabrycznym Biblioteka<\/strong><\/p>\n<table>\n<tbody>\n<tr>\n<td width=\"604\">Dyrektor MOK: Katarzyna Micha\u0142owska, bibliotekarz: El\u017cbieta \u015awiderczuk<\/td>\n<\/tr>\n<tr>\n<td width=\"604\">Adres: ul. Wschodnia 32a, 22-170 Rejowiec Fabryczny<\/td>\n<\/tr>\n<tr>\n<td width=\"604\">Telefon: 82\u00a0566-31-47 (GOK), 82\u00a0566-45-65 (Biblioteka)<\/td>\n<\/tr>\n<tr>\n<td width=\"604\">E-mail: <a href=\"mailto:dworek@rejowiec.pl\">dworek@rejowiec.pl<\/a>; <a href=\"mailto:biblioteka100@wp.pl\">biblioteka100@wp.pl<\/a><\/td>\n<\/tr>\n<tr>\n<td width=\"604\">Strona www: <a href=\"http:\/\/www.dworek.rejowiec.pl\/pl\/\">http:\/\/www.dworek.rejowiec.pl\/pl\/<\/a><\/td>\n<\/tr>\n<\/tbody>\n<\/table>\n<p><strong>&#8211; Biblioteka Publiczna Gminy Ruda-Huta<\/strong><\/p>\n<table>\n<tbody>\n<tr>\n<td width=\"604\">Dyrektor: Marta Kordas<\/td>\n<\/tr>\n<tr>\n<td width=\"604\">Adres: ul. Niepodleg\u0142o\u015bci 36, 22-110 Ruda-Huta<\/td>\n<\/tr>\n<tr>\n<td width=\"604\">Telefon: 82\u00a0568-60-71<\/td>\n<\/tr>\n<tr>\n<td width=\"604\">E-mail: <a href=\"mailto:biblioteka@ruda-huta.pl\">biblioteka@ruda-huta.pl<\/a><\/td>\n<\/tr>\n<tr>\n<td width=\"604\">Strona www: <a href=\"http:\/\/www.biblioteka.ruda-huta.pl\/\">http:\/\/www.biblioteka.ruda-huta.pl\/<\/a><\/td>\n<\/tr>\n<\/tbody>\n<\/table>\n<p><strong>\u00a0<\/strong><\/p>\n<p><strong>&#8211; Gminna Biblioteka Publiczna w Sawinie<\/strong><\/p>\n<table>\n<tbody>\n<tr>\n<td width=\"604\">Dyrektor: Beata Uhruska<\/td>\n<\/tr>\n<tr>\n<td width=\"604\">Adres: ul. Brzeska 14, 22-107 Sawin<\/td>\n<\/tr>\n<tr>\n<td width=\"604\">Telefon: 82\u00a0567-31-71<\/td>\n<\/tr>\n<tr>\n<td width=\"604\">E-mail: <a href=\"mailto:gbpsawin@o2.pl\">gbpsawin@o2.pl<\/a><\/td>\n<\/tr>\n<\/tbody>\n<\/table>\n<p><strong>\u00a0<\/strong><\/p>\n<p><strong>&#8211; Gminny O\u015brodek Kultury w Siedliszczu Biblioteka<\/strong><\/p>\n<table>\n<tbody>\n<tr>\n<td width=\"604\">Kierownik: Dorota Orysz<\/td>\n<\/tr>\n<tr>\n<td width=\"604\">Adres: ul. Szpitalna 15a, 22-130 Siedliszcze<\/td>\n<\/tr>\n<tr>\n<td width=\"604\">Telefon: 82\u00a0569-21-13<\/td>\n<\/tr>\n<tr>\n<td width=\"604\">E-mail: <a href=\"mailto:gok@buziaczek.pl\">gok@buziaczek.pl<\/a><\/td>\n<\/tr>\n<tr>\n<td width=\"604\">Strona www: <a href=\"http:\/\/www.gok.siedliszcze.pl\/\">http:\/\/www.gok.siedliszcze.pl\/<\/a><\/td>\n<\/tr>\n<\/tbody>\n<\/table>\n<p><strong>\u00a0<\/strong><\/p>\n<p><strong>&#8211; Gminna Biblioteka Publiczna w Wierzbicy<\/strong><\/p>\n<table>\n<tbody>\n<tr>\n<td width=\"604\">Dyrektor: p.o. dyr. Anna Musza\u0144ska<\/td>\n<\/tr>\n<tr>\n<td width=\"604\">Adres: Wierzbica-Osiedle, ul. W\u0142odawska 10, 22-150 Wierzbica<\/td>\n<\/tr>\n<tr>\n<td width=\"604\">Telefon: 82\u00a0569-31-61<\/td>\n<\/tr>\n<tr>\n<td width=\"604\">E-mail: <a href=\"mailto:gbpwierzbica1@tlen.pl\">gbpwierzbica1@tlen.pl<\/a><\/td>\n<\/tr>\n<\/tbody>\n<\/table>\n<p><strong>\u00a0<\/strong><\/p>\n<p><strong>&#8211; Gminne Centrum Kultury, Sportu i Turystyki w Wojs\u0142awicach Biblioteka<\/strong><\/p>\n<table>\n<tbody>\n<tr>\n<td width=\"604\">Dyrektor: Dorota Borys, bibliotekarz Krzysztofa Nizio<\/td>\n<\/tr>\n<tr>\n<td width=\"604\">Adres: ul. Ucha\u0144ska 9 (GCKSiT), ul. Rynek 9 (Biblioteka), 22-120 Wojs\u0142awice<\/td>\n<\/tr>\n<tr>\n<td width=\"604\">Telefon: 82\u00a0566-91-53 (GCKSiT), 82\u00a0566-92-36 (Biblioteka)<\/td>\n<\/tr>\n<tr>\n<td width=\"604\">E-mail: <a href=\"mailto:wojslaw-gci@o2.pl\">wojslaw-gci@o2.pl<\/a><\/td>\n<\/tr>\n<tr>\n<td width=\"604\">Strona www: <a href=\"http:\/\/gcksitwojslawice.naszdomkultury.pl\/\">http:\/\/gcksitwojslawice.naszdomkultury.pl\/<\/a><\/td>\n<\/tr>\n<\/tbody>\n<\/table>\n<p><strong>\u00a0<\/strong><\/p>\n<p><strong>&#8211; Gminne Centrum Kultury w \u017bmudzi Biblioteka<\/strong><\/p>\n<table>\n<tbody>\n<tr>\n<td width=\"604\">Dyrektor: Lidia Koguciuk<\/td>\n<\/tr>\n<tr>\n<td width=\"604\">Adres: ul. Kasztanowa 21, 22-114 \u017bmud\u017a<\/td>\n<\/tr>\n<tr>\n<td width=\"604\">Telefon: 82\u00a0568-01-80<\/td>\n<\/tr>\n<tr>\n<td width=\"604\">E-mail: <a href=\"mailto:bibliotekazmudz@vp.pl\">bibliotekazmudz@vp.pl<\/a><\/td>\n<\/tr>\n<\/tbody>\n<\/table>\n<p><strong>\u00a0<\/strong><\/p>\n","protected":false},"excerpt":{"rendered":"","protected":false},"author":18,"featured_media":0,"comment_status":"open","ping_status":"open","sticky":false,"template":"","format":"standard","meta":{"_tec_requires_first_save":true,"_crdt_document":"","pgc_sgb_lightbox_settings":"","_EventAllDay":false,"_EventTimezone":"","_EventStartDate":"","_EventEndDate":"","_EventStartDateUTC":"","_EventEndDateUTC":"","_EventShowMap":false,"_EventShowMapLink":false,"_EventURL":"","_EventCost":"","_EventCostDescription":"","_EventCurrencySymbol":"","_EventCurrencyCode":"","_EventCurrencyPosition":"","_EventDateTimeSeparator":"","_EventTimeRangeSeparator":"","_EventOrganizerID":[],"_EventVenueID":[],"_OrganizerEmail":"","_OrganizerPhone":"","_OrganizerWebsite":"","_VenueAddress":"","_VenueCity":"","_VenueCountry":"","_VenueProvince":"","_VenueState":"","_VenueZip":"","_VenuePhone":"","_VenueURL":"","_VenueStateProvince":"","_VenueLat":"","_VenueLng":"","_VenueShowMap":false,"_VenueShowMapLink":false,"_tribe_blocks_recurrence_rules":"","_tribe_blocks_recurrence_description":"","_tribe_blocks_recurrence_exclusions":"","footnotes":""},"categories":[52],"tags":[],"class_list":["post-145","post","type-post","status-publish","format-standard","hentry","category-biblioteki-wojewodztwa-lubelskiego"],"publishpress_future_action":{"enabled":false,"date":"2026-05-08 22:58:24","action":"change-status","newStatus":"draft","terms":[],"taxonomy":"category","extraData":[]},"publishpress_future_workflow_manual_trigger":{"enabledWorkflows":[]},"_links":{"self":[{"href":"https:\/\/wbp.lublin.pl\/index.php\/wp-json\/wp\/v2\/posts\/145","targetHints":{"allow":["GET"]}}],"collection":[{"href":"https:\/\/wbp.lublin.pl\/index.php\/wp-json\/wp\/v2\/posts"}],"about":[{"href":"https:\/\/wbp.lublin.pl\/index.php\/wp-json\/wp\/v2\/types\/post"}],"author":[{"embeddable":true,"href":"https:\/\/wbp.lublin.pl\/index.php\/wp-json\/wp\/v2\/users\/18"}],"replies":[{"embeddable":true,"href":"https:\/\/wbp.lublin.pl\/index.php\/wp-json\/wp\/v2\/comments?post=145"}],"version-history":[{"count":9,"href":"https:\/\/wbp.lublin.pl\/index.php\/wp-json\/wp\/v2\/posts\/145\/revisions"}],"predecessor-version":[{"id":42510,"href":"https:\/\/wbp.lublin.pl\/index.php\/wp-json\/wp\/v2\/posts\/145\/revisions\/42510"}],"wp:attachment":[{"href":"https:\/\/wbp.lublin.pl\/index.php\/wp-json\/wp\/v2\/media?parent=145"}],"wp:term":[{"taxonomy":"category","embeddable":true,"href":"https:\/\/wbp.lublin.pl\/index.php\/wp-json\/wp\/v2\/categories?post=145"},{"taxonomy":"post_tag","embeddable":true,"href":"https:\/\/wbp.lublin.pl\/index.php\/wp-json\/wp\/v2\/tags?post=145"}],"curies":[{"name":"wp","href":"https:\/\/api.w.org\/{rel}","templated":true}]}}