{"id":15410,"date":"2018-07-10T13:38:56","date_gmt":"2018-07-10T11:38:56","guid":{"rendered":"https:\/\/wbp.lublin.pl8\/index.php\/2018\/07\/10\/majowe-nowoci-w-wypoyczalni-2-copy\/"},"modified":"2018-10-31T12:24:55","modified_gmt":"2018-10-31T11:24:55","slug":"majowe-nowoci-w-wypoyczalni-2-copy","status":"publish","type":"post","link":"https:\/\/wbp.lublin.pl\/index.php\/2018\/07\/10\/majowe-nowoci-w-wypoyczalni-2-copy\/","title":{"rendered":"Czerwcowe nowo\u015bci w Wypo\u017cyczalni"},"content":{"rendered":"<h3><\/h3>\n<p><!--more--><\/p>\n<p class=\"MsoNormal\" style=\"margin-left: 36pt; text-indent: -18pt; text-align: center;\">(wyb\u00f3r)<\/p>\n<ol>\n<li><strong>Allende I<\/strong>., <em>Japo\u0144ski kochanek<\/em>, Warszawa 2016<\/li>\n<li><strong>Atwood M<\/strong>., <em>Serce umiera ostatnie<\/em>, Warszawa 2016<\/li>\n<li><strong>Casey M<\/strong>., <em>Zarz\u0105dzanie tre\u015bci\u0105 : strategie i narz\u0119dzia<\/em>, Gliwice 2017<\/li>\n<li><strong>Child L<\/strong>., <em>Jednym strza\u0142em<\/em>, Warszawa 2017<\/li>\n<li><strong>Chwalba A<\/strong>., <em>Ostatni salon PRL : rzecz o Franciszku Xawerym hrabim Pus\u0142owskim<\/em>, Warszawa 2015<\/li>\n<li><strong>\u0106wirlej R<\/strong>., <em>Mocne uderzenie<\/em>, Warszawa 2017<\/li>\n<li><strong>Darda S<\/strong>., <em>Nowy dom na Wyr\u0119bach<\/em>, Gorz\u00f3w 2017<\/li>\n<li><strong>Di Giovanni J<\/strong>., <em>Tamtego ranka, kiedy po nas przyszli : depesze z Syrii<\/em>, Wo\u0142owiec 2017<\/li>\n<li><strong>Dobkowska J., Wasilewska J<\/strong>., <em>W cieniu koronkowej parasolki : o modzie i obyczajach w XIX wieku<\/em>, Warszawa 2016<\/li>\n<li><em>Dogoterapia : terapia z udzia\u0142em psa : podstawy kynopedagogiki<\/em>, Warszawa 2016<\/li>\n<li><strong>Frankowski P<\/strong>., <em>WordPress i Joomla! : zabezpieczanie i ratowanie stron www<\/em>, Gliwice 2017<\/li>\n<li><strong>Freisenbruch A<\/strong>., <em>Pierwsze damy antycznego Rzymu : kobiety, kt\u00f3re sta\u0142y za plecami cesarzy<\/em>, Warszawa 2017<\/li>\n<li><strong>G\u0105siorowska D<\/strong>., <em>Melodia zapomnianych mi\u0142o\u015bci<\/em>, Krak\u00f3w 2017<\/li>\n<li><strong>Haskell D<\/strong>., <em>Ukryte \u017cycie lasu<\/em>, \u0141\u00f3d\u017a 2017<\/li>\n<li><strong>Hatzfeld J<\/strong>., <em>Wi\u0119zy krwi<\/em>, Wo\u0142owiec 2017<\/li>\n<li><strong>Hauser M<\/strong>., <em>\u0141ab\u0119dzie z Pi\u0105tej Alei<\/em>, Warszawa 2017<\/li>\n<li><strong>Kaczkowski J<\/strong>., <em>Dekalog ksi\u0119dza Jana Kaczkowskiego<\/em>, Krak\u00f3w 2017<\/li>\n<li><strong>Kiepas A<\/strong>., <em>Filozofia techniki w dobie nowych medi\u00f3w<\/em>, Katowice 2017<\/li>\n<li><strong>Konefa\u0142 S.J<\/strong>., <em>Kino Islandii : tradycja i ponowoczesno\u015b\u0107<\/em>, Gda\u0144sk 2016<\/li>\n<li><strong>Kordel M<\/strong>., <em>C\u00f3rka wiatr\u00f3w<\/em>, Krak\u00f3w 2017<\/li>\n<li><strong>Kososki T<\/strong>., <em>Nie ka\u017cdy Brazylijczyk ta\u0144czy samb\u0119<\/em>, Warszawa 2016<\/li>\n<li><strong>Kossak S<\/strong>., <em>O zio\u0142ach i zwierz\u0119tach<\/em>, Warszawa 2017<\/li>\n<li><strong>Ko\u015bcielny P<\/strong>., <em>Dzieje reformacji w Polsce<\/em>, Warszawa 2017<\/li>\n<li><strong>Kr\u00f3l T<\/strong>., <em>Lean management po polsku : o dobrych i z\u0142ych praktykach<\/em>, Gliwice 2018<\/li>\n<li><strong>Liotta E<\/strong>., <em>Dieta smartfood : w formie i zdrowiu dzi\u0119ki 30 produktom, kt\u00f3re wyd\u0142u\u017caj\u0105 \u017cycie<\/em>, Warszawa 2017<\/li>\n<li><em>Literatura polska obu Ameryk : studia i szkice<\/em>, Katowice 2016<\/li>\n<li><strong>Mr\u00f3z R<\/strong>., <em>Czarna Madonna<\/em>, Pozna\u0144 2017<\/li>\n<li><strong>Musia\u0142owska D<\/strong>., <em>Insulinooporno\u015b\u0107 : zdrowa dieta i zdrowe \u017cycie<\/em>, \u0141\u00f3d\u017a 2017<\/li>\n<li><strong>Pamu\u0142a A<\/strong>., <em>Polacos : Chajka p\u0142ynie do Kostaryki<\/em>, Wo\u0142owiec 2017<\/li>\n<li><strong>Ramsauer P<\/strong>., <em>Pokolenie d\u017cihadu<\/em>, Warszawa 2016<\/li>\n<li><strong>Rogozi\u0144ski A<\/strong>., <em>Do trzech razy \u015bmier\u0107<\/em>, Pozna\u0144 2017<\/li>\n<li><strong>Roth V<\/strong>., <em>Naznaczeni \u015bmierci\u0105<\/em>, Warszawa 2017<\/li>\n<li><strong>Rudnicka O<\/strong>., <em>Drugi przekr\u0119t Natalii<\/em>, Warszawa 2017<\/li>\n<li><strong>Schneier B<\/strong>., <em>Dane i Goliat : ukryta bitwa o Twoje dane i kontrol\u0119 nad \u015bwiatem<\/em>, Gliwice 2017<\/li>\n<li><strong>Seniuk A<\/strong>., <em>Nietypowa baba jestem<\/em>, Krak\u00f3w 2016<\/li>\n<li><strong>Siembieda M<\/strong>., <em>444<\/em>, Warszawa 2017<\/li>\n<li><strong>Stasiuk A<\/strong>., <em>Dziennik pisany p\u00f3\u017aniej<\/em>, Wo\u0142owiec 2017<\/li>\n<li><strong>Sumli\u0144ski W<\/strong>., <em>ABW &#8211; nic nie jest tym, czym si\u0119 wydaje<\/em>, Warszawa 2017<\/li>\n<li><em>Szkice z polityki bezpiecze\u0144stwa i my\u015bli politycznej<\/em>, Pozna\u0144 2017<\/li>\n<li><strong>Varga K<\/strong>., <em>Setka<\/em>, Warszawa 2016<\/li>\n<li><strong>Welsh I<\/strong>., <em>Trainspotting<\/em>, Krak\u00f3w 2017<\/li>\n<li><strong>Wohlleben P<\/strong>., <em>Duchowe \u017cycie zwierz\u0105t<\/em>, Krak\u00f3w 2017<\/li>\n<\/ol>\n<p>&nbsp;<\/p>\n<p><!-- [if gte mso 9]><xml> <w:WordDocument> <w:View>Normal<\/w:View> <w:Zoom>0<\/w:Zoom> <w:HyphenationZone>21<\/w:HyphenationZone> <w:PunctuationKerning \/> <w:ValidateAgainstSchemas \/> <w:SaveIfXMLInvalid>false<\/w:SaveIfXMLInvalid> <w:IgnoreMixedContent>false<\/w:IgnoreMixedContent> <w:AlwaysShowPlaceholderText>false<\/w:AlwaysShowPlaceholderText> <w:Compatibility> <w:BreakWrappedTables \/> <w:SnapToGridInCell \/> <w:WrapTextWithPunct \/> <w:UseAsianBreakRules \/> <w:DontGrowAutofit \/> <\/w:Compatibility> <w:BrowserLevel>MicrosoftInternetExplorer4<\/w:BrowserLevel> <\/w:WordDocument> <\/xml><![endif]--><!-- [if gte mso 9]><xml> <w:LatentStyles DefLockedState=\"false\" LatentStyleCount=\"156\"> <\/w:LatentStyles> <\/xml><![endif]--><!-- [if gte mso 10]>\n\n\n\n<style> \/* Style Definitions *\/ table.MsoNormalTable {mso-style-name:Standardowy; mso-tstyle-rowband-size:0; mso-tstyle-colband-size:0; mso-style-noshow:yes; mso-style-parent:\"\"; mso-padding-alt:0pt 5.4pt 0pt 5.4pt; mso-para-margin:0pt; mso-para-margin-bottom:.0001pt; mso-pagination:widow-orphan; font-size:10.0pt; font-family:\"Times New Roman\"; mso-ansi-language:#0400; mso-fareast-language:#0400; mso-bidi-language:#0400;} <\/style>\n\n <![endif]--><\/p>\n","protected":false},"excerpt":{"rendered":"","protected":false},"author":8,"featured_media":15418,"comment_status":"closed","ping_status":"open","sticky":false,"template":"","format":"standard","meta":{"_tec_requires_first_save":true,"_crdt_document":"","pgc_sgb_lightbox_settings":"","_EventAllDay":false,"_EventTimezone":"","_EventStartDate":"","_EventEndDate":"","_EventStartDateUTC":"","_EventEndDateUTC":"","_EventShowMap":false,"_EventShowMapLink":false,"_EventURL":"","_EventCost":"","_EventCostDescription":"","_EventCurrencySymbol":"","_EventCurrencyCode":"","_EventCurrencyPosition":"","_EventDateTimeSeparator":"","_EventTimeRangeSeparator":"","_EventOrganizerID":[],"_EventVenueID":[],"_OrganizerEmail":"","_OrganizerPhone":"","_OrganizerWebsite":"","_VenueAddress":"","_VenueCity":"","_VenueCountry":"","_VenueProvince":"","_VenueState":"","_VenueZip":"","_VenuePhone":"","_VenueURL":"","_VenueStateProvince":"","_VenueLat":"","_VenueLng":"","_VenueShowMap":false,"_VenueShowMapLink":false,"_tribe_blocks_recurrence_rules":"","_tribe_blocks_recurrence_description":"","_tribe_blocks_recurrence_exclusions":"","footnotes":""},"categories":[509,111],"tags":[],"class_list":["post-15410","post","type-post","status-publish","format-standard","has-post-thumbnail","hentry","category-nowe-nabytki","category-nowosci-w-wypozyczalni"],"publishpress_future_action":{"enabled":false,"date":"2026-05-06 10:13:30","action":"change-status","newStatus":"draft","terms":[],"taxonomy":"category","extraData":[]},"publishpress_future_workflow_manual_trigger":{"enabledWorkflows":[]},"_links":{"self":[{"href":"https:\/\/wbp.lublin.pl\/index.php\/wp-json\/wp\/v2\/posts\/15410","targetHints":{"allow":["GET"]}}],"collection":[{"href":"https:\/\/wbp.lublin.pl\/index.php\/wp-json\/wp\/v2\/posts"}],"about":[{"href":"https:\/\/wbp.lublin.pl\/index.php\/wp-json\/wp\/v2\/types\/post"}],"author":[{"embeddable":true,"href":"https:\/\/wbp.lublin.pl\/index.php\/wp-json\/wp\/v2\/users\/8"}],"replies":[{"embeddable":true,"href":"https:\/\/wbp.lublin.pl\/index.php\/wp-json\/wp\/v2\/comments?post=15410"}],"version-history":[{"count":1,"href":"https:\/\/wbp.lublin.pl\/index.php\/wp-json\/wp\/v2\/posts\/15410\/revisions"}],"predecessor-version":[{"id":15411,"href":"https:\/\/wbp.lublin.pl\/index.php\/wp-json\/wp\/v2\/posts\/15410\/revisions\/15411"}],"wp:featuredmedia":[{"embeddable":true,"href":"https:\/\/wbp.lublin.pl\/index.php\/wp-json\/wp\/v2\/media\/15418"}],"wp:attachment":[{"href":"https:\/\/wbp.lublin.pl\/index.php\/wp-json\/wp\/v2\/media?parent=15410"}],"wp:term":[{"taxonomy":"category","embeddable":true,"href":"https:\/\/wbp.lublin.pl\/index.php\/wp-json\/wp\/v2\/categories?post=15410"},{"taxonomy":"post_tag","embeddable":true,"href":"https:\/\/wbp.lublin.pl\/index.php\/wp-json\/wp\/v2\/tags?post=15410"}],"curies":[{"name":"wp","href":"https:\/\/api.w.org\/{rel}","templated":true}]}}