{"id":15841,"date":"2018-09-26T14:49:29","date_gmt":"2018-09-26T12:49:29","guid":{"rendered":"https:\/\/wbp.lublin.pl8\/?p=15841"},"modified":"2018-10-31T14:52:12","modified_gmt":"2018-10-31T13:52:12","slug":"dkk-w-zamosciu-2","status":"publish","type":"post","link":"https:\/\/wbp.lublin.pl\/index.php\/2018\/09\/26\/dkk-w-zamosciu-2\/","title":{"rendered":"DKK w Zamo\u015bciu"},"content":{"rendered":"<p>BIBLIOTEKA: Biblioteka Pedagogiczna w Zamo\u015bciu<br \/>\nMODERATOR: Anetta Sienkiewicz<br \/>\nMIEJSCOWO\u015a\u0106: Zamo\u015b\u0107<br \/>\nKONTAKT: 84 638 49 39, sienkiewiczanetta62@gmail.com<!--more-->26<\/p>\n","protected":false},"excerpt":{"rendered":"<p>BIBLIOTEKA: Biblioteka Pedagogiczna w Zamo\u015bciu MODERATOR: Anetta Sienkiewicz MIEJSCOWO\u015a\u0106: Zamo\u015b\u0107 KONTAKT: 84 638 49 39, sienkiewiczanetta62@gmail.com<\/p>\n","protected":false},"author":9,"featured_media":0,"comment_status":"closed","ping_status":"closed","sticky":false,"template":"","format":"standard","meta":{"_tec_requires_first_save":true,"_crdt_document":"","pgc_sgb_lightbox_settings":"","_EventAllDay":false,"_EventTimezone":"","_EventStartDate":"","_EventEndDate":"","_EventStartDateUTC":"","_EventEndDateUTC":"","_EventShowMap":false,"_EventShowMapLink":false,"_EventURL":"","_EventCost":"","_EventCostDescription":"","_EventCurrencySymbol":"","_EventCurrencyCode":"","_EventCurrencyPosition":"","_EventDateTimeSeparator":"","_EventTimeRangeSeparator":"","_EventOrganizerID":[],"_EventVenueID":[],"_OrganizerEmail":"","_OrganizerPhone":"","_OrganizerWebsite":"","_VenueAddress":"","_VenueCity":"","_VenueCountry":"","_VenueProvince":"","_VenueState":"","_VenueZip":"","_VenuePhone":"","_VenueURL":"","_VenueStateProvince":"","_VenueLat":"","_VenueLng":"","_VenueShowMap":false,"_VenueShowMapLink":false,"_tribe_blocks_recurrence_rules":"","_tribe_blocks_recurrence_description":"","_tribe_blocks_recurrence_exclusions":"","footnotes":""},"categories":[1],"tags":[],"class_list":["post-15841","post","type-post","status-publish","format-standard","hentry","category-bez-kategorii"],"publishpress_future_action":{"enabled":false,"date":"2026-05-06 15:53:57","action":"change-status","newStatus":"draft","terms":[],"taxonomy":"category","extraData":[]},"publishpress_future_workflow_manual_trigger":{"enabledWorkflows":[]},"_links":{"self":[{"href":"https:\/\/wbp.lublin.pl\/index.php\/wp-json\/wp\/v2\/posts\/15841","targetHints":{"allow":["GET"]}}],"collection":[{"href":"https:\/\/wbp.lublin.pl\/index.php\/wp-json\/wp\/v2\/posts"}],"about":[{"href":"https:\/\/wbp.lublin.pl\/index.php\/wp-json\/wp\/v2\/types\/post"}],"author":[{"embeddable":true,"href":"https:\/\/wbp.lublin.pl\/index.php\/wp-json\/wp\/v2\/users\/9"}],"replies":[{"embeddable":true,"href":"https:\/\/wbp.lublin.pl\/index.php\/wp-json\/wp\/v2\/comments?post=15841"}],"version-history":[{"count":2,"href":"https:\/\/wbp.lublin.pl\/index.php\/wp-json\/wp\/v2\/posts\/15841\/revisions"}],"predecessor-version":[{"id":16282,"href":"https:\/\/wbp.lublin.pl\/index.php\/wp-json\/wp\/v2\/posts\/15841\/revisions\/16282"}],"wp:attachment":[{"href":"https:\/\/wbp.lublin.pl\/index.php\/wp-json\/wp\/v2\/media?parent=15841"}],"wp:term":[{"taxonomy":"category","embeddable":true,"href":"https:\/\/wbp.lublin.pl\/index.php\/wp-json\/wp\/v2\/categories?post=15841"},{"taxonomy":"post_tag","embeddable":true,"href":"https:\/\/wbp.lublin.pl\/index.php\/wp-json\/wp\/v2\/tags?post=15841"}],"curies":[{"name":"wp","href":"https:\/\/api.w.org\/{rel}","templated":true}]}}