{"id":15856,"date":"2018-10-15T14:20:00","date_gmt":"2018-10-15T12:20:00","guid":{"rendered":"https:\/\/wbp.lublin.pl8\/?p=15856"},"modified":"2018-11-08T14:21:51","modified_gmt":"2018-11-08T13:21:51","slug":"nabytki-do-ksiegozbioru-naukowego-wrzesien-2018","status":"publish","type":"post","link":"https:\/\/wbp.lublin.pl\/index.php\/2018\/10\/15\/nabytki-do-ksiegozbioru-naukowego-wrzesien-2018\/","title":{"rendered":"Nabytki do Ksi\u0119gozbioru Naukowego (wrzesie\u0144 2018)"},"content":{"rendered":"<p><!--more--><\/p>\n<p>1.\u00a0\u00a0\u00a0\u00a0\u00a0<b>Baden-Powell R.<\/b>\u00a0Podr\u0119cznik skauta : ksi\u0105\u017cka dla m\u0142odych harcerzy, Krak\u00f3w 2017<\/p>\n<p>2.\u00a0\u00a0\u00a0\u00a0\u00a0<b>Bar\u0107 S.<\/b>\u00a0(red.) Rzecz pi\u0119kna, m\u0105dra, dobra&#8230; T.3, Wroc\u0142aw 2018<\/p>\n<p>3.\u00a0\u00a0\u00a0\u00a0\u00a0Batalion Harcerski Wojsk Polskich : zarys historyczny 1918-1938, Krak\u00f3w 2018<\/p>\n<p>4.\u00a0\u00a0\u00a0\u00a0\u00a0<b>Betley K.<\/b>\u00a0Skauci w polu : podr\u0119cznik dla harcerzy, Krak\u00f3w 2018<\/p>\n<p>5.\u00a0\u00a0\u00a0\u00a0\u00a0<b>Bia\u0142kowski B.<\/b>\u00a0Na s\u0142owie harcerza mo\u017cna polega\u0107 : (gaw\u0119da), Krak\u00f3w 2017<\/p>\n<p>6.\u00a0\u00a0\u00a0\u00a0\u00a0<b>Bo\u017cek E.<\/b>\u00a0Energetyka solarna w badaniach naukowych, Pozna\u0144 2018<\/p>\n<p>7.\u00a0\u00a0\u00a0\u00a0\u00a0Dzieje kr\u00f3la Karola i rycerza Elegasta : niderlandzki epos rycerski z XIII wieku, Lublin 2017<\/p>\n<p>8.\u00a0\u00a0\u00a0\u00a0\u00a0Encyclopedia of the ghetto : the unfinished project of the \u0141\u00f3d\u017a Ghetto archivists, \u0141\u00f3d\u017a 2017<\/p>\n<p>9.\u00a0\u00a0\u00a0\u00a0\u00a0<b>Felchner A.<\/b>\u00a0Koncepcje organizacyjne higieny szkolnej w II Rzeczypospolitej w \u015bwietle publikacji z czasopism (wyb\u00f3r tekst\u00f3w), Piotrk\u00f3w Trybunalski 2017<\/p>\n<p>10.<b>Frontinus.<\/b>\u00a0O akweduktach miasta Rzymu ; Traktaty miernicze, \u0141od\u017a 2017<\/p>\n<p>11.<b>Gmiterek H.<\/b>(opr.)\u00a0Deputaci Trybuna\u0142u Koronnego 1578-1794 : spis. T.1- 5, Lublin 2017<\/p>\n<p>12.<b>Grodziski S.<\/b>\u00a0Sejm Krajowy galicyjski 1861-1914. T.1-2, Krak\u00f3w 2018<\/p>\n<p>13.<b>Harasim A.<\/b>\u00a0Dzia\u0142alno\u015b\u0107 Zak\u0142adu Ekonomiki i Organizacji Produkcji Ro\u015blinnej oraz bibliografia prac z lat 1952-1998, Pu\u0142awy 2017<\/p>\n<p>14.<b>Jak\u00f3bowski J.<\/b>\u00a0Kolejowy jedwabny szlak : po\u0142\u0105czenie kolejowe UE-Chiny : uwarunkowania, aktorzy, interesy, Warszawa 2018<\/p>\n<p>15.<b>Jaremczuk E.J.<\/b>(red.) To\u017csamo\u015b\u0107 kulturowa a migracje &#8211; szkice politologiczne w zakresie bezpiecze\u0144stwa kulturowego, Pozna\u0144 2018<\/p>\n<p>16.<b>Jasi\u0144ski Z.<\/b>\u00a0Griffith-Sydney : listy : Zbigniew Jasi\u0144ski &#8211; Roman Gronowski 1954-1959, Toru\u0144 2017<\/p>\n<p>17.<b>Kaczmarek H.<\/b>\u00a0Przed\u015bwit polskiej egiptologii : szkice biograficzne, Szczecin 2018<\/p>\n<p>18.<b>Ka\u0142uski M.<\/b>\u00a0Sprawy kresowe : poza cenzur\u0105. T.1 Toru\u0144 2017<\/p>\n<p>19.<b>Ka\u0142uski M.<\/b>\u00a0Sprawy kresowe : poza cenzur\u0105. T.2 Toru\u0144 2018<\/p>\n<p>20.<b>Kami\u0144ski A.<\/b>\u00a0Niech nas uczy historia, Krak\u00f3w 2017<\/p>\n<p>21.<b>Kawalec R.<\/b>\u00a0Instytucja gniazd harcerskich i osada harcerska, Krak\u00f3w 2018<\/p>\n<p>22.<b>Kisiel J.<\/b>\u00a0W\u0142adys\u0142aw Seby\u0142a : lektury, Katowice 2017<\/p>\n<p>23.Ko\u015bci\u00f3\u0142 katolicki na Syberii Zachodniej w XIX i pocz\u0105tkach XX wieku, Kielce 2017<\/p>\n<p>24.<b>Kupisz D.<\/b>\u00a0Kochanowscy w XV-XVIII wieku, Warszawa 2018<\/p>\n<p>25.<b>Leociak J.<\/b>\u00a0Biografie ulic : o \u017cydowskich ulicach Warszawy od narodzin po Zag\u0142ad\u0119, Warszawa 2017<\/p>\n<p>26.<b>Mado\u0144 T.<\/b>\u00a0\u0179r\u00f3d\u0142a historii wsi i parafii Wysoka, Z\u0105bki 2018<\/p>\n<p>27.<b>Maryniarczyk A.<\/b>\u00a0Dlaczego stworzenie &#8222;ex nihilo&#8221; : teoria metafizycznego kreacjonizmu, Lublin 2018<\/p>\n<p>28.<b>Mazur J.<\/b>\u00a0Ich czas nigdy nie minie, Warszawa 2017<\/p>\n<p>29.<b>Meyer M.<\/b>\u00a0Niemieckie odznaczenia bojowe z okresu III Rzeszy. T.2, O\u015bwi\u0119cim 2018<\/p>\n<p>30.<b>Moczulski L.<\/b>\u00a0Nuty od Franciszka, Sopot 2018<\/p>\n<p>31.Na dalsz\u0105 drog\u0119 : uwagi i my\u015bli o Ruchu Starszego Harcerstwa, Krak\u00f3w 2018<\/p>\n<p>32.<b>Ogonowska H.<\/b>\u00a0Gorzkie okruchy wierszem pozbierane, Krzeszowice 2018<\/p>\n<p>33.<b>Oleszczyk K.<\/b>\u00a0Historia cz\u0119stochowskich zabaw literackich i rozrywek umys\u0142owych, Konstancin 2018<\/p>\n<p>34.<b>Paszko M.<\/b>\u00a0Wielkopolskie ofiary niemieckiego ludob\u00f3jstwa, Toru\u0144 2018<\/p>\n<div>35.<b>Platonov A.<\/b>\u00a0Wykop, Konin 2017<\/div>\n<p>36.<b>Przenios\u0142o M.\u00a0<\/b>Pomoc dzieciom w dzia\u0142alno\u015bci Rady G\u0142\u00f3wnej Opieku\u0144czej w latach 1915-1921, Kielce 2017<\/p>\n<p>37.Putin po raz czwarty : stan i perspektywy Rosji (2018-2024), Warszawa 2018<\/p>\n<p>38.<b>Reuven R.\u00a0<\/b>(opr.) \u017beglarze z d\u017cungli : jedyna w \u015bwiecie antologia literatury malajskiej (XIV &#8211; XX wiek), Krak\u00f3w 2017<\/p>\n<p>39.<b>Rolnik D.<\/b>\u00a0Wojew\u00f3dztwo mi\u0144skie i Jele\u0144scy w \u017cyciu publicznym Rzeczypospolitej w latach 1764-1795 w \u015bwietle ich korespondencji, Katowice 2018<\/p>\n<p>40.Starsze Harcerstwo : jednodni\u00f3wka, Krak\u00f3w 2018<\/p>\n<p>41.<b>Stolarczyk M.<\/b>\u00a0Nervus belli : bezpiecze\u0144stwo wojskowo-skarbowe Rzeczypospolitej w XVI i XVII wieku, Piotrk\u00f3w Trybunalski 2017<\/p>\n<p>42.<b>Surdej M.<\/b>\u00a0Okr\u0119g Rzeszowski Narodowej Organizacji Wojskowej &#8211; Narodowego Zjednoczenia Wojskowego w latach 1944-1947, Rzesz\u00f3w 2018<\/p>\n<p>43.<b>Szplit A.<\/b>\u00a0Bariery psychiczne uczni\u00f3w w procesie uczenia si\u0119 j\u0119zyka angielskiego : diagnozowanie i pokonywanie, Kielce 2017<\/p>\n<p>44.<b>Tomicki G.<\/b>\u00a0By\u0107 jak John Irving, \u0141\u00f3d\u017a 2017<\/p>\n<p>45.<b>Walencik S.<\/b>\u00a0Jedna kreska \u015bwiata, Radzy\u0144 Podlaski 2018<\/p>\n<p>46.<b>Wi\u015bniewska-Rutkowska L.<\/b>\u00a0My\u015bli i czyny : Henryk Kamie\u0144ski &#8211; filozof i polityk, Toru\u0144 2017<\/p>\n<p>47.<b>Zawadzka B.<\/b>\u00a0Pedagogika zdrowia w teorii i praktyce, Kielce 2017<\/p>\n<p>48.<b>Zawojski P.<\/b>\u00a0Ruchome obrazy zatrzymane w pami\u0119ci : reminiscencje teoretyczne i krytyczne, Katowice 2017<\/p>\n<p>49.<b>Zdanek M.\u00a0<\/b>Uniwersytet Krakowski wobec w\u0142asnej przesz\u0142o\u015bci w XV-XVI wieku, Krak\u00f3w 2017<\/p>\n<div>50.<b>Zi\u0144czuk A.<\/b>\u00a0JA DE, Sopot 2018<\/div>\n<p>&nbsp;<\/p>\n<div><\/div>\n","protected":false},"excerpt":{"rendered":"","protected":false},"author":11,"featured_media":16315,"comment_status":"closed","ping_status":"closed","sticky":false,"template":"","format":"standard","meta":{"_tec_requires_first_save":true,"_crdt_document":"","pgc_sgb_lightbox_settings":"","_EventAllDay":false,"_EventTimezone":"","_EventStartDate":"","_EventEndDate":"","_EventStartDateUTC":"","_EventEndDateUTC":"","_EventShowMap":false,"_EventShowMapLink":false,"_EventURL":"","_EventCost":"","_EventCostDescription":"","_EventCurrencySymbol":"","_EventCurrencyCode":"","_EventCurrencyPosition":"","_EventDateTimeSeparator":"","_EventTimeRangeSeparator":"","_EventOrganizerID":[],"_EventVenueID":[],"_OrganizerEmail":"","_OrganizerPhone":"","_OrganizerWebsite":"","_VenueAddress":"","_VenueCity":"","_VenueCountry":"","_VenueProvince":"","_VenueState":"","_VenueZip":"","_VenuePhone":"","_VenueURL":"","_VenueStateProvince":"","_VenueLat":"","_VenueLng":"","_VenueShowMap":false,"_VenueShowMapLink":false,"_tribe_blocks_recurrence_rules":"","_tribe_blocks_recurrence_description":"","_tribe_blocks_recurrence_exclusions":"","footnotes":""},"categories":[509,57],"tags":[],"class_list":["post-15856","post","type-post","status-publish","format-standard","has-post-thumbnail","hentry","category-nowe-nabytki","category-nowe-nabytki-do-ksigozbioru-naukowego"],"publishpress_future_action":{"enabled":false,"date":"2026-05-06 10:14:18","action":"change-status","newStatus":"draft","terms":[],"taxonomy":"category","extraData":[]},"publishpress_future_workflow_manual_trigger":{"enabledWorkflows":[]},"_links":{"self":[{"href":"https:\/\/wbp.lublin.pl\/index.php\/wp-json\/wp\/v2\/posts\/15856","targetHints":{"allow":["GET"]}}],"collection":[{"href":"https:\/\/wbp.lublin.pl\/index.php\/wp-json\/wp\/v2\/posts"}],"about":[{"href":"https:\/\/wbp.lublin.pl\/index.php\/wp-json\/wp\/v2\/types\/post"}],"author":[{"embeddable":true,"href":"https:\/\/wbp.lublin.pl\/index.php\/wp-json\/wp\/v2\/users\/11"}],"replies":[{"embeddable":true,"href":"https:\/\/wbp.lublin.pl\/index.php\/wp-json\/wp\/v2\/comments?post=15856"}],"version-history":[{"count":2,"href":"https:\/\/wbp.lublin.pl\/index.php\/wp-json\/wp\/v2\/posts\/15856\/revisions"}],"predecessor-version":[{"id":16316,"href":"https:\/\/wbp.lublin.pl\/index.php\/wp-json\/wp\/v2\/posts\/15856\/revisions\/16316"}],"wp:featuredmedia":[{"embeddable":true,"href":"https:\/\/wbp.lublin.pl\/index.php\/wp-json\/wp\/v2\/media\/16315"}],"wp:attachment":[{"href":"https:\/\/wbp.lublin.pl\/index.php\/wp-json\/wp\/v2\/media?parent=15856"}],"wp:term":[{"taxonomy":"category","embeddable":true,"href":"https:\/\/wbp.lublin.pl\/index.php\/wp-json\/wp\/v2\/categories?post=15856"},{"taxonomy":"post_tag","embeddable":true,"href":"https:\/\/wbp.lublin.pl\/index.php\/wp-json\/wp\/v2\/tags?post=15856"}],"curies":[{"name":"wp","href":"https:\/\/api.w.org\/{rel}","templated":true}]}}