{"id":15863,"date":"2018-10-24T08:48:26","date_gmt":"2018-10-24T06:48:26","guid":{"rendered":"https:\/\/wbp.lublin.pl8\/?p=15863"},"modified":"2018-11-09T08:53:17","modified_gmt":"2018-11-09T07:53:17","slug":"fotorelacja-z-wernisazu-wystawy-mala-i-duza-ojczyzna-100-lat-odzyskania-niepodleglosci","status":"publish","type":"post","link":"https:\/\/wbp.lublin.pl\/index.php\/2018\/10\/24\/fotorelacja-z-wernisazu-wystawy-mala-i-duza-ojczyzna-100-lat-odzyskania-niepodleglosci\/","title":{"rendered":"Fotorelacja z wernisa\u017cu wystawy Ma\u0142a i du\u017ca Ojczyzna. 100 lat odzyskania niepodleg\u0142o\u015bci"},"content":{"rendered":"<p><!--more--><\/p>\n<p>17 pa\u017adziernika 2018 w Wojew\u00f3dzkiej Bibliotece Publicznej im. H. \u0141opaci\u0144skiego w Lublinie odby\u0142 si\u0119 wernisa\u017c wystawy\u00a0<em><strong>Ma\u0142a i du\u017ca Ojczyzna. 100 lat odzyskania niepodleg\u0142o\u015bci<\/strong><\/em>. Na wystawie zaprezentowano prace plastyczne uczni\u00f3w\u00a0<strong>Specjalnego O\u015brodka Szkolno-Wychowawczego nr 2 w Lublinie<\/strong>. Projekt zrealizowano we wsp\u00f3\u0142pracy z\u00a0<strong>Wojew\u00f3dztwem Lubelskim<\/strong>\u00a0i\u00a0<strong>Stowarzyszeniem na Rzecz Dzieci i M\u0142odzie\u017cy Niepe\u0142nosprawnej Intelektualnie Oraz Ich Rodzin \u201eJeste\u015bmy W\u015br\u00f3d Was\u201d<\/strong>.<\/p>\n<div id='gallery-1' class='gallery galleryid-15863 gallery-columns-3 gallery-size-thumbnail'><figure class='gallery-item'>\n\t\t\t<div class='gallery-icon portrait'>\n\t\t\t\t<a href='https:\/\/wbp.lublin.pl\/index.php\/2018\/10\/24\/fotorelacja-z-wernisazu-wystawy-mala-i-duza-ojczyzna-100-lat-odzyskania-niepodleglosci\/1-21\/'><img loading=\"lazy\" decoding=\"async\" width=\"267\" height=\"400\" src=\"https:\/\/wbp.lublin.pl\/wp-content\/uploads\/2018\/11\/1-5-267x400.webp\" class=\"attachment-thumbnail size-thumbnail not-transparent\" alt=\"\" srcset=\"https:\/\/wbp.lublin.pl\/wp-content\/uploads\/2018\/11\/1-5-267x400.webp 267w, https:\/\/wbp.lublin.pl\/wp-content\/uploads\/2018\/11\/1-5-400x600.webp 400w, https:\/\/wbp.lublin.pl\/wp-content\/uploads\/2018\/11\/1-5-624x936.webp 624w, https:\/\/wbp.lublin.pl\/wp-content\/uploads\/2018\/11\/1-5.webp 667w\" sizes=\"auto, (max-width: 267px) 100vw, 267px\" data-has-transparency=\"false\" data-dominant-color=\"766565\" style=\"--dominant-color: #766565;\" \/><\/a>\n\t\t\t<\/div><\/figure><figure class='gallery-item'>\n\t\t\t<div class='gallery-icon landscape'>\n\t\t\t\t<a href='https:\/\/wbp.lublin.pl\/index.php\/2018\/10\/24\/fotorelacja-z-wernisazu-wystawy-mala-i-duza-ojczyzna-100-lat-odzyskania-niepodleglosci\/2-18\/'><img loading=\"lazy\" decoding=\"async\" width=\"400\" height=\"267\" src=\"https:\/\/wbp.lublin.pl\/wp-content\/uploads\/2018\/11\/2-3-400x267.webp\" class=\"attachment-thumbnail size-thumbnail not-transparent\" alt=\"\" srcset=\"https:\/\/wbp.lublin.pl\/wp-content\/uploads\/2018\/11\/2-3-400x267.webp 400w, https:\/\/wbp.lublin.pl\/wp-content\/uploads\/2018\/11\/2-3-600x400.webp 600w, https:\/\/wbp.lublin.pl\/wp-content\/uploads\/2018\/11\/2-3-768x512.webp 768w, https:\/\/wbp.lublin.pl\/wp-content\/uploads\/2018\/11\/2-3-947x631.webp 947w, https:\/\/wbp.lublin.pl\/wp-content\/uploads\/2018\/11\/2-3-624x416.webp 624w, https:\/\/wbp.lublin.pl\/wp-content\/uploads\/2018\/11\/2-3-84x56.webp 84w, https:\/\/wbp.lublin.pl\/wp-content\/uploads\/2018\/11\/2-3.webp 1500w\" sizes=\"auto, (max-width: 400px) 100vw, 400px\" data-has-transparency=\"false\" data-dominant-color=\"777775\" style=\"--dominant-color: #777775;\" \/><\/a>\n\t\t\t<\/div><\/figure><figure class='gallery-item'>\n\t\t\t<div class='gallery-icon landscape'>\n\t\t\t\t<a href='https:\/\/wbp.lublin.pl\/index.php\/2018\/10\/24\/fotorelacja-z-wernisazu-wystawy-mala-i-duza-ojczyzna-100-lat-odzyskania-niepodleglosci\/3-17\/'><img loading=\"lazy\" decoding=\"async\" width=\"400\" height=\"267\" src=\"https:\/\/wbp.lublin.pl\/wp-content\/uploads\/2018\/11\/3-2-400x267.webp\" class=\"attachment-thumbnail size-thumbnail not-transparent\" alt=\"\" srcset=\"https:\/\/wbp.lublin.pl\/wp-content\/uploads\/2018\/11\/3-2-400x267.webp 400w, https:\/\/wbp.lublin.pl\/wp-content\/uploads\/2018\/11\/3-2-600x400.webp 600w, https:\/\/wbp.lublin.pl\/wp-content\/uploads\/2018\/11\/3-2-768x512.webp 768w, https:\/\/wbp.lublin.pl\/wp-content\/uploads\/2018\/11\/3-2-947x631.webp 947w, https:\/\/wbp.lublin.pl\/wp-content\/uploads\/2018\/11\/3-2-624x416.webp 624w, https:\/\/wbp.lublin.pl\/wp-content\/uploads\/2018\/11\/3-2-84x56.webp 84w, https:\/\/wbp.lublin.pl\/wp-content\/uploads\/2018\/11\/3-2.webp 1500w\" sizes=\"auto, (max-width: 400px) 100vw, 400px\" data-has-transparency=\"false\" data-dominant-color=\"87766d\" style=\"--dominant-color: #87766d;\" \/><\/a>\n\t\t\t<\/div><\/figure><figure class='gallery-item'>\n\t\t\t<div class='gallery-icon landscape'>\n\t\t\t\t<a href='https:\/\/wbp.lublin.pl\/index.php\/2018\/10\/24\/fotorelacja-z-wernisazu-wystawy-mala-i-duza-ojczyzna-100-lat-odzyskania-niepodleglosci\/4-15\/'><img loading=\"lazy\" decoding=\"async\" width=\"400\" height=\"267\" src=\"https:\/\/wbp.lublin.pl\/wp-content\/uploads\/2018\/11\/4-4-jpg-avif-400x267.jpg\" class=\"attachment-thumbnail size-thumbnail not-transparent\" alt=\"\" srcset=\"https:\/\/wbp.lublin.pl\/wp-content\/uploads\/2018\/11\/4-4-jpg-avif-400x267.jpg 400w, https:\/\/wbp.lublin.pl\/wp-content\/uploads\/2018\/11\/4-4-jpg-avif-600x400.jpg 600w, https:\/\/wbp.lublin.pl\/wp-content\/uploads\/2018\/11\/4-4-jpg-avif-768x512.jpg 768w, https:\/\/wbp.lublin.pl\/wp-content\/uploads\/2018\/11\/4-4-jpg-avif-947x631.jpg 947w, https:\/\/wbp.lublin.pl\/wp-content\/uploads\/2018\/11\/4-4-jpg-avif-624x416.jpg 624w, https:\/\/wbp.lublin.pl\/wp-content\/uploads\/2018\/11\/4-4-jpg-avif-84x56.jpg 84w, https:\/\/wbp.lublin.pl\/wp-content\/uploads\/2018\/11\/4-4-jpg-avif.avif 1500w\" sizes=\"auto, (max-width: 400px) 100vw, 400px\" data-has-transparency=\"false\" data-dominant-color=\"8a7e80\" style=\"--dominant-color: #8a7e80;\" \/><\/a>\n\t\t\t<\/div><\/figure><figure class='gallery-item'>\n\t\t\t<div class='gallery-icon landscape'>\n\t\t\t\t<a href='https:\/\/wbp.lublin.pl\/index.php\/2018\/10\/24\/fotorelacja-z-wernisazu-wystawy-mala-i-duza-ojczyzna-100-lat-odzyskania-niepodleglosci\/5-19\/'><img loading=\"lazy\" decoding=\"async\" width=\"400\" height=\"267\" src=\"https:\/\/wbp.lublin.pl\/wp-content\/uploads\/2018\/11\/5-4-400x267.webp\" class=\"attachment-thumbnail size-thumbnail not-transparent\" alt=\"\" aria-describedby=\"gallery-1-16389\" srcset=\"https:\/\/wbp.lublin.pl\/wp-content\/uploads\/2018\/11\/5-4-400x267.webp 400w, https:\/\/wbp.lublin.pl\/wp-content\/uploads\/2018\/11\/5-4-600x400.webp 600w, https:\/\/wbp.lublin.pl\/wp-content\/uploads\/2018\/11\/5-4-768x512.webp 768w, https:\/\/wbp.lublin.pl\/wp-content\/uploads\/2018\/11\/5-4-947x631.webp 947w, https:\/\/wbp.lublin.pl\/wp-content\/uploads\/2018\/11\/5-4-624x416.webp 624w, https:\/\/wbp.lublin.pl\/wp-content\/uploads\/2018\/11\/5-4-84x56.webp 84w, https:\/\/wbp.lublin.pl\/wp-content\/uploads\/2018\/11\/5-4.webp 1500w\" sizes=\"auto, (max-width: 400px) 100vw, 400px\" data-has-transparency=\"false\" data-dominant-color=\"a49397\" style=\"--dominant-color: #a49397;\" \/><\/a>\n\t\t\t<\/div>\n\t\t\t\t<figcaption class='wp-caption-text gallery-caption' id='gallery-1-16389'>\n\t\t\t\tWyst\u0105pienie Beaty Soko\u0142owskiej \u2013 Zast\u0119pcy Dyrektora Specjalnego O\u015brodka Szkolno-Wychowawczego nr 2 w Lublinie \n\t\t\t\t<\/figcaption><\/figure><figure class='gallery-item'>\n\t\t\t<div class='gallery-icon landscape'>\n\t\t\t\t<a href='https:\/\/wbp.lublin.pl\/index.php\/2018\/10\/24\/fotorelacja-z-wernisazu-wystawy-mala-i-duza-ojczyzna-100-lat-odzyskania-niepodleglosci\/6-20\/'><img loading=\"lazy\" decoding=\"async\" width=\"400\" height=\"267\" src=\"https:\/\/wbp.lublin.pl\/wp-content\/uploads\/2018\/11\/6-4-400x267.webp\" class=\"attachment-thumbnail size-thumbnail not-transparent\" alt=\"\" aria-describedby=\"gallery-1-16390\" srcset=\"https:\/\/wbp.lublin.pl\/wp-content\/uploads\/2018\/11\/6-4-400x267.webp 400w, https:\/\/wbp.lublin.pl\/wp-content\/uploads\/2018\/11\/6-4-600x400.webp 600w, https:\/\/wbp.lublin.pl\/wp-content\/uploads\/2018\/11\/6-4-768x512.webp 768w, https:\/\/wbp.lublin.pl\/wp-content\/uploads\/2018\/11\/6-4-947x631.webp 947w, https:\/\/wbp.lublin.pl\/wp-content\/uploads\/2018\/11\/6-4-624x416.webp 624w, https:\/\/wbp.lublin.pl\/wp-content\/uploads\/2018\/11\/6-4-84x56.webp 84w, https:\/\/wbp.lublin.pl\/wp-content\/uploads\/2018\/11\/6-4.webp 1500w\" sizes=\"auto, (max-width: 400px) 100vw, 400px\" data-has-transparency=\"false\" data-dominant-color=\"81716e\" style=\"--dominant-color: #81716e;\" \/><\/a>\n\t\t\t<\/div>\n\t\t\t\t<figcaption class='wp-caption-text gallery-caption' id='gallery-1-16390'>\n\t\t\t\tPodzi\u0119kowania i przygotowane przez uczni\u00f3w Specjalnego O\u015brodka Szkolno-Wychowawczego nr 2 w Lublinie upominki\n\t\t\t\t<\/figcaption><\/figure><figure class='gallery-item'>\n\t\t\t<div class='gallery-icon portrait'>\n\t\t\t\t<a href='https:\/\/wbp.lublin.pl\/index.php\/2018\/10\/24\/fotorelacja-z-wernisazu-wystawy-mala-i-duza-ojczyzna-100-lat-odzyskania-niepodleglosci\/7-17\/'><img loading=\"lazy\" decoding=\"async\" width=\"267\" height=\"400\" src=\"https:\/\/wbp.lublin.pl\/wp-content\/uploads\/2018\/11\/7-3-267x400.webp\" class=\"attachment-thumbnail size-thumbnail not-transparent\" alt=\"\" aria-describedby=\"gallery-1-16391\" srcset=\"https:\/\/wbp.lublin.pl\/wp-content\/uploads\/2018\/11\/7-3-267x400.webp 267w, https:\/\/wbp.lublin.pl\/wp-content\/uploads\/2018\/11\/7-3-400x600.webp 400w, https:\/\/wbp.lublin.pl\/wp-content\/uploads\/2018\/11\/7-3-624x936.webp 624w, https:\/\/wbp.lublin.pl\/wp-content\/uploads\/2018\/11\/7-3.webp 667w\" sizes=\"auto, (max-width: 267px) 100vw, 267px\" data-has-transparency=\"false\" data-dominant-color=\"695a55\" style=\"--dominant-color: #695a55;\" \/><\/a>\n\t\t\t<\/div>\n\t\t\t\t<figcaption class='wp-caption-text gallery-caption' id='gallery-1-16391'>\n\t\t\t\tEkspozycj\u0119 przybli\u017cy\u0142a Marta Lipi\u0144ska-Wa\u0142dowska\n\t\t\t\t<\/figcaption><\/figure><figure class='gallery-item'>\n\t\t\t<div class='gallery-icon portrait'>\n\t\t\t\t<a href='https:\/\/wbp.lublin.pl\/index.php\/2018\/10\/24\/fotorelacja-z-wernisazu-wystawy-mala-i-duza-ojczyzna-100-lat-odzyskania-niepodleglosci\/8-16\/'><img loading=\"lazy\" decoding=\"async\" width=\"267\" height=\"400\" src=\"https:\/\/wbp.lublin.pl\/wp-content\/uploads\/2018\/11\/8-3-267x400.webp\" class=\"attachment-thumbnail size-thumbnail not-transparent\" alt=\"\" aria-describedby=\"gallery-1-16392\" srcset=\"https:\/\/wbp.lublin.pl\/wp-content\/uploads\/2018\/11\/8-3-267x400.webp 267w, https:\/\/wbp.lublin.pl\/wp-content\/uploads\/2018\/11\/8-3-400x600.webp 400w, https:\/\/wbp.lublin.pl\/wp-content\/uploads\/2018\/11\/8-3-624x936.webp 624w, https:\/\/wbp.lublin.pl\/wp-content\/uploads\/2018\/11\/8-3.webp 667w\" sizes=\"auto, (max-width: 267px) 100vw, 267px\" data-has-transparency=\"false\" data-dominant-color=\"cab1a3\" style=\"--dominant-color: #cab1a3;\" \/><\/a>\n\t\t\t<\/div>\n\t\t\t\t<figcaption class='wp-caption-text gallery-caption' id='gallery-1-16392'>\n\t\t\t\tJacek Wa\u0142dowski (Pracownia Plastyczna WBP) &#8211; autor aran\u017cacji wystawy\n\t\t\t\t<\/figcaption><\/figure><figure class='gallery-item'>\n\t\t\t<div class='gallery-icon portrait'>\n\t\t\t\t<a href='https:\/\/wbp.lublin.pl\/index.php\/2018\/10\/24\/fotorelacja-z-wernisazu-wystawy-mala-i-duza-ojczyzna-100-lat-odzyskania-niepodleglosci\/9-11\/'><img loading=\"lazy\" decoding=\"async\" width=\"267\" height=\"400\" src=\"https:\/\/wbp.lublin.pl\/wp-content\/uploads\/2018\/11\/9-2-267x400.webp\" class=\"attachment-thumbnail size-thumbnail not-transparent\" alt=\"\" aria-describedby=\"gallery-1-16393\" srcset=\"https:\/\/wbp.lublin.pl\/wp-content\/uploads\/2018\/11\/9-2-267x400.webp 267w, https:\/\/wbp.lublin.pl\/wp-content\/uploads\/2018\/11\/9-2-400x600.webp 400w, https:\/\/wbp.lublin.pl\/wp-content\/uploads\/2018\/11\/9-2-624x936.webp 624w, https:\/\/wbp.lublin.pl\/wp-content\/uploads\/2018\/11\/9-2.webp 667w\" sizes=\"auto, (max-width: 267px) 100vw, 267px\" data-has-transparency=\"false\" data-dominant-color=\"63564e\" style=\"--dominant-color: #63564e;\" \/><\/a>\n\t\t\t<\/div>\n\t\t\t\t<figcaption class='wp-caption-text gallery-caption' id='gallery-1-16393'>\n\t\t\t\tUroczyste rozdanie dyplom\u00f3w m\u0142odym artystom\n\t\t\t\t<\/figcaption><\/figure><figure class='gallery-item'>\n\t\t\t<div class='gallery-icon landscape'>\n\t\t\t\t<a href='https:\/\/wbp.lublin.pl\/index.php\/2018\/10\/24\/fotorelacja-z-wernisazu-wystawy-mala-i-duza-ojczyzna-100-lat-odzyskania-niepodleglosci\/10-16\/'><img loading=\"lazy\" decoding=\"async\" width=\"400\" height=\"267\" src=\"https:\/\/wbp.lublin.pl\/wp-content\/uploads\/2018\/11\/10-2-400x267.webp\" class=\"attachment-thumbnail size-thumbnail not-transparent\" alt=\"\" srcset=\"https:\/\/wbp.lublin.pl\/wp-content\/uploads\/2018\/11\/10-2-400x267.webp 400w, https:\/\/wbp.lublin.pl\/wp-content\/uploads\/2018\/11\/10-2-600x400.webp 600w, https:\/\/wbp.lublin.pl\/wp-content\/uploads\/2018\/11\/10-2-768x512.webp 768w, https:\/\/wbp.lublin.pl\/wp-content\/uploads\/2018\/11\/10-2-947x631.webp 947w, https:\/\/wbp.lublin.pl\/wp-content\/uploads\/2018\/11\/10-2-624x416.webp 624w, https:\/\/wbp.lublin.pl\/wp-content\/uploads\/2018\/11\/10-2-84x56.webp 84w, https:\/\/wbp.lublin.pl\/wp-content\/uploads\/2018\/11\/10-2.webp 1500w\" sizes=\"auto, (max-width: 400px) 100vw, 400px\" data-has-transparency=\"false\" data-dominant-color=\"675a58\" style=\"--dominant-color: #675a58;\" \/><\/a>\n\t\t\t<\/div><\/figure><figure class='gallery-item'>\n\t\t\t<div class='gallery-icon landscape'>\n\t\t\t\t<a href='https:\/\/wbp.lublin.pl\/index.php\/2018\/10\/24\/fotorelacja-z-wernisazu-wystawy-mala-i-duza-ojczyzna-100-lat-odzyskania-niepodleglosci\/11-17\/'><img loading=\"lazy\" decoding=\"async\" width=\"400\" height=\"267\" src=\"https:\/\/wbp.lublin.pl\/wp-content\/uploads\/2018\/11\/11-2-400x267.webp\" class=\"attachment-thumbnail size-thumbnail not-transparent\" alt=\"\" srcset=\"https:\/\/wbp.lublin.pl\/wp-content\/uploads\/2018\/11\/11-2-400x267.webp 400w, https:\/\/wbp.lublin.pl\/wp-content\/uploads\/2018\/11\/11-2-600x400.webp 600w, https:\/\/wbp.lublin.pl\/wp-content\/uploads\/2018\/11\/11-2-768x512.webp 768w, https:\/\/wbp.lublin.pl\/wp-content\/uploads\/2018\/11\/11-2-947x631.webp 947w, https:\/\/wbp.lublin.pl\/wp-content\/uploads\/2018\/11\/11-2-624x416.webp 624w, https:\/\/wbp.lublin.pl\/wp-content\/uploads\/2018\/11\/11-2-84x56.webp 84w, https:\/\/wbp.lublin.pl\/wp-content\/uploads\/2018\/11\/11-2.webp 1500w\" sizes=\"auto, (max-width: 400px) 100vw, 400px\" data-has-transparency=\"false\" data-dominant-color=\"6d6061\" style=\"--dominant-color: #6d6061;\" \/><\/a>\n\t\t\t<\/div><\/figure><figure class='gallery-item'>\n\t\t\t<div class='gallery-icon landscape'>\n\t\t\t\t<a href='https:\/\/wbp.lublin.pl\/index.php\/2018\/10\/24\/fotorelacja-z-wernisazu-wystawy-mala-i-duza-ojczyzna-100-lat-odzyskania-niepodleglosci\/12-13\/'><img loading=\"lazy\" decoding=\"async\" width=\"400\" height=\"267\" src=\"https:\/\/wbp.lublin.pl\/wp-content\/uploads\/2018\/11\/12-2-400x267.webp\" class=\"attachment-thumbnail size-thumbnail not-transparent\" alt=\"\" srcset=\"https:\/\/wbp.lublin.pl\/wp-content\/uploads\/2018\/11\/12-2-400x267.webp 400w, https:\/\/wbp.lublin.pl\/wp-content\/uploads\/2018\/11\/12-2-600x400.webp 600w, https:\/\/wbp.lublin.pl\/wp-content\/uploads\/2018\/11\/12-2-768x512.webp 768w, https:\/\/wbp.lublin.pl\/wp-content\/uploads\/2018\/11\/12-2-947x631.webp 947w, https:\/\/wbp.lublin.pl\/wp-content\/uploads\/2018\/11\/12-2-624x416.webp 624w, https:\/\/wbp.lublin.pl\/wp-content\/uploads\/2018\/11\/12-2-84x56.webp 84w, https:\/\/wbp.lublin.pl\/wp-content\/uploads\/2018\/11\/12-2.webp 1500w\" sizes=\"auto, (max-width: 400px) 100vw, 400px\" data-has-transparency=\"false\" data-dominant-color=\"6f646b\" style=\"--dominant-color: #6f646b;\" \/><\/a>\n\t\t\t<\/div><\/figure><figure class='gallery-item'>\n\t\t\t<div class='gallery-icon landscape'>\n\t\t\t\t<a href='https:\/\/wbp.lublin.pl\/index.php\/2018\/10\/24\/fotorelacja-z-wernisazu-wystawy-mala-i-duza-ojczyzna-100-lat-odzyskania-niepodleglosci\/13-16\/'><img loading=\"lazy\" decoding=\"async\" width=\"400\" height=\"267\" src=\"https:\/\/wbp.lublin.pl\/wp-content\/uploads\/2018\/11\/13-1-400x267.webp\" class=\"attachment-thumbnail size-thumbnail not-transparent\" alt=\"\" srcset=\"https:\/\/wbp.lublin.pl\/wp-content\/uploads\/2018\/11\/13-1-400x267.webp 400w, https:\/\/wbp.lublin.pl\/wp-content\/uploads\/2018\/11\/13-1-600x400.webp 600w, https:\/\/wbp.lublin.pl\/wp-content\/uploads\/2018\/11\/13-1-768x512.webp 768w, https:\/\/wbp.lublin.pl\/wp-content\/uploads\/2018\/11\/13-1-947x631.webp 947w, https:\/\/wbp.lublin.pl\/wp-content\/uploads\/2018\/11\/13-1-624x416.webp 624w, https:\/\/wbp.lublin.pl\/wp-content\/uploads\/2018\/11\/13-1-84x56.webp 84w, https:\/\/wbp.lublin.pl\/wp-content\/uploads\/2018\/11\/13-1.webp 1500w\" sizes=\"auto, (max-width: 400px) 100vw, 400px\" data-has-transparency=\"false\" data-dominant-color=\"77656c\" style=\"--dominant-color: #77656c;\" \/><\/a>\n\t\t\t<\/div><\/figure><figure class='gallery-item'>\n\t\t\t<div class='gallery-icon landscape'>\n\t\t\t\t<a href='https:\/\/wbp.lublin.pl\/index.php\/2018\/10\/24\/fotorelacja-z-wernisazu-wystawy-mala-i-duza-ojczyzna-100-lat-odzyskania-niepodleglosci\/14-16\/'><img loading=\"lazy\" decoding=\"async\" width=\"400\" height=\"267\" src=\"https:\/\/wbp.lublin.pl\/wp-content\/uploads\/2018\/11\/14-2-400x267.webp\" class=\"attachment-thumbnail size-thumbnail not-transparent\" alt=\"\" srcset=\"https:\/\/wbp.lublin.pl\/wp-content\/uploads\/2018\/11\/14-2-400x267.webp 400w, https:\/\/wbp.lublin.pl\/wp-content\/uploads\/2018\/11\/14-2-600x400.webp 600w, https:\/\/wbp.lublin.pl\/wp-content\/uploads\/2018\/11\/14-2-768x512.webp 768w, https:\/\/wbp.lublin.pl\/wp-content\/uploads\/2018\/11\/14-2-947x631.webp 947w, https:\/\/wbp.lublin.pl\/wp-content\/uploads\/2018\/11\/14-2-624x416.webp 624w, https:\/\/wbp.lublin.pl\/wp-content\/uploads\/2018\/11\/14-2-84x56.webp 84w, https:\/\/wbp.lublin.pl\/wp-content\/uploads\/2018\/11\/14-2.webp 1500w\" sizes=\"auto, (max-width: 400px) 100vw, 400px\" data-has-transparency=\"false\" data-dominant-color=\"837270\" style=\"--dominant-color: #837270;\" \/><\/a>\n\t\t\t<\/div><\/figure><figure class='gallery-item'>\n\t\t\t<div class='gallery-icon landscape'>\n\t\t\t\t<a href='https:\/\/wbp.lublin.pl\/index.php\/2018\/10\/24\/fotorelacja-z-wernisazu-wystawy-mala-i-duza-ojczyzna-100-lat-odzyskania-niepodleglosci\/15-15\/'><img loading=\"lazy\" decoding=\"async\" width=\"400\" height=\"267\" src=\"https:\/\/wbp.lublin.pl\/wp-content\/uploads\/2018\/11\/15-1-400x267.webp\" class=\"attachment-thumbnail size-thumbnail not-transparent\" alt=\"\" srcset=\"https:\/\/wbp.lublin.pl\/wp-content\/uploads\/2018\/11\/15-1-400x267.webp 400w, https:\/\/wbp.lublin.pl\/wp-content\/uploads\/2018\/11\/15-1-600x400.webp 600w, https:\/\/wbp.lublin.pl\/wp-content\/uploads\/2018\/11\/15-1-768x512.webp 768w, https:\/\/wbp.lublin.pl\/wp-content\/uploads\/2018\/11\/15-1-947x631.webp 947w, https:\/\/wbp.lublin.pl\/wp-content\/uploads\/2018\/11\/15-1-624x416.webp 624w, https:\/\/wbp.lublin.pl\/wp-content\/uploads\/2018\/11\/15-1-84x56.webp 84w, https:\/\/wbp.lublin.pl\/wp-content\/uploads\/2018\/11\/15-1.webp 1500w\" sizes=\"auto, (max-width: 400px) 100vw, 400px\" data-has-transparency=\"false\" data-dominant-color=\"6c6362\" style=\"--dominant-color: #6c6362;\" \/><\/a>\n\t\t\t<\/div><\/figure><figure class='gallery-item'>\n\t\t\t<div class='gallery-icon landscape'>\n\t\t\t\t<a href='https:\/\/wbp.lublin.pl\/index.php\/2018\/10\/24\/fotorelacja-z-wernisazu-wystawy-mala-i-duza-ojczyzna-100-lat-odzyskania-niepodleglosci\/16-16\/'><img loading=\"lazy\" decoding=\"async\" width=\"400\" height=\"267\" src=\"https:\/\/wbp.lublin.pl\/wp-content\/uploads\/2018\/11\/16-1-400x267.webp\" class=\"attachment-thumbnail size-thumbnail not-transparent\" alt=\"\" srcset=\"https:\/\/wbp.lublin.pl\/wp-content\/uploads\/2018\/11\/16-1-400x267.webp 400w, https:\/\/wbp.lublin.pl\/wp-content\/uploads\/2018\/11\/16-1-600x400.webp 600w, https:\/\/wbp.lublin.pl\/wp-content\/uploads\/2018\/11\/16-1-768x512.webp 768w, https:\/\/wbp.lublin.pl\/wp-content\/uploads\/2018\/11\/16-1-947x631.webp 947w, https:\/\/wbp.lublin.pl\/wp-content\/uploads\/2018\/11\/16-1-624x416.webp 624w, https:\/\/wbp.lublin.pl\/wp-content\/uploads\/2018\/11\/16-1-84x56.webp 84w, https:\/\/wbp.lublin.pl\/wp-content\/uploads\/2018\/11\/16-1.webp 1500w\" sizes=\"auto, (max-width: 400px) 100vw, 400px\" data-has-transparency=\"false\" data-dominant-color=\"554b50\" style=\"--dominant-color: #554b50;\" \/><\/a>\n\t\t\t<\/div><\/figure><figure class='gallery-item'>\n\t\t\t<div class='gallery-icon landscape'>\n\t\t\t\t<a href='https:\/\/wbp.lublin.pl\/index.php\/2018\/10\/24\/fotorelacja-z-wernisazu-wystawy-mala-i-duza-ojczyzna-100-lat-odzyskania-niepodleglosci\/17-12\/'><img loading=\"lazy\" decoding=\"async\" width=\"400\" height=\"267\" src=\"https:\/\/wbp.lublin.pl\/wp-content\/uploads\/2018\/11\/17-400x267.webp\" class=\"attachment-thumbnail size-thumbnail not-transparent\" alt=\"\" srcset=\"https:\/\/wbp.lublin.pl\/wp-content\/uploads\/2018\/11\/17-400x267.webp 400w, https:\/\/wbp.lublin.pl\/wp-content\/uploads\/2018\/11\/17-600x400.webp 600w, https:\/\/wbp.lublin.pl\/wp-content\/uploads\/2018\/11\/17-768x512.webp 768w, https:\/\/wbp.lublin.pl\/wp-content\/uploads\/2018\/11\/17-947x631.webp 947w, https:\/\/wbp.lublin.pl\/wp-content\/uploads\/2018\/11\/17-624x416.webp 624w, https:\/\/wbp.lublin.pl\/wp-content\/uploads\/2018\/11\/17-84x56.webp 84w, https:\/\/wbp.lublin.pl\/wp-content\/uploads\/2018\/11\/17.webp 1500w\" sizes=\"auto, (max-width: 400px) 100vw, 400px\" data-has-transparency=\"false\" data-dominant-color=\"7d7376\" style=\"--dominant-color: #7d7376;\" \/><\/a>\n\t\t\t<\/div><\/figure><figure class='gallery-item'>\n\t\t\t<div class='gallery-icon landscape'>\n\t\t\t\t<a href='https:\/\/wbp.lublin.pl\/index.php\/2018\/10\/24\/fotorelacja-z-wernisazu-wystawy-mala-i-duza-ojczyzna-100-lat-odzyskania-niepodleglosci\/18-14\/'><img loading=\"lazy\" decoding=\"async\" width=\"400\" height=\"267\" src=\"https:\/\/wbp.lublin.pl\/wp-content\/uploads\/2018\/11\/18-1-400x267.webp\" class=\"attachment-thumbnail size-thumbnail not-transparent\" alt=\"\" srcset=\"https:\/\/wbp.lublin.pl\/wp-content\/uploads\/2018\/11\/18-1-400x267.webp 400w, https:\/\/wbp.lublin.pl\/wp-content\/uploads\/2018\/11\/18-1-600x400.webp 600w, https:\/\/wbp.lublin.pl\/wp-content\/uploads\/2018\/11\/18-1-768x512.webp 768w, https:\/\/wbp.lublin.pl\/wp-content\/uploads\/2018\/11\/18-1-947x631.webp 947w, https:\/\/wbp.lublin.pl\/wp-content\/uploads\/2018\/11\/18-1-624x416.webp 624w, https:\/\/wbp.lublin.pl\/wp-content\/uploads\/2018\/11\/18-1-84x56.webp 84w, https:\/\/wbp.lublin.pl\/wp-content\/uploads\/2018\/11\/18-1.webp 1500w\" sizes=\"auto, (max-width: 400px) 100vw, 400px\" data-has-transparency=\"false\" data-dominant-color=\"8d8484\" style=\"--dominant-color: #8d8484;\" \/><\/a>\n\t\t\t<\/div><\/figure><figure class='gallery-item'>\n\t\t\t<div class='gallery-icon landscape'>\n\t\t\t\t<a href='https:\/\/wbp.lublin.pl\/index.php\/2018\/10\/24\/fotorelacja-z-wernisazu-wystawy-mala-i-duza-ojczyzna-100-lat-odzyskania-niepodleglosci\/19-13\/'><img loading=\"lazy\" decoding=\"async\" width=\"400\" height=\"267\" src=\"https:\/\/wbp.lublin.pl\/wp-content\/uploads\/2018\/11\/19-400x267.webp\" class=\"attachment-thumbnail size-thumbnail not-transparent\" alt=\"\" srcset=\"https:\/\/wbp.lublin.pl\/wp-content\/uploads\/2018\/11\/19-400x267.webp 400w, https:\/\/wbp.lublin.pl\/wp-content\/uploads\/2018\/11\/19-600x400.webp 600w, https:\/\/wbp.lublin.pl\/wp-content\/uploads\/2018\/11\/19-768x512.webp 768w, https:\/\/wbp.lublin.pl\/wp-content\/uploads\/2018\/11\/19-947x631.webp 947w, https:\/\/wbp.lublin.pl\/wp-content\/uploads\/2018\/11\/19-624x416.webp 624w, https:\/\/wbp.lublin.pl\/wp-content\/uploads\/2018\/11\/19-84x56.webp 84w, https:\/\/wbp.lublin.pl\/wp-content\/uploads\/2018\/11\/19.webp 1500w\" sizes=\"auto, (max-width: 400px) 100vw, 400px\" data-has-transparency=\"false\" data-dominant-color=\"b4a384\" style=\"--dominant-color: #b4a384;\" \/><\/a>\n\t\t\t<\/div><\/figure><figure class='gallery-item'>\n\t\t\t<div class='gallery-icon portrait'>\n\t\t\t\t<a href='https:\/\/wbp.lublin.pl\/index.php\/2018\/10\/24\/fotorelacja-z-wernisazu-wystawy-mala-i-duza-ojczyzna-100-lat-odzyskania-niepodleglosci\/20-14\/'><img loading=\"lazy\" decoding=\"async\" width=\"267\" height=\"400\" src=\"https:\/\/wbp.lublin.pl\/wp-content\/uploads\/2018\/11\/20-1-267x400.webp\" class=\"attachment-thumbnail size-thumbnail not-transparent\" alt=\"\" srcset=\"https:\/\/wbp.lublin.pl\/wp-content\/uploads\/2018\/11\/20-1-267x400.webp 267w, https:\/\/wbp.lublin.pl\/wp-content\/uploads\/2018\/11\/20-1-400x600.webp 400w, https:\/\/wbp.lublin.pl\/wp-content\/uploads\/2018\/11\/20-1-624x936.webp 624w, https:\/\/wbp.lublin.pl\/wp-content\/uploads\/2018\/11\/20-1.webp 667w\" sizes=\"auto, (max-width: 267px) 100vw, 267px\" data-has-transparency=\"false\" data-dominant-color=\"847977\" style=\"--dominant-color: #847977;\" \/><\/a>\n\t\t\t<\/div><\/figure>\n\t\t<\/div>\n\n<p>&nbsp;<\/p>\n<p>Fot.\u00a0<strong>Micha\u0142 Stanek<\/strong><\/p>\n","protected":false},"excerpt":{"rendered":"","protected":false},"author":7,"featured_media":16388,"comment_status":"closed","ping_status":"closed","sticky":false,"template":"","format":"standard","meta":{"_tec_requires_first_save":true,"_crdt_document":"","pgc_sgb_lightbox_settings":"","_EventAllDay":false,"_EventTimezone":"","_EventStartDate":"","_EventEndDate":"","_EventStartDateUTC":"","_EventEndDateUTC":"","_EventShowMap":false,"_EventShowMapLink":false,"_EventURL":"","_EventCost":"","_EventCostDescription":"","_EventCurrencySymbol":"","_EventCurrencyCode":"","_EventCurrencyPosition":"","_EventDateTimeSeparator":"","_EventTimeRangeSeparator":"","_EventOrganizerID":[],"_EventVenueID":[],"_OrganizerEmail":"","_OrganizerPhone":"","_OrganizerWebsite":"","_VenueAddress":"","_VenueCity":"","_VenueCountry":"","_VenueProvince":"","_VenueState":"","_VenueZip":"","_VenuePhone":"","_VenueURL":"","_VenueStateProvince":"","_VenueLat":"","_VenueLng":"","_VenueShowMap":false,"_VenueShowMapLink":false,"_tribe_blocks_recurrence_rules":"","_tribe_blocks_recurrence_description":"","_tribe_blocks_recurrence_exclusions":"","footnotes":""},"categories":[537,543,542],"tags":[],"class_list":["post-15863","post","type-post","status-publish","format-standard","has-post-thumbnail","hentry","category-archiwum-wydarzen","category-rok-2018","category-wystawy-w-obiektywie"],"publishpress_future_action":{"enabled":false,"date":"2026-05-06 12:20:10","action":"change-status","newStatus":"draft","terms":[],"taxonomy":"category","extraData":[]},"publishpress_future_workflow_manual_trigger":{"enabledWorkflows":[]},"_links":{"self":[{"href":"https:\/\/wbp.lublin.pl\/index.php\/wp-json\/wp\/v2\/posts\/15863","targetHints":{"allow":["GET"]}}],"collection":[{"href":"https:\/\/wbp.lublin.pl\/index.php\/wp-json\/wp\/v2\/posts"}],"about":[{"href":"https:\/\/wbp.lublin.pl\/index.php\/wp-json\/wp\/v2\/types\/post"}],"author":[{"embeddable":true,"href":"https:\/\/wbp.lublin.pl\/index.php\/wp-json\/wp\/v2\/users\/7"}],"replies":[{"embeddable":true,"href":"https:\/\/wbp.lublin.pl\/index.php\/wp-json\/wp\/v2\/comments?post=15863"}],"version-history":[{"count":2,"href":"https:\/\/wbp.lublin.pl\/index.php\/wp-json\/wp\/v2\/posts\/15863\/revisions"}],"predecessor-version":[{"id":16405,"href":"https:\/\/wbp.lublin.pl\/index.php\/wp-json\/wp\/v2\/posts\/15863\/revisions\/16405"}],"wp:featuredmedia":[{"embeddable":true,"href":"https:\/\/wbp.lublin.pl\/index.php\/wp-json\/wp\/v2\/media\/16388"}],"wp:attachment":[{"href":"https:\/\/wbp.lublin.pl\/index.php\/wp-json\/wp\/v2\/media?parent=15863"}],"wp:term":[{"taxonomy":"category","embeddable":true,"href":"https:\/\/wbp.lublin.pl\/index.php\/wp-json\/wp\/v2\/categories?post=15863"},{"taxonomy":"post_tag","embeddable":true,"href":"https:\/\/wbp.lublin.pl\/index.php\/wp-json\/wp\/v2\/tags?post=15863"}],"curies":[{"name":"wp","href":"https:\/\/api.w.org\/{rel}","templated":true}]}}