{"id":16778,"date":"2018-04-12T14:10:24","date_gmt":"2018-04-12T12:10:24","guid":{"rendered":"https:\/\/wbp.lublin.pl8\/?p=16778"},"modified":"2020-02-07T12:49:51","modified_gmt":"2020-02-07T11:49:51","slug":"fotorelacja-z-promocji-ksiazki-budka-suflera-memu-miastu-na-do-widzenia-muzyka-miasto-ludzie","status":"publish","type":"post","link":"https:\/\/wbp.lublin.pl\/index.php\/2018\/04\/12\/fotorelacja-z-promocji-ksiazki-budka-suflera-memu-miastu-na-do-widzenia-muzyka-miasto-ludzie\/","title":{"rendered":"Fotorelacja z promocji ksi\u0105\u017cki &#8222;Budka Suflera. Memu miastu na do widzenia. Muzyka &#8211; miasto &#8211; ludzie&#8221;"},"content":{"rendered":"<p><!--more-->5 kwietnia 2018 r. w\u00a0Galerii Wojew\u00f3dzkiej Biblioteki Publicznej im. H. \u0141opaci\u0144skiego odby\u0142o si\u0119 promocja ksi\u0105\u017cki\u00a0<em><strong>Budka Suflera. Memu miastu na do widzenia. Muzyka &#8211; miasto &#8211; ludzie<\/strong><\/em>. W\u00a0spotkaniu wzi\u0119li udzia\u0142 cz\u0142onkowie zespo\u0142u:<br \/>\n<strong>Krzysztof Cugowski, Mieczys\u0142aw Jurecki, Romuald Lipko, Tomasz Zeliszewski<\/strong>, a\u00a0tak\u017ce autor biografii\u00a0<strong>Jaros\u0142aw Sawic<\/strong>.<\/p>\n<div id='gallery-1' class='gallery galleryid-16778 gallery-columns-3 gallery-size-thumbnail'><figure class='gallery-item'>\n\t\t\t<div class='gallery-icon landscape'>\n\t\t\t\t<a href='https:\/\/wbp.lublin.pl\/index.php\/2018\/04\/12\/fotorelacja-z-promocji-ksiazki-budka-suflera-memu-miastu-na-do-widzenia-muzyka-miasto-ludzie\/1-29\/'><img loading=\"lazy\" decoding=\"async\" width=\"400\" height=\"267\" src=\"https:\/\/wbp.lublin.pl\/wp-content\/uploads\/2018\/11\/1-13-400x267.webp\" class=\"attachment-thumbnail size-thumbnail not-transparent\" alt=\"\" aria-describedby=\"gallery-1-16779\" srcset=\"https:\/\/wbp.lublin.pl\/wp-content\/uploads\/2018\/11\/1-13-400x267.webp 400w, https:\/\/wbp.lublin.pl\/wp-content\/uploads\/2018\/11\/1-13-600x400.webp 600w, https:\/\/wbp.lublin.pl\/wp-content\/uploads\/2018\/11\/1-13-768x513.webp 768w, https:\/\/wbp.lublin.pl\/wp-content\/uploads\/2018\/11\/1-13-947x632.webp 947w, https:\/\/wbp.lublin.pl\/wp-content\/uploads\/2018\/11\/1-13-624x416.webp 624w, https:\/\/wbp.lublin.pl\/wp-content\/uploads\/2018\/11\/1-13-84x56.webp 84w, https:\/\/wbp.lublin.pl\/wp-content\/uploads\/2018\/11\/1-13.webp 974w\" sizes=\"auto, (max-width: 400px) 100vw, 400px\" data-has-transparency=\"false\" data-dominant-color=\"887c6b\" style=\"--dominant-color: #887c6b;\" \/><\/a>\n\t\t\t<\/div>\n\t\t\t\t<figcaption class='wp-caption-text gallery-caption' id='gallery-1-16779'>\n\t\t\t\tGo\u015bci spotkania przywita\u0142 Tadeusz S\u0142awecki \u2013 Dyrektor Wojew\u00f3dzkiej Biblioteki Publicznej im. H. \u0141opaci\u0144skiego w Lublinie\n\t\t\t\t<\/figcaption><\/figure><figure class='gallery-item'>\n\t\t\t<div class='gallery-icon portrait'>\n\t\t\t\t<a href='https:\/\/wbp.lublin.pl\/index.php\/2018\/04\/12\/fotorelacja-z-promocji-ksiazki-budka-suflera-memu-miastu-na-do-widzenia-muzyka-miasto-ludzie\/2-28\/'><img loading=\"lazy\" decoding=\"async\" width=\"266\" height=\"400\" src=\"https:\/\/wbp.lublin.pl\/wp-content\/uploads\/2018\/11\/2-12-266x400.webp\" class=\"attachment-thumbnail size-thumbnail not-transparent\" alt=\"\" srcset=\"https:\/\/wbp.lublin.pl\/wp-content\/uploads\/2018\/11\/2-12-266x400.webp 266w, https:\/\/wbp.lublin.pl\/wp-content\/uploads\/2018\/11\/2-12-400x600.webp 400w, https:\/\/wbp.lublin.pl\/wp-content\/uploads\/2018\/11\/2-12.webp 433w\" sizes=\"auto, (max-width: 266px) 100vw, 266px\" data-has-transparency=\"false\" data-dominant-color=\"786e61\" style=\"--dominant-color: #786e61;\" \/><\/a>\n\t\t\t<\/div><\/figure><figure class='gallery-item'>\n\t\t\t<div class='gallery-icon landscape'>\n\t\t\t\t<a href='https:\/\/wbp.lublin.pl\/index.php\/2018\/04\/12\/fotorelacja-z-promocji-ksiazki-budka-suflera-memu-miastu-na-do-widzenia-muzyka-miasto-ludzie\/3-24\/'><img loading=\"lazy\" decoding=\"async\" width=\"400\" height=\"267\" src=\"https:\/\/wbp.lublin.pl\/wp-content\/uploads\/2018\/11\/3-9-400x267.webp\" class=\"attachment-thumbnail size-thumbnail not-transparent\" alt=\"\" srcset=\"https:\/\/wbp.lublin.pl\/wp-content\/uploads\/2018\/11\/3-9-400x267.webp 400w, https:\/\/wbp.lublin.pl\/wp-content\/uploads\/2018\/11\/3-9-600x400.webp 600w, https:\/\/wbp.lublin.pl\/wp-content\/uploads\/2018\/11\/3-9-768x513.webp 768w, https:\/\/wbp.lublin.pl\/wp-content\/uploads\/2018\/11\/3-9-947x632.webp 947w, https:\/\/wbp.lublin.pl\/wp-content\/uploads\/2018\/11\/3-9-624x416.webp 624w, https:\/\/wbp.lublin.pl\/wp-content\/uploads\/2018\/11\/3-9-84x56.webp 84w, https:\/\/wbp.lublin.pl\/wp-content\/uploads\/2018\/11\/3-9.webp 974w\" sizes=\"auto, (max-width: 400px) 100vw, 400px\" data-has-transparency=\"false\" data-dominant-color=\"77654f\" style=\"--dominant-color: #77654f;\" \/><\/a>\n\t\t\t<\/div><\/figure><figure class='gallery-item'>\n\t\t\t<div class='gallery-icon landscape'>\n\t\t\t\t<a href='https:\/\/wbp.lublin.pl\/index.php\/2018\/04\/12\/fotorelacja-z-promocji-ksiazki-budka-suflera-memu-miastu-na-do-widzenia-muzyka-miasto-ludzie\/4-23\/'><img loading=\"lazy\" decoding=\"async\" width=\"400\" height=\"267\" src=\"https:\/\/wbp.lublin.pl\/wp-content\/uploads\/2018\/11\/4-11-400x267.webp\" class=\"attachment-thumbnail size-thumbnail not-transparent\" alt=\"\" srcset=\"https:\/\/wbp.lublin.pl\/wp-content\/uploads\/2018\/11\/4-11-400x267.webp 400w, https:\/\/wbp.lublin.pl\/wp-content\/uploads\/2018\/11\/4-11-600x400.webp 600w, https:\/\/wbp.lublin.pl\/wp-content\/uploads\/2018\/11\/4-11-768x513.webp 768w, https:\/\/wbp.lublin.pl\/wp-content\/uploads\/2018\/11\/4-11-947x632.webp 947w, https:\/\/wbp.lublin.pl\/wp-content\/uploads\/2018\/11\/4-11-624x416.webp 624w, https:\/\/wbp.lublin.pl\/wp-content\/uploads\/2018\/11\/4-11-84x56.webp 84w, https:\/\/wbp.lublin.pl\/wp-content\/uploads\/2018\/11\/4-11.webp 974w\" sizes=\"auto, (max-width: 400px) 100vw, 400px\" data-has-transparency=\"false\" data-dominant-color=\"786851\" style=\"--dominant-color: #786851;\" \/><\/a>\n\t\t\t<\/div><\/figure><figure class='gallery-item'>\n\t\t\t<div class='gallery-icon portrait'>\n\t\t\t\t<a href='https:\/\/wbp.lublin.pl\/index.php\/2018\/04\/12\/fotorelacja-z-promocji-ksiazki-budka-suflera-memu-miastu-na-do-widzenia-muzyka-miasto-ludzie\/5-28\/'><img loading=\"lazy\" decoding=\"async\" width=\"266\" height=\"400\" src=\"https:\/\/wbp.lublin.pl\/wp-content\/uploads\/2018\/11\/5-12-266x400.webp\" class=\"attachment-thumbnail size-thumbnail not-transparent\" alt=\"\" aria-describedby=\"gallery-1-16783\" srcset=\"https:\/\/wbp.lublin.pl\/wp-content\/uploads\/2018\/11\/5-12-266x400.webp 266w, https:\/\/wbp.lublin.pl\/wp-content\/uploads\/2018\/11\/5-12-400x600.webp 400w, https:\/\/wbp.lublin.pl\/wp-content\/uploads\/2018\/11\/5-12.webp 433w\" sizes=\"auto, (max-width: 266px) 100vw, 266px\" data-has-transparency=\"false\" data-dominant-color=\"755a4f\" style=\"--dominant-color: #755a4f;\" \/><\/a>\n\t\t\t<\/div>\n\t\t\t\t<figcaption class='wp-caption-text gallery-caption' id='gallery-1-16783'>\n\t\t\t\tSpotkanie prowadzi\u0142a Ewa Hadrian (Dzia\u0142 Informacji i Promocji WBP)&#8230;\n\t\t\t\t<\/figcaption><\/figure><figure class='gallery-item'>\n\t\t\t<div class='gallery-icon landscape'>\n\t\t\t\t<a href='https:\/\/wbp.lublin.pl\/index.php\/2018\/04\/12\/fotorelacja-z-promocji-ksiazki-budka-suflera-memu-miastu-na-do-widzenia-muzyka-miasto-ludzie\/6-28\/'><img loading=\"lazy\" decoding=\"async\" width=\"400\" height=\"267\" src=\"https:\/\/wbp.lublin.pl\/wp-content\/uploads\/2018\/11\/6-11-400x267.webp\" class=\"attachment-thumbnail size-thumbnail not-transparent\" alt=\"\" srcset=\"https:\/\/wbp.lublin.pl\/wp-content\/uploads\/2018\/11\/6-11-400x267.webp 400w, https:\/\/wbp.lublin.pl\/wp-content\/uploads\/2018\/11\/6-11-600x400.webp 600w, https:\/\/wbp.lublin.pl\/wp-content\/uploads\/2018\/11\/6-11-768x513.webp 768w, https:\/\/wbp.lublin.pl\/wp-content\/uploads\/2018\/11\/6-11-947x632.webp 947w, https:\/\/wbp.lublin.pl\/wp-content\/uploads\/2018\/11\/6-11-624x416.webp 624w, https:\/\/wbp.lublin.pl\/wp-content\/uploads\/2018\/11\/6-11-84x56.webp 84w, https:\/\/wbp.lublin.pl\/wp-content\/uploads\/2018\/11\/6-11.webp 974w\" sizes=\"auto, (max-width: 400px) 100vw, 400px\" data-has-transparency=\"false\" data-dominant-color=\"88765e\" style=\"--dominant-color: #88765e;\" \/><\/a>\n\t\t\t<\/div><\/figure><figure class='gallery-item'>\n\t\t\t<div class='gallery-icon portrait'>\n\t\t\t\t<a href='https:\/\/wbp.lublin.pl\/index.php\/2018\/04\/12\/fotorelacja-z-promocji-ksiazki-budka-suflera-memu-miastu-na-do-widzenia-muzyka-miasto-ludzie\/7-25\/'><img loading=\"lazy\" decoding=\"async\" width=\"266\" height=\"400\" src=\"https:\/\/wbp.lublin.pl\/wp-content\/uploads\/2018\/11\/7-10-266x400.webp\" class=\"attachment-thumbnail size-thumbnail not-transparent\" alt=\"\" aria-describedby=\"gallery-1-16785\" srcset=\"https:\/\/wbp.lublin.pl\/wp-content\/uploads\/2018\/11\/7-10-266x400.webp 266w, https:\/\/wbp.lublin.pl\/wp-content\/uploads\/2018\/11\/7-10-400x600.webp 400w, https:\/\/wbp.lublin.pl\/wp-content\/uploads\/2018\/11\/7-10.webp 433w\" sizes=\"auto, (max-width: 266px) 100vw, 266px\" data-has-transparency=\"false\" data-dominant-color=\"736152\" style=\"--dominant-color: #736152;\" \/><\/a>\n\t\t\t<\/div>\n\t\t\t\t<figcaption class='wp-caption-text gallery-caption' id='gallery-1-16785'>\n\t\t\t\t&#8230; i Jaros\u0142aw Sawic (Dzia\u0142 Udost\u0119pniania WBP, autor biografii)\n\t\t\t\t<\/figcaption><\/figure><figure class='gallery-item'>\n\t\t\t<div class='gallery-icon portrait'>\n\t\t\t\t<a href='https:\/\/wbp.lublin.pl\/index.php\/2018\/04\/12\/fotorelacja-z-promocji-ksiazki-budka-suflera-memu-miastu-na-do-widzenia-muzyka-miasto-ludzie\/8-26\/'><img loading=\"lazy\" decoding=\"async\" width=\"266\" height=\"400\" src=\"https:\/\/wbp.lublin.pl\/wp-content\/uploads\/2018\/11\/8-13-266x400.webp\" class=\"attachment-thumbnail size-thumbnail not-transparent\" alt=\"\" aria-describedby=\"gallery-1-16786\" srcset=\"https:\/\/wbp.lublin.pl\/wp-content\/uploads\/2018\/11\/8-13-266x400.webp 266w, https:\/\/wbp.lublin.pl\/wp-content\/uploads\/2018\/11\/8-13-400x600.webp 400w, https:\/\/wbp.lublin.pl\/wp-content\/uploads\/2018\/11\/8-13.webp 433w\" sizes=\"auto, (max-width: 266px) 100vw, 266px\" data-has-transparency=\"false\" data-dominant-color=\"715e50\" style=\"--dominant-color: #715e50;\" \/><\/a>\n\t\t\t<\/div>\n\t\t\t\t<figcaption class='wp-caption-text gallery-caption' id='gallery-1-16786'>\n\t\t\t\tKrzysztof Cugowski\n\t\t\t\t<\/figcaption><\/figure><figure class='gallery-item'>\n\t\t\t<div class='gallery-icon portrait'>\n\t\t\t\t<a href='https:\/\/wbp.lublin.pl\/index.php\/2018\/04\/12\/fotorelacja-z-promocji-ksiazki-budka-suflera-memu-miastu-na-do-widzenia-muzyka-miasto-ludzie\/9-19\/'><img loading=\"lazy\" decoding=\"async\" width=\"266\" height=\"400\" src=\"https:\/\/wbp.lublin.pl\/wp-content\/uploads\/2018\/11\/9-10-266x400.webp\" class=\"attachment-thumbnail size-thumbnail not-transparent\" alt=\"\" aria-describedby=\"gallery-1-16787\" srcset=\"https:\/\/wbp.lublin.pl\/wp-content\/uploads\/2018\/11\/9-10-266x400.webp 266w, https:\/\/wbp.lublin.pl\/wp-content\/uploads\/2018\/11\/9-10-400x600.webp 400w, https:\/\/wbp.lublin.pl\/wp-content\/uploads\/2018\/11\/9-10.webp 433w\" sizes=\"auto, (max-width: 266px) 100vw, 266px\" data-has-transparency=\"false\" data-dominant-color=\"7b6553\" style=\"--dominant-color: #7b6553;\" \/><\/a>\n\t\t\t<\/div>\n\t\t\t\t<figcaption class='wp-caption-text gallery-caption' id='gallery-1-16787'>\n\t\t\t\tTomasz Zeliszewski\n\t\t\t\t<\/figcaption><\/figure><figure class='gallery-item'>\n\t\t\t<div class='gallery-icon portrait'>\n\t\t\t\t<a href='https:\/\/wbp.lublin.pl\/index.php\/2018\/04\/12\/fotorelacja-z-promocji-ksiazki-budka-suflera-memu-miastu-na-do-widzenia-muzyka-miasto-ludzie\/10-23\/'><img loading=\"lazy\" decoding=\"async\" width=\"266\" height=\"400\" src=\"https:\/\/wbp.lublin.pl\/wp-content\/uploads\/2018\/11\/10-9-266x400.webp\" class=\"attachment-thumbnail size-thumbnail not-transparent\" alt=\"\" aria-describedby=\"gallery-1-16788\" srcset=\"https:\/\/wbp.lublin.pl\/wp-content\/uploads\/2018\/11\/10-9-266x400.webp 266w, https:\/\/wbp.lublin.pl\/wp-content\/uploads\/2018\/11\/10-9-400x600.webp 400w, https:\/\/wbp.lublin.pl\/wp-content\/uploads\/2018\/11\/10-9.webp 433w\" sizes=\"auto, (max-width: 266px) 100vw, 266px\" data-has-transparency=\"false\" data-dominant-color=\"7a6b5a\" style=\"--dominant-color: #7a6b5a;\" \/><\/a>\n\t\t\t<\/div>\n\t\t\t\t<figcaption class='wp-caption-text gallery-caption' id='gallery-1-16788'>\n\t\t\t\tRomuald Lipko\n\t\t\t\t<\/figcaption><\/figure><figure class='gallery-item'>\n\t\t\t<div class='gallery-icon portrait'>\n\t\t\t\t<a href='https:\/\/wbp.lublin.pl\/index.php\/2018\/04\/12\/fotorelacja-z-promocji-ksiazki-budka-suflera-memu-miastu-na-do-widzenia-muzyka-miasto-ludzie\/11-25\/'><img loading=\"lazy\" decoding=\"async\" width=\"266\" height=\"400\" src=\"https:\/\/wbp.lublin.pl\/wp-content\/uploads\/2018\/11\/11-10-266x400.webp\" class=\"attachment-thumbnail size-thumbnail not-transparent\" alt=\"\" aria-describedby=\"gallery-1-16789\" srcset=\"https:\/\/wbp.lublin.pl\/wp-content\/uploads\/2018\/11\/11-10-266x400.webp 266w, https:\/\/wbp.lublin.pl\/wp-content\/uploads\/2018\/11\/11-10-400x600.webp 400w, https:\/\/wbp.lublin.pl\/wp-content\/uploads\/2018\/11\/11-10.webp 433w\" sizes=\"auto, (max-width: 266px) 100vw, 266px\" data-has-transparency=\"false\" data-dominant-color=\"827560\" style=\"--dominant-color: #827560;\" \/><\/a>\n\t\t\t<\/div>\n\t\t\t\t<figcaption class='wp-caption-text gallery-caption' id='gallery-1-16789'>\n\t\t\t\tMieczys\u0142aw Jurecki\n\t\t\t\t<\/figcaption><\/figure><figure class='gallery-item'>\n\t\t\t<div class='gallery-icon landscape'>\n\t\t\t\t<a href='https:\/\/wbp.lublin.pl\/index.php\/2018\/04\/12\/fotorelacja-z-promocji-ksiazki-budka-suflera-memu-miastu-na-do-widzenia-muzyka-miasto-ludzie\/12-19\/'><img loading=\"lazy\" decoding=\"async\" width=\"400\" height=\"267\" src=\"https:\/\/wbp.lublin.pl\/wp-content\/uploads\/2018\/11\/12-8-jpg-avif-400x267.jpg\" class=\"attachment-thumbnail size-thumbnail not-transparent\" alt=\"\" srcset=\"https:\/\/wbp.lublin.pl\/wp-content\/uploads\/2018\/11\/12-8-jpg-avif-400x267.jpg 400w, https:\/\/wbp.lublin.pl\/wp-content\/uploads\/2018\/11\/12-8-jpg-avif-600x400.jpg 600w, https:\/\/wbp.lublin.pl\/wp-content\/uploads\/2018\/11\/12-8-jpg-avif-768x513.jpg 768w, https:\/\/wbp.lublin.pl\/wp-content\/uploads\/2018\/11\/12-8-jpg-avif-947x632.jpg 947w, https:\/\/wbp.lublin.pl\/wp-content\/uploads\/2018\/11\/12-8-jpg-avif-624x416.jpg 624w, https:\/\/wbp.lublin.pl\/wp-content\/uploads\/2018\/11\/12-8-jpg-avif-84x56.jpg 84w, https:\/\/wbp.lublin.pl\/wp-content\/uploads\/2018\/11\/12-8-jpg-avif.avif 974w\" sizes=\"auto, (max-width: 400px) 100vw, 400px\" data-has-transparency=\"false\" data-dominant-color=\"6f614f\" style=\"--dominant-color: #6f614f;\" \/><\/a>\n\t\t\t<\/div><\/figure><figure class='gallery-item'>\n\t\t\t<div class='gallery-icon landscape'>\n\t\t\t\t<a href='https:\/\/wbp.lublin.pl\/index.php\/2018\/04\/12\/fotorelacja-z-promocji-ksiazki-budka-suflera-memu-miastu-na-do-widzenia-muzyka-miasto-ludzie\/13-24\/'><img loading=\"lazy\" decoding=\"async\" width=\"400\" height=\"267\" src=\"https:\/\/wbp.lublin.pl\/wp-content\/uploads\/2018\/11\/13-9-400x267.webp\" class=\"attachment-thumbnail size-thumbnail not-transparent\" alt=\"\" srcset=\"https:\/\/wbp.lublin.pl\/wp-content\/uploads\/2018\/11\/13-9-400x267.webp 400w, https:\/\/wbp.lublin.pl\/wp-content\/uploads\/2018\/11\/13-9-600x400.webp 600w, https:\/\/wbp.lublin.pl\/wp-content\/uploads\/2018\/11\/13-9-768x513.webp 768w, https:\/\/wbp.lublin.pl\/wp-content\/uploads\/2018\/11\/13-9-947x632.webp 947w, https:\/\/wbp.lublin.pl\/wp-content\/uploads\/2018\/11\/13-9-624x416.webp 624w, https:\/\/wbp.lublin.pl\/wp-content\/uploads\/2018\/11\/13-9-84x56.webp 84w, https:\/\/wbp.lublin.pl\/wp-content\/uploads\/2018\/11\/13-9.webp 974w\" sizes=\"auto, (max-width: 400px) 100vw, 400px\" data-has-transparency=\"false\" data-dominant-color=\"796952\" style=\"--dominant-color: #796952;\" \/><\/a>\n\t\t\t<\/div><\/figure><figure class='gallery-item'>\n\t\t\t<div class='gallery-icon portrait'>\n\t\t\t\t<a href='https:\/\/wbp.lublin.pl\/index.php\/2018\/04\/12\/fotorelacja-z-promocji-ksiazki-budka-suflera-memu-miastu-na-do-widzenia-muzyka-miasto-ludzie\/14-23\/'><img loading=\"lazy\" decoding=\"async\" width=\"266\" height=\"400\" src=\"https:\/\/wbp.lublin.pl\/wp-content\/uploads\/2018\/11\/14-9-266x400.webp\" class=\"attachment-thumbnail size-thumbnail not-transparent\" alt=\"\" srcset=\"https:\/\/wbp.lublin.pl\/wp-content\/uploads\/2018\/11\/14-9-266x400.webp 266w, https:\/\/wbp.lublin.pl\/wp-content\/uploads\/2018\/11\/14-9-400x600.webp 400w, https:\/\/wbp.lublin.pl\/wp-content\/uploads\/2018\/11\/14-9.webp 433w\" sizes=\"auto, (max-width: 266px) 100vw, 266px\" data-has-transparency=\"false\" data-dominant-color=\"6d5f4c\" style=\"--dominant-color: #6d5f4c;\" \/><\/a>\n\t\t\t<\/div><\/figure><figure class='gallery-item'>\n\t\t\t<div class='gallery-icon landscape'>\n\t\t\t\t<a href='https:\/\/wbp.lublin.pl\/index.php\/2018\/04\/12\/fotorelacja-z-promocji-ksiazki-budka-suflera-memu-miastu-na-do-widzenia-muzyka-miasto-ludzie\/15-22\/'><img loading=\"lazy\" decoding=\"async\" width=\"400\" height=\"267\" src=\"https:\/\/wbp.lublin.pl\/wp-content\/uploads\/2018\/11\/15-8-400x267.webp\" class=\"attachment-thumbnail size-thumbnail not-transparent\" alt=\"\" srcset=\"https:\/\/wbp.lublin.pl\/wp-content\/uploads\/2018\/11\/15-8-400x267.webp 400w, https:\/\/wbp.lublin.pl\/wp-content\/uploads\/2018\/11\/15-8-600x400.webp 600w, https:\/\/wbp.lublin.pl\/wp-content\/uploads\/2018\/11\/15-8-768x513.webp 768w, https:\/\/wbp.lublin.pl\/wp-content\/uploads\/2018\/11\/15-8-947x632.webp 947w, https:\/\/wbp.lublin.pl\/wp-content\/uploads\/2018\/11\/15-8-624x416.webp 624w, https:\/\/wbp.lublin.pl\/wp-content\/uploads\/2018\/11\/15-8-84x56.webp 84w, https:\/\/wbp.lublin.pl\/wp-content\/uploads\/2018\/11\/15-8.webp 974w\" sizes=\"auto, (max-width: 400px) 100vw, 400px\" data-has-transparency=\"false\" data-dominant-color=\"736150\" style=\"--dominant-color: #736150;\" \/><\/a>\n\t\t\t<\/div><\/figure><figure class='gallery-item'>\n\t\t\t<div class='gallery-icon landscape'>\n\t\t\t\t<a href='https:\/\/wbp.lublin.pl\/index.php\/2018\/04\/12\/fotorelacja-z-promocji-ksiazki-budka-suflera-memu-miastu-na-do-widzenia-muzyka-miasto-ludzie\/16-24\/'><img loading=\"lazy\" decoding=\"async\" width=\"400\" height=\"267\" src=\"https:\/\/wbp.lublin.pl\/wp-content\/uploads\/2018\/11\/16-9-400x267.webp\" class=\"attachment-thumbnail size-thumbnail not-transparent\" alt=\"\" srcset=\"https:\/\/wbp.lublin.pl\/wp-content\/uploads\/2018\/11\/16-9-400x267.webp 400w, https:\/\/wbp.lublin.pl\/wp-content\/uploads\/2018\/11\/16-9-600x400.webp 600w, https:\/\/wbp.lublin.pl\/wp-content\/uploads\/2018\/11\/16-9-768x513.webp 768w, https:\/\/wbp.lublin.pl\/wp-content\/uploads\/2018\/11\/16-9-947x632.webp 947w, https:\/\/wbp.lublin.pl\/wp-content\/uploads\/2018\/11\/16-9-624x416.webp 624w, https:\/\/wbp.lublin.pl\/wp-content\/uploads\/2018\/11\/16-9-84x56.webp 84w, https:\/\/wbp.lublin.pl\/wp-content\/uploads\/2018\/11\/16-9.webp 974w\" sizes=\"auto, (max-width: 400px) 100vw, 400px\" data-has-transparency=\"false\" data-dominant-color=\"635b4c\" style=\"--dominant-color: #635b4c;\" \/><\/a>\n\t\t\t<\/div><\/figure><figure class='gallery-item'>\n\t\t\t<div class='gallery-icon landscape'>\n\t\t\t\t<a href='https:\/\/wbp.lublin.pl\/index.php\/2018\/04\/12\/fotorelacja-z-promocji-ksiazki-budka-suflera-memu-miastu-na-do-widzenia-muzyka-miasto-ludzie\/17-21\/'><img loading=\"lazy\" decoding=\"async\" width=\"400\" height=\"267\" src=\"https:\/\/wbp.lublin.pl\/wp-content\/uploads\/2018\/11\/17-9-400x267.webp\" class=\"attachment-thumbnail size-thumbnail not-transparent\" alt=\"\" srcset=\"https:\/\/wbp.lublin.pl\/wp-content\/uploads\/2018\/11\/17-9-400x267.webp 400w, https:\/\/wbp.lublin.pl\/wp-content\/uploads\/2018\/11\/17-9-600x400.webp 600w, https:\/\/wbp.lublin.pl\/wp-content\/uploads\/2018\/11\/17-9-768x513.webp 768w, https:\/\/wbp.lublin.pl\/wp-content\/uploads\/2018\/11\/17-9-947x632.webp 947w, https:\/\/wbp.lublin.pl\/wp-content\/uploads\/2018\/11\/17-9-624x416.webp 624w, https:\/\/wbp.lublin.pl\/wp-content\/uploads\/2018\/11\/17-9-84x56.webp 84w, https:\/\/wbp.lublin.pl\/wp-content\/uploads\/2018\/11\/17-9.webp 974w\" sizes=\"auto, (max-width: 400px) 100vw, 400px\" data-has-transparency=\"false\" data-dominant-color=\"6d5f4f\" style=\"--dominant-color: #6d5f4f;\" \/><\/a>\n\t\t\t<\/div><\/figure><figure class='gallery-item'>\n\t\t\t<div class='gallery-icon landscape'>\n\t\t\t\t<a href='https:\/\/wbp.lublin.pl\/index.php\/2018\/04\/12\/fotorelacja-z-promocji-ksiazki-budka-suflera-memu-miastu-na-do-widzenia-muzyka-miasto-ludzie\/18-22\/'><img loading=\"lazy\" decoding=\"async\" width=\"400\" height=\"267\" src=\"https:\/\/wbp.lublin.pl\/wp-content\/uploads\/2018\/11\/18-9-400x267.webp\" class=\"attachment-thumbnail size-thumbnail not-transparent\" alt=\"\" srcset=\"https:\/\/wbp.lublin.pl\/wp-content\/uploads\/2018\/11\/18-9-400x267.webp 400w, https:\/\/wbp.lublin.pl\/wp-content\/uploads\/2018\/11\/18-9-600x400.webp 600w, https:\/\/wbp.lublin.pl\/wp-content\/uploads\/2018\/11\/18-9-768x513.webp 768w, https:\/\/wbp.lublin.pl\/wp-content\/uploads\/2018\/11\/18-9-947x632.webp 947w, https:\/\/wbp.lublin.pl\/wp-content\/uploads\/2018\/11\/18-9-624x416.webp 624w, https:\/\/wbp.lublin.pl\/wp-content\/uploads\/2018\/11\/18-9-84x56.webp 84w, https:\/\/wbp.lublin.pl\/wp-content\/uploads\/2018\/11\/18-9.webp 974w\" sizes=\"auto, (max-width: 400px) 100vw, 400px\" data-has-transparency=\"false\" data-dominant-color=\"7b6c5b\" style=\"--dominant-color: #7b6c5b;\" \/><\/a>\n\t\t\t<\/div><\/figure><figure class='gallery-item'>\n\t\t\t<div class='gallery-icon landscape'>\n\t\t\t\t<a href='https:\/\/wbp.lublin.pl\/index.php\/2018\/04\/12\/fotorelacja-z-promocji-ksiazki-budka-suflera-memu-miastu-na-do-widzenia-muzyka-miasto-ludzie\/19-19\/'><img loading=\"lazy\" decoding=\"async\" width=\"400\" height=\"267\" src=\"https:\/\/wbp.lublin.pl\/wp-content\/uploads\/2018\/11\/19-6-400x267.webp\" class=\"attachment-thumbnail size-thumbnail not-transparent\" alt=\"\" srcset=\"https:\/\/wbp.lublin.pl\/wp-content\/uploads\/2018\/11\/19-6-400x267.webp 400w, https:\/\/wbp.lublin.pl\/wp-content\/uploads\/2018\/11\/19-6-600x400.webp 600w, https:\/\/wbp.lublin.pl\/wp-content\/uploads\/2018\/11\/19-6-768x513.webp 768w, https:\/\/wbp.lublin.pl\/wp-content\/uploads\/2018\/11\/19-6-947x632.webp 947w, https:\/\/wbp.lublin.pl\/wp-content\/uploads\/2018\/11\/19-6-624x416.webp 624w, https:\/\/wbp.lublin.pl\/wp-content\/uploads\/2018\/11\/19-6-84x56.webp 84w, https:\/\/wbp.lublin.pl\/wp-content\/uploads\/2018\/11\/19-6.webp 974w\" sizes=\"auto, (max-width: 400px) 100vw, 400px\" data-has-transparency=\"false\" data-dominant-color=\"675e55\" style=\"--dominant-color: #675e55;\" \/><\/a>\n\t\t\t<\/div><\/figure><figure class='gallery-item'>\n\t\t\t<div class='gallery-icon landscape'>\n\t\t\t\t<a href='https:\/\/wbp.lublin.pl\/index.php\/2018\/04\/12\/fotorelacja-z-promocji-ksiazki-budka-suflera-memu-miastu-na-do-widzenia-muzyka-miasto-ludzie\/20-21\/'><img loading=\"lazy\" decoding=\"async\" width=\"400\" height=\"267\" src=\"https:\/\/wbp.lublin.pl\/wp-content\/uploads\/2018\/11\/20-8-400x267.webp\" class=\"attachment-thumbnail size-thumbnail not-transparent\" alt=\"\" srcset=\"https:\/\/wbp.lublin.pl\/wp-content\/uploads\/2018\/11\/20-8-400x267.webp 400w, https:\/\/wbp.lublin.pl\/wp-content\/uploads\/2018\/11\/20-8-600x400.webp 600w, https:\/\/wbp.lublin.pl\/wp-content\/uploads\/2018\/11\/20-8-768x513.webp 768w, https:\/\/wbp.lublin.pl\/wp-content\/uploads\/2018\/11\/20-8-947x632.webp 947w, https:\/\/wbp.lublin.pl\/wp-content\/uploads\/2018\/11\/20-8-624x416.webp 624w, https:\/\/wbp.lublin.pl\/wp-content\/uploads\/2018\/11\/20-8-84x56.webp 84w, https:\/\/wbp.lublin.pl\/wp-content\/uploads\/2018\/11\/20-8.webp 974w\" sizes=\"auto, (max-width: 400px) 100vw, 400px\" data-has-transparency=\"false\" data-dominant-color=\"81725d\" style=\"--dominant-color: #81725d;\" \/><\/a>\n\t\t\t<\/div><\/figure><figure class='gallery-item'>\n\t\t\t<div class='gallery-icon portrait'>\n\t\t\t\t<a href='https:\/\/wbp.lublin.pl\/index.php\/2018\/04\/12\/fotorelacja-z-promocji-ksiazki-budka-suflera-memu-miastu-na-do-widzenia-muzyka-miasto-ludzie\/21-15\/'><img loading=\"lazy\" decoding=\"async\" width=\"266\" height=\"400\" src=\"https:\/\/wbp.lublin.pl\/wp-content\/uploads\/2018\/11\/21-6-266x400.webp\" class=\"attachment-thumbnail size-thumbnail not-transparent\" alt=\"\" srcset=\"https:\/\/wbp.lublin.pl\/wp-content\/uploads\/2018\/11\/21-6-266x400.webp 266w, https:\/\/wbp.lublin.pl\/wp-content\/uploads\/2018\/11\/21-6-400x600.webp 400w, https:\/\/wbp.lublin.pl\/wp-content\/uploads\/2018\/11\/21-6.webp 433w\" sizes=\"auto, (max-width: 266px) 100vw, 266px\" data-has-transparency=\"false\" data-dominant-color=\"88725b\" style=\"--dominant-color: #88725b;\" \/><\/a>\n\t\t\t<\/div><\/figure><figure class='gallery-item'>\n\t\t\t<div class='gallery-icon landscape'>\n\t\t\t\t<a href='https:\/\/wbp.lublin.pl\/index.php\/2018\/04\/12\/fotorelacja-z-promocji-ksiazki-budka-suflera-memu-miastu-na-do-widzenia-muzyka-miasto-ludzie\/22-16\/'><img loading=\"lazy\" decoding=\"async\" width=\"400\" height=\"267\" src=\"https:\/\/wbp.lublin.pl\/wp-content\/uploads\/2018\/11\/22-6-400x267.webp\" class=\"attachment-thumbnail size-thumbnail not-transparent\" alt=\"\" srcset=\"https:\/\/wbp.lublin.pl\/wp-content\/uploads\/2018\/11\/22-6-400x267.webp 400w, https:\/\/wbp.lublin.pl\/wp-content\/uploads\/2018\/11\/22-6-600x400.webp 600w, https:\/\/wbp.lublin.pl\/wp-content\/uploads\/2018\/11\/22-6-768x513.webp 768w, https:\/\/wbp.lublin.pl\/wp-content\/uploads\/2018\/11\/22-6-947x632.webp 947w, https:\/\/wbp.lublin.pl\/wp-content\/uploads\/2018\/11\/22-6-624x416.webp 624w, https:\/\/wbp.lublin.pl\/wp-content\/uploads\/2018\/11\/22-6-84x56.webp 84w, https:\/\/wbp.lublin.pl\/wp-content\/uploads\/2018\/11\/22-6.webp 974w\" sizes=\"auto, (max-width: 400px) 100vw, 400px\" data-has-transparency=\"false\" data-dominant-color=\"837362\" style=\"--dominant-color: #837362;\" \/><\/a>\n\t\t\t<\/div><\/figure><figure class='gallery-item'>\n\t\t\t<div class='gallery-icon landscape'>\n\t\t\t\t<a href='https:\/\/wbp.lublin.pl\/index.php\/2018\/04\/12\/fotorelacja-z-promocji-ksiazki-budka-suflera-memu-miastu-na-do-widzenia-muzyka-miasto-ludzie\/23-13\/'><img loading=\"lazy\" decoding=\"async\" width=\"400\" height=\"267\" src=\"https:\/\/wbp.lublin.pl\/wp-content\/uploads\/2018\/11\/23-4-400x267.webp\" class=\"attachment-thumbnail size-thumbnail not-transparent\" alt=\"\" srcset=\"https:\/\/wbp.lublin.pl\/wp-content\/uploads\/2018\/11\/23-4-400x267.webp 400w, https:\/\/wbp.lublin.pl\/wp-content\/uploads\/2018\/11\/23-4-600x400.webp 600w, https:\/\/wbp.lublin.pl\/wp-content\/uploads\/2018\/11\/23-4-768x513.webp 768w, https:\/\/wbp.lublin.pl\/wp-content\/uploads\/2018\/11\/23-4-947x632.webp 947w, https:\/\/wbp.lublin.pl\/wp-content\/uploads\/2018\/11\/23-4-624x416.webp 624w, https:\/\/wbp.lublin.pl\/wp-content\/uploads\/2018\/11\/23-4-84x56.webp 84w, https:\/\/wbp.lublin.pl\/wp-content\/uploads\/2018\/11\/23-4.webp 974w\" sizes=\"auto, (max-width: 400px) 100vw, 400px\" data-has-transparency=\"false\" data-dominant-color=\"766455\" style=\"--dominant-color: #766455;\" \/><\/a>\n\t\t\t<\/div><\/figure><figure class='gallery-item'>\n\t\t\t<div class='gallery-icon landscape'>\n\t\t\t\t<a href='https:\/\/wbp.lublin.pl\/index.php\/2018\/04\/12\/fotorelacja-z-promocji-ksiazki-budka-suflera-memu-miastu-na-do-widzenia-muzyka-miasto-ludzie\/24-13\/'><img loading=\"lazy\" decoding=\"async\" width=\"400\" height=\"267\" src=\"https:\/\/wbp.lublin.pl\/wp-content\/uploads\/2018\/11\/24-5-400x267.webp\" class=\"attachment-thumbnail size-thumbnail not-transparent\" alt=\"\" srcset=\"https:\/\/wbp.lublin.pl\/wp-content\/uploads\/2018\/11\/24-5-400x267.webp 400w, https:\/\/wbp.lublin.pl\/wp-content\/uploads\/2018\/11\/24-5-600x400.webp 600w, https:\/\/wbp.lublin.pl\/wp-content\/uploads\/2018\/11\/24-5-768x513.webp 768w, https:\/\/wbp.lublin.pl\/wp-content\/uploads\/2018\/11\/24-5-947x632.webp 947w, https:\/\/wbp.lublin.pl\/wp-content\/uploads\/2018\/11\/24-5-624x416.webp 624w, https:\/\/wbp.lublin.pl\/wp-content\/uploads\/2018\/11\/24-5-84x56.webp 84w, https:\/\/wbp.lublin.pl\/wp-content\/uploads\/2018\/11\/24-5.webp 974w\" sizes=\"auto, (max-width: 400px) 100vw, 400px\" data-has-transparency=\"false\" data-dominant-color=\"463629\" style=\"--dominant-color: #463629;\" \/><\/a>\n\t\t\t<\/div><\/figure><figure class='gallery-item'>\n\t\t\t<div class='gallery-icon landscape'>\n\t\t\t\t<a href='https:\/\/wbp.lublin.pl\/index.php\/2018\/04\/12\/fotorelacja-z-promocji-ksiazki-budka-suflera-memu-miastu-na-do-widzenia-muzyka-miasto-ludzie\/25-15\/'><img loading=\"lazy\" decoding=\"async\" width=\"400\" height=\"267\" src=\"https:\/\/wbp.lublin.pl\/wp-content\/uploads\/2018\/11\/25-5-400x267.webp\" class=\"attachment-thumbnail size-thumbnail not-transparent\" alt=\"\" srcset=\"https:\/\/wbp.lublin.pl\/wp-content\/uploads\/2018\/11\/25-5-400x267.webp 400w, https:\/\/wbp.lublin.pl\/wp-content\/uploads\/2018\/11\/25-5-600x400.webp 600w, https:\/\/wbp.lublin.pl\/wp-content\/uploads\/2018\/11\/25-5-768x513.webp 768w, https:\/\/wbp.lublin.pl\/wp-content\/uploads\/2018\/11\/25-5-947x632.webp 947w, https:\/\/wbp.lublin.pl\/wp-content\/uploads\/2018\/11\/25-5-624x416.webp 624w, https:\/\/wbp.lublin.pl\/wp-content\/uploads\/2018\/11\/25-5-84x56.webp 84w, https:\/\/wbp.lublin.pl\/wp-content\/uploads\/2018\/11\/25-5.webp 974w\" sizes=\"auto, (max-width: 400px) 100vw, 400px\" data-has-transparency=\"false\" data-dominant-color=\"726252\" style=\"--dominant-color: #726252;\" \/><\/a>\n\t\t\t<\/div><\/figure><figure class='gallery-item'>\n\t\t\t<div class='gallery-icon landscape'>\n\t\t\t\t<a href='https:\/\/wbp.lublin.pl\/index.php\/2018\/04\/12\/fotorelacja-z-promocji-ksiazki-budka-suflera-memu-miastu-na-do-widzenia-muzyka-miasto-ludzie\/26-14\/'><img loading=\"lazy\" decoding=\"async\" width=\"400\" height=\"267\" src=\"https:\/\/wbp.lublin.pl\/wp-content\/uploads\/2018\/11\/26-5-400x267.webp\" class=\"attachment-thumbnail size-thumbnail not-transparent\" alt=\"\" srcset=\"https:\/\/wbp.lublin.pl\/wp-content\/uploads\/2018\/11\/26-5-400x267.webp 400w, https:\/\/wbp.lublin.pl\/wp-content\/uploads\/2018\/11\/26-5-600x400.webp 600w, https:\/\/wbp.lublin.pl\/wp-content\/uploads\/2018\/11\/26-5-768x513.webp 768w, https:\/\/wbp.lublin.pl\/wp-content\/uploads\/2018\/11\/26-5-947x632.webp 947w, https:\/\/wbp.lublin.pl\/wp-content\/uploads\/2018\/11\/26-5-624x416.webp 624w, https:\/\/wbp.lublin.pl\/wp-content\/uploads\/2018\/11\/26-5-84x56.webp 84w, https:\/\/wbp.lublin.pl\/wp-content\/uploads\/2018\/11\/26-5.webp 974w\" sizes=\"auto, (max-width: 400px) 100vw, 400px\" data-has-transparency=\"false\" data-dominant-color=\"675744\" style=\"--dominant-color: #675744;\" \/><\/a>\n\t\t\t<\/div><\/figure><figure class='gallery-item'>\n\t\t\t<div class='gallery-icon landscape'>\n\t\t\t\t<a href='https:\/\/wbp.lublin.pl\/index.php\/2018\/04\/12\/fotorelacja-z-promocji-ksiazki-budka-suflera-memu-miastu-na-do-widzenia-muzyka-miasto-ludzie\/27-17\/'><img loading=\"lazy\" decoding=\"async\" width=\"400\" height=\"267\" src=\"https:\/\/wbp.lublin.pl\/wp-content\/uploads\/2018\/11\/27-6-400x267.webp\" class=\"attachment-thumbnail size-thumbnail not-transparent\" alt=\"\" srcset=\"https:\/\/wbp.lublin.pl\/wp-content\/uploads\/2018\/11\/27-6-400x267.webp 400w, https:\/\/wbp.lublin.pl\/wp-content\/uploads\/2018\/11\/27-6-600x400.webp 600w, https:\/\/wbp.lublin.pl\/wp-content\/uploads\/2018\/11\/27-6-768x513.webp 768w, https:\/\/wbp.lublin.pl\/wp-content\/uploads\/2018\/11\/27-6-947x632.webp 947w, https:\/\/wbp.lublin.pl\/wp-content\/uploads\/2018\/11\/27-6-624x416.webp 624w, https:\/\/wbp.lublin.pl\/wp-content\/uploads\/2018\/11\/27-6-84x56.webp 84w, https:\/\/wbp.lublin.pl\/wp-content\/uploads\/2018\/11\/27-6.webp 974w\" sizes=\"auto, (max-width: 400px) 100vw, 400px\" data-has-transparency=\"false\" data-dominant-color=\"695c4f\" style=\"--dominant-color: #695c4f;\" \/><\/a>\n\t\t\t<\/div><\/figure><figure class='gallery-item'>\n\t\t\t<div class='gallery-icon landscape'>\n\t\t\t\t<a href='https:\/\/wbp.lublin.pl\/index.php\/2018\/04\/12\/fotorelacja-z-promocji-ksiazki-budka-suflera-memu-miastu-na-do-widzenia-muzyka-miasto-ludzie\/28-12\/'><img loading=\"lazy\" decoding=\"async\" width=\"400\" height=\"267\" src=\"https:\/\/wbp.lublin.pl\/wp-content\/uploads\/2018\/11\/28-5-400x267.webp\" class=\"attachment-thumbnail size-thumbnail not-transparent\" alt=\"\" srcset=\"https:\/\/wbp.lublin.pl\/wp-content\/uploads\/2018\/11\/28-5-400x267.webp 400w, https:\/\/wbp.lublin.pl\/wp-content\/uploads\/2018\/11\/28-5-600x400.webp 600w, https:\/\/wbp.lublin.pl\/wp-content\/uploads\/2018\/11\/28-5-768x513.webp 768w, https:\/\/wbp.lublin.pl\/wp-content\/uploads\/2018\/11\/28-5-947x632.webp 947w, https:\/\/wbp.lublin.pl\/wp-content\/uploads\/2018\/11\/28-5-624x416.webp 624w, https:\/\/wbp.lublin.pl\/wp-content\/uploads\/2018\/11\/28-5-84x56.webp 84w, https:\/\/wbp.lublin.pl\/wp-content\/uploads\/2018\/11\/28-5.webp 974w\" sizes=\"auto, (max-width: 400px) 100vw, 400px\" data-has-transparency=\"false\" data-dominant-color=\"7d725f\" style=\"--dominant-color: #7d725f;\" \/><\/a>\n\t\t\t<\/div><\/figure><figure class='gallery-item'>\n\t\t\t<div class='gallery-icon landscape'>\n\t\t\t\t<a href='https:\/\/wbp.lublin.pl\/index.php\/2018\/04\/12\/fotorelacja-z-promocji-ksiazki-budka-suflera-memu-miastu-na-do-widzenia-muzyka-miasto-ludzie\/29-14\/'><img loading=\"lazy\" decoding=\"async\" width=\"400\" height=\"267\" src=\"https:\/\/wbp.lublin.pl\/wp-content\/uploads\/2018\/11\/29-6-400x267.webp\" class=\"attachment-thumbnail size-thumbnail not-transparent\" alt=\"\" srcset=\"https:\/\/wbp.lublin.pl\/wp-content\/uploads\/2018\/11\/29-6-400x267.webp 400w, https:\/\/wbp.lublin.pl\/wp-content\/uploads\/2018\/11\/29-6-600x400.webp 600w, https:\/\/wbp.lublin.pl\/wp-content\/uploads\/2018\/11\/29-6-768x513.webp 768w, https:\/\/wbp.lublin.pl\/wp-content\/uploads\/2018\/11\/29-6-947x632.webp 947w, https:\/\/wbp.lublin.pl\/wp-content\/uploads\/2018\/11\/29-6-624x416.webp 624w, https:\/\/wbp.lublin.pl\/wp-content\/uploads\/2018\/11\/29-6-84x56.webp 84w, https:\/\/wbp.lublin.pl\/wp-content\/uploads\/2018\/11\/29-6.webp 974w\" sizes=\"auto, (max-width: 400px) 100vw, 400px\" data-has-transparency=\"false\" data-dominant-color=\"786b57\" style=\"--dominant-color: #786b57;\" \/><\/a>\n\t\t\t<\/div><\/figure><figure class='gallery-item'>\n\t\t\t<div class='gallery-icon landscape'>\n\t\t\t\t<a href='https:\/\/wbp.lublin.pl\/index.php\/2018\/04\/12\/fotorelacja-z-promocji-ksiazki-budka-suflera-memu-miastu-na-do-widzenia-muzyka-miasto-ludzie\/30-15\/'><img loading=\"lazy\" decoding=\"async\" width=\"400\" height=\"267\" src=\"https:\/\/wbp.lublin.pl\/wp-content\/uploads\/2018\/11\/30-6-400x267.webp\" class=\"attachment-thumbnail size-thumbnail not-transparent\" alt=\"\" srcset=\"https:\/\/wbp.lublin.pl\/wp-content\/uploads\/2018\/11\/30-6-400x267.webp 400w, https:\/\/wbp.lublin.pl\/wp-content\/uploads\/2018\/11\/30-6-600x400.webp 600w, https:\/\/wbp.lublin.pl\/wp-content\/uploads\/2018\/11\/30-6-768x513.webp 768w, https:\/\/wbp.lublin.pl\/wp-content\/uploads\/2018\/11\/30-6-947x632.webp 947w, https:\/\/wbp.lublin.pl\/wp-content\/uploads\/2018\/11\/30-6-624x416.webp 624w, https:\/\/wbp.lublin.pl\/wp-content\/uploads\/2018\/11\/30-6-84x56.webp 84w, https:\/\/wbp.lublin.pl\/wp-content\/uploads\/2018\/11\/30-6.webp 974w\" sizes=\"auto, (max-width: 400px) 100vw, 400px\" data-has-transparency=\"false\" data-dominant-color=\"7b675a\" style=\"--dominant-color: #7b675a;\" \/><\/a>\n\t\t\t<\/div><\/figure><figure class='gallery-item'>\n\t\t\t<div class='gallery-icon portrait'>\n\t\t\t\t<a href='https:\/\/wbp.lublin.pl\/index.php\/2018\/04\/12\/fotorelacja-z-promocji-ksiazki-budka-suflera-memu-miastu-na-do-widzenia-muzyka-miasto-ludzie\/31-14\/'><img loading=\"lazy\" decoding=\"async\" width=\"266\" height=\"400\" src=\"https:\/\/wbp.lublin.pl\/wp-content\/uploads\/2018\/11\/31-6-266x400.webp\" class=\"attachment-thumbnail size-thumbnail not-transparent\" alt=\"\" srcset=\"https:\/\/wbp.lublin.pl\/wp-content\/uploads\/2018\/11\/31-6-266x400.webp 266w, https:\/\/wbp.lublin.pl\/wp-content\/uploads\/2018\/11\/31-6-400x600.webp 400w, https:\/\/wbp.lublin.pl\/wp-content\/uploads\/2018\/11\/31-6.webp 433w\" sizes=\"auto, (max-width: 266px) 100vw, 266px\" data-has-transparency=\"false\" data-dominant-color=\"62574b\" style=\"--dominant-color: #62574b;\" \/><\/a>\n\t\t\t<\/div><\/figure><figure class='gallery-item'>\n\t\t\t<div class='gallery-icon landscape'>\n\t\t\t\t<a href='https:\/\/wbp.lublin.pl\/index.php\/2018\/04\/12\/fotorelacja-z-promocji-ksiazki-budka-suflera-memu-miastu-na-do-widzenia-muzyka-miasto-ludzie\/32-13\/'><img loading=\"lazy\" decoding=\"async\" width=\"400\" height=\"267\" src=\"https:\/\/wbp.lublin.pl\/wp-content\/uploads\/2018\/11\/32-5-400x267.webp\" class=\"attachment-thumbnail size-thumbnail not-transparent\" alt=\"\" srcset=\"https:\/\/wbp.lublin.pl\/wp-content\/uploads\/2018\/11\/32-5-400x267.webp 400w, https:\/\/wbp.lublin.pl\/wp-content\/uploads\/2018\/11\/32-5-600x400.webp 600w, https:\/\/wbp.lublin.pl\/wp-content\/uploads\/2018\/11\/32-5-768x513.webp 768w, https:\/\/wbp.lublin.pl\/wp-content\/uploads\/2018\/11\/32-5-947x632.webp 947w, https:\/\/wbp.lublin.pl\/wp-content\/uploads\/2018\/11\/32-5-624x416.webp 624w, https:\/\/wbp.lublin.pl\/wp-content\/uploads\/2018\/11\/32-5-84x56.webp 84w, https:\/\/wbp.lublin.pl\/wp-content\/uploads\/2018\/11\/32-5.webp 974w\" sizes=\"auto, (max-width: 400px) 100vw, 400px\" data-has-transparency=\"false\" data-dominant-color=\"796755\" style=\"--dominant-color: #796755;\" \/><\/a>\n\t\t\t<\/div><\/figure><figure class='gallery-item'>\n\t\t\t<div class='gallery-icon landscape'>\n\t\t\t\t<a href='https:\/\/wbp.lublin.pl\/index.php\/2018\/04\/12\/fotorelacja-z-promocji-ksiazki-budka-suflera-memu-miastu-na-do-widzenia-muzyka-miasto-ludzie\/33-13\/'><img loading=\"lazy\" decoding=\"async\" width=\"400\" height=\"267\" src=\"https:\/\/wbp.lublin.pl\/wp-content\/uploads\/2018\/11\/33-4-400x267.webp\" class=\"attachment-thumbnail size-thumbnail not-transparent\" alt=\"\" srcset=\"https:\/\/wbp.lublin.pl\/wp-content\/uploads\/2018\/11\/33-4-400x267.webp 400w, https:\/\/wbp.lublin.pl\/wp-content\/uploads\/2018\/11\/33-4-600x400.webp 600w, https:\/\/wbp.lublin.pl\/wp-content\/uploads\/2018\/11\/33-4-768x513.webp 768w, https:\/\/wbp.lublin.pl\/wp-content\/uploads\/2018\/11\/33-4-947x632.webp 947w, https:\/\/wbp.lublin.pl\/wp-content\/uploads\/2018\/11\/33-4-624x416.webp 624w, https:\/\/wbp.lublin.pl\/wp-content\/uploads\/2018\/11\/33-4-84x56.webp 84w, https:\/\/wbp.lublin.pl\/wp-content\/uploads\/2018\/11\/33-4.webp 974w\" sizes=\"auto, (max-width: 400px) 100vw, 400px\" data-has-transparency=\"false\" data-dominant-color=\"7f6e59\" style=\"--dominant-color: #7f6e59;\" \/><\/a>\n\t\t\t<\/div><\/figure><figure class='gallery-item'>\n\t\t\t<div class='gallery-icon portrait'>\n\t\t\t\t<a href='https:\/\/wbp.lublin.pl\/index.php\/2018\/04\/12\/fotorelacja-z-promocji-ksiazki-budka-suflera-memu-miastu-na-do-widzenia-muzyka-miasto-ludzie\/34-14\/'><img loading=\"lazy\" decoding=\"async\" width=\"266\" height=\"400\" src=\"https:\/\/wbp.lublin.pl\/wp-content\/uploads\/2018\/11\/34-4-266x400.webp\" class=\"attachment-thumbnail size-thumbnail not-transparent\" alt=\"\" srcset=\"https:\/\/wbp.lublin.pl\/wp-content\/uploads\/2018\/11\/34-4-266x400.webp 266w, https:\/\/wbp.lublin.pl\/wp-content\/uploads\/2018\/11\/34-4-400x600.webp 400w, https:\/\/wbp.lublin.pl\/wp-content\/uploads\/2018\/11\/34-4.webp 433w\" sizes=\"auto, (max-width: 266px) 100vw, 266px\" data-has-transparency=\"false\" data-dominant-color=\"67533f\" style=\"--dominant-color: #67533f;\" \/><\/a>\n\t\t\t<\/div><\/figure><figure class='gallery-item'>\n\t\t\t<div class='gallery-icon portrait'>\n\t\t\t\t<a href='https:\/\/wbp.lublin.pl\/index.php\/2018\/04\/12\/fotorelacja-z-promocji-ksiazki-budka-suflera-memu-miastu-na-do-widzenia-muzyka-miasto-ludzie\/35-12\/'><img loading=\"lazy\" decoding=\"async\" width=\"266\" height=\"400\" src=\"https:\/\/wbp.lublin.pl\/wp-content\/uploads\/2018\/11\/35-4-266x400.webp\" class=\"attachment-thumbnail size-thumbnail not-transparent\" alt=\"\" srcset=\"https:\/\/wbp.lublin.pl\/wp-content\/uploads\/2018\/11\/35-4-266x400.webp 266w, https:\/\/wbp.lublin.pl\/wp-content\/uploads\/2018\/11\/35-4-400x600.webp 400w, https:\/\/wbp.lublin.pl\/wp-content\/uploads\/2018\/11\/35-4.webp 433w\" sizes=\"auto, (max-width: 266px) 100vw, 266px\" data-has-transparency=\"false\" data-dominant-color=\"715a48\" style=\"--dominant-color: #715a48;\" \/><\/a>\n\t\t\t<\/div><\/figure><figure class='gallery-item'>\n\t\t\t<div class='gallery-icon portrait'>\n\t\t\t\t<a href='https:\/\/wbp.lublin.pl\/index.php\/2018\/04\/12\/fotorelacja-z-promocji-ksiazki-budka-suflera-memu-miastu-na-do-widzenia-muzyka-miasto-ludzie\/36-13\/'><img loading=\"lazy\" decoding=\"async\" width=\"266\" height=\"400\" src=\"https:\/\/wbp.lublin.pl\/wp-content\/uploads\/2018\/11\/36-5-266x400.webp\" class=\"attachment-thumbnail size-thumbnail not-transparent\" alt=\"\" aria-describedby=\"gallery-1-16814\" srcset=\"https:\/\/wbp.lublin.pl\/wp-content\/uploads\/2018\/11\/36-5-266x400.webp 266w, https:\/\/wbp.lublin.pl\/wp-content\/uploads\/2018\/11\/36-5-400x600.webp 400w, https:\/\/wbp.lublin.pl\/wp-content\/uploads\/2018\/11\/36-5.webp 433w\" sizes=\"auto, (max-width: 266px) 100vw, 266px\" data-has-transparency=\"false\" data-dominant-color=\"84786a\" style=\"--dominant-color: #84786a;\" \/><\/a>\n\t\t\t<\/div>\n\t\t\t\t<figcaption class='wp-caption-text gallery-caption' id='gallery-1-16814'>\n\t\t\t\tFragment biografii Budki Suflera przeczyta\u0142a Katarzyna Szczodrowska, aktorka scen lubelskich\n\t\t\t\t<\/figcaption><\/figure><figure class='gallery-item'>\n\t\t\t<div class='gallery-icon landscape'>\n\t\t\t\t<a href='https:\/\/wbp.lublin.pl\/index.php\/2018\/04\/12\/fotorelacja-z-promocji-ksiazki-budka-suflera-memu-miastu-na-do-widzenia-muzyka-miasto-ludzie\/37-10\/'><img loading=\"lazy\" decoding=\"async\" width=\"400\" height=\"267\" src=\"https:\/\/wbp.lublin.pl\/wp-content\/uploads\/2018\/11\/37-3-400x267.webp\" class=\"attachment-thumbnail size-thumbnail not-transparent\" alt=\"\" srcset=\"https:\/\/wbp.lublin.pl\/wp-content\/uploads\/2018\/11\/37-3-400x267.webp 400w, https:\/\/wbp.lublin.pl\/wp-content\/uploads\/2018\/11\/37-3-600x400.webp 600w, https:\/\/wbp.lublin.pl\/wp-content\/uploads\/2018\/11\/37-3-768x513.webp 768w, https:\/\/wbp.lublin.pl\/wp-content\/uploads\/2018\/11\/37-3-947x632.webp 947w, https:\/\/wbp.lublin.pl\/wp-content\/uploads\/2018\/11\/37-3-624x416.webp 624w, https:\/\/wbp.lublin.pl\/wp-content\/uploads\/2018\/11\/37-3-84x56.webp 84w, https:\/\/wbp.lublin.pl\/wp-content\/uploads\/2018\/11\/37-3.webp 974w\" sizes=\"auto, (max-width: 400px) 100vw, 400px\" data-has-transparency=\"false\" data-dominant-color=\"726354\" style=\"--dominant-color: #726354;\" \/><\/a>\n\t\t\t<\/div><\/figure><figure class='gallery-item'>\n\t\t\t<div class='gallery-icon landscape'>\n\t\t\t\t<a href='https:\/\/wbp.lublin.pl\/index.php\/2018\/04\/12\/fotorelacja-z-promocji-ksiazki-budka-suflera-memu-miastu-na-do-widzenia-muzyka-miasto-ludzie\/38-11\/'><img loading=\"lazy\" decoding=\"async\" width=\"400\" height=\"267\" src=\"https:\/\/wbp.lublin.pl\/wp-content\/uploads\/2018\/11\/38-2-400x267.webp\" class=\"attachment-thumbnail size-thumbnail not-transparent\" alt=\"\" srcset=\"https:\/\/wbp.lublin.pl\/wp-content\/uploads\/2018\/11\/38-2-400x267.webp 400w, https:\/\/wbp.lublin.pl\/wp-content\/uploads\/2018\/11\/38-2-600x400.webp 600w, https:\/\/wbp.lublin.pl\/wp-content\/uploads\/2018\/11\/38-2-768x513.webp 768w, https:\/\/wbp.lublin.pl\/wp-content\/uploads\/2018\/11\/38-2-947x632.webp 947w, https:\/\/wbp.lublin.pl\/wp-content\/uploads\/2018\/11\/38-2-624x416.webp 624w, https:\/\/wbp.lublin.pl\/wp-content\/uploads\/2018\/11\/38-2-84x56.webp 84w, https:\/\/wbp.lublin.pl\/wp-content\/uploads\/2018\/11\/38-2.webp 974w\" sizes=\"auto, (max-width: 400px) 100vw, 400px\" data-has-transparency=\"false\" data-dominant-color=\"736455\" style=\"--dominant-color: #736455;\" \/><\/a>\n\t\t\t<\/div><\/figure><figure class='gallery-item'>\n\t\t\t<div class='gallery-icon landscape'>\n\t\t\t\t<a href='https:\/\/wbp.lublin.pl\/index.php\/2018\/04\/12\/fotorelacja-z-promocji-ksiazki-budka-suflera-memu-miastu-na-do-widzenia-muzyka-miasto-ludzie\/39-13\/'><img loading=\"lazy\" decoding=\"async\" width=\"400\" height=\"267\" src=\"https:\/\/wbp.lublin.pl\/wp-content\/uploads\/2018\/11\/39-3-400x267.webp\" class=\"attachment-thumbnail size-thumbnail not-transparent\" alt=\"\" aria-describedby=\"gallery-1-16817\" srcset=\"https:\/\/wbp.lublin.pl\/wp-content\/uploads\/2018\/11\/39-3-400x267.webp 400w, https:\/\/wbp.lublin.pl\/wp-content\/uploads\/2018\/11\/39-3-600x400.webp 600w, https:\/\/wbp.lublin.pl\/wp-content\/uploads\/2018\/11\/39-3-768x513.webp 768w, https:\/\/wbp.lublin.pl\/wp-content\/uploads\/2018\/11\/39-3-947x632.webp 947w, https:\/\/wbp.lublin.pl\/wp-content\/uploads\/2018\/11\/39-3-624x416.webp 624w, https:\/\/wbp.lublin.pl\/wp-content\/uploads\/2018\/11\/39-3-84x56.webp 84w, https:\/\/wbp.lublin.pl\/wp-content\/uploads\/2018\/11\/39-3.webp 974w\" sizes=\"auto, (max-width: 400px) 100vw, 400px\" data-has-transparency=\"false\" data-dominant-color=\"7d6f5c\" style=\"--dominant-color: #7d6f5c;\" \/><\/a>\n\t\t\t<\/div>\n\t\t\t\t<figcaption class='wp-caption-text gallery-caption' id='gallery-1-16817'>\n\t\t\t\tRozmowy z publiczno\u015bci\u0105 \n\t\t\t\t<\/figcaption><\/figure><figure class='gallery-item'>\n\t\t\t<div class='gallery-icon landscape'>\n\t\t\t\t<a href='https:\/\/wbp.lublin.pl\/index.php\/2018\/04\/12\/fotorelacja-z-promocji-ksiazki-budka-suflera-memu-miastu-na-do-widzenia-muzyka-miasto-ludzie\/40-13\/'><img loading=\"lazy\" decoding=\"async\" width=\"400\" height=\"267\" src=\"https:\/\/wbp.lublin.pl\/wp-content\/uploads\/2018\/11\/40-4-400x267.webp\" class=\"attachment-thumbnail size-thumbnail not-transparent\" alt=\"\" srcset=\"https:\/\/wbp.lublin.pl\/wp-content\/uploads\/2018\/11\/40-4-400x267.webp 400w, https:\/\/wbp.lublin.pl\/wp-content\/uploads\/2018\/11\/40-4-600x400.webp 600w, https:\/\/wbp.lublin.pl\/wp-content\/uploads\/2018\/11\/40-4-768x513.webp 768w, https:\/\/wbp.lublin.pl\/wp-content\/uploads\/2018\/11\/40-4-947x632.webp 947w, https:\/\/wbp.lublin.pl\/wp-content\/uploads\/2018\/11\/40-4-624x416.webp 624w, https:\/\/wbp.lublin.pl\/wp-content\/uploads\/2018\/11\/40-4-84x56.webp 84w, https:\/\/wbp.lublin.pl\/wp-content\/uploads\/2018\/11\/40-4.webp 974w\" sizes=\"auto, (max-width: 400px) 100vw, 400px\" data-has-transparency=\"false\" data-dominant-color=\"786953\" style=\"--dominant-color: #786953;\" \/><\/a>\n\t\t\t<\/div><\/figure><figure class='gallery-item'>\n\t\t\t<div class='gallery-icon landscape'>\n\t\t\t\t<a href='https:\/\/wbp.lublin.pl\/index.php\/2018\/04\/12\/fotorelacja-z-promocji-ksiazki-budka-suflera-memu-miastu-na-do-widzenia-muzyka-miasto-ludzie\/41-13\/'><img loading=\"lazy\" decoding=\"async\" width=\"400\" height=\"267\" src=\"https:\/\/wbp.lublin.pl\/wp-content\/uploads\/2018\/11\/41-4-400x267.webp\" class=\"attachment-thumbnail size-thumbnail not-transparent\" alt=\"\" srcset=\"https:\/\/wbp.lublin.pl\/wp-content\/uploads\/2018\/11\/41-4-400x267.webp 400w, https:\/\/wbp.lublin.pl\/wp-content\/uploads\/2018\/11\/41-4-600x400.webp 600w, https:\/\/wbp.lublin.pl\/wp-content\/uploads\/2018\/11\/41-4-768x513.webp 768w, https:\/\/wbp.lublin.pl\/wp-content\/uploads\/2018\/11\/41-4-947x632.webp 947w, https:\/\/wbp.lublin.pl\/wp-content\/uploads\/2018\/11\/41-4-624x416.webp 624w, https:\/\/wbp.lublin.pl\/wp-content\/uploads\/2018\/11\/41-4-84x56.webp 84w, https:\/\/wbp.lublin.pl\/wp-content\/uploads\/2018\/11\/41-4.webp 974w\" sizes=\"auto, (max-width: 400px) 100vw, 400px\" data-has-transparency=\"false\" data-dominant-color=\"847467\" style=\"--dominant-color: #847467;\" \/><\/a>\n\t\t\t<\/div><\/figure><figure class='gallery-item'>\n\t\t\t<div class='gallery-icon portrait'>\n\t\t\t\t<a href='https:\/\/wbp.lublin.pl\/index.php\/2018\/04\/12\/fotorelacja-z-promocji-ksiazki-budka-suflera-memu-miastu-na-do-widzenia-muzyka-miasto-ludzie\/42-11\/'><img loading=\"lazy\" decoding=\"async\" width=\"266\" height=\"400\" src=\"https:\/\/wbp.lublin.pl\/wp-content\/uploads\/2018\/11\/42-4-266x400.webp\" class=\"attachment-thumbnail size-thumbnail not-transparent\" alt=\"\" srcset=\"https:\/\/wbp.lublin.pl\/wp-content\/uploads\/2018\/11\/42-4-266x400.webp 266w, https:\/\/wbp.lublin.pl\/wp-content\/uploads\/2018\/11\/42-4-400x600.webp 400w, https:\/\/wbp.lublin.pl\/wp-content\/uploads\/2018\/11\/42-4.webp 433w\" sizes=\"auto, (max-width: 266px) 100vw, 266px\" data-has-transparency=\"false\" data-dominant-color=\"7c6855\" style=\"--dominant-color: #7c6855;\" \/><\/a>\n\t\t\t<\/div><\/figure><figure class='gallery-item'>\n\t\t\t<div class='gallery-icon landscape'>\n\t\t\t\t<a href='https:\/\/wbp.lublin.pl\/index.php\/2018\/04\/12\/fotorelacja-z-promocji-ksiazki-budka-suflera-memu-miastu-na-do-widzenia-muzyka-miasto-ludzie\/43-9\/'><img loading=\"lazy\" decoding=\"async\" width=\"400\" height=\"267\" src=\"https:\/\/wbp.lublin.pl\/wp-content\/uploads\/2018\/11\/43-1-400x267.webp\" class=\"attachment-thumbnail size-thumbnail not-transparent\" alt=\"\" srcset=\"https:\/\/wbp.lublin.pl\/wp-content\/uploads\/2018\/11\/43-1-400x267.webp 400w, https:\/\/wbp.lublin.pl\/wp-content\/uploads\/2018\/11\/43-1-600x400.webp 600w, https:\/\/wbp.lublin.pl\/wp-content\/uploads\/2018\/11\/43-1-768x513.webp 768w, https:\/\/wbp.lublin.pl\/wp-content\/uploads\/2018\/11\/43-1-947x632.webp 947w, https:\/\/wbp.lublin.pl\/wp-content\/uploads\/2018\/11\/43-1-624x416.webp 624w, https:\/\/wbp.lublin.pl\/wp-content\/uploads\/2018\/11\/43-1-84x56.webp 84w, https:\/\/wbp.lublin.pl\/wp-content\/uploads\/2018\/11\/43-1.webp 974w\" sizes=\"auto, (max-width: 400px) 100vw, 400px\" data-has-transparency=\"false\" data-dominant-color=\"857561\" style=\"--dominant-color: #857561;\" \/><\/a>\n\t\t\t<\/div><\/figure><figure class='gallery-item'>\n\t\t\t<div class='gallery-icon landscape'>\n\t\t\t\t<a href='https:\/\/wbp.lublin.pl\/index.php\/2018\/04\/12\/fotorelacja-z-promocji-ksiazki-budka-suflera-memu-miastu-na-do-widzenia-muzyka-miasto-ludzie\/44-12\/'><img loading=\"lazy\" decoding=\"async\" width=\"400\" height=\"267\" src=\"https:\/\/wbp.lublin.pl\/wp-content\/uploads\/2018\/11\/44-4-400x267.webp\" class=\"attachment-thumbnail size-thumbnail not-transparent\" alt=\"\" srcset=\"https:\/\/wbp.lublin.pl\/wp-content\/uploads\/2018\/11\/44-4-400x267.webp 400w, https:\/\/wbp.lublin.pl\/wp-content\/uploads\/2018\/11\/44-4-600x400.webp 600w, https:\/\/wbp.lublin.pl\/wp-content\/uploads\/2018\/11\/44-4-768x513.webp 768w, https:\/\/wbp.lublin.pl\/wp-content\/uploads\/2018\/11\/44-4-947x632.webp 947w, https:\/\/wbp.lublin.pl\/wp-content\/uploads\/2018\/11\/44-4-624x416.webp 624w, https:\/\/wbp.lublin.pl\/wp-content\/uploads\/2018\/11\/44-4-84x56.webp 84w, https:\/\/wbp.lublin.pl\/wp-content\/uploads\/2018\/11\/44-4.webp 974w\" sizes=\"auto, (max-width: 400px) 100vw, 400px\" data-has-transparency=\"false\" data-dominant-color=\"7f7467\" style=\"--dominant-color: #7f7467;\" \/><\/a>\n\t\t\t<\/div><\/figure><figure class='gallery-item'>\n\t\t\t<div class='gallery-icon landscape'>\n\t\t\t\t<a href='https:\/\/wbp.lublin.pl\/index.php\/2018\/04\/12\/fotorelacja-z-promocji-ksiazki-budka-suflera-memu-miastu-na-do-widzenia-muzyka-miasto-ludzie\/45-11\/'><img loading=\"lazy\" decoding=\"async\" width=\"400\" height=\"267\" src=\"https:\/\/wbp.lublin.pl\/wp-content\/uploads\/2018\/11\/45-4-400x267.webp\" class=\"attachment-thumbnail size-thumbnail not-transparent\" alt=\"\" srcset=\"https:\/\/wbp.lublin.pl\/wp-content\/uploads\/2018\/11\/45-4-400x267.webp 400w, https:\/\/wbp.lublin.pl\/wp-content\/uploads\/2018\/11\/45-4-600x400.webp 600w, https:\/\/wbp.lublin.pl\/wp-content\/uploads\/2018\/11\/45-4-768x513.webp 768w, https:\/\/wbp.lublin.pl\/wp-content\/uploads\/2018\/11\/45-4-947x632.webp 947w, https:\/\/wbp.lublin.pl\/wp-content\/uploads\/2018\/11\/45-4-624x416.webp 624w, https:\/\/wbp.lublin.pl\/wp-content\/uploads\/2018\/11\/45-4-84x56.webp 84w, https:\/\/wbp.lublin.pl\/wp-content\/uploads\/2018\/11\/45-4.webp 974w\" sizes=\"auto, (max-width: 400px) 100vw, 400px\" data-has-transparency=\"false\" data-dominant-color=\"856f5c\" style=\"--dominant-color: #856f5c;\" \/><\/a>\n\t\t\t<\/div><\/figure><figure class='gallery-item'>\n\t\t\t<div class='gallery-icon landscape'>\n\t\t\t\t<a href='https:\/\/wbp.lublin.pl\/index.php\/2018\/04\/12\/fotorelacja-z-promocji-ksiazki-budka-suflera-memu-miastu-na-do-widzenia-muzyka-miasto-ludzie\/46-9\/'><img loading=\"lazy\" decoding=\"async\" width=\"400\" height=\"267\" src=\"https:\/\/wbp.lublin.pl\/wp-content\/uploads\/2018\/11\/46-4-400x267.webp\" class=\"attachment-thumbnail size-thumbnail not-transparent\" alt=\"\" srcset=\"https:\/\/wbp.lublin.pl\/wp-content\/uploads\/2018\/11\/46-4-400x267.webp 400w, https:\/\/wbp.lublin.pl\/wp-content\/uploads\/2018\/11\/46-4-600x400.webp 600w, https:\/\/wbp.lublin.pl\/wp-content\/uploads\/2018\/11\/46-4-768x513.webp 768w, https:\/\/wbp.lublin.pl\/wp-content\/uploads\/2018\/11\/46-4-947x632.webp 947w, https:\/\/wbp.lublin.pl\/wp-content\/uploads\/2018\/11\/46-4-624x416.webp 624w, https:\/\/wbp.lublin.pl\/wp-content\/uploads\/2018\/11\/46-4-84x56.webp 84w, https:\/\/wbp.lublin.pl\/wp-content\/uploads\/2018\/11\/46-4.webp 974w\" sizes=\"auto, (max-width: 400px) 100vw, 400px\" data-has-transparency=\"false\" data-dominant-color=\"796f62\" style=\"--dominant-color: #796f62;\" \/><\/a>\n\t\t\t<\/div><\/figure><figure class='gallery-item'>\n\t\t\t<div class='gallery-icon landscape'>\n\t\t\t\t<a href='https:\/\/wbp.lublin.pl\/index.php\/2018\/04\/12\/fotorelacja-z-promocji-ksiazki-budka-suflera-memu-miastu-na-do-widzenia-muzyka-miasto-ludzie\/47-10\/'><img loading=\"lazy\" decoding=\"async\" width=\"400\" height=\"267\" src=\"https:\/\/wbp.lublin.pl\/wp-content\/uploads\/2018\/11\/47-3-400x267.webp\" class=\"attachment-thumbnail size-thumbnail not-transparent\" alt=\"\" srcset=\"https:\/\/wbp.lublin.pl\/wp-content\/uploads\/2018\/11\/47-3-400x267.webp 400w, https:\/\/wbp.lublin.pl\/wp-content\/uploads\/2018\/11\/47-3-600x400.webp 600w, https:\/\/wbp.lublin.pl\/wp-content\/uploads\/2018\/11\/47-3-768x513.webp 768w, https:\/\/wbp.lublin.pl\/wp-content\/uploads\/2018\/11\/47-3-947x632.webp 947w, https:\/\/wbp.lublin.pl\/wp-content\/uploads\/2018\/11\/47-3-624x416.webp 624w, https:\/\/wbp.lublin.pl\/wp-content\/uploads\/2018\/11\/47-3-84x56.webp 84w, https:\/\/wbp.lublin.pl\/wp-content\/uploads\/2018\/11\/47-3.webp 974w\" sizes=\"auto, (max-width: 400px) 100vw, 400px\" data-has-transparency=\"false\" data-dominant-color=\"6f6355\" style=\"--dominant-color: #6f6355;\" \/><\/a>\n\t\t\t<\/div><\/figure><figure class='gallery-item'>\n\t\t\t<div class='gallery-icon landscape'>\n\t\t\t\t<a href='https:\/\/wbp.lublin.pl\/index.php\/2018\/04\/12\/fotorelacja-z-promocji-ksiazki-budka-suflera-memu-miastu-na-do-widzenia-muzyka-miasto-ludzie\/48-7\/'><img loading=\"lazy\" decoding=\"async\" width=\"400\" height=\"267\" src=\"https:\/\/wbp.lublin.pl\/wp-content\/uploads\/2018\/11\/48-2-400x267.webp\" class=\"attachment-thumbnail size-thumbnail not-transparent\" alt=\"\" srcset=\"https:\/\/wbp.lublin.pl\/wp-content\/uploads\/2018\/11\/48-2-400x267.webp 400w, https:\/\/wbp.lublin.pl\/wp-content\/uploads\/2018\/11\/48-2-600x400.webp 600w, https:\/\/wbp.lublin.pl\/wp-content\/uploads\/2018\/11\/48-2-768x513.webp 768w, https:\/\/wbp.lublin.pl\/wp-content\/uploads\/2018\/11\/48-2-947x632.webp 947w, https:\/\/wbp.lublin.pl\/wp-content\/uploads\/2018\/11\/48-2-624x416.webp 624w, https:\/\/wbp.lublin.pl\/wp-content\/uploads\/2018\/11\/48-2-84x56.webp 84w, https:\/\/wbp.lublin.pl\/wp-content\/uploads\/2018\/11\/48-2.webp 974w\" sizes=\"auto, (max-width: 400px) 100vw, 400px\" data-has-transparency=\"false\" data-dominant-color=\"826a58\" style=\"--dominant-color: #826a58;\" \/><\/a>\n\t\t\t<\/div><\/figure><figure class='gallery-item'>\n\t\t\t<div class='gallery-icon landscape'>\n\t\t\t\t<a href='https:\/\/wbp.lublin.pl\/index.php\/2018\/04\/12\/fotorelacja-z-promocji-ksiazki-budka-suflera-memu-miastu-na-do-widzenia-muzyka-miasto-ludzie\/49-10\/'><img loading=\"lazy\" decoding=\"async\" width=\"400\" height=\"267\" src=\"https:\/\/wbp.lublin.pl\/wp-content\/uploads\/2018\/11\/49-3-400x267.webp\" class=\"attachment-thumbnail size-thumbnail not-transparent\" alt=\"\" srcset=\"https:\/\/wbp.lublin.pl\/wp-content\/uploads\/2018\/11\/49-3-400x267.webp 400w, https:\/\/wbp.lublin.pl\/wp-content\/uploads\/2018\/11\/49-3-600x400.webp 600w, https:\/\/wbp.lublin.pl\/wp-content\/uploads\/2018\/11\/49-3-768x513.webp 768w, https:\/\/wbp.lublin.pl\/wp-content\/uploads\/2018\/11\/49-3-947x632.webp 947w, https:\/\/wbp.lublin.pl\/wp-content\/uploads\/2018\/11\/49-3-624x416.webp 624w, https:\/\/wbp.lublin.pl\/wp-content\/uploads\/2018\/11\/49-3-84x56.webp 84w, https:\/\/wbp.lublin.pl\/wp-content\/uploads\/2018\/11\/49-3.webp 974w\" sizes=\"auto, (max-width: 400px) 100vw, 400px\" data-has-transparency=\"false\" data-dominant-color=\"7c6e5f\" style=\"--dominant-color: #7c6e5f;\" \/><\/a>\n\t\t\t<\/div><\/figure><figure class='gallery-item'>\n\t\t\t<div class='gallery-icon landscape'>\n\t\t\t\t<a href='https:\/\/wbp.lublin.pl\/index.php\/2018\/04\/12\/fotorelacja-z-promocji-ksiazki-budka-suflera-memu-miastu-na-do-widzenia-muzyka-miasto-ludzie\/50-8\/'><img loading=\"lazy\" decoding=\"async\" width=\"400\" height=\"267\" src=\"https:\/\/wbp.lublin.pl\/wp-content\/uploads\/2018\/11\/50-2-400x267.webp\" class=\"attachment-thumbnail size-thumbnail not-transparent\" alt=\"\" srcset=\"https:\/\/wbp.lublin.pl\/wp-content\/uploads\/2018\/11\/50-2-400x267.webp 400w, https:\/\/wbp.lublin.pl\/wp-content\/uploads\/2018\/11\/50-2-600x400.webp 600w, https:\/\/wbp.lublin.pl\/wp-content\/uploads\/2018\/11\/50-2-768x513.webp 768w, https:\/\/wbp.lublin.pl\/wp-content\/uploads\/2018\/11\/50-2-947x632.webp 947w, https:\/\/wbp.lublin.pl\/wp-content\/uploads\/2018\/11\/50-2-624x416.webp 624w, https:\/\/wbp.lublin.pl\/wp-content\/uploads\/2018\/11\/50-2-84x56.webp 84w, https:\/\/wbp.lublin.pl\/wp-content\/uploads\/2018\/11\/50-2.webp 974w\" sizes=\"auto, (max-width: 400px) 100vw, 400px\" data-has-transparency=\"false\" data-dominant-color=\"746657\" style=\"--dominant-color: #746657;\" \/><\/a>\n\t\t\t<\/div><\/figure><figure class='gallery-item'>\n\t\t\t<div class='gallery-icon landscape'>\n\t\t\t\t<a href='https:\/\/wbp.lublin.pl\/index.php\/2018\/04\/12\/fotorelacja-z-promocji-ksiazki-budka-suflera-memu-miastu-na-do-widzenia-muzyka-miasto-ludzie\/51-9\/'><img loading=\"lazy\" decoding=\"async\" width=\"400\" height=\"267\" src=\"https:\/\/wbp.lublin.pl\/wp-content\/uploads\/2018\/11\/51-2-400x267.webp\" class=\"attachment-thumbnail size-thumbnail not-transparent\" alt=\"\" srcset=\"https:\/\/wbp.lublin.pl\/wp-content\/uploads\/2018\/11\/51-2-400x267.webp 400w, https:\/\/wbp.lublin.pl\/wp-content\/uploads\/2018\/11\/51-2-600x400.webp 600w, https:\/\/wbp.lublin.pl\/wp-content\/uploads\/2018\/11\/51-2-768x513.webp 768w, https:\/\/wbp.lublin.pl\/wp-content\/uploads\/2018\/11\/51-2-947x632.webp 947w, https:\/\/wbp.lublin.pl\/wp-content\/uploads\/2018\/11\/51-2-624x416.webp 624w, https:\/\/wbp.lublin.pl\/wp-content\/uploads\/2018\/11\/51-2-84x56.webp 84w, https:\/\/wbp.lublin.pl\/wp-content\/uploads\/2018\/11\/51-2.webp 974w\" sizes=\"auto, (max-width: 400px) 100vw, 400px\" data-has-transparency=\"false\" data-dominant-color=\"78695a\" style=\"--dominant-color: #78695a;\" \/><\/a>\n\t\t\t<\/div><\/figure><figure class='gallery-item'>\n\t\t\t<div class='gallery-icon landscape'>\n\t\t\t\t<a href='https:\/\/wbp.lublin.pl\/index.php\/2018\/04\/12\/fotorelacja-z-promocji-ksiazki-budka-suflera-memu-miastu-na-do-widzenia-muzyka-miasto-ludzie\/52-9\/'><img loading=\"lazy\" decoding=\"async\" width=\"400\" height=\"267\" src=\"https:\/\/wbp.lublin.pl\/wp-content\/uploads\/2018\/11\/52-2-400x267.webp\" class=\"attachment-thumbnail size-thumbnail not-transparent\" alt=\"\" aria-describedby=\"gallery-1-16830\" srcset=\"https:\/\/wbp.lublin.pl\/wp-content\/uploads\/2018\/11\/52-2-400x267.webp 400w, https:\/\/wbp.lublin.pl\/wp-content\/uploads\/2018\/11\/52-2-600x400.webp 600w, https:\/\/wbp.lublin.pl\/wp-content\/uploads\/2018\/11\/52-2-768x513.webp 768w, https:\/\/wbp.lublin.pl\/wp-content\/uploads\/2018\/11\/52-2-947x632.webp 947w, https:\/\/wbp.lublin.pl\/wp-content\/uploads\/2018\/11\/52-2-624x416.webp 624w, https:\/\/wbp.lublin.pl\/wp-content\/uploads\/2018\/11\/52-2-84x56.webp 84w, https:\/\/wbp.lublin.pl\/wp-content\/uploads\/2018\/11\/52-2.webp 974w\" sizes=\"auto, (max-width: 400px) 100vw, 400px\" data-has-transparency=\"false\" data-dominant-color=\"7c5539\" style=\"--dominant-color: #7c5539;\" \/><\/a>\n\t\t\t<\/div>\n\t\t\t\t<figcaption class='wp-caption-text gallery-caption' id='gallery-1-16830'>\n\t\t\t\tCz\u0142onkowie zespo\u0142u podpisywali ksi\u0105\u017cki i p\u0142yty w Ksi\u0119garni \u201eU Hieronima\u201d \n\t\t\t\t<\/figcaption><\/figure><figure class='gallery-item'>\n\t\t\t<div class='gallery-icon landscape'>\n\t\t\t\t<a href='https:\/\/wbp.lublin.pl\/index.php\/2018\/04\/12\/fotorelacja-z-promocji-ksiazki-budka-suflera-memu-miastu-na-do-widzenia-muzyka-miasto-ludzie\/53-7\/'><img loading=\"lazy\" decoding=\"async\" width=\"400\" height=\"267\" src=\"https:\/\/wbp.lublin.pl\/wp-content\/uploads\/2018\/11\/53-400x267.webp\" class=\"attachment-thumbnail size-thumbnail not-transparent\" alt=\"\" srcset=\"https:\/\/wbp.lublin.pl\/wp-content\/uploads\/2018\/11\/53-400x267.webp 400w, https:\/\/wbp.lublin.pl\/wp-content\/uploads\/2018\/11\/53-600x400.webp 600w, https:\/\/wbp.lublin.pl\/wp-content\/uploads\/2018\/11\/53-768x513.webp 768w, https:\/\/wbp.lublin.pl\/wp-content\/uploads\/2018\/11\/53-947x632.webp 947w, https:\/\/wbp.lublin.pl\/wp-content\/uploads\/2018\/11\/53-624x416.webp 624w, https:\/\/wbp.lublin.pl\/wp-content\/uploads\/2018\/11\/53-84x56.webp 84w, https:\/\/wbp.lublin.pl\/wp-content\/uploads\/2018\/11\/53.webp 974w\" sizes=\"auto, (max-width: 400px) 100vw, 400px\" data-has-transparency=\"false\" data-dominant-color=\"766457\" style=\"--dominant-color: #766457;\" \/><\/a>\n\t\t\t<\/div><\/figure><figure class='gallery-item'>\n\t\t\t<div class='gallery-icon landscape'>\n\t\t\t\t<a href='https:\/\/wbp.lublin.pl\/index.php\/2018\/04\/12\/fotorelacja-z-promocji-ksiazki-budka-suflera-memu-miastu-na-do-widzenia-muzyka-miasto-ludzie\/54-7\/'><img loading=\"lazy\" decoding=\"async\" width=\"400\" height=\"267\" src=\"https:\/\/wbp.lublin.pl\/wp-content\/uploads\/2018\/11\/54-1-400x267.webp\" class=\"attachment-thumbnail size-thumbnail not-transparent\" alt=\"\" srcset=\"https:\/\/wbp.lublin.pl\/wp-content\/uploads\/2018\/11\/54-1-400x267.webp 400w, https:\/\/wbp.lublin.pl\/wp-content\/uploads\/2018\/11\/54-1-600x400.webp 600w, https:\/\/wbp.lublin.pl\/wp-content\/uploads\/2018\/11\/54-1-768x513.webp 768w, https:\/\/wbp.lublin.pl\/wp-content\/uploads\/2018\/11\/54-1-947x632.webp 947w, https:\/\/wbp.lublin.pl\/wp-content\/uploads\/2018\/11\/54-1-624x416.webp 624w, https:\/\/wbp.lublin.pl\/wp-content\/uploads\/2018\/11\/54-1-84x56.webp 84w, https:\/\/wbp.lublin.pl\/wp-content\/uploads\/2018\/11\/54-1.webp 974w\" sizes=\"auto, (max-width: 400px) 100vw, 400px\" data-has-transparency=\"false\" data-dominant-color=\"604938\" style=\"--dominant-color: #604938;\" \/><\/a>\n\t\t\t<\/div><\/figure><figure class='gallery-item'>\n\t\t\t<div class='gallery-icon landscape'>\n\t\t\t\t<a href='https:\/\/wbp.lublin.pl\/index.php\/2018\/04\/12\/fotorelacja-z-promocji-ksiazki-budka-suflera-memu-miastu-na-do-widzenia-muzyka-miasto-ludzie\/55-5\/'><img loading=\"lazy\" decoding=\"async\" width=\"400\" height=\"267\" src=\"https:\/\/wbp.lublin.pl\/wp-content\/uploads\/2018\/11\/55-1-400x267.webp\" class=\"attachment-thumbnail size-thumbnail not-transparent\" alt=\"\" srcset=\"https:\/\/wbp.lublin.pl\/wp-content\/uploads\/2018\/11\/55-1-400x267.webp 400w, https:\/\/wbp.lublin.pl\/wp-content\/uploads\/2018\/11\/55-1-600x400.webp 600w, https:\/\/wbp.lublin.pl\/wp-content\/uploads\/2018\/11\/55-1-768x513.webp 768w, https:\/\/wbp.lublin.pl\/wp-content\/uploads\/2018\/11\/55-1-947x632.webp 947w, https:\/\/wbp.lublin.pl\/wp-content\/uploads\/2018\/11\/55-1-624x416.webp 624w, https:\/\/wbp.lublin.pl\/wp-content\/uploads\/2018\/11\/55-1-84x56.webp 84w, https:\/\/wbp.lublin.pl\/wp-content\/uploads\/2018\/11\/55-1.webp 974w\" sizes=\"auto, (max-width: 400px) 100vw, 400px\" data-has-transparency=\"false\" data-dominant-color=\"856c53\" style=\"--dominant-color: #856c53;\" \/><\/a>\n\t\t\t<\/div><\/figure><figure class='gallery-item'>\n\t\t\t<div class='gallery-icon landscape'>\n\t\t\t\t<a href='https:\/\/wbp.lublin.pl\/index.php\/2018\/04\/12\/fotorelacja-z-promocji-ksiazki-budka-suflera-memu-miastu-na-do-widzenia-muzyka-miasto-ludzie\/56-7\/'><img loading=\"lazy\" decoding=\"async\" width=\"400\" height=\"267\" src=\"https:\/\/wbp.lublin.pl\/wp-content\/uploads\/2018\/11\/56-1-400x267.webp\" class=\"attachment-thumbnail size-thumbnail not-transparent\" alt=\"\" srcset=\"https:\/\/wbp.lublin.pl\/wp-content\/uploads\/2018\/11\/56-1-400x267.webp 400w, https:\/\/wbp.lublin.pl\/wp-content\/uploads\/2018\/11\/56-1-600x400.webp 600w, https:\/\/wbp.lublin.pl\/wp-content\/uploads\/2018\/11\/56-1-768x513.webp 768w, https:\/\/wbp.lublin.pl\/wp-content\/uploads\/2018\/11\/56-1-947x632.webp 947w, https:\/\/wbp.lublin.pl\/wp-content\/uploads\/2018\/11\/56-1-624x416.webp 624w, https:\/\/wbp.lublin.pl\/wp-content\/uploads\/2018\/11\/56-1-84x56.webp 84w, https:\/\/wbp.lublin.pl\/wp-content\/uploads\/2018\/11\/56-1.webp 974w\" sizes=\"auto, (max-width: 400px) 100vw, 400px\" data-has-transparency=\"false\" data-dominant-color=\"8b6f5c\" style=\"--dominant-color: #8b6f5c;\" \/><\/a>\n\t\t\t<\/div><\/figure><figure class='gallery-item'>\n\t\t\t<div class='gallery-icon landscape'>\n\t\t\t\t<a href='https:\/\/wbp.lublin.pl\/index.php\/2018\/04\/12\/fotorelacja-z-promocji-ksiazki-budka-suflera-memu-miastu-na-do-widzenia-muzyka-miasto-ludzie\/57-5\/'><img loading=\"lazy\" decoding=\"async\" width=\"400\" height=\"267\" src=\"https:\/\/wbp.lublin.pl\/wp-content\/uploads\/2018\/11\/57-1-400x267.webp\" class=\"attachment-thumbnail size-thumbnail not-transparent\" alt=\"\" srcset=\"https:\/\/wbp.lublin.pl\/wp-content\/uploads\/2018\/11\/57-1-400x267.webp 400w, https:\/\/wbp.lublin.pl\/wp-content\/uploads\/2018\/11\/57-1-600x400.webp 600w, https:\/\/wbp.lublin.pl\/wp-content\/uploads\/2018\/11\/57-1-768x513.webp 768w, https:\/\/wbp.lublin.pl\/wp-content\/uploads\/2018\/11\/57-1-947x632.webp 947w, https:\/\/wbp.lublin.pl\/wp-content\/uploads\/2018\/11\/57-1-624x416.webp 624w, https:\/\/wbp.lublin.pl\/wp-content\/uploads\/2018\/11\/57-1-84x56.webp 84w, https:\/\/wbp.lublin.pl\/wp-content\/uploads\/2018\/11\/57-1.webp 974w\" sizes=\"auto, (max-width: 400px) 100vw, 400px\" data-has-transparency=\"false\" data-dominant-color=\"7f644f\" style=\"--dominant-color: #7f644f;\" \/><\/a>\n\t\t\t<\/div><\/figure><figure class='gallery-item'>\n\t\t\t<div class='gallery-icon landscape'>\n\t\t\t\t<a href='https:\/\/wbp.lublin.pl\/index.php\/2018\/04\/12\/fotorelacja-z-promocji-ksiazki-budka-suflera-memu-miastu-na-do-widzenia-muzyka-miasto-ludzie\/58-7\/'><img loading=\"lazy\" decoding=\"async\" width=\"400\" height=\"267\" src=\"https:\/\/wbp.lublin.pl\/wp-content\/uploads\/2018\/11\/58-1-400x267.webp\" class=\"attachment-thumbnail size-thumbnail not-transparent\" alt=\"\" srcset=\"https:\/\/wbp.lublin.pl\/wp-content\/uploads\/2018\/11\/58-1-400x267.webp 400w, https:\/\/wbp.lublin.pl\/wp-content\/uploads\/2018\/11\/58-1-600x400.webp 600w, https:\/\/wbp.lublin.pl\/wp-content\/uploads\/2018\/11\/58-1-768x513.webp 768w, https:\/\/wbp.lublin.pl\/wp-content\/uploads\/2018\/11\/58-1-947x632.webp 947w, https:\/\/wbp.lublin.pl\/wp-content\/uploads\/2018\/11\/58-1-624x416.webp 624w, https:\/\/wbp.lublin.pl\/wp-content\/uploads\/2018\/11\/58-1-84x56.webp 84w, https:\/\/wbp.lublin.pl\/wp-content\/uploads\/2018\/11\/58-1.webp 974w\" sizes=\"auto, (max-width: 400px) 100vw, 400px\" data-has-transparency=\"false\" data-dominant-color=\"78604c\" style=\"--dominant-color: #78604c;\" \/><\/a>\n\t\t\t<\/div><\/figure><figure class='gallery-item'>\n\t\t\t<div class='gallery-icon landscape'>\n\t\t\t\t<a href='https:\/\/wbp.lublin.pl\/index.php\/2018\/04\/12\/fotorelacja-z-promocji-ksiazki-budka-suflera-memu-miastu-na-do-widzenia-muzyka-miasto-ludzie\/59-4\/'><img loading=\"lazy\" decoding=\"async\" width=\"400\" height=\"267\" src=\"https:\/\/wbp.lublin.pl\/wp-content\/uploads\/2018\/11\/59-400x267.webp\" class=\"attachment-thumbnail size-thumbnail not-transparent\" alt=\"\" srcset=\"https:\/\/wbp.lublin.pl\/wp-content\/uploads\/2018\/11\/59-400x267.webp 400w, https:\/\/wbp.lublin.pl\/wp-content\/uploads\/2018\/11\/59-600x400.webp 600w, https:\/\/wbp.lublin.pl\/wp-content\/uploads\/2018\/11\/59-768x513.webp 768w, https:\/\/wbp.lublin.pl\/wp-content\/uploads\/2018\/11\/59-947x632.webp 947w, https:\/\/wbp.lublin.pl\/wp-content\/uploads\/2018\/11\/59-624x416.webp 624w, https:\/\/wbp.lublin.pl\/wp-content\/uploads\/2018\/11\/59-84x56.webp 84w, https:\/\/wbp.lublin.pl\/wp-content\/uploads\/2018\/11\/59.webp 974w\" sizes=\"auto, (max-width: 400px) 100vw, 400px\" data-has-transparency=\"false\" data-dominant-color=\"8a725f\" style=\"--dominant-color: #8a725f;\" \/><\/a>\n\t\t\t<\/div><\/figure><figure class='gallery-item'>\n\t\t\t<div class='gallery-icon landscape'>\n\t\t\t\t<a href='https:\/\/wbp.lublin.pl\/index.php\/2018\/04\/12\/fotorelacja-z-promocji-ksiazki-budka-suflera-memu-miastu-na-do-widzenia-muzyka-miasto-ludzie\/60-7\/'><img loading=\"lazy\" decoding=\"async\" width=\"400\" height=\"267\" src=\"https:\/\/wbp.lublin.pl\/wp-content\/uploads\/2018\/11\/60-1-400x267.webp\" class=\"attachment-thumbnail size-thumbnail not-transparent\" alt=\"\" srcset=\"https:\/\/wbp.lublin.pl\/wp-content\/uploads\/2018\/11\/60-1-400x267.webp 400w, https:\/\/wbp.lublin.pl\/wp-content\/uploads\/2018\/11\/60-1-600x400.webp 600w, https:\/\/wbp.lublin.pl\/wp-content\/uploads\/2018\/11\/60-1-768x513.webp 768w, https:\/\/wbp.lublin.pl\/wp-content\/uploads\/2018\/11\/60-1-947x632.webp 947w, https:\/\/wbp.lublin.pl\/wp-content\/uploads\/2018\/11\/60-1-624x416.webp 624w, https:\/\/wbp.lublin.pl\/wp-content\/uploads\/2018\/11\/60-1-84x56.webp 84w, https:\/\/wbp.lublin.pl\/wp-content\/uploads\/2018\/11\/60-1.webp 974w\" sizes=\"auto, (max-width: 400px) 100vw, 400px\" data-has-transparency=\"false\" data-dominant-color=\"5f503f\" style=\"--dominant-color: #5f503f;\" \/><\/a>\n\t\t\t<\/div><\/figure><figure class='gallery-item'>\n\t\t\t<div class='gallery-icon landscape'>\n\t\t\t\t<a href='https:\/\/wbp.lublin.pl\/index.php\/2018\/04\/12\/fotorelacja-z-promocji-ksiazki-budka-suflera-memu-miastu-na-do-widzenia-muzyka-miasto-ludzie\/62-6\/'><img loading=\"lazy\" decoding=\"async\" width=\"400\" height=\"267\" src=\"https:\/\/wbp.lublin.pl\/wp-content\/uploads\/2018\/11\/62-400x267.webp\" class=\"attachment-thumbnail size-thumbnail not-transparent\" alt=\"\" srcset=\"https:\/\/wbp.lublin.pl\/wp-content\/uploads\/2018\/11\/62-400x267.webp 400w, https:\/\/wbp.lublin.pl\/wp-content\/uploads\/2018\/11\/62-600x400.webp 600w, https:\/\/wbp.lublin.pl\/wp-content\/uploads\/2018\/11\/62-768x513.webp 768w, https:\/\/wbp.lublin.pl\/wp-content\/uploads\/2018\/11\/62-947x632.webp 947w, https:\/\/wbp.lublin.pl\/wp-content\/uploads\/2018\/11\/62-624x416.webp 624w, https:\/\/wbp.lublin.pl\/wp-content\/uploads\/2018\/11\/62-84x56.webp 84w, https:\/\/wbp.lublin.pl\/wp-content\/uploads\/2018\/11\/62.webp 974w\" sizes=\"auto, (max-width: 400px) 100vw, 400px\" data-has-transparency=\"false\" data-dominant-color=\"5d4736\" style=\"--dominant-color: #5d4736;\" \/><\/a>\n\t\t\t<\/div><\/figure><figure class='gallery-item'>\n\t\t\t<div class='gallery-icon landscape'>\n\t\t\t\t<a href='https:\/\/wbp.lublin.pl\/index.php\/2018\/04\/12\/fotorelacja-z-promocji-ksiazki-budka-suflera-memu-miastu-na-do-widzenia-muzyka-miasto-ludzie\/63-7\/'><img loading=\"lazy\" decoding=\"async\" width=\"400\" height=\"267\" src=\"https:\/\/wbp.lublin.pl\/wp-content\/uploads\/2018\/11\/63-1-400x267.webp\" class=\"attachment-thumbnail size-thumbnail not-transparent\" alt=\"\" srcset=\"https:\/\/wbp.lublin.pl\/wp-content\/uploads\/2018\/11\/63-1-400x267.webp 400w, https:\/\/wbp.lublin.pl\/wp-content\/uploads\/2018\/11\/63-1-600x400.webp 600w, https:\/\/wbp.lublin.pl\/wp-content\/uploads\/2018\/11\/63-1-768x513.webp 768w, https:\/\/wbp.lublin.pl\/wp-content\/uploads\/2018\/11\/63-1-947x632.webp 947w, https:\/\/wbp.lublin.pl\/wp-content\/uploads\/2018\/11\/63-1-624x416.webp 624w, https:\/\/wbp.lublin.pl\/wp-content\/uploads\/2018\/11\/63-1-84x56.webp 84w, https:\/\/wbp.lublin.pl\/wp-content\/uploads\/2018\/11\/63-1.webp 974w\" sizes=\"auto, (max-width: 400px) 100vw, 400px\" data-has-transparency=\"false\" data-dominant-color=\"795d49\" style=\"--dominant-color: #795d49;\" \/><\/a>\n\t\t\t<\/div><\/figure><figure class='gallery-item'>\n\t\t\t<div class='gallery-icon landscape'>\n\t\t\t\t<a href='https:\/\/wbp.lublin.pl\/index.php\/2018\/04\/12\/fotorelacja-z-promocji-ksiazki-budka-suflera-memu-miastu-na-do-widzenia-muzyka-miasto-ludzie\/64-7\/'><img loading=\"lazy\" decoding=\"async\" width=\"400\" height=\"267\" src=\"https:\/\/wbp.lublin.pl\/wp-content\/uploads\/2018\/11\/64-1-400x267.webp\" class=\"attachment-thumbnail size-thumbnail not-transparent\" alt=\"\" srcset=\"https:\/\/wbp.lublin.pl\/wp-content\/uploads\/2018\/11\/64-1-400x267.webp 400w, https:\/\/wbp.lublin.pl\/wp-content\/uploads\/2018\/11\/64-1-600x400.webp 600w, https:\/\/wbp.lublin.pl\/wp-content\/uploads\/2018\/11\/64-1-768x513.webp 768w, https:\/\/wbp.lublin.pl\/wp-content\/uploads\/2018\/11\/64-1-947x632.webp 947w, https:\/\/wbp.lublin.pl\/wp-content\/uploads\/2018\/11\/64-1-624x416.webp 624w, https:\/\/wbp.lublin.pl\/wp-content\/uploads\/2018\/11\/64-1-84x56.webp 84w, https:\/\/wbp.lublin.pl\/wp-content\/uploads\/2018\/11\/64-1.webp 974w\" sizes=\"auto, (max-width: 400px) 100vw, 400px\" data-has-transparency=\"false\" data-dominant-color=\"80614c\" style=\"--dominant-color: #80614c;\" \/><\/a>\n\t\t\t<\/div><\/figure><figure class='gallery-item'>\n\t\t\t<div class='gallery-icon landscape'>\n\t\t\t\t<a href='https:\/\/wbp.lublin.pl\/index.php\/2018\/04\/12\/fotorelacja-z-promocji-ksiazki-budka-suflera-memu-miastu-na-do-widzenia-muzyka-miasto-ludzie\/65-5\/'><img loading=\"lazy\" decoding=\"async\" width=\"400\" height=\"267\" src=\"https:\/\/wbp.lublin.pl\/wp-content\/uploads\/2018\/11\/65-400x267.webp\" class=\"attachment-thumbnail size-thumbnail not-transparent\" alt=\"\" srcset=\"https:\/\/wbp.lublin.pl\/wp-content\/uploads\/2018\/11\/65-400x267.webp 400w, https:\/\/wbp.lublin.pl\/wp-content\/uploads\/2018\/11\/65-600x400.webp 600w, https:\/\/wbp.lublin.pl\/wp-content\/uploads\/2018\/11\/65-768x513.webp 768w, https:\/\/wbp.lublin.pl\/wp-content\/uploads\/2018\/11\/65-947x632.webp 947w, https:\/\/wbp.lublin.pl\/wp-content\/uploads\/2018\/11\/65-624x416.webp 624w, https:\/\/wbp.lublin.pl\/wp-content\/uploads\/2018\/11\/65-84x56.webp 84w, https:\/\/wbp.lublin.pl\/wp-content\/uploads\/2018\/11\/65.webp 974w\" sizes=\"auto, (max-width: 400px) 100vw, 400px\" data-has-transparency=\"false\" data-dominant-color=\"79624f\" style=\"--dominant-color: #79624f;\" \/><\/a>\n\t\t\t<\/div><\/figure><figure class='gallery-item'>\n\t\t\t<div class='gallery-icon landscape'>\n\t\t\t\t<a href='https:\/\/wbp.lublin.pl\/index.php\/2018\/04\/12\/fotorelacja-z-promocji-ksiazki-budka-suflera-memu-miastu-na-do-widzenia-muzyka-miasto-ludzie\/66-6\/'><img loading=\"lazy\" decoding=\"async\" width=\"400\" height=\"267\" src=\"https:\/\/wbp.lublin.pl\/wp-content\/uploads\/2018\/11\/66-1-400x267.webp\" class=\"attachment-thumbnail size-thumbnail not-transparent\" alt=\"\" srcset=\"https:\/\/wbp.lublin.pl\/wp-content\/uploads\/2018\/11\/66-1-400x267.webp 400w, https:\/\/wbp.lublin.pl\/wp-content\/uploads\/2018\/11\/66-1-600x400.webp 600w, https:\/\/wbp.lublin.pl\/wp-content\/uploads\/2018\/11\/66-1-768x513.webp 768w, https:\/\/wbp.lublin.pl\/wp-content\/uploads\/2018\/11\/66-1-947x632.webp 947w, https:\/\/wbp.lublin.pl\/wp-content\/uploads\/2018\/11\/66-1-624x416.webp 624w, https:\/\/wbp.lublin.pl\/wp-content\/uploads\/2018\/11\/66-1-84x56.webp 84w, https:\/\/wbp.lublin.pl\/wp-content\/uploads\/2018\/11\/66-1.webp 974w\" sizes=\"auto, (max-width: 400px) 100vw, 400px\" data-has-transparency=\"false\" data-dominant-color=\"776554\" style=\"--dominant-color: #776554;\" \/><\/a>\n\t\t\t<\/div><\/figure><figure class='gallery-item'>\n\t\t\t<div class='gallery-icon landscape'>\n\t\t\t\t<a href='https:\/\/wbp.lublin.pl\/index.php\/2018\/04\/12\/fotorelacja-z-promocji-ksiazki-budka-suflera-memu-miastu-na-do-widzenia-muzyka-miasto-ludzie\/67-5\/'><img loading=\"lazy\" decoding=\"async\" width=\"400\" height=\"267\" src=\"https:\/\/wbp.lublin.pl\/wp-content\/uploads\/2018\/11\/67-1-400x267.webp\" class=\"attachment-thumbnail size-thumbnail not-transparent\" alt=\"\" srcset=\"https:\/\/wbp.lublin.pl\/wp-content\/uploads\/2018\/11\/67-1-400x267.webp 400w, https:\/\/wbp.lublin.pl\/wp-content\/uploads\/2018\/11\/67-1-600x400.webp 600w, https:\/\/wbp.lublin.pl\/wp-content\/uploads\/2018\/11\/67-1-768x513.webp 768w, https:\/\/wbp.lublin.pl\/wp-content\/uploads\/2018\/11\/67-1-947x632.webp 947w, https:\/\/wbp.lublin.pl\/wp-content\/uploads\/2018\/11\/67-1-624x416.webp 624w, https:\/\/wbp.lublin.pl\/wp-content\/uploads\/2018\/11\/67-1-84x56.webp 84w, https:\/\/wbp.lublin.pl\/wp-content\/uploads\/2018\/11\/67-1.webp 974w\" sizes=\"auto, (max-width: 400px) 100vw, 400px\" data-has-transparency=\"false\" data-dominant-color=\"967962\" style=\"--dominant-color: #967962;\" \/><\/a>\n\t\t\t<\/div><\/figure><figure class='gallery-item'>\n\t\t\t<div class='gallery-icon landscape'>\n\t\t\t\t<a href='https:\/\/wbp.lublin.pl\/index.php\/2018\/04\/12\/fotorelacja-z-promocji-ksiazki-budka-suflera-memu-miastu-na-do-widzenia-muzyka-miasto-ludzie\/68-6\/'><img loading=\"lazy\" decoding=\"async\" width=\"400\" height=\"267\" src=\"https:\/\/wbp.lublin.pl\/wp-content\/uploads\/2018\/11\/68-1-400x267.webp\" class=\"attachment-thumbnail size-thumbnail not-transparent\" alt=\"\" srcset=\"https:\/\/wbp.lublin.pl\/wp-content\/uploads\/2018\/11\/68-1-400x267.webp 400w, https:\/\/wbp.lublin.pl\/wp-content\/uploads\/2018\/11\/68-1-600x400.webp 600w, https:\/\/wbp.lublin.pl\/wp-content\/uploads\/2018\/11\/68-1-768x513.webp 768w, https:\/\/wbp.lublin.pl\/wp-content\/uploads\/2018\/11\/68-1-947x632.webp 947w, https:\/\/wbp.lublin.pl\/wp-content\/uploads\/2018\/11\/68-1-624x416.webp 624w, https:\/\/wbp.lublin.pl\/wp-content\/uploads\/2018\/11\/68-1-84x56.webp 84w, https:\/\/wbp.lublin.pl\/wp-content\/uploads\/2018\/11\/68-1.webp 974w\" sizes=\"auto, (max-width: 400px) 100vw, 400px\" data-has-transparency=\"false\" data-dominant-color=\"b6a18a\" style=\"--dominant-color: #b6a18a;\" \/><\/a>\n\t\t\t<\/div><\/figure><figure class='gallery-item'>\n\t\t\t<div class='gallery-icon landscape'>\n\t\t\t\t<a href='https:\/\/wbp.lublin.pl\/index.php\/2018\/04\/12\/fotorelacja-z-promocji-ksiazki-budka-suflera-memu-miastu-na-do-widzenia-muzyka-miasto-ludzie\/69-7\/'><img loading=\"lazy\" decoding=\"async\" width=\"400\" height=\"267\" src=\"https:\/\/wbp.lublin.pl\/wp-content\/uploads\/2018\/11\/69-1-400x267.webp\" class=\"attachment-thumbnail size-thumbnail not-transparent\" alt=\"\" srcset=\"https:\/\/wbp.lublin.pl\/wp-content\/uploads\/2018\/11\/69-1-400x267.webp 400w, https:\/\/wbp.lublin.pl\/wp-content\/uploads\/2018\/11\/69-1-600x400.webp 600w, https:\/\/wbp.lublin.pl\/wp-content\/uploads\/2018\/11\/69-1-768x513.webp 768w, https:\/\/wbp.lublin.pl\/wp-content\/uploads\/2018\/11\/69-1-947x632.webp 947w, https:\/\/wbp.lublin.pl\/wp-content\/uploads\/2018\/11\/69-1-624x416.webp 624w, https:\/\/wbp.lublin.pl\/wp-content\/uploads\/2018\/11\/69-1-84x56.webp 84w, https:\/\/wbp.lublin.pl\/wp-content\/uploads\/2018\/11\/69-1.webp 974w\" sizes=\"auto, (max-width: 400px) 100vw, 400px\" data-has-transparency=\"false\" data-dominant-color=\"625748\" style=\"--dominant-color: #625748;\" \/><\/a>\n\t\t\t<\/div><\/figure><figure class='gallery-item'>\n\t\t\t<div class='gallery-icon landscape'>\n\t\t\t\t<a href='https:\/\/wbp.lublin.pl\/index.php\/2018\/04\/12\/fotorelacja-z-promocji-ksiazki-budka-suflera-memu-miastu-na-do-widzenia-muzyka-miasto-ludzie\/70-6\/'><img loading=\"lazy\" decoding=\"async\" width=\"400\" height=\"267\" src=\"https:\/\/wbp.lublin.pl\/wp-content\/uploads\/2018\/11\/70-1-400x267.webp\" class=\"attachment-thumbnail size-thumbnail not-transparent\" alt=\"\" srcset=\"https:\/\/wbp.lublin.pl\/wp-content\/uploads\/2018\/11\/70-1-400x267.webp 400w, https:\/\/wbp.lublin.pl\/wp-content\/uploads\/2018\/11\/70-1-600x400.webp 600w, https:\/\/wbp.lublin.pl\/wp-content\/uploads\/2018\/11\/70-1-768x513.webp 768w, https:\/\/wbp.lublin.pl\/wp-content\/uploads\/2018\/11\/70-1-947x632.webp 947w, https:\/\/wbp.lublin.pl\/wp-content\/uploads\/2018\/11\/70-1-624x416.webp 624w, https:\/\/wbp.lublin.pl\/wp-content\/uploads\/2018\/11\/70-1-84x56.webp 84w, https:\/\/wbp.lublin.pl\/wp-content\/uploads\/2018\/11\/70-1.webp 974w\" sizes=\"auto, (max-width: 400px) 100vw, 400px\" data-has-transparency=\"false\" data-dominant-color=\"8f755e\" style=\"--dominant-color: #8f755e;\" \/><\/a>\n\t\t\t<\/div><\/figure><figure class='gallery-item'>\n\t\t\t<div class='gallery-icon landscape'>\n\t\t\t\t<a href='https:\/\/wbp.lublin.pl\/index.php\/2018\/04\/12\/fotorelacja-z-promocji-ksiazki-budka-suflera-memu-miastu-na-do-widzenia-muzyka-miasto-ludzie\/71-7\/'><img loading=\"lazy\" decoding=\"async\" width=\"400\" height=\"267\" src=\"https:\/\/wbp.lublin.pl\/wp-content\/uploads\/2018\/11\/71-1-400x267.webp\" class=\"attachment-thumbnail size-thumbnail not-transparent\" alt=\"\" srcset=\"https:\/\/wbp.lublin.pl\/wp-content\/uploads\/2018\/11\/71-1-400x267.webp 400w, https:\/\/wbp.lublin.pl\/wp-content\/uploads\/2018\/11\/71-1-600x400.webp 600w, https:\/\/wbp.lublin.pl\/wp-content\/uploads\/2018\/11\/71-1-768x513.webp 768w, https:\/\/wbp.lublin.pl\/wp-content\/uploads\/2018\/11\/71-1-947x632.webp 947w, https:\/\/wbp.lublin.pl\/wp-content\/uploads\/2018\/11\/71-1-624x416.webp 624w, https:\/\/wbp.lublin.pl\/wp-content\/uploads\/2018\/11\/71-1-84x56.webp 84w, https:\/\/wbp.lublin.pl\/wp-content\/uploads\/2018\/11\/71-1.webp 974w\" sizes=\"auto, (max-width: 400px) 100vw, 400px\" data-has-transparency=\"false\" data-dominant-color=\"725646\" style=\"--dominant-color: #725646;\" \/><\/a>\n\t\t\t<\/div><\/figure><figure class='gallery-item'>\n\t\t\t<div class='gallery-icon landscape'>\n\t\t\t\t<a href='https:\/\/wbp.lublin.pl\/index.php\/2018\/04\/12\/fotorelacja-z-promocji-ksiazki-budka-suflera-memu-miastu-na-do-widzenia-muzyka-miasto-ludzie\/72-5\/'><img loading=\"lazy\" decoding=\"async\" width=\"400\" height=\"267\" src=\"https:\/\/wbp.lublin.pl\/wp-content\/uploads\/2018\/11\/72-1-400x267.webp\" class=\"attachment-thumbnail size-thumbnail not-transparent\" alt=\"\" srcset=\"https:\/\/wbp.lublin.pl\/wp-content\/uploads\/2018\/11\/72-1-400x267.webp 400w, https:\/\/wbp.lublin.pl\/wp-content\/uploads\/2018\/11\/72-1-600x400.webp 600w, https:\/\/wbp.lublin.pl\/wp-content\/uploads\/2018\/11\/72-1-768x513.webp 768w, https:\/\/wbp.lublin.pl\/wp-content\/uploads\/2018\/11\/72-1-947x632.webp 947w, https:\/\/wbp.lublin.pl\/wp-content\/uploads\/2018\/11\/72-1-624x416.webp 624w, https:\/\/wbp.lublin.pl\/wp-content\/uploads\/2018\/11\/72-1-84x56.webp 84w, https:\/\/wbp.lublin.pl\/wp-content\/uploads\/2018\/11\/72-1.webp 974w\" sizes=\"auto, (max-width: 400px) 100vw, 400px\" data-has-transparency=\"false\" data-dominant-color=\"826a54\" style=\"--dominant-color: #826a54;\" \/><\/a>\n\t\t\t<\/div><\/figure><figure class='gallery-item'>\n\t\t\t<div class='gallery-icon landscape'>\n\t\t\t\t<a href='https:\/\/wbp.lublin.pl\/index.php\/2018\/04\/12\/fotorelacja-z-promocji-ksiazki-budka-suflera-memu-miastu-na-do-widzenia-muzyka-miasto-ludzie\/73-6\/'><img loading=\"lazy\" decoding=\"async\" width=\"400\" height=\"267\" src=\"https:\/\/wbp.lublin.pl\/wp-content\/uploads\/2018\/11\/73-1-400x267.webp\" class=\"attachment-thumbnail size-thumbnail not-transparent\" alt=\"\" srcset=\"https:\/\/wbp.lublin.pl\/wp-content\/uploads\/2018\/11\/73-1-400x267.webp 400w, https:\/\/wbp.lublin.pl\/wp-content\/uploads\/2018\/11\/73-1-600x400.webp 600w, https:\/\/wbp.lublin.pl\/wp-content\/uploads\/2018\/11\/73-1-768x513.webp 768w, https:\/\/wbp.lublin.pl\/wp-content\/uploads\/2018\/11\/73-1-947x632.webp 947w, https:\/\/wbp.lublin.pl\/wp-content\/uploads\/2018\/11\/73-1-624x416.webp 624w, https:\/\/wbp.lublin.pl\/wp-content\/uploads\/2018\/11\/73-1-84x56.webp 84w, https:\/\/wbp.lublin.pl\/wp-content\/uploads\/2018\/11\/73-1.webp 974w\" sizes=\"auto, (max-width: 400px) 100vw, 400px\" data-has-transparency=\"false\" data-dominant-color=\"4a3424\" style=\"--dominant-color: #4a3424;\" \/><\/a>\n\t\t\t<\/div><\/figure><figure class='gallery-item'>\n\t\t\t<div class='gallery-icon landscape'>\n\t\t\t\t<a href='https:\/\/wbp.lublin.pl\/index.php\/2018\/04\/12\/fotorelacja-z-promocji-ksiazki-budka-suflera-memu-miastu-na-do-widzenia-muzyka-miasto-ludzie\/74-6\/'><img loading=\"lazy\" decoding=\"async\" width=\"400\" height=\"267\" src=\"https:\/\/wbp.lublin.pl\/wp-content\/uploads\/2018\/11\/74-1-400x267.webp\" class=\"attachment-thumbnail size-thumbnail not-transparent\" alt=\"\" srcset=\"https:\/\/wbp.lublin.pl\/wp-content\/uploads\/2018\/11\/74-1-400x267.webp 400w, https:\/\/wbp.lublin.pl\/wp-content\/uploads\/2018\/11\/74-1-600x400.webp 600w, https:\/\/wbp.lublin.pl\/wp-content\/uploads\/2018\/11\/74-1-768x513.webp 768w, https:\/\/wbp.lublin.pl\/wp-content\/uploads\/2018\/11\/74-1-947x632.webp 947w, https:\/\/wbp.lublin.pl\/wp-content\/uploads\/2018\/11\/74-1-624x416.webp 624w, https:\/\/wbp.lublin.pl\/wp-content\/uploads\/2018\/11\/74-1-84x56.webp 84w, https:\/\/wbp.lublin.pl\/wp-content\/uploads\/2018\/11\/74-1.webp 974w\" sizes=\"auto, (max-width: 400px) 100vw, 400px\" data-has-transparency=\"false\" data-dominant-color=\"7c624e\" style=\"--dominant-color: #7c624e;\" \/><\/a>\n\t\t\t<\/div><\/figure><figure class='gallery-item'>\n\t\t\t<div class='gallery-icon landscape'>\n\t\t\t\t<a href='https:\/\/wbp.lublin.pl\/index.php\/2018\/04\/12\/fotorelacja-z-promocji-ksiazki-budka-suflera-memu-miastu-na-do-widzenia-muzyka-miasto-ludzie\/75-5\/'><img loading=\"lazy\" decoding=\"async\" width=\"400\" height=\"267\" src=\"https:\/\/wbp.lublin.pl\/wp-content\/uploads\/2018\/11\/75-1-400x267.webp\" class=\"attachment-thumbnail size-thumbnail not-transparent\" alt=\"\" srcset=\"https:\/\/wbp.lublin.pl\/wp-content\/uploads\/2018\/11\/75-1-400x267.webp 400w, https:\/\/wbp.lublin.pl\/wp-content\/uploads\/2018\/11\/75-1-600x400.webp 600w, https:\/\/wbp.lublin.pl\/wp-content\/uploads\/2018\/11\/75-1-768x513.webp 768w, https:\/\/wbp.lublin.pl\/wp-content\/uploads\/2018\/11\/75-1-947x632.webp 947w, https:\/\/wbp.lublin.pl\/wp-content\/uploads\/2018\/11\/75-1-624x416.webp 624w, https:\/\/wbp.lublin.pl\/wp-content\/uploads\/2018\/11\/75-1-84x56.webp 84w, https:\/\/wbp.lublin.pl\/wp-content\/uploads\/2018\/11\/75-1.webp 974w\" sizes=\"auto, (max-width: 400px) 100vw, 400px\" data-has-transparency=\"false\" data-dominant-color=\"765d4a\" style=\"--dominant-color: #765d4a;\" \/><\/a>\n\t\t\t<\/div><\/figure><figure class='gallery-item'>\n\t\t\t<div class='gallery-icon landscape'>\n\t\t\t\t<a href='https:\/\/wbp.lublin.pl\/index.php\/2018\/04\/12\/fotorelacja-z-promocji-ksiazki-budka-suflera-memu-miastu-na-do-widzenia-muzyka-miasto-ludzie\/76-6\/'><img loading=\"lazy\" decoding=\"async\" width=\"400\" height=\"267\" src=\"https:\/\/wbp.lublin.pl\/wp-content\/uploads\/2018\/11\/76-1-400x267.webp\" class=\"attachment-thumbnail size-thumbnail not-transparent\" alt=\"\" srcset=\"https:\/\/wbp.lublin.pl\/wp-content\/uploads\/2018\/11\/76-1-400x267.webp 400w, https:\/\/wbp.lublin.pl\/wp-content\/uploads\/2018\/11\/76-1-600x400.webp 600w, https:\/\/wbp.lublin.pl\/wp-content\/uploads\/2018\/11\/76-1-768x513.webp 768w, https:\/\/wbp.lublin.pl\/wp-content\/uploads\/2018\/11\/76-1-947x632.webp 947w, https:\/\/wbp.lublin.pl\/wp-content\/uploads\/2018\/11\/76-1-624x416.webp 624w, https:\/\/wbp.lublin.pl\/wp-content\/uploads\/2018\/11\/76-1-84x56.webp 84w, https:\/\/wbp.lublin.pl\/wp-content\/uploads\/2018\/11\/76-1.webp 974w\" sizes=\"auto, (max-width: 400px) 100vw, 400px\" data-has-transparency=\"false\" data-dominant-color=\"504032\" style=\"--dominant-color: #504032;\" \/><\/a>\n\t\t\t<\/div><\/figure><figure class='gallery-item'>\n\t\t\t<div class='gallery-icon landscape'>\n\t\t\t\t<a href='https:\/\/wbp.lublin.pl\/index.php\/2018\/04\/12\/fotorelacja-z-promocji-ksiazki-budka-suflera-memu-miastu-na-do-widzenia-muzyka-miasto-ludzie\/77-4\/'><img loading=\"lazy\" decoding=\"async\" width=\"400\" height=\"267\" src=\"https:\/\/wbp.lublin.pl\/wp-content\/uploads\/2018\/11\/77-1-400x267.webp\" class=\"attachment-thumbnail size-thumbnail not-transparent\" alt=\"\" srcset=\"https:\/\/wbp.lublin.pl\/wp-content\/uploads\/2018\/11\/77-1-400x267.webp 400w, https:\/\/wbp.lublin.pl\/wp-content\/uploads\/2018\/11\/77-1-600x400.webp 600w, https:\/\/wbp.lublin.pl\/wp-content\/uploads\/2018\/11\/77-1-768x513.webp 768w, https:\/\/wbp.lublin.pl\/wp-content\/uploads\/2018\/11\/77-1-947x632.webp 947w, https:\/\/wbp.lublin.pl\/wp-content\/uploads\/2018\/11\/77-1-624x416.webp 624w, https:\/\/wbp.lublin.pl\/wp-content\/uploads\/2018\/11\/77-1-84x56.webp 84w, https:\/\/wbp.lublin.pl\/wp-content\/uploads\/2018\/11\/77-1.webp 974w\" sizes=\"auto, (max-width: 400px) 100vw, 400px\" data-has-transparency=\"false\" data-dominant-color=\"725f4d\" style=\"--dominant-color: #725f4d;\" \/><\/a>\n\t\t\t<\/div><\/figure><figure class='gallery-item'>\n\t\t\t<div class='gallery-icon landscape'>\n\t\t\t\t<a href='https:\/\/wbp.lublin.pl\/index.php\/2018\/04\/12\/fotorelacja-z-promocji-ksiazki-budka-suflera-memu-miastu-na-do-widzenia-muzyka-miasto-ludzie\/78-4\/'><img loading=\"lazy\" decoding=\"async\" width=\"400\" height=\"267\" src=\"https:\/\/wbp.lublin.pl\/wp-content\/uploads\/2018\/11\/78-1-400x267.webp\" class=\"attachment-thumbnail size-thumbnail not-transparent\" alt=\"\" srcset=\"https:\/\/wbp.lublin.pl\/wp-content\/uploads\/2018\/11\/78-1-400x267.webp 400w, https:\/\/wbp.lublin.pl\/wp-content\/uploads\/2018\/11\/78-1-600x400.webp 600w, https:\/\/wbp.lublin.pl\/wp-content\/uploads\/2018\/11\/78-1-768x513.webp 768w, https:\/\/wbp.lublin.pl\/wp-content\/uploads\/2018\/11\/78-1-947x632.webp 947w, https:\/\/wbp.lublin.pl\/wp-content\/uploads\/2018\/11\/78-1-624x416.webp 624w, https:\/\/wbp.lublin.pl\/wp-content\/uploads\/2018\/11\/78-1-84x56.webp 84w, https:\/\/wbp.lublin.pl\/wp-content\/uploads\/2018\/11\/78-1.webp 974w\" sizes=\"auto, (max-width: 400px) 100vw, 400px\" data-has-transparency=\"false\" data-dominant-color=\"6f5e4b\" style=\"--dominant-color: #6f5e4b;\" \/><\/a>\n\t\t\t<\/div><\/figure><figure class='gallery-item'>\n\t\t\t<div class='gallery-icon landscape'>\n\t\t\t\t<a href='https:\/\/wbp.lublin.pl\/index.php\/2018\/04\/12\/fotorelacja-z-promocji-ksiazki-budka-suflera-memu-miastu-na-do-widzenia-muzyka-miasto-ludzie\/79-6\/'><img loading=\"lazy\" decoding=\"async\" width=\"400\" height=\"267\" src=\"https:\/\/wbp.lublin.pl\/wp-content\/uploads\/2018\/11\/79-1-400x267.webp\" class=\"attachment-thumbnail size-thumbnail not-transparent\" alt=\"\" srcset=\"https:\/\/wbp.lublin.pl\/wp-content\/uploads\/2018\/11\/79-1-400x267.webp 400w, https:\/\/wbp.lublin.pl\/wp-content\/uploads\/2018\/11\/79-1-600x400.webp 600w, https:\/\/wbp.lublin.pl\/wp-content\/uploads\/2018\/11\/79-1-768x513.webp 768w, https:\/\/wbp.lublin.pl\/wp-content\/uploads\/2018\/11\/79-1-947x632.webp 947w, https:\/\/wbp.lublin.pl\/wp-content\/uploads\/2018\/11\/79-1-624x416.webp 624w, https:\/\/wbp.lublin.pl\/wp-content\/uploads\/2018\/11\/79-1-84x56.webp 84w, https:\/\/wbp.lublin.pl\/wp-content\/uploads\/2018\/11\/79-1.webp 974w\" sizes=\"auto, (max-width: 400px) 100vw, 400px\" data-has-transparency=\"false\" data-dominant-color=\"705a43\" style=\"--dominant-color: #705a43;\" \/><\/a>\n\t\t\t<\/div><\/figure><figure class='gallery-item'>\n\t\t\t<div class='gallery-icon landscape'>\n\t\t\t\t<a href='https:\/\/wbp.lublin.pl\/index.php\/2018\/04\/12\/fotorelacja-z-promocji-ksiazki-budka-suflera-memu-miastu-na-do-widzenia-muzyka-miasto-ludzie\/80-5\/'><img loading=\"lazy\" decoding=\"async\" width=\"400\" height=\"267\" src=\"https:\/\/wbp.lublin.pl\/wp-content\/uploads\/2018\/11\/80-1-400x267.webp\" class=\"attachment-thumbnail size-thumbnail not-transparent\" alt=\"\" srcset=\"https:\/\/wbp.lublin.pl\/wp-content\/uploads\/2018\/11\/80-1-400x267.webp 400w, https:\/\/wbp.lublin.pl\/wp-content\/uploads\/2018\/11\/80-1-600x400.webp 600w, https:\/\/wbp.lublin.pl\/wp-content\/uploads\/2018\/11\/80-1-768x513.webp 768w, https:\/\/wbp.lublin.pl\/wp-content\/uploads\/2018\/11\/80-1-947x632.webp 947w, https:\/\/wbp.lublin.pl\/wp-content\/uploads\/2018\/11\/80-1-624x416.webp 624w, https:\/\/wbp.lublin.pl\/wp-content\/uploads\/2018\/11\/80-1-84x56.webp 84w, https:\/\/wbp.lublin.pl\/wp-content\/uploads\/2018\/11\/80-1.webp 974w\" sizes=\"auto, (max-width: 400px) 100vw, 400px\" data-has-transparency=\"false\" data-dominant-color=\"7d624f\" style=\"--dominant-color: #7d624f;\" \/><\/a>\n\t\t\t<\/div><\/figure><figure class='gallery-item'>\n\t\t\t<div class='gallery-icon landscape'>\n\t\t\t\t<a href='https:\/\/wbp.lublin.pl\/index.php\/2018\/04\/12\/fotorelacja-z-promocji-ksiazki-budka-suflera-memu-miastu-na-do-widzenia-muzyka-miasto-ludzie\/81-4\/'><img loading=\"lazy\" decoding=\"async\" width=\"400\" height=\"267\" src=\"https:\/\/wbp.lublin.pl\/wp-content\/uploads\/2018\/11\/81-1-400x267.webp\" class=\"attachment-thumbnail size-thumbnail not-transparent\" alt=\"\" srcset=\"https:\/\/wbp.lublin.pl\/wp-content\/uploads\/2018\/11\/81-1-400x267.webp 400w, https:\/\/wbp.lublin.pl\/wp-content\/uploads\/2018\/11\/81-1-600x400.webp 600w, https:\/\/wbp.lublin.pl\/wp-content\/uploads\/2018\/11\/81-1-768x513.webp 768w, https:\/\/wbp.lublin.pl\/wp-content\/uploads\/2018\/11\/81-1-947x632.webp 947w, https:\/\/wbp.lublin.pl\/wp-content\/uploads\/2018\/11\/81-1-624x416.webp 624w, https:\/\/wbp.lublin.pl\/wp-content\/uploads\/2018\/11\/81-1-84x56.webp 84w, https:\/\/wbp.lublin.pl\/wp-content\/uploads\/2018\/11\/81-1.webp 974w\" sizes=\"auto, (max-width: 400px) 100vw, 400px\" data-has-transparency=\"false\" data-dominant-color=\"6f5f4c\" style=\"--dominant-color: #6f5f4c;\" \/><\/a>\n\t\t\t<\/div><\/figure><figure class='gallery-item'>\n\t\t\t<div class='gallery-icon landscape'>\n\t\t\t\t<a href='https:\/\/wbp.lublin.pl\/index.php\/2018\/04\/12\/fotorelacja-z-promocji-ksiazki-budka-suflera-memu-miastu-na-do-widzenia-muzyka-miasto-ludzie\/82-2\/'><img loading=\"lazy\" decoding=\"async\" width=\"400\" height=\"267\" src=\"https:\/\/wbp.lublin.pl\/wp-content\/uploads\/2018\/11\/82-1-400x267.webp\" class=\"attachment-thumbnail size-thumbnail not-transparent\" alt=\"\" srcset=\"https:\/\/wbp.lublin.pl\/wp-content\/uploads\/2018\/11\/82-1-400x267.webp 400w, https:\/\/wbp.lublin.pl\/wp-content\/uploads\/2018\/11\/82-1-600x400.webp 600w, https:\/\/wbp.lublin.pl\/wp-content\/uploads\/2018\/11\/82-1-768x513.webp 768w, https:\/\/wbp.lublin.pl\/wp-content\/uploads\/2018\/11\/82-1-947x632.webp 947w, https:\/\/wbp.lublin.pl\/wp-content\/uploads\/2018\/11\/82-1-624x416.webp 624w, https:\/\/wbp.lublin.pl\/wp-content\/uploads\/2018\/11\/82-1-84x56.webp 84w, https:\/\/wbp.lublin.pl\/wp-content\/uploads\/2018\/11\/82-1.webp 974w\" sizes=\"auto, (max-width: 400px) 100vw, 400px\" data-has-transparency=\"false\" data-dominant-color=\"907963\" style=\"--dominant-color: #907963;\" \/><\/a>\n\t\t\t<\/div><\/figure><figure class='gallery-item'>\n\t\t\t<div class='gallery-icon landscape'>\n\t\t\t\t<a href='https:\/\/wbp.lublin.pl\/index.php\/2018\/04\/12\/fotorelacja-z-promocji-ksiazki-budka-suflera-memu-miastu-na-do-widzenia-muzyka-miasto-ludzie\/83-5\/'><img loading=\"lazy\" decoding=\"async\" width=\"400\" height=\"267\" src=\"https:\/\/wbp.lublin.pl\/wp-content\/uploads\/2018\/11\/83-1-400x267.webp\" class=\"attachment-thumbnail size-thumbnail not-transparent\" alt=\"\" srcset=\"https:\/\/wbp.lublin.pl\/wp-content\/uploads\/2018\/11\/83-1-400x267.webp 400w, https:\/\/wbp.lublin.pl\/wp-content\/uploads\/2018\/11\/83-1-600x400.webp 600w, https:\/\/wbp.lublin.pl\/wp-content\/uploads\/2018\/11\/83-1-768x513.webp 768w, https:\/\/wbp.lublin.pl\/wp-content\/uploads\/2018\/11\/83-1-947x632.webp 947w, https:\/\/wbp.lublin.pl\/wp-content\/uploads\/2018\/11\/83-1-624x416.webp 624w, https:\/\/wbp.lublin.pl\/wp-content\/uploads\/2018\/11\/83-1-84x56.webp 84w, https:\/\/wbp.lublin.pl\/wp-content\/uploads\/2018\/11\/83-1.webp 974w\" sizes=\"auto, (max-width: 400px) 100vw, 400px\" data-has-transparency=\"false\" data-dominant-color=\"877262\" style=\"--dominant-color: #877262;\" \/><\/a>\n\t\t\t<\/div><\/figure><figure class='gallery-item'>\n\t\t\t<div class='gallery-icon landscape'>\n\t\t\t\t<a href='https:\/\/wbp.lublin.pl\/index.php\/2018\/04\/12\/fotorelacja-z-promocji-ksiazki-budka-suflera-memu-miastu-na-do-widzenia-muzyka-miasto-ludzie\/84-4\/'><img loading=\"lazy\" decoding=\"async\" width=\"400\" height=\"267\" src=\"https:\/\/wbp.lublin.pl\/wp-content\/uploads\/2018\/11\/84-1-400x267.webp\" class=\"attachment-thumbnail size-thumbnail not-transparent\" alt=\"\" srcset=\"https:\/\/wbp.lublin.pl\/wp-content\/uploads\/2018\/11\/84-1-400x267.webp 400w, https:\/\/wbp.lublin.pl\/wp-content\/uploads\/2018\/11\/84-1-600x400.webp 600w, https:\/\/wbp.lublin.pl\/wp-content\/uploads\/2018\/11\/84-1-768x513.webp 768w, https:\/\/wbp.lublin.pl\/wp-content\/uploads\/2018\/11\/84-1-947x632.webp 947w, https:\/\/wbp.lublin.pl\/wp-content\/uploads\/2018\/11\/84-1-624x416.webp 624w, https:\/\/wbp.lublin.pl\/wp-content\/uploads\/2018\/11\/84-1-84x56.webp 84w, https:\/\/wbp.lublin.pl\/wp-content\/uploads\/2018\/11\/84-1.webp 974w\" sizes=\"auto, (max-width: 400px) 100vw, 400px\" data-has-transparency=\"false\" data-dominant-color=\"886f59\" style=\"--dominant-color: #886f59;\" \/><\/a>\n\t\t\t<\/div><\/figure><figure class='gallery-item'>\n\t\t\t<div class='gallery-icon landscape'>\n\t\t\t\t<a href='https:\/\/wbp.lublin.pl\/index.php\/2018\/04\/12\/fotorelacja-z-promocji-ksiazki-budka-suflera-memu-miastu-na-do-widzenia-muzyka-miasto-ludzie\/85-5\/'><img loading=\"lazy\" decoding=\"async\" width=\"400\" height=\"267\" src=\"https:\/\/wbp.lublin.pl\/wp-content\/uploads\/2018\/11\/85-1-400x267.webp\" class=\"attachment-thumbnail size-thumbnail not-transparent\" alt=\"\" srcset=\"https:\/\/wbp.lublin.pl\/wp-content\/uploads\/2018\/11\/85-1-400x267.webp 400w, https:\/\/wbp.lublin.pl\/wp-content\/uploads\/2018\/11\/85-1-600x400.webp 600w, https:\/\/wbp.lublin.pl\/wp-content\/uploads\/2018\/11\/85-1-768x513.webp 768w, https:\/\/wbp.lublin.pl\/wp-content\/uploads\/2018\/11\/85-1-947x632.webp 947w, https:\/\/wbp.lublin.pl\/wp-content\/uploads\/2018\/11\/85-1-624x416.webp 624w, https:\/\/wbp.lublin.pl\/wp-content\/uploads\/2018\/11\/85-1-84x56.webp 84w, https:\/\/wbp.lublin.pl\/wp-content\/uploads\/2018\/11\/85-1.webp 974w\" sizes=\"auto, (max-width: 400px) 100vw, 400px\" data-has-transparency=\"false\" data-dominant-color=\"725944\" style=\"--dominant-color: #725944;\" \/><\/a>\n\t\t\t<\/div><\/figure><figure class='gallery-item'>\n\t\t\t<div class='gallery-icon landscape'>\n\t\t\t\t<a href='https:\/\/wbp.lublin.pl\/index.php\/2018\/04\/12\/fotorelacja-z-promocji-ksiazki-budka-suflera-memu-miastu-na-do-widzenia-muzyka-miasto-ludzie\/86-5\/'><img loading=\"lazy\" decoding=\"async\" width=\"400\" height=\"267\" src=\"https:\/\/wbp.lublin.pl\/wp-content\/uploads\/2018\/11\/86-1-400x267.webp\" class=\"attachment-thumbnail size-thumbnail not-transparent\" alt=\"\" srcset=\"https:\/\/wbp.lublin.pl\/wp-content\/uploads\/2018\/11\/86-1-400x267.webp 400w, https:\/\/wbp.lublin.pl\/wp-content\/uploads\/2018\/11\/86-1-600x400.webp 600w, https:\/\/wbp.lublin.pl\/wp-content\/uploads\/2018\/11\/86-1-768x513.webp 768w, https:\/\/wbp.lublin.pl\/wp-content\/uploads\/2018\/11\/86-1-947x632.webp 947w, https:\/\/wbp.lublin.pl\/wp-content\/uploads\/2018\/11\/86-1-624x416.webp 624w, https:\/\/wbp.lublin.pl\/wp-content\/uploads\/2018\/11\/86-1-84x56.webp 84w, https:\/\/wbp.lublin.pl\/wp-content\/uploads\/2018\/11\/86-1.webp 974w\" sizes=\"auto, (max-width: 400px) 100vw, 400px\" data-has-transparency=\"false\" data-dominant-color=\"64503f\" style=\"--dominant-color: #64503f;\" \/><\/a>\n\t\t\t<\/div><\/figure><figure class='gallery-item'>\n\t\t\t<div class='gallery-icon landscape'>\n\t\t\t\t<a href='https:\/\/wbp.lublin.pl\/index.php\/2018\/04\/12\/fotorelacja-z-promocji-ksiazki-budka-suflera-memu-miastu-na-do-widzenia-muzyka-miasto-ludzie\/87-4\/'><img loading=\"lazy\" decoding=\"async\" width=\"400\" height=\"267\" src=\"https:\/\/wbp.lublin.pl\/wp-content\/uploads\/2018\/11\/87-1-400x267.webp\" class=\"attachment-thumbnail size-thumbnail not-transparent\" alt=\"\" srcset=\"https:\/\/wbp.lublin.pl\/wp-content\/uploads\/2018\/11\/87-1-400x267.webp 400w, https:\/\/wbp.lublin.pl\/wp-content\/uploads\/2018\/11\/87-1-600x400.webp 600w, https:\/\/wbp.lublin.pl\/wp-content\/uploads\/2018\/11\/87-1-768x513.webp 768w, https:\/\/wbp.lublin.pl\/wp-content\/uploads\/2018\/11\/87-1-947x632.webp 947w, https:\/\/wbp.lublin.pl\/wp-content\/uploads\/2018\/11\/87-1-624x416.webp 624w, https:\/\/wbp.lublin.pl\/wp-content\/uploads\/2018\/11\/87-1-84x56.webp 84w, https:\/\/wbp.lublin.pl\/wp-content\/uploads\/2018\/11\/87-1.webp 974w\" sizes=\"auto, (max-width: 400px) 100vw, 400px\" data-has-transparency=\"false\" data-dominant-color=\"705f51\" style=\"--dominant-color: #705f51;\" \/><\/a>\n\t\t\t<\/div><\/figure><figure class='gallery-item'>\n\t\t\t<div class='gallery-icon landscape'>\n\t\t\t\t<a href='https:\/\/wbp.lublin.pl\/index.php\/2018\/04\/12\/fotorelacja-z-promocji-ksiazki-budka-suflera-memu-miastu-na-do-widzenia-muzyka-miasto-ludzie\/88-4\/'><img loading=\"lazy\" decoding=\"async\" width=\"400\" height=\"267\" src=\"https:\/\/wbp.lublin.pl\/wp-content\/uploads\/2018\/11\/88-1-400x267.webp\" class=\"attachment-thumbnail size-thumbnail not-transparent\" alt=\"\" srcset=\"https:\/\/wbp.lublin.pl\/wp-content\/uploads\/2018\/11\/88-1-400x267.webp 400w, https:\/\/wbp.lublin.pl\/wp-content\/uploads\/2018\/11\/88-1-600x400.webp 600w, https:\/\/wbp.lublin.pl\/wp-content\/uploads\/2018\/11\/88-1-768x513.webp 768w, https:\/\/wbp.lublin.pl\/wp-content\/uploads\/2018\/11\/88-1-947x632.webp 947w, https:\/\/wbp.lublin.pl\/wp-content\/uploads\/2018\/11\/88-1-624x416.webp 624w, https:\/\/wbp.lublin.pl\/wp-content\/uploads\/2018\/11\/88-1-84x56.webp 84w, https:\/\/wbp.lublin.pl\/wp-content\/uploads\/2018\/11\/88-1.webp 974w\" sizes=\"auto, (max-width: 400px) 100vw, 400px\" data-has-transparency=\"false\" data-dominant-color=\"745c49\" style=\"--dominant-color: #745c49;\" \/><\/a>\n\t\t\t<\/div><\/figure><figure class='gallery-item'>\n\t\t\t<div class='gallery-icon landscape'>\n\t\t\t\t<a href='https:\/\/wbp.lublin.pl\/index.php\/2018\/04\/12\/fotorelacja-z-promocji-ksiazki-budka-suflera-memu-miastu-na-do-widzenia-muzyka-miasto-ludzie\/89-4\/'><img loading=\"lazy\" decoding=\"async\" width=\"400\" height=\"267\" src=\"https:\/\/wbp.lublin.pl\/wp-content\/uploads\/2018\/11\/89-1-400x267.webp\" class=\"attachment-thumbnail size-thumbnail not-transparent\" alt=\"\" srcset=\"https:\/\/wbp.lublin.pl\/wp-content\/uploads\/2018\/11\/89-1-400x267.webp 400w, https:\/\/wbp.lublin.pl\/wp-content\/uploads\/2018\/11\/89-1-600x400.webp 600w, https:\/\/wbp.lublin.pl\/wp-content\/uploads\/2018\/11\/89-1-768x513.webp 768w, https:\/\/wbp.lublin.pl\/wp-content\/uploads\/2018\/11\/89-1-947x632.webp 947w, https:\/\/wbp.lublin.pl\/wp-content\/uploads\/2018\/11\/89-1-624x416.webp 624w, https:\/\/wbp.lublin.pl\/wp-content\/uploads\/2018\/11\/89-1-84x56.webp 84w, https:\/\/wbp.lublin.pl\/wp-content\/uploads\/2018\/11\/89-1.webp 974w\" sizes=\"auto, (max-width: 400px) 100vw, 400px\" data-has-transparency=\"false\" data-dominant-color=\"816b56\" style=\"--dominant-color: #816b56;\" \/><\/a>\n\t\t\t<\/div><\/figure><figure class='gallery-item'>\n\t\t\t<div class='gallery-icon landscape'>\n\t\t\t\t<a href='https:\/\/wbp.lublin.pl\/index.php\/2018\/04\/12\/fotorelacja-z-promocji-ksiazki-budka-suflera-memu-miastu-na-do-widzenia-muzyka-miasto-ludzie\/90-5\/'><img loading=\"lazy\" decoding=\"async\" width=\"400\" height=\"267\" src=\"https:\/\/wbp.lublin.pl\/wp-content\/uploads\/2018\/11\/90-1-400x267.webp\" class=\"attachment-thumbnail size-thumbnail not-transparent\" alt=\"\" srcset=\"https:\/\/wbp.lublin.pl\/wp-content\/uploads\/2018\/11\/90-1-400x267.webp 400w, https:\/\/wbp.lublin.pl\/wp-content\/uploads\/2018\/11\/90-1-600x400.webp 600w, https:\/\/wbp.lublin.pl\/wp-content\/uploads\/2018\/11\/90-1-768x513.webp 768w, https:\/\/wbp.lublin.pl\/wp-content\/uploads\/2018\/11\/90-1-947x632.webp 947w, https:\/\/wbp.lublin.pl\/wp-content\/uploads\/2018\/11\/90-1-624x416.webp 624w, https:\/\/wbp.lublin.pl\/wp-content\/uploads\/2018\/11\/90-1-84x56.webp 84w, https:\/\/wbp.lublin.pl\/wp-content\/uploads\/2018\/11\/90-1.webp 974w\" sizes=\"auto, (max-width: 400px) 100vw, 400px\" data-has-transparency=\"false\" data-dominant-color=\"836a56\" style=\"--dominant-color: #836a56;\" \/><\/a>\n\t\t\t<\/div><\/figure><figure class='gallery-item'>\n\t\t\t<div class='gallery-icon landscape'>\n\t\t\t\t<a href='https:\/\/wbp.lublin.pl\/index.php\/2018\/04\/12\/fotorelacja-z-promocji-ksiazki-budka-suflera-memu-miastu-na-do-widzenia-muzyka-miasto-ludzie\/91-5\/'><img loading=\"lazy\" decoding=\"async\" width=\"400\" height=\"267\" src=\"https:\/\/wbp.lublin.pl\/wp-content\/uploads\/2018\/11\/91-1-400x267.webp\" class=\"attachment-thumbnail size-thumbnail not-transparent\" alt=\"\" srcset=\"https:\/\/wbp.lublin.pl\/wp-content\/uploads\/2018\/11\/91-1-400x267.webp 400w, https:\/\/wbp.lublin.pl\/wp-content\/uploads\/2018\/11\/91-1-600x400.webp 600w, https:\/\/wbp.lublin.pl\/wp-content\/uploads\/2018\/11\/91-1-768x513.webp 768w, https:\/\/wbp.lublin.pl\/wp-content\/uploads\/2018\/11\/91-1-947x632.webp 947w, https:\/\/wbp.lublin.pl\/wp-content\/uploads\/2018\/11\/91-1-624x416.webp 624w, https:\/\/wbp.lublin.pl\/wp-content\/uploads\/2018\/11\/91-1-84x56.webp 84w, https:\/\/wbp.lublin.pl\/wp-content\/uploads\/2018\/11\/91-1.webp 974w\" sizes=\"auto, (max-width: 400px) 100vw, 400px\" data-has-transparency=\"false\" data-dominant-color=\"9c826b\" style=\"--dominant-color: #9c826b;\" \/><\/a>\n\t\t\t<\/div><\/figure><figure class='gallery-item'>\n\t\t\t<div class='gallery-icon landscape'>\n\t\t\t\t<a href='https:\/\/wbp.lublin.pl\/index.php\/2018\/04\/12\/fotorelacja-z-promocji-ksiazki-budka-suflera-memu-miastu-na-do-widzenia-muzyka-miasto-ludzie\/92-3\/'><img loading=\"lazy\" decoding=\"async\" width=\"400\" height=\"267\" src=\"https:\/\/wbp.lublin.pl\/wp-content\/uploads\/2018\/11\/92-1-400x267.webp\" class=\"attachment-thumbnail size-thumbnail not-transparent\" alt=\"\" srcset=\"https:\/\/wbp.lublin.pl\/wp-content\/uploads\/2018\/11\/92-1-400x267.webp 400w, https:\/\/wbp.lublin.pl\/wp-content\/uploads\/2018\/11\/92-1-600x400.webp 600w, https:\/\/wbp.lublin.pl\/wp-content\/uploads\/2018\/11\/92-1-768x513.webp 768w, https:\/\/wbp.lublin.pl\/wp-content\/uploads\/2018\/11\/92-1-947x632.webp 947w, https:\/\/wbp.lublin.pl\/wp-content\/uploads\/2018\/11\/92-1-624x416.webp 624w, https:\/\/wbp.lublin.pl\/wp-content\/uploads\/2018\/11\/92-1-84x56.webp 84w, https:\/\/wbp.lublin.pl\/wp-content\/uploads\/2018\/11\/92-1.webp 974w\" sizes=\"auto, (max-width: 400px) 100vw, 400px\" data-has-transparency=\"false\" data-dominant-color=\"957962\" style=\"--dominant-color: #957962;\" \/><\/a>\n\t\t\t<\/div><\/figure><figure class='gallery-item'>\n\t\t\t<div class='gallery-icon landscape'>\n\t\t\t\t<a href='https:\/\/wbp.lublin.pl\/index.php\/2018\/04\/12\/fotorelacja-z-promocji-ksiazki-budka-suflera-memu-miastu-na-do-widzenia-muzyka-miasto-ludzie\/93-4\/'><img loading=\"lazy\" decoding=\"async\" width=\"400\" height=\"267\" src=\"https:\/\/wbp.lublin.pl\/wp-content\/uploads\/2018\/11\/93-1-400x267.webp\" class=\"attachment-thumbnail size-thumbnail not-transparent\" alt=\"\" srcset=\"https:\/\/wbp.lublin.pl\/wp-content\/uploads\/2018\/11\/93-1-400x267.webp 400w, https:\/\/wbp.lublin.pl\/wp-content\/uploads\/2018\/11\/93-1-600x400.webp 600w, https:\/\/wbp.lublin.pl\/wp-content\/uploads\/2018\/11\/93-1-768x513.webp 768w, https:\/\/wbp.lublin.pl\/wp-content\/uploads\/2018\/11\/93-1-947x632.webp 947w, https:\/\/wbp.lublin.pl\/wp-content\/uploads\/2018\/11\/93-1-624x416.webp 624w, https:\/\/wbp.lublin.pl\/wp-content\/uploads\/2018\/11\/93-1-84x56.webp 84w, https:\/\/wbp.lublin.pl\/wp-content\/uploads\/2018\/11\/93-1.webp 974w\" sizes=\"auto, (max-width: 400px) 100vw, 400px\" data-has-transparency=\"false\" data-dominant-color=\"796654\" style=\"--dominant-color: #796654;\" \/><\/a>\n\t\t\t<\/div><\/figure><figure class='gallery-item'>\n\t\t\t<div class='gallery-icon landscape'>\n\t\t\t\t<a href='https:\/\/wbp.lublin.pl\/index.php\/2018\/04\/12\/fotorelacja-z-promocji-ksiazki-budka-suflera-memu-miastu-na-do-widzenia-muzyka-miasto-ludzie\/94-3\/'><img loading=\"lazy\" decoding=\"async\" width=\"400\" height=\"267\" src=\"https:\/\/wbp.lublin.pl\/wp-content\/uploads\/2018\/11\/94-1-400x267.webp\" class=\"attachment-thumbnail size-thumbnail not-transparent\" alt=\"\" aria-describedby=\"gallery-1-16871\" srcset=\"https:\/\/wbp.lublin.pl\/wp-content\/uploads\/2018\/11\/94-1-400x267.webp 400w, https:\/\/wbp.lublin.pl\/wp-content\/uploads\/2018\/11\/94-1-600x400.webp 600w, https:\/\/wbp.lublin.pl\/wp-content\/uploads\/2018\/11\/94-1-768x513.webp 768w, https:\/\/wbp.lublin.pl\/wp-content\/uploads\/2018\/11\/94-1-947x632.webp 947w, https:\/\/wbp.lublin.pl\/wp-content\/uploads\/2018\/11\/94-1-624x416.webp 624w, https:\/\/wbp.lublin.pl\/wp-content\/uploads\/2018\/11\/94-1-84x56.webp 84w, https:\/\/wbp.lublin.pl\/wp-content\/uploads\/2018\/11\/94-1.webp 974w\" sizes=\"auto, (max-width: 400px) 100vw, 400px\" data-has-transparency=\"false\" data-dominant-color=\"614a3a\" style=\"--dominant-color: #614a3a;\" \/><\/a>\n\t\t\t<\/div>\n\t\t\t\t<figcaption class='wp-caption-text gallery-caption' id='gallery-1-16871'>\n\t\t\t\tTomasz Zeliszewski i Katarzyna Wo\u0142oszyn (kierownik Ksi\u0119garni \u201eU Hieronima\u201d)\n\t\t\t\t<\/figcaption><\/figure><figure class='gallery-item'>\n\t\t\t<div class='gallery-icon landscape'>\n\t\t\t\t<a href='https:\/\/wbp.lublin.pl\/index.php\/2018\/04\/12\/fotorelacja-z-promocji-ksiazki-budka-suflera-memu-miastu-na-do-widzenia-muzyka-miasto-ludzie\/95-5\/'><img loading=\"lazy\" decoding=\"async\" width=\"400\" height=\"267\" src=\"https:\/\/wbp.lublin.pl\/wp-content\/uploads\/2018\/11\/95-1-400x267.webp\" class=\"attachment-thumbnail size-thumbnail not-transparent\" alt=\"\" srcset=\"https:\/\/wbp.lublin.pl\/wp-content\/uploads\/2018\/11\/95-1-400x267.webp 400w, https:\/\/wbp.lublin.pl\/wp-content\/uploads\/2018\/11\/95-1-600x400.webp 600w, https:\/\/wbp.lublin.pl\/wp-content\/uploads\/2018\/11\/95-1-768x513.webp 768w, https:\/\/wbp.lublin.pl\/wp-content\/uploads\/2018\/11\/95-1-947x632.webp 947w, https:\/\/wbp.lublin.pl\/wp-content\/uploads\/2018\/11\/95-1-624x416.webp 624w, https:\/\/wbp.lublin.pl\/wp-content\/uploads\/2018\/11\/95-1-84x56.webp 84w, https:\/\/wbp.lublin.pl\/wp-content\/uploads\/2018\/11\/95-1.webp 974w\" sizes=\"auto, (max-width: 400px) 100vw, 400px\" data-has-transparency=\"false\" data-dominant-color=\"4a3426\" style=\"--dominant-color: #4a3426;\" \/><\/a>\n\t\t\t<\/div><\/figure><figure class='gallery-item'>\n\t\t\t<div class='gallery-icon landscape'>\n\t\t\t\t<a href='https:\/\/wbp.lublin.pl\/index.php\/2018\/04\/12\/fotorelacja-z-promocji-ksiazki-budka-suflera-memu-miastu-na-do-widzenia-muzyka-miasto-ludzie\/96-5\/'><img loading=\"lazy\" decoding=\"async\" width=\"400\" height=\"267\" src=\"https:\/\/wbp.lublin.pl\/wp-content\/uploads\/2018\/11\/96-1-400x267.webp\" class=\"attachment-thumbnail size-thumbnail not-transparent\" alt=\"\" srcset=\"https:\/\/wbp.lublin.pl\/wp-content\/uploads\/2018\/11\/96-1-400x267.webp 400w, https:\/\/wbp.lublin.pl\/wp-content\/uploads\/2018\/11\/96-1-600x400.webp 600w, https:\/\/wbp.lublin.pl\/wp-content\/uploads\/2018\/11\/96-1-768x513.webp 768w, https:\/\/wbp.lublin.pl\/wp-content\/uploads\/2018\/11\/96-1-947x632.webp 947w, https:\/\/wbp.lublin.pl\/wp-content\/uploads\/2018\/11\/96-1-624x416.webp 624w, https:\/\/wbp.lublin.pl\/wp-content\/uploads\/2018\/11\/96-1-84x56.webp 84w, https:\/\/wbp.lublin.pl\/wp-content\/uploads\/2018\/11\/96-1.webp 974w\" sizes=\"auto, (max-width: 400px) 100vw, 400px\" data-has-transparency=\"false\" data-dominant-color=\"513c2b\" style=\"--dominant-color: #513c2b;\" \/><\/a>\n\t\t\t<\/div><\/figure><figure class='gallery-item'>\n\t\t\t<div class='gallery-icon landscape'>\n\t\t\t\t<a href='https:\/\/wbp.lublin.pl\/index.php\/2018\/04\/12\/fotorelacja-z-promocji-ksiazki-budka-suflera-memu-miastu-na-do-widzenia-muzyka-miasto-ludzie\/97-4\/'><img loading=\"lazy\" decoding=\"async\" width=\"400\" height=\"267\" src=\"https:\/\/wbp.lublin.pl\/wp-content\/uploads\/2018\/11\/97-1-400x267.webp\" class=\"attachment-thumbnail size-thumbnail not-transparent\" alt=\"\" aria-describedby=\"gallery-1-16874\" srcset=\"https:\/\/wbp.lublin.pl\/wp-content\/uploads\/2018\/11\/97-1-400x267.webp 400w, https:\/\/wbp.lublin.pl\/wp-content\/uploads\/2018\/11\/97-1-600x400.webp 600w, https:\/\/wbp.lublin.pl\/wp-content\/uploads\/2018\/11\/97-1-768x513.webp 768w, https:\/\/wbp.lublin.pl\/wp-content\/uploads\/2018\/11\/97-1-947x632.webp 947w, https:\/\/wbp.lublin.pl\/wp-content\/uploads\/2018\/11\/97-1-624x416.webp 624w, https:\/\/wbp.lublin.pl\/wp-content\/uploads\/2018\/11\/97-1-84x56.webp 84w, https:\/\/wbp.lublin.pl\/wp-content\/uploads\/2018\/11\/97-1.webp 974w\" sizes=\"auto, (max-width: 400px) 100vw, 400px\" data-has-transparency=\"false\" data-dominant-color=\"866c58\" style=\"--dominant-color: #866c58;\" \/><\/a>\n\t\t\t<\/div>\n\t\t\t\t<figcaption class='wp-caption-text gallery-caption' id='gallery-1-16874'>\n\t\t\t\tCz\u0142onkowie Budki Suflera i zesp\u00f3\u0142 Ksi\u0119garni \u201eU Hieronima\u201d\n\t\t\t\t<\/figcaption><\/figure>\n\t\t<\/div>\n\n<p>&nbsp;<\/p>\n<p>Fot.\u00a0<strong>D.J. Mo\u015bcibrodzka<\/strong><\/p>\n","protected":false},"excerpt":{"rendered":"","protected":false},"author":7,"featured_media":16790,"comment_status":"closed","ping_status":"closed","sticky":false,"template":"","format":"standard","meta":{"_tec_requires_first_save":true,"_crdt_document":"","pgc_sgb_lightbox_settings":"","_EventAllDay":false,"_EventTimezone":"","_EventStartDate":"","_EventEndDate":"","_EventStartDateUTC":"","_EventEndDateUTC":"","_EventShowMap":false,"_EventShowMapLink":false,"_EventURL":"","_EventCost":"","_EventCostDescription":"","_EventCurrencySymbol":"","_EventCurrencyCode":"","_EventCurrencyPosition":"","_EventDateTimeSeparator":"","_EventTimeRangeSeparator":"","_EventOrganizerID":[],"_EventVenueID":[],"_OrganizerEmail":"","_OrganizerPhone":"","_OrganizerWebsite":"","_VenueAddress":"","_VenueCity":"","_VenueCountry":"","_VenueProvince":"","_VenueState":"","_VenueZip":"","_VenuePhone":"","_VenueURL":"","_VenueStateProvince":"","_VenueLat":"","_VenueLng":"","_VenueShowMap":false,"_VenueShowMapLink":false,"_tribe_blocks_recurrence_rules":"","_tribe_blocks_recurrence_description":"","_tribe_blocks_recurrence_exclusions":"","footnotes":""},"categories":[537,543,540],"tags":[],"class_list":["post-16778","post","type-post","status-publish","format-standard","has-post-thumbnail","hentry","category-archiwum-wydarzen","category-rok-2018","category-spotkania-autorskie-w-obiektywie"],"publishpress_future_action":{"enabled":false,"date":"2026-05-06 15:53:55","action":"change-status","newStatus":"draft","terms":[],"taxonomy":"category","extraData":[]},"publishpress_future_workflow_manual_trigger":{"enabledWorkflows":[]},"_links":{"self":[{"href":"https:\/\/wbp.lublin.pl\/index.php\/wp-json\/wp\/v2\/posts\/16778","targetHints":{"allow":["GET"]}}],"collection":[{"href":"https:\/\/wbp.lublin.pl\/index.php\/wp-json\/wp\/v2\/posts"}],"about":[{"href":"https:\/\/wbp.lublin.pl\/index.php\/wp-json\/wp\/v2\/types\/post"}],"author":[{"embeddable":true,"href":"https:\/\/wbp.lublin.pl\/index.php\/wp-json\/wp\/v2\/users\/7"}],"replies":[{"embeddable":true,"href":"https:\/\/wbp.lublin.pl\/index.php\/wp-json\/wp\/v2\/comments?post=16778"}],"version-history":[{"count":2,"href":"https:\/\/wbp.lublin.pl\/index.php\/wp-json\/wp\/v2\/posts\/16778\/revisions"}],"predecessor-version":[{"id":24047,"href":"https:\/\/wbp.lublin.pl\/index.php\/wp-json\/wp\/v2\/posts\/16778\/revisions\/24047"}],"wp:featuredmedia":[{"embeddable":true,"href":"https:\/\/wbp.lublin.pl\/index.php\/wp-json\/wp\/v2\/media\/16790"}],"wp:attachment":[{"href":"https:\/\/wbp.lublin.pl\/index.php\/wp-json\/wp\/v2\/media?parent=16778"}],"wp:term":[{"taxonomy":"category","embeddable":true,"href":"https:\/\/wbp.lublin.pl\/index.php\/wp-json\/wp\/v2\/categories?post=16778"},{"taxonomy":"post_tag","embeddable":true,"href":"https:\/\/wbp.lublin.pl\/index.php\/wp-json\/wp\/v2\/tags?post=16778"}],"curies":[{"name":"wp","href":"https:\/\/api.w.org\/{rel}","templated":true}]}}