{"id":18708,"date":"2019-01-07T09:36:56","date_gmt":"2019-01-07T08:36:56","guid":{"rendered":"http:\/\/wbp.lublin.pl\/?p=18708"},"modified":"2019-01-14T09:07:19","modified_gmt":"2019-01-14T08:07:19","slug":"nowosci-w-dziale-bibliografii-lubelszczyzny-i-wiedzy-o-regionie-listopad-grudzien-2018","status":"publish","type":"post","link":"https:\/\/wbp.lublin.pl\/index.php\/2019\/01\/07\/nowosci-w-dziale-bibliografii-lubelszczyzny-i-wiedzy-o-regionie-listopad-grudzien-2018\/","title":{"rendered":"Nowo\u015bci w Dziale Bibliografii Lubelszczyzny i Wiedzy o Regionie (listopad-grudzie\u0144 2018)"},"content":{"rendered":"<p><!--more--><\/p>\n<p><strong>(wyb\u00f3r)<\/strong><\/p>\n<ol>\n<li><strong><em>Aktywni <\/em><\/strong><em>i kreatywni Stowarzyszenie Bibliotekarzy Polskich na Lubelszczy\u017anie<\/em> \/ redakcja Joanna Chapska, Bo\u017cena Lech-Jab\u0142o\u0144ska, Anastazja \u015aniechowska-Karpi\u0144ska ; Joanna Chapska [i 14 pozosta\u0142ych], Lublin,<\/li>\n<li><strong><em>Atlas <\/em><\/strong><em>statystyczny wojew\u00f3dztwa lubelskiego<\/em>, opracowanie merytoryczne Urz\u0105d Statystyczny w Lublinie &#8211; Lubelski O\u015brodek Bada\u0144 Regionalnych, G\u0142\u00f3wny Urz\u0105d Satystyczny &#8211; Departament Bada\u0144 Przestrzennych i \u015arodowiska pod pod kierunkiem Krzysztofa Markowskiego, Dominiki Rogali\u0144skiej ; zesp\u00f3\u0142 autorski Urszula Bronisz [12 pozosta\u0142ych], Lublin 2018<\/li>\n<li><strong>Banach Honorata<\/strong>, <em>Wspomnienia z lat okupacji,<\/em> Szczebrzeszyn 2015<\/li>\n<li><strong>Bratko Maksym,<\/strong> <em>Historia komunikacji publicznej w Kra\u015bniku i powiecie kra\u015bnickim,<\/em> Kra\u015bnik 2018<\/li>\n<li><strong><em>20 lat<\/em><\/strong><em> powiatu lubartowskiego<\/em>, opracowanie Wydzia\u0142 Inwestycji i Rozwoju Starostwa Powiatowego w Lubartowie, Lubart\u00f3w 2018<\/li>\n<li><strong>Gardyga Wojciech<\/strong>, <em>Gmina <\/em><em>Nielisz<\/em> :<em> gmina nad wielk\u0105 wod\u0105<\/em>, tekst, zdj\u0119cia, opracowanie graficzne: Wojciech Gardyga, Nielisz 2018<\/li>\n<li><strong>Grabowiecki Stanis\u0142aw, Miro\u0144czuk Robert, Wiszniewski Roman<\/strong>, <em>Jan\u00f3w Podlaski w dziejach Diecezji Siedleckiej : wydanie jubileuszowe<\/em>, Siedlce 2018<\/li>\n<li><strong>Halicki Tadeusz,<\/strong> <em>Grabowiec 750 lat : album jubileuszowy,<\/em> Grabowiec 2018<\/li>\n<li><strong>Jadczak Stanis\u0142aw,<\/strong> <em>Siemie\u0144 1417-2017,<\/em> Siemie\u0144 2017<\/li>\n<li><strong>Janik Karolina,<\/strong> <em>Historia i dziedzictwo kulturowe Be\u0142\u017cca,<\/em> Be\u0142\u017cec 2018<\/li>\n<li><strong><em>Koalicja<\/em><\/strong><em> Obywatelska dla regionu lubelskiego, <\/em>Platforma Obywatelska, .Nowoczesna, Warszawa 2018<\/li>\n<li><strong>Koty\u0142a Andrzej,<\/strong> <em>&#8222;Jedynka&#8221; &#8211; szko\u0142a z tradycjami : rys historyczny Szko\u0142y Podstawowej nr 1 im. Bohater\u00f3w Powstania Styczniowego w Radzyniu Podlaskim,<\/em> Radzy\u0144 Podlaski 2018<\/li>\n<li><strong><em>Kronika<\/em><\/strong><em> Wojskowego Ko\u0142a \u0141owieckiego nr 193 &#8222;Diana&#8221; w St\u0119\u017cycy,<\/em> Lublin 2018<\/li>\n<li><strong><em>Krzy\u017ce <\/em><\/strong><em>i kapliczki gminy Mi\u0119dzyrzec Podlaski, <\/em>[opracowanie redakcyjne Micha\u0142 Wawerski i in.], Wysokie 2018<\/li>\n<li><strong>Lahnstaedt Stephan,<\/strong> <em>Czas zabijania : Be\u0142\u017cec, Sobib\u00f3r, Treblinka i akcja Reinhardt,<\/em> Warszawa 2018<\/li>\n<li><strong>Lipi\u0144ski Stanis\u0142aw,<\/strong> <em>Ziemianie i ich dobra w parafii Olchowiec w XVII i XIX wieku,<\/em> Rejowiec Fabryczny ; Bia\u0142a Podlaska 2018<\/li>\n<li><strong><em>Lublin <\/em><\/strong><em>: historia, spo\u0142ecze\u0144stwo, gospodarka, <\/em>redakcja naukowa Wojciech Janicki, Lublin 2018<\/li>\n<li><strong><em>Magia<\/em><\/strong><em> miejsc ziemi bialskiej,<\/em> redakcja Jakub Jakubowski, autorem wi\u0119kszo\u015bci fotografii jest Artur Bie\u0144kowski, Bia\u0142a Podlaska 2017<\/li>\n<li><strong><em>Magia<\/em><\/strong><em> \u015awi\u0105t Bo\u017cego Narodzenia i Wielkiej Nocy : spotkanie z tradycj\u0105, <\/em>[komitet redakcyjny Danuta Szlendak, Katarzyna Adamowska-Kane ; t\u0142umaczenie na j\u0119zyk angielski Barbara Koniarz ; t\u0142umaczenie na j\u0119zyk rosyjski Klaudia Bakiera], Pu\u0142awy 2015<\/li>\n<li><strong>Mazurek Micha\u0142,<\/strong> <em>Demografia parafii Rejowiec w latach 1918-1939,<\/em> Lublin 2018<\/li>\n<li><strong><em>Niepodleg\u0142a<\/em><\/strong><em> dla wszystkich : Europejskie Dni Dziedzictwa, 8-9 \/ 15-16.09.2018 : wojew\u00f3dztwo lubelskie : informator, <\/em>opracowanie: Agata Kozak, Dagmara Karpi\u0144ska ; teksty przygotowane przez organizator\u00f3w wydarze\u0144, Lublin 2018<\/li>\n<li><strong><em>Potencja\u0142 <\/em><\/strong><em>rozwojowy Lubelskiego Obszaru Metropolitarnego w latach 2006-2016, <\/em>opracowanie merytoryczne: Urz\u0105d Statystyczny w Lublinie, Lubelski O\u015brodek Bada\u0144 Regionalnych ; zesp\u00f3\u0142 autorski: Aleksandra Jangas-Kurzak ; t\u0142umaczenie: Aleksandra Jangas-Kurzak, Lublin 2018<\/li>\n<li><strong>Rajca Czes\u0142aw, Wi\u015bniewska Anna,<\/strong> <em>Majdanek : ob\u00f3z koncentracyjny, <\/em>Lublin 1986<\/li>\n<li><strong>Sawicki Stefan,<\/strong> <em>100 lat uniwersytetu katolickiego w Lublinie : zamierzenia i wyzwania,<\/em> Lublin 2018<\/li>\n<li><strong><em>750 lat <\/em><\/strong><em>Grabowca 1268-2018,<\/em> Katarzyna Sawicka, Dominika Kordy\u015b, 2018<\/li>\n<li><strong><em>Siedliska <\/em><\/strong><em>IG, <\/em>pod redakcj\u0105 naukow\u0105 Jolanty Pacze\u015bnej i Katarzyny Sobie\u0144 ; autorzy: Krystyna Dayczak-Calikowska [i inni], Warszawa 2018<\/li>\n<li><strong><em>Smaki<\/em><\/strong><em> ziemi pu\u0142awskiej &#8211; turystyczne, przyrodnicze i kulinarne,<\/em>\u00a0 komitet redakcyjny: Danuta Szlendak, Halina Solecka, Andrzej Wenerski, Katarzyna Adamowska ; t\u0142umaczenie: Ma\u0142gorzata Bartnik, Edyta Bartnik, Pu\u0142awy 2009<\/li>\n<li><strong><em>100 lat<\/em><\/strong><em> socjologii w Katolickim Uniwersytecie Lubelskim Jana Paw\u0142a II : idee, teorie, badania,<\/em> redakcja Wioletta Szymczak, Lublin 2018<\/li>\n<li><strong><em>100 lat<\/em><\/strong><em> teologii na KUL,<\/em> redakcja S\u0142awomir Nowosad, Jacenty Mastej, Lublin 2018<\/li>\n<li><strong>Stukus W\u0142odzimierz J., Jab\u0142o\u0144ska Izabela M., Korneluk Tomasz<\/strong>, <em>Miasteczko ma\u0142e jak&#8230; Orch\u00f3wek<\/em>, Orch\u00f3wek 2018<\/li>\n<li><strong>Szyma\u0144ski Jakub,<\/strong> <em>Zaw\u00f3d rzemie\u015blnik. Ja tutaj pracuj\u0119,<\/em> Lublin 2018<\/li>\n<li><strong>\u015anie\u017cek Jacek, <\/strong><em>Sto osobliwo\u015bci na stulecie Niepodleg\u0142o\u015bci 1918-2018,<\/em> Pu\u0142awy 2018<\/li>\n<li><strong>Wilkowski Eugeniusz,<\/strong> <em>Solidarno\u015b\u0107 Rolnik\u00f3w Indywidualnych w Che\u0142mskiem w latach 1980-1992, <\/em>Che\u0142m 2018<\/li>\n<\/ol>\n","protected":false},"excerpt":{"rendered":"","protected":false},"author":5,"featured_media":18709,"comment_status":"closed","ping_status":"closed","sticky":false,"template":"","format":"standard","meta":{"_tec_requires_first_save":true,"_crdt_document":"","pgc_sgb_lightbox_settings":"","_EventAllDay":false,"_EventTimezone":"","_EventStartDate":"","_EventEndDate":"","_EventStartDateUTC":"","_EventEndDateUTC":"","_EventShowMap":false,"_EventShowMapLink":false,"_EventURL":"","_EventCost":"","_EventCostDescription":"","_EventCurrencySymbol":"","_EventCurrencyCode":"","_EventCurrencyPosition":"","_EventDateTimeSeparator":"","_EventTimeRangeSeparator":"","_EventOrganizerID":[],"_EventVenueID":[],"_OrganizerEmail":"","_OrganizerPhone":"","_OrganizerWebsite":"","_VenueAddress":"","_VenueCity":"","_VenueCountry":"","_VenueProvince":"","_VenueState":"","_VenueZip":"","_VenuePhone":"","_VenueURL":"","_VenueStateProvince":"","_VenueLat":"","_VenueLng":"","_VenueShowMap":false,"_VenueShowMapLink":false,"_tribe_blocks_recurrence_rules":"","_tribe_blocks_recurrence_description":"","_tribe_blocks_recurrence_exclusions":"","footnotes":""},"categories":[509,119],"tags":[],"class_list":["post-18708","post","type-post","status-publish","format-standard","has-post-thumbnail","hentry","category-nowe-nabytki","category-nowoci-w-dziale-bibliografii-lubelszczyzny"],"publishpress_future_action":{"enabled":false,"date":"2026-05-04 01:53:12","action":"change-status","newStatus":"draft","terms":[],"taxonomy":"category","extraData":[]},"publishpress_future_workflow_manual_trigger":{"enabledWorkflows":[]},"_links":{"self":[{"href":"https:\/\/wbp.lublin.pl\/index.php\/wp-json\/wp\/v2\/posts\/18708","targetHints":{"allow":["GET"]}}],"collection":[{"href":"https:\/\/wbp.lublin.pl\/index.php\/wp-json\/wp\/v2\/posts"}],"about":[{"href":"https:\/\/wbp.lublin.pl\/index.php\/wp-json\/wp\/v2\/types\/post"}],"author":[{"embeddable":true,"href":"https:\/\/wbp.lublin.pl\/index.php\/wp-json\/wp\/v2\/users\/5"}],"replies":[{"embeddable":true,"href":"https:\/\/wbp.lublin.pl\/index.php\/wp-json\/wp\/v2\/comments?post=18708"}],"version-history":[{"count":1,"href":"https:\/\/wbp.lublin.pl\/index.php\/wp-json\/wp\/v2\/posts\/18708\/revisions"}],"predecessor-version":[{"id":18710,"href":"https:\/\/wbp.lublin.pl\/index.php\/wp-json\/wp\/v2\/posts\/18708\/revisions\/18710"}],"wp:featuredmedia":[{"embeddable":true,"href":"https:\/\/wbp.lublin.pl\/index.php\/wp-json\/wp\/v2\/media\/18709"}],"wp:attachment":[{"href":"https:\/\/wbp.lublin.pl\/index.php\/wp-json\/wp\/v2\/media?parent=18708"}],"wp:term":[{"taxonomy":"category","embeddable":true,"href":"https:\/\/wbp.lublin.pl\/index.php\/wp-json\/wp\/v2\/categories?post=18708"},{"taxonomy":"post_tag","embeddable":true,"href":"https:\/\/wbp.lublin.pl\/index.php\/wp-json\/wp\/v2\/tags?post=18708"}],"curies":[{"name":"wp","href":"https:\/\/api.w.org\/{rel}","templated":true}]}}