{"id":18763,"date":"2019-01-11T15:01:05","date_gmt":"2019-01-11T14:01:05","guid":{"rendered":"http:\/\/wbp.lublin.pl\/?p=18763"},"modified":"2019-02-05T14:20:33","modified_gmt":"2019-02-05T13:20:33","slug":"nabytki-do-ksiegozbioru-naukowego-grudzien-2018","status":"publish","type":"post","link":"https:\/\/wbp.lublin.pl\/index.php\/2019\/01\/11\/nabytki-do-ksiegozbioru-naukowego-grudzien-2018\/","title":{"rendered":"Nabytki do Ksi\u0119gozbioru Naukowego (grudzie\u0144 2018)"},"content":{"rendered":"<p><!--more--><\/p>\n<ol>\n<li><strong>Banach W.<\/strong>(red.) Beksi\u0144ski, Zdzis\u0142aw (1929-2005). Artysta Foto, Olszanica 2018<\/li>\n<li><strong>D\u0105browski A.<\/strong> Fotojazz, Warszawa 2018<\/li>\n<li><strong>Denhel J.<\/strong> Serce Chopina, Stronie \u015al\u0105skie 2018<\/li>\n<li>Eros w Krainie sn\u00f3w: antologia 2017, Che\u0142m 2018<\/li>\n<li><strong>Frejlich Cz.<\/strong>(red.) Z drugiej strony rzeczy: polski dizajn po roku 1989, Krak\u00f3w 2018<\/li>\n<li><strong>Gojdy M.<\/strong> Lotnicze skanowanie laserowe jako narz\u0119dzie archeologii, Warszawa 2018<\/li>\n<li><strong>Gotowa\u0142a J.<\/strong> Ksi\u0119ga lotnik\u00f3w polskich: 1918-2018, Warszawa 2018<\/li>\n<li><strong>Hasiuk M.<\/strong> Kr\u0119gi i p\u0142omienie: szkice o teatrze i socjologii, \u0141\u00f3d\u017a 2017<\/li>\n<li><strong>Janabi H.<\/strong> Trakt Kr\u00f3lewski, Warszawa 2018<\/li>\n<li>Krasucka M. Szczypta tradycji \u015bwieckim okiem : nie tylko o \u015bwi\u0119tach, Warszawa 2017<\/li>\n<li><strong>Kulawiak S.<\/strong> Indywidualno\u015b\u0107 i globalizacja 2, Wroc\u0142aw 2018<\/li>\n<li>Lowe P.(red.) 1001 fotografii, kt\u00f3re musisz zobaczy\u0107, Pozna\u0144 2018<\/li>\n<li><strong>Pietrzak- Thebault J.<\/strong> [S]\u0142owna kotka: obrazy, funkcje, przemiany w\u0142oskiej ksi\u0105\u017cki XVI wieku, Krak\u00f3w 2018<\/li>\n<li><strong>Po\u0142e\u0107 M.<\/strong> Arty\u015bci uliczni polskich miast, Krak\u00f3w 2018<\/li>\n<li>Postu\u0142a W. Polska bi\u017cuteria patriotyczna i pami\u0105tki historyczne XIX i XX wieku : (na podstawie zbioru autora), Warszawa 2017<\/li>\n<li><strong>Sikorski C.<\/strong> Filozofki, Szczecin 2018<\/li>\n<li><strong>Smolak M.<\/strong> W poszukiwaniu koloru: Fotografia W\u0142odzimierza Ka\u0142dowskiego, Wroc\u0142aw 2018<\/li>\n<li><strong>Stanielewicz M. <\/strong>Szukaj\u0105c \u015bwi\u0119tego dymu: linoryty w Muzeum Anny i Jaros\u0142awa Iwaszkiewicz\u00f3w, Wroc\u0142aw 2018<\/li>\n<li><strong>Wr\u00f3blewski G. <\/strong>Choroba Morgellon\u00f3w, Pozna\u0144 2018<\/li>\n<li><strong>Zarychta-<\/strong> <strong>W\u00f3jcicka A. <\/strong>100- lecie Niepodleg\u0142o\u015bci: Przysucha 1918- 2018, Przysucha 2018<\/li>\n<\/ol>\n","protected":false},"excerpt":{"rendered":"","protected":false},"author":11,"featured_media":18764,"comment_status":"closed","ping_status":"closed","sticky":false,"template":"","format":"standard","meta":{"_tec_requires_first_save":true,"_crdt_document":"","pgc_sgb_lightbox_settings":"","_EventAllDay":false,"_EventTimezone":"","_EventStartDate":"","_EventEndDate":"","_EventStartDateUTC":"","_EventEndDateUTC":"","_EventShowMap":false,"_EventShowMapLink":false,"_EventURL":"","_EventCost":"","_EventCostDescription":"","_EventCurrencySymbol":"","_EventCurrencyCode":"","_EventCurrencyPosition":"","_EventDateTimeSeparator":"","_EventTimeRangeSeparator":"","_EventOrganizerID":[],"_EventVenueID":[],"_OrganizerEmail":"","_OrganizerPhone":"","_OrganizerWebsite":"","_VenueAddress":"","_VenueCity":"","_VenueCountry":"","_VenueProvince":"","_VenueState":"","_VenueZip":"","_VenuePhone":"","_VenueURL":"","_VenueStateProvince":"","_VenueLat":"","_VenueLng":"","_VenueShowMap":false,"_VenueShowMapLink":false,"_tribe_blocks_recurrence_rules":"","_tribe_blocks_recurrence_description":"","_tribe_blocks_recurrence_exclusions":"","footnotes":""},"categories":[509,57],"tags":[],"class_list":["post-18763","post","type-post","status-publish","format-standard","has-post-thumbnail","hentry","category-nowe-nabytki","category-nowe-nabytki-do-ksigozbioru-naukowego"],"publishpress_future_action":{"enabled":false,"date":"2026-05-04 12:22:46","action":"change-status","newStatus":"draft","terms":[],"taxonomy":"category","extraData":[]},"publishpress_future_workflow_manual_trigger":{"enabledWorkflows":[]},"_links":{"self":[{"href":"https:\/\/wbp.lublin.pl\/index.php\/wp-json\/wp\/v2\/posts\/18763","targetHints":{"allow":["GET"]}}],"collection":[{"href":"https:\/\/wbp.lublin.pl\/index.php\/wp-json\/wp\/v2\/posts"}],"about":[{"href":"https:\/\/wbp.lublin.pl\/index.php\/wp-json\/wp\/v2\/types\/post"}],"author":[{"embeddable":true,"href":"https:\/\/wbp.lublin.pl\/index.php\/wp-json\/wp\/v2\/users\/11"}],"replies":[{"embeddable":true,"href":"https:\/\/wbp.lublin.pl\/index.php\/wp-json\/wp\/v2\/comments?post=18763"}],"version-history":[{"count":1,"href":"https:\/\/wbp.lublin.pl\/index.php\/wp-json\/wp\/v2\/posts\/18763\/revisions"}],"predecessor-version":[{"id":18765,"href":"https:\/\/wbp.lublin.pl\/index.php\/wp-json\/wp\/v2\/posts\/18763\/revisions\/18765"}],"wp:featuredmedia":[{"embeddable":true,"href":"https:\/\/wbp.lublin.pl\/index.php\/wp-json\/wp\/v2\/media\/18764"}],"wp:attachment":[{"href":"https:\/\/wbp.lublin.pl\/index.php\/wp-json\/wp\/v2\/media?parent=18763"}],"wp:term":[{"taxonomy":"category","embeddable":true,"href":"https:\/\/wbp.lublin.pl\/index.php\/wp-json\/wp\/v2\/categories?post=18763"},{"taxonomy":"post_tag","embeddable":true,"href":"https:\/\/wbp.lublin.pl\/index.php\/wp-json\/wp\/v2\/tags?post=18763"}],"curies":[{"name":"wp","href":"https:\/\/api.w.org\/{rel}","templated":true}]}}