{"id":18959,"date":"2019-02-06T10:22:25","date_gmt":"2019-02-06T09:22:25","guid":{"rendered":"http:\/\/wbp.lublin.pl\/?p=18959"},"modified":"2019-03-05T08:12:34","modified_gmt":"2019-03-05T07:12:34","slug":"nabytki-do-ksiegozbioru-naukowego-styczen-2019","status":"publish","type":"post","link":"https:\/\/wbp.lublin.pl\/index.php\/2019\/02\/06\/nabytki-do-ksiegozbioru-naukowego-styczen-2019\/","title":{"rendered":"Nabytki do Ksi\u0119gozbioru Naukowego (stycze\u0144 2019)"},"content":{"rendered":"<p><!--more--><\/p>\n<ol>\n<li><strong>Bartmi\u0144ski J. <\/strong>Leksykon aksjologiczny S\u0142owian i ich s\u0105siad\u00f3w t.5, Lublin 2018<\/li>\n<li><strong>B\u0105k T.<\/strong> Utylizacja : p\u0119ta miast, Pozna\u0144 2018<\/li>\n<li><strong>Blewit M. <\/strong>Nawigacja dla \u017ceglarzy, Warszawa 2018<\/li>\n<li><strong>Bodanka E. <\/strong>W ho\u0142dzie polskim lotnikom wrze\u015bnia 1939 roku : tomik poezji, Radomsko 2018<\/li>\n<li><strong>Bojarski W.<\/strong> Mundur w mojej rodzinie : polskie drogi w XX wieku, Szczecin 2018<\/li>\n<li><strong>Doma\u0144ski C. <\/strong>Historia psychologii w Europie \u015arodkowej, Warszawa 2018<\/li>\n<li><strong>Go\u0142da A.<\/strong> Teoria bibliografii w II Rzeczypospolitej, Katowice 2018<\/li>\n<li><strong>Ho\u0142ubowicz-Kliza G.<\/strong> Nieinfekcyjne czynniki chorobotw\u00f3rcze, Pu\u0142awy 2018<\/li>\n<li><strong>Kita M.<\/strong> J\u0119zyk w radiu: antologia, Katowice 2018<\/li>\n<li><strong>Ko\u0142os S.<\/strong> Film biograficzny- &#8211; gatunek progresywny : geneza, genologia, strategie narracyjne, Toru\u0144 2018<\/li>\n<li><strong>Kr\u00f3l M.<\/strong>(red.) Syberyjskie sacrum i profanum, Lublin 2018<\/li>\n<li><strong>\u0141uczy\u0144ski A. <\/strong>M\u0142odzie\u017c zagro\u017cona wykluczeniem : prewencyjny potencja\u0142 pedagogiki ks. Jana Bosko , Lublin 2018<\/li>\n<li><strong>\u0141uczy\u0144ski D.<\/strong> Pa\u0144stwowe Seminarium Nauczycielskie im. Komisji Edukacji Narodowej w Ostrogu nad Horyniem, Bia\u0142y Dunajec 2018<\/li>\n<li><strong>Maj A.<\/strong> Drzewne imaginacje [Go\u0142\u0105b] : Towarzystwo Przyjaci\u00f3\u0142 Go\u0142\u0119bia, 2018<\/li>\n<li><strong>Ma\u0142kowski A.<\/strong> Polskie skautki : zarys organizacyjny, Krak\u00f3w 2018<\/li>\n<li><strong>Modli\u0144ska-<\/strong> <strong>Piekarz A. <\/strong>\u0141aci\u0144ska poezja biblijna na \u015al\u0105sku w XVI i XVII wieku, Lublin 201<\/li>\n<li><strong>Mo\u0144ka B.<\/strong> W podr\u00f3\u017cy : dizajn w przestrzeni publicznej, Cieszyn 2018<\/li>\n<li><strong>Motyka W.<\/strong> Wychowanie muzyczne m\u0142odzie\u017cy w \u015brodkowej cz\u0119\u015bci Galicji w okresie autonomicznym (1867-1914), Rzesz\u00f3w 2018<\/li>\n<li><strong>Pawlic-Mi\u015bkiewicz B<\/strong>. (red.) I pami\u0119taj imi\u0119 swoje : rytua\u0142y przej\u015bcia Tatar\u00f3w polskich \u2013 Azan, Bia\u0142ystok 2018<\/li>\n<li><strong>Popio\u0142ek B.\u00a0<\/strong>(red.) Dom,codzienno\u015b\u0107 i \u015bwi\u0119to: ceremonie i tradycje rodzinne, Krak\u00f3w 2018<\/li>\n<li><strong>Popio\u0142ek B.\u00a0<\/strong>(red.) Dom,codzienno\u015b\u0107 i \u015bwi\u0119to: przestrze\u0144 domowa ludzie i rzeczy, Krak\u00f3w 2018<\/li>\n<li><strong>Pulnarowicz W. <\/strong>Rycerstwo polskie Podkarpacia : (dawne dzieje i obecne obowi\u0105zki szlachty zagrodowej na Podkarpaciu), Rzesz\u00f3w 2018<\/li>\n<li><strong>R\u00f3\u017cewicz T.<\/strong> I zn\u00f3w zaczyna si\u0119 przesz\u0142o\u015b\u0107 (wyb\u00f3r i wst\u0119p Jan Polkowski), Warszawa 2018<\/li>\n<li><strong>Sowi\u0144ska A. <\/strong>Hermetica \u015bredniowiecza i renesansu, Katowice 2018<\/li>\n<li><strong>Stupa W.<\/strong>(red.) W kr\u0119gu problem\u00f3w antropologii literatury : antropologia przysz\u0142o\u015bci, Bia\u0142ystok 2018<\/li>\n<li><strong>Szturc W. <\/strong>Eironeia, Krak\u00f3w 2018<\/li>\n<li><strong>\u015arutwa J. <\/strong>Dzieje Ko\u015bcio\u0142a w staro\u017cytno\u015bci t. 1,2 Lublin 2018<\/li>\n<li><strong>W\u0142odek P.<\/strong> (red.) Autorzy kina europejskiego VII, \u0141\u00f3d\u017a 2018<\/li>\n<li><strong>Zem\u0142o M. <\/strong>(red.) Ma\u0142e miasta: ogr\u00f3d s\u0142owa, teatru, muzyki, Lublin 2018<\/li>\n<li><strong>Zem\u0142o M. <\/strong>(red.) Ma\u0142e miasta: w ogrodzie sztuk i dzia\u0142a\u0144 tw\u00f3rczych, Lublin 2018<\/li>\n<\/ol>\n","protected":false},"excerpt":{"rendered":"","protected":false},"author":11,"featured_media":18960,"comment_status":"closed","ping_status":"closed","sticky":false,"template":"","format":"standard","meta":{"_tec_requires_first_save":true,"_crdt_document":"","pgc_sgb_lightbox_settings":"","_EventAllDay":false,"_EventTimezone":"","_EventStartDate":"","_EventEndDate":"","_EventStartDateUTC":"","_EventEndDateUTC":"","_EventShowMap":false,"_EventShowMapLink":false,"_EventURL":"","_EventCost":"","_EventCostDescription":"","_EventCurrencySymbol":"","_EventCurrencyCode":"","_EventCurrencyPosition":"","_EventDateTimeSeparator":"","_EventTimeRangeSeparator":"","_EventOrganizerID":[],"_EventVenueID":[],"_OrganizerEmail":"","_OrganizerPhone":"","_OrganizerWebsite":"","_VenueAddress":"","_VenueCity":"","_VenueCountry":"","_VenueProvince":"","_VenueState":"","_VenueZip":"","_VenuePhone":"","_VenueURL":"","_VenueStateProvince":"","_VenueLat":"","_VenueLng":"","_VenueShowMap":false,"_VenueShowMapLink":false,"_tribe_blocks_recurrence_rules":"","_tribe_blocks_recurrence_description":"","_tribe_blocks_recurrence_exclusions":"","footnotes":""},"categories":[509,57],"tags":[],"class_list":["post-18959","post","type-post","status-publish","format-standard","has-post-thumbnail","hentry","category-nowe-nabytki","category-nowe-nabytki-do-ksigozbioru-naukowego"],"publishpress_future_action":{"enabled":false,"date":"2026-05-04 12:23:08","action":"change-status","newStatus":"draft","terms":[],"taxonomy":"category","extraData":[]},"publishpress_future_workflow_manual_trigger":{"enabledWorkflows":[]},"_links":{"self":[{"href":"https:\/\/wbp.lublin.pl\/index.php\/wp-json\/wp\/v2\/posts\/18959","targetHints":{"allow":["GET"]}}],"collection":[{"href":"https:\/\/wbp.lublin.pl\/index.php\/wp-json\/wp\/v2\/posts"}],"about":[{"href":"https:\/\/wbp.lublin.pl\/index.php\/wp-json\/wp\/v2\/types\/post"}],"author":[{"embeddable":true,"href":"https:\/\/wbp.lublin.pl\/index.php\/wp-json\/wp\/v2\/users\/11"}],"replies":[{"embeddable":true,"href":"https:\/\/wbp.lublin.pl\/index.php\/wp-json\/wp\/v2\/comments?post=18959"}],"version-history":[{"count":1,"href":"https:\/\/wbp.lublin.pl\/index.php\/wp-json\/wp\/v2\/posts\/18959\/revisions"}],"predecessor-version":[{"id":18961,"href":"https:\/\/wbp.lublin.pl\/index.php\/wp-json\/wp\/v2\/posts\/18959\/revisions\/18961"}],"wp:featuredmedia":[{"embeddable":true,"href":"https:\/\/wbp.lublin.pl\/index.php\/wp-json\/wp\/v2\/media\/18960"}],"wp:attachment":[{"href":"https:\/\/wbp.lublin.pl\/index.php\/wp-json\/wp\/v2\/media?parent=18959"}],"wp:term":[{"taxonomy":"category","embeddable":true,"href":"https:\/\/wbp.lublin.pl\/index.php\/wp-json\/wp\/v2\/categories?post=18959"},{"taxonomy":"post_tag","embeddable":true,"href":"https:\/\/wbp.lublin.pl\/index.php\/wp-json\/wp\/v2\/tags?post=18959"}],"curies":[{"name":"wp","href":"https:\/\/api.w.org\/{rel}","templated":true}]}}