{"id":19215,"date":"2019-03-04T11:36:53","date_gmt":"2019-03-04T10:36:53","guid":{"rendered":"http:\/\/wbp.lublin.pl\/?p=19215"},"modified":"2019-03-18T10:15:43","modified_gmt":"2019-03-18T09:15:43","slug":"nabytki-do-ksiegozbioru-naukowego-luty-2019","status":"publish","type":"post","link":"https:\/\/wbp.lublin.pl\/index.php\/2019\/03\/04\/nabytki-do-ksiegozbioru-naukowego-luty-2019\/","title":{"rendered":"Nabytki do Ksi\u0119gozbioru Naukowego (luty 2019)"},"content":{"rendered":"<p><!--more--><\/p>\n<ol>\n<li><strong>Babik W.<\/strong> (red.) Nauka o informacji, Warszawa 2018<\/li>\n<li><strong>Bie\u0144kowska D.<\/strong> Medycyna defensywna : nadu\u017cycia medyczne w systemie prawnym Stan\u00f3w Zjednoczonych Ameryki , Pozna\u0144 2018<\/li>\n<li><strong>Boche\u0144ska J.<\/strong> (opor.) Opowie\u015bci kurdyjskie Meli Mahmuda Bajazidiego i Augusta Ko\u015bcieszyn -\u017baby, Krak\u00f3w 2018<\/li>\n<li><strong>Bolz F.<\/strong> African art. Sztuka Afryka\u0144ska, [K\u00f6ln] 2018<\/li>\n<li><strong>Brzozowska S.<\/strong>(red.) Mity za\u0142o\u017cycielskie w literaturze XIX wieku, Opole 2018<\/li>\n<li><strong>Burnicka-Kalischewski S.<\/strong> Intonacja mowy rosyjskiej a intonacja muzyczna w operze Piotra Czajkowskiego &#8222;Dama pikowa&#8221; w uj\u0119ciu psycholingwistycznym, Toru\u0144 2018<\/li>\n<li><strong>Castaneda C.<\/strong> Podr\u00f3\u017c do Ixtlan, Krak\u00f3w 2018<\/li>\n<li><strong>Dobierzewska- Mozrzymas E.<\/strong>(red.) Dzie\u0142a natury, dzie\u0142a cz\u0142owieka, historia, Wroc\u0142aw 2018<\/li>\n<li>Dowody zbrodni : przedmioty z polskich grob\u00f3w odkrytych na cmentarzu w Kijowie Bykowni. Warszawa 2018<\/li>\n<li><strong>Dyakowski B.<\/strong> Atlas motyli krajowych : z 218 wizerunkami kolorowemi motyli, ich g\u0105sienic i poczwarek na 18 tablicach, i 30 rycinami w tek\u015bcie, Warszawa 2018<\/li>\n<li><strong>Fayzez J.<\/strong> Opowiadania katarskie, Krak\u00f3w 2018<\/li>\n<li><strong>Fischer-Lichte E.<\/strong> Performatywno\u015b\u0107 : wprowadzenie, Krak\u00f3w 2018<\/li>\n<li><strong>Gnat-Wieteska Z.<\/strong> Genera\u0142 brygady Boles\u0142aw Frej, Garwolin 2018<\/li>\n<li><strong>Hanus A.<\/strong> Krytykowanie i jego operacjonalizacja w kontrastywnej analizie dyskursu, Wroc\u0142aw 2018<\/li>\n<li><strong>Majdecki L.<\/strong> Ochrona i konserwacja zabytkowych za\u0142o\u017ce\u0144 ogrodowych, Warszawa 2019<\/li>\n<li><strong>Ma\u0142kowski A.<\/strong> Polskie skautki : zarys organizacyjny, Krak\u00f3w 2018<\/li>\n<li><strong>Marchwi\u0144ski J.<\/strong> Muzyczne partnerstwo : refleksje o nauczaniu partnerstwa, Warszawa 2018<\/li>\n<li><strong>Maria\u0144ski J.<\/strong> Kondycja religijna i moralna m\u0142odzie\u017cy szk\u00f3\u0142 \u015brednich w latach 1988-1998-2005-2017, Toru\u0144 2018<\/li>\n<li>Mojej Bia\u0142o- Czerwonej wyb\u00f3r W. Turogi\u0144ski, Che\u0142m 2018<\/li>\n<li><strong>Paruch W.<\/strong> (red.) Chrze\u015bcija\u0144stwo w dziejach Polski i Polak\u00f3w 966- 2016, Warszawa 2018<\/li>\n<li><strong>P\u0142onik-<\/strong> <strong>Syroka B.<\/strong>(red.) Tradycje i perspektywy rozwoju kultury uzdrowiskowej w Iwoniczu- Zdroju, Wroc\u0142aw 2018<\/li>\n<li><strong>Rakoczy E.<\/strong> Jasnog\u00f3rska Pani Ty\u015b nasz\u0105 Hetmank\u0105, Warszawa 2018<\/li>\n<li><strong>Siemieniec-Go\u0142a\u015b E.<\/strong> (opr.) Marcin Paszkowski i jego &#8221;Dzieje tureckie i utarczki kozackie z Tatary&#8230;&#8221; (1615), Krak\u00f3w 2018<\/li>\n<li><strong>Siemieniecka- Go\u0142a\u015b E.<\/strong> (opr.) Obraz osiemnastowiecznej Turcji w &#8222;Obserwacjach politycznych pa\u0144stwa tureckiego&#8230;&#8221; J\u00f3zefa Mikoszy (1787), Krak\u00f3w 2018<\/li>\n<li><strong>Szab\u0142owski W.<\/strong> Merhaba : reporta\u017ce z tomu &#8222;Zab\u00f3jca miasta moreli&#8221; i osobisty s\u0142ownik turecko-polski, Warszawa 2018<\/li>\n<li><strong>Szturc W.<\/strong> Eironeia, Krak\u00f3w 2018<\/li>\n<li>Then and now : New York City fragments : Tadeusz Myslowski at the crossroads , Lublin 2018<\/li>\n<li><strong>Tretiak J.<\/strong> &#8222;Mi\u0142o\u015b\u0107 w\u0119z\u0142em bytu w nico\u015bci&#8221; : J\u00f3zef Tretiak o dramacie staroindyjskim, Krak\u00f3w 2018<\/li>\n<li><strong>Tur S.<\/strong> Aspiracje \u017cyciowe i perspektywy rozwoju m\u0142odzie\u017cy w powiecie bialskim, Bia\u0142a Podlaska 2018<\/li>\n<li><strong>Wodzicki K.<\/strong> O sokolnictwie i ptakach my\u015bliwskich, Warszawa 2018<\/li>\n<\/ol>\n","protected":false},"excerpt":{"rendered":"","protected":false},"author":11,"featured_media":19216,"comment_status":"closed","ping_status":"closed","sticky":false,"template":"","format":"standard","meta":{"_tec_requires_first_save":true,"_crdt_document":"","pgc_sgb_lightbox_settings":"","_EventAllDay":false,"_EventTimezone":"","_EventStartDate":"","_EventEndDate":"","_EventStartDateUTC":"","_EventEndDateUTC":"","_EventShowMap":false,"_EventShowMapLink":false,"_EventURL":"","_EventCost":"","_EventCostDescription":"","_EventCurrencySymbol":"","_EventCurrencyCode":"","_EventCurrencyPosition":"","_EventDateTimeSeparator":"","_EventTimeRangeSeparator":"","_EventOrganizerID":[],"_EventVenueID":[],"_OrganizerEmail":"","_OrganizerPhone":"","_OrganizerWebsite":"","_VenueAddress":"","_VenueCity":"","_VenueCountry":"","_VenueProvince":"","_VenueState":"","_VenueZip":"","_VenuePhone":"","_VenueURL":"","_VenueStateProvince":"","_VenueLat":"","_VenueLng":"","_VenueShowMap":false,"_VenueShowMapLink":false,"_tribe_blocks_recurrence_rules":"","_tribe_blocks_recurrence_description":"","_tribe_blocks_recurrence_exclusions":"","footnotes":""},"categories":[509,57],"tags":[],"class_list":["post-19215","post","type-post","status-publish","format-standard","has-post-thumbnail","hentry","category-nowe-nabytki","category-nowe-nabytki-do-ksigozbioru-naukowego"],"publishpress_future_action":{"enabled":false,"date":"2026-05-04 12:23:08","action":"change-status","newStatus":"draft","terms":[],"taxonomy":"category","extraData":[]},"publishpress_future_workflow_manual_trigger":{"enabledWorkflows":[]},"_links":{"self":[{"href":"https:\/\/wbp.lublin.pl\/index.php\/wp-json\/wp\/v2\/posts\/19215","targetHints":{"allow":["GET"]}}],"collection":[{"href":"https:\/\/wbp.lublin.pl\/index.php\/wp-json\/wp\/v2\/posts"}],"about":[{"href":"https:\/\/wbp.lublin.pl\/index.php\/wp-json\/wp\/v2\/types\/post"}],"author":[{"embeddable":true,"href":"https:\/\/wbp.lublin.pl\/index.php\/wp-json\/wp\/v2\/users\/11"}],"replies":[{"embeddable":true,"href":"https:\/\/wbp.lublin.pl\/index.php\/wp-json\/wp\/v2\/comments?post=19215"}],"version-history":[{"count":1,"href":"https:\/\/wbp.lublin.pl\/index.php\/wp-json\/wp\/v2\/posts\/19215\/revisions"}],"predecessor-version":[{"id":19217,"href":"https:\/\/wbp.lublin.pl\/index.php\/wp-json\/wp\/v2\/posts\/19215\/revisions\/19217"}],"wp:featuredmedia":[{"embeddable":true,"href":"https:\/\/wbp.lublin.pl\/index.php\/wp-json\/wp\/v2\/media\/19216"}],"wp:attachment":[{"href":"https:\/\/wbp.lublin.pl\/index.php\/wp-json\/wp\/v2\/media?parent=19215"}],"wp:term":[{"taxonomy":"category","embeddable":true,"href":"https:\/\/wbp.lublin.pl\/index.php\/wp-json\/wp\/v2\/categories?post=19215"},{"taxonomy":"post_tag","embeddable":true,"href":"https:\/\/wbp.lublin.pl\/index.php\/wp-json\/wp\/v2\/tags?post=19215"}],"curies":[{"name":"wp","href":"https:\/\/api.w.org\/{rel}","templated":true}]}}