{"id":20107,"date":"2019-05-08T14:47:11","date_gmt":"2019-05-08T12:47:11","guid":{"rendered":"https:\/\/wbp.lublin.pl\/?p=20107"},"modified":"2019-06-01T17:41:16","modified_gmt":"2019-06-01T15:41:16","slug":"nabytki-do-ksiegozbioru-naukowego-kwiecien-2019","status":"publish","type":"post","link":"https:\/\/wbp.lublin.pl\/index.php\/2019\/05\/08\/nabytki-do-ksiegozbioru-naukowego-kwiecien-2019\/","title":{"rendered":"Nabytki do Ksi\u0119gozbioru Naukowego (kwiecie\u0144 2019)"},"content":{"rendered":"<p><!--more--><\/p>\n<ol>\n<li><strong>Baluch J.<\/strong> Powiedz co\u015b po czesku! : igraszki j\u0119zykowo-literackie, Krak\u00f3w 2018<\/li>\n<li><strong>Crane W.<\/strong> O zdobnictwie ksi\u0105\u017cek dawnych i nowych, Krak\u00f3w 2018<\/li>\n<li><strong>Fischer A.<\/strong> Zwyczaje pogrzebowe ludu polskiego, Warszawa 2018<\/li>\n<li><strong>Folga-Januszewska D.<\/strong> Extended museum in its milieu, Krak\u00f3w 2018<\/li>\n<li><strong>Franczak M.M.<\/strong> Bohaterki z podw\u00f3rka, [Baran\u00f3w]2018<\/li>\n<li><strong>Ga\u0142at E.<\/strong> J\u0119zyk polski? Chc\u0119 i mog\u0119! : podr\u0119cznik do nauki j\u0119zyka polskiego jako obcego : poziom A1., Krak\u00f3w 2018<\/li>\n<li><strong>Garlej B.<\/strong> O (podstawowym) znaczeniu ingardenowskiej kategorii konkretyzacji estetycznej, Krak\u00f3w 2018<\/li>\n<li><strong>G\u00f3rniak B.<\/strong> Indywidualno\u015b\u0107 i globalizacja, Wroc\u0142aw 2018<\/li>\n<li><strong>J\u0119dras H.<\/strong> Muzeum bezpieczne, Krak\u00f3w 2018<\/li>\n<li><strong>K\u0119dzierska-Zaporowska M.<\/strong> Ba\u015bka Murma\u0144ska, Krak\u00f3w 2018<\/li>\n<li><strong>Krupa P.<\/strong> &#8222;Na Zach\u00f3d&#8221; i &#8222;Z dala od Moskwy&#8221; : publicystyka Myko\u0142y Chwylowego : lat 1925-1926 : historia &#8211; idee \u2013 konteksty, Krak\u00f3w 2018<\/li>\n<li><strong>Krupi\u0144ska G.<\/strong> Sztuka staje si\u0119 \u017cyciem, a \u017cycie sztuk\u0105&#8230; : pogl\u0105dy estetyczne Lou Andreas-Salom\u00e9 w przestrzeni kulturowej ko\u0144ca XIX i pocz\u0105tku XX wieku, Krak\u00f3w 2018<\/li>\n<li><strong>Makarska R. <\/strong>Historie i narracje : od historii lokalnej do opowie\u015bci postantropocentrycznej, Krak\u00f3w 2019<\/li>\n<li><strong>Markuszewicz R.<\/strong> Cudowne ocalenie : wspomnienie o przetrwaniu Zag\u0142ady, Krak\u00f3w 2018<\/li>\n<li><strong>Matyjaszek K.<\/strong> Produkcja przestrzeni \u017cydowskiej w dawnej i wsp\u00f3\u0142czesnej Polsce, Krak\u00f3w 2019<\/li>\n<li><strong>Moorhouse R.<\/strong> Trzecia Rzesza w 100 przedmiotach : materialna historia nazistowskich Niemiec, Krak\u00f3w 2018<\/li>\n<li><strong>Morawiecki J.<\/strong> Krajobraz po odwil\u017cy : poradziecka to\u017csamo\u015b\u0107 religijna mieszka\u0144c\u00f3w wsp\u00f3\u0142czesnych miast syberyjskich, Krak\u00f3w 2018<\/li>\n<li><strong>Nuno S.<\/strong> A wszystko to fado!, Warszawa 2018<\/li>\n<li><strong>Olkusz K.<\/strong> Narracje zombiecentryczne : literatura, teoria, antropologia, Krak\u00f3w 2019<\/li>\n<li><strong>Orzechowski K.<\/strong> Zapiski z nie\u0142atwych czas\u00f3w 2017-2018, Krak\u00f3w 2018<\/li>\n<li><strong>Pasi\u0144ska I.<\/strong> Polski Teatr Ta\u0144ca, 1973-2018, Pozna\u0144 2018<\/li>\n<li><strong>Paw\u0142owska M.<\/strong> Dawne literatury roma\u0144skie : w \u015bwiecie tolerancji i nietolerancji, zagadek i tajemnic, Krak\u00f3w 2018<\/li>\n<li><strong>Perniola M.<\/strong> Estetyka wsp\u00f3\u0142czesna : panorama og\u00f3lna, Krak\u00f3w 2018<\/li>\n<li><strong>Piecuch Cz.<\/strong>(red.) Karl Jaspers : logos i alogon, Krak\u00f3w 2019<\/li>\n<li><strong>Purchla J.<\/strong> Miasto i polityka : przypadki Krakowa, Krak\u00f3w 2018<\/li>\n<li><strong>Reimann-Czajkowska A.<\/strong> Muzyczne transpozycje : S. I. Witkiewicz &#8211; W. Hulewicz &#8211; S. Bara\u0144czak &#8211; Z. Rybczy\u0144ski &#8211; L. Majewski, Krak\u00f3w 2018<\/li>\n<li><strong>\u015awie\u015bciak A.<\/strong>(red.) Kontrinterpretacje, Krak\u00f3w 2018<\/li>\n<li><strong>Trzeciak K.<\/strong> Pos\u0105gi i utopie : rze\u017aba jako metafora nowoczesnej formy artystycznej, podmiotowo\u015bci i politycznej wsp\u00f3lnoty, Krak\u00f3w 2018<\/li>\n<li><strong>Woldan A.<\/strong> Studia galicyjskie, Krak\u00f3w 2019<\/li>\n<li><strong>\u017burek A.<\/strong> Strategie komunikacyjne os\u00f3b dwuj\u0119zycznych : na przyk\u0142adzie polszczyzny odziedziczonej w Niemczech, Krak\u00f3w 2018<\/li>\n<\/ol>\n","protected":false},"excerpt":{"rendered":"","protected":false},"author":11,"featured_media":20108,"comment_status":"closed","ping_status":"closed","sticky":false,"template":"","format":"standard","meta":{"_tec_requires_first_save":true,"_crdt_document":"","pgc_sgb_lightbox_settings":"","_EventAllDay":false,"_EventTimezone":"","_EventStartDate":"","_EventEndDate":"","_EventStartDateUTC":"","_EventEndDateUTC":"","_EventShowMap":false,"_EventShowMapLink":false,"_EventURL":"","_EventCost":"","_EventCostDescription":"","_EventCurrencySymbol":"","_EventCurrencyCode":"","_EventCurrencyPosition":"","_EventDateTimeSeparator":"","_EventTimeRangeSeparator":"","_EventOrganizerID":[],"_EventVenueID":[],"_OrganizerEmail":"","_OrganizerPhone":"","_OrganizerWebsite":"","_VenueAddress":"","_VenueCity":"","_VenueCountry":"","_VenueProvince":"","_VenueState":"","_VenueZip":"","_VenuePhone":"","_VenueURL":"","_VenueStateProvince":"","_VenueLat":"","_VenueLng":"","_VenueShowMap":false,"_VenueShowMapLink":false,"_tribe_blocks_recurrence_rules":"","_tribe_blocks_recurrence_description":"","_tribe_blocks_recurrence_exclusions":"","footnotes":""},"categories":[509,57],"tags":[],"class_list":["post-20107","post","type-post","status-publish","format-standard","has-post-thumbnail","hentry","category-nowe-nabytki","category-nowe-nabytki-do-ksigozbioru-naukowego"],"publishpress_future_action":{"enabled":false,"date":"2026-05-06 10:13:09","action":"change-status","newStatus":"draft","terms":[],"taxonomy":"category","extraData":[]},"publishpress_future_workflow_manual_trigger":{"enabledWorkflows":[]},"_links":{"self":[{"href":"https:\/\/wbp.lublin.pl\/index.php\/wp-json\/wp\/v2\/posts\/20107","targetHints":{"allow":["GET"]}}],"collection":[{"href":"https:\/\/wbp.lublin.pl\/index.php\/wp-json\/wp\/v2\/posts"}],"about":[{"href":"https:\/\/wbp.lublin.pl\/index.php\/wp-json\/wp\/v2\/types\/post"}],"author":[{"embeddable":true,"href":"https:\/\/wbp.lublin.pl\/index.php\/wp-json\/wp\/v2\/users\/11"}],"replies":[{"embeddable":true,"href":"https:\/\/wbp.lublin.pl\/index.php\/wp-json\/wp\/v2\/comments?post=20107"}],"version-history":[{"count":1,"href":"https:\/\/wbp.lublin.pl\/index.php\/wp-json\/wp\/v2\/posts\/20107\/revisions"}],"predecessor-version":[{"id":20109,"href":"https:\/\/wbp.lublin.pl\/index.php\/wp-json\/wp\/v2\/posts\/20107\/revisions\/20109"}],"wp:featuredmedia":[{"embeddable":true,"href":"https:\/\/wbp.lublin.pl\/index.php\/wp-json\/wp\/v2\/media\/20108"}],"wp:attachment":[{"href":"https:\/\/wbp.lublin.pl\/index.php\/wp-json\/wp\/v2\/media?parent=20107"}],"wp:term":[{"taxonomy":"category","embeddable":true,"href":"https:\/\/wbp.lublin.pl\/index.php\/wp-json\/wp\/v2\/categories?post=20107"},{"taxonomy":"post_tag","embeddable":true,"href":"https:\/\/wbp.lublin.pl\/index.php\/wp-json\/wp\/v2\/tags?post=20107"}],"curies":[{"name":"wp","href":"https:\/\/api.w.org\/{rel}","templated":true}]}}