{"id":20538,"date":"2019-05-15T08:00:05","date_gmt":"2019-05-15T06:00:05","guid":{"rendered":"https:\/\/wbp.lublin.pl\/?p=20538"},"modified":"2019-06-17T09:56:20","modified_gmt":"2019-06-17T07:56:20","slug":"zwycieskie-publikacje-w-konkursie-ksiazka-roku-2018","status":"publish","type":"post","link":"https:\/\/wbp.lublin.pl\/index.php\/2019\/05\/15\/zwycieskie-publikacje-w-konkursie-ksiazka-roku-2018\/","title":{"rendered":"Zwyci\u0119skie publikacje w Konkursie Ksi\u0105\u017cka Roku 2018"},"content":{"rendered":"<p><!--more--><\/p>\n<p><strong>Wawrzyn Paw\u0142a Konrada<\/strong>\u00a0w kategorii\u00a0<strong>Lublin \u2013 wydawnictwo monograficzne <\/strong>otrzyma\u0142a publikacja<\/p>\n<p><em>Lublin: historia \u2013 spo\u0142ecze\u0144stwo \u2013 gospodarka<\/em>, red. Wojciech Janicki, wyd. Wydawnictwo UMCS, Lublin 2018<\/p>\n<figure id=\"attachment_19708\" aria-describedby=\"caption-attachment-19708\" style=\"width: 216px\" class=\"wp-caption aligncenter\"><a href=\"https:\/\/wbp.lublin.pl\/wp-content\/uploads\/2019\/02\/Lublin.jpg\"><img data-dominant-color=\"a8a0a1\" data-has-transparency=\"false\" style=\"--dominant-color: #a8a0a1;\" loading=\"lazy\" decoding=\"async\" class=\"size-medium wp-image-19708 not-transparent\" src=\"https:\/\/wbp.lublin.pl\/wp-content\/uploads\/2019\/02\/Lublin-216x300.jpg\" alt=\"\" width=\"216\" height=\"300\" data-wp-editing=\"1\" \/><\/a><figcaption id=\"caption-attachment-19708\" class=\"wp-caption-text\">&#8222;Lublin: historia \u2013 spo\u0142ecze\u0144stwo \u2013 gospodarka&#8221;, red. Wojciech Janicki, wyd. Wydawnictwo UMCS, Lublin 2018.<\/figcaption><\/figure>\n<p><strong>Wyr\u00f3\u017cnienie<\/strong> w tej kategorii otrzyma\u0142y prace:<\/p>\n<ol>\n<li>\u00a0Christopher Garbowski, <em>Lublin: A History<\/em>, wyd. Wydawnictwo UMCS, Lublin 2018<\/li>\n<li>\u00a0Marta Pola\u0144ska, Gra\u017cyna Jakimi\u0144ska, Magdalena Piwowarska, <em>Lublin. Historia miasta<\/em>,<br \/>\nwyd. Muzeum Lubelskie w Lublinie, Lublin 2018<\/li>\n<\/ol>\n<div id='gallery-1' class='gallery galleryid-20538 gallery-columns-2 gallery-size-medium'><figure class='gallery-item'>\n\t\t\t<div class='gallery-icon portrait'>\n\t\t\t\t<a href='https:\/\/wbp.lublin.pl\/wp-content\/uploads\/2019\/02\/Lub-a-history.webp'><img loading=\"lazy\" decoding=\"async\" width=\"443\" height=\"600\" src=\"https:\/\/wbp.lublin.pl\/wp-content\/uploads\/2019\/02\/Lub-a-history-443x600.webp\" class=\"attachment-medium size-medium not-transparent\" alt=\"\" aria-describedby=\"gallery-1-19705\" srcset=\"https:\/\/wbp.lublin.pl\/wp-content\/uploads\/2019\/02\/Lub-a-history-443x600.webp 443w, https:\/\/wbp.lublin.pl\/wp-content\/uploads\/2019\/02\/Lub-a-history-296x400.webp 296w, https:\/\/wbp.lublin.pl\/wp-content\/uploads\/2019\/02\/Lub-a-history-768x1039.webp 768w, https:\/\/wbp.lublin.pl\/wp-content\/uploads\/2019\/02\/Lub-a-history-624x845.webp 624w, https:\/\/wbp.lublin.pl\/wp-content\/uploads\/2019\/02\/Lub-a-history.webp 798w\" sizes=\"auto, (max-width: 443px) 100vw, 443px\" data-has-transparency=\"false\" data-dominant-color=\"797b77\" style=\"--dominant-color: #797b77;\" \/><\/a>\n\t\t\t<\/div>\n\t\t\t\t<figcaption class='wp-caption-text gallery-caption' id='gallery-1-19705'>\n\t\t\t\tChristopher Garbowski, &#8222;Lublin: A History&#8221;, wyd. Wydawnictwo UMCS, Lublin 2018. \n\t\t\t\t<\/figcaption><\/figure><figure class='gallery-item'>\n\t\t\t<div class='gallery-icon portrait'>\n\t\t\t\t<a href='https:\/\/wbp.lublin.pl\/wp-content\/uploads\/2019\/02\/Lublin-historia.webp'><img loading=\"lazy\" decoding=\"async\" width=\"386\" height=\"600\" src=\"https:\/\/wbp.lublin.pl\/wp-content\/uploads\/2019\/02\/Lublin-historia-386x600.webp\" class=\"attachment-medium size-medium not-transparent\" alt=\"\" aria-describedby=\"gallery-1-19733\" srcset=\"https:\/\/wbp.lublin.pl\/wp-content\/uploads\/2019\/02\/Lublin-historia-386x600.webp 386w, https:\/\/wbp.lublin.pl\/wp-content\/uploads\/2019\/02\/Lublin-historia-257x400.webp 257w, https:\/\/wbp.lublin.pl\/wp-content\/uploads\/2019\/02\/Lublin-historia-624x971.webp 624w, https:\/\/wbp.lublin.pl\/wp-content\/uploads\/2019\/02\/Lublin-historia.webp 694w\" sizes=\"auto, (max-width: 386px) 100vw, 386px\" data-has-transparency=\"false\" data-dominant-color=\"a28778\" style=\"--dominant-color: #a28778;\" \/><\/a>\n\t\t\t<\/div>\n\t\t\t\t<figcaption class='wp-caption-text gallery-caption' id='gallery-1-19733'>\n\t\t\t\tMarta Pola\u0144ska, Gra\u017cyna Jakimi\u0144ska, Magdalena Piwowarska, &#8222;Lublin. Historia miasta&#8221;, wyd. Muzeum Lubelskie w Lublinie, Lublin 2018. \n\t\t\t\t<\/figcaption><\/figure>\n\t\t<\/div>\n\n<p><strong>Nagrod\u0119 specjaln\u0105 za szczeg\u00f3lne walory poznawcze i edytorskie <\/strong>otrzyma\u0142a<\/p>\n<p><em>Encyklopedia 100-lecia KUL<\/em>, tom 1\u20132, red. Antoni D\u0119bi\u0144ski i in., wyd. Wydawnictwo KUL, Lublin 2018<\/p>\n<figure id=\"attachment_19760\" aria-describedby=\"caption-attachment-19760\" style=\"width: 210px\" class=\"wp-caption aligncenter\"><a href=\"https:\/\/wbp.lublin.pl\/wp-content\/uploads\/2019\/02\/encyklopedia-100-lecia-kul.jpg\"><img data-dominant-color=\"3d333e\" data-has-transparency=\"false\" style=\"--dominant-color: #3d333e;\" loading=\"lazy\" decoding=\"async\" class=\"size-medium wp-image-19760 not-transparent\" src=\"https:\/\/wbp.lublin.pl\/wp-content\/uploads\/2019\/02\/encyklopedia-100-lecia-kul-210x300.jpg\" alt=\"\" width=\"210\" height=\"300\" \/><\/a><figcaption id=\"caption-attachment-19760\" class=\"wp-caption-text\">&#8222;Encyklopedia 100-lecia KUL&#8221;, tom 1-2, red. Antoni D\u0119bi\u0144ski i in., wyd. Wydawnictwo KUL, Lublin 2018<\/figcaption><\/figure>\n<p><strong>Wawrzyn Paw\u0142a Konrada<\/strong>\u00a0w kategorii\u00a0<strong>Lublin \u2013 wydawnictwo albumowe <\/strong>przyznano ksi\u0105\u017ckom:<\/p>\n<ol>\n<li><em>Afisze, plakaty i druki ulotne z lat 1918\u20131921 w zasobie Archiwum Pa\u0144stwowego w Lublinie.<br \/>\nW 100-lecie Niepodleg\u0142o\u015bci Polski<\/em>, oprac. Krzysztof Ko\u0142odziejczyk, wyd. Archiwum Pa\u0144stwowe w Lublinie, Lublin 2018<\/li>\n<li>Joanna Z\u0119tar, <em>Lublin, kt\u00f3rego nie ma \/ A Lublin that no longer exists<\/em>, red. Monika Ulatowska, wyd. Ksi\u0119\u017cy M\u0142yn Dom Wydawniczy Micha\u0142 Koli\u0144ski, \u0141\u00f3d\u017a 2018<\/li>\n<\/ol>\n<div id='gallery-2' class='gallery galleryid-20538 gallery-columns-2 gallery-size-medium'><figure class='gallery-item'>\n\t\t\t<div class='gallery-icon portrait'>\n\t\t\t\t<a href='https:\/\/wbp.lublin.pl\/index.php\/2019\/02\/01\/konkurs-ksiazka-roku-2018\/afisze-plakaty-i-druki\/'><img loading=\"lazy\" decoding=\"async\" width=\"486\" height=\"600\" src=\"https:\/\/wbp.lublin.pl\/wp-content\/uploads\/2019\/02\/Afisze-Plakaty-I-Druki-scaled-486x600.webp\" class=\"attachment-medium size-medium not-transparent\" alt=\"\" aria-describedby=\"gallery-2-19743\" srcset=\"https:\/\/wbp.lublin.pl\/wp-content\/uploads\/2019\/02\/Afisze-Plakaty-I-Druki-scaled-486x600.webp 486w, https:\/\/wbp.lublin.pl\/wp-content\/uploads\/2019\/02\/Afisze-Plakaty-I-Druki-scaled-324x400.webp 324w, https:\/\/wbp.lublin.pl\/wp-content\/uploads\/2019\/02\/Afisze-Plakaty-I-Druki-scaled-768x948.webp 768w, https:\/\/wbp.lublin.pl\/wp-content\/uploads\/2019\/02\/Afisze-Plakaty-I-Druki-scaled-624x770.webp 624w, https:\/\/wbp.lublin.pl\/wp-content\/uploads\/2019\/02\/Afisze-Plakaty-I-Druki-scaled.webp 875w\" sizes=\"auto, (max-width: 486px) 100vw, 486px\" data-has-transparency=\"false\" data-dominant-color=\"856167\" style=\"--dominant-color: #856167;\" \/><\/a>\n\t\t\t<\/div>\n\t\t\t\t<figcaption class='wp-caption-text gallery-caption' id='gallery-2-19743'>\n\t\t\t\t&#8222;Afisze, plakaty i druki ulotne z lat 1918\u20131921 w zasobie Archiwum Pa\u0144stwowego w Lublinie. W 100-lecie Niepodleg\u0142o\u015bci Polski&#8221;, oprac. Krzysztof Ko\u0142odziejczyk, wyd. Archiwum Pa\u0144stwowe w Lublinie, Lublin 2018\n\t\t\t\t<\/figcaption><\/figure><figure class='gallery-item'>\n\t\t\t<div class='gallery-icon landscape'>\n\t\t\t\t<a href='https:\/\/wbp.lublin.pl\/index.php\/2019\/02\/01\/konkurs-ksiazka-roku-2018\/lub-ktorego\/'><img loading=\"lazy\" decoding=\"async\" width=\"600\" height=\"593\" src=\"https:\/\/wbp.lublin.pl\/wp-content\/uploads\/2019\/02\/Lub-ktorego-scaled-600x593.webp\" class=\"attachment-medium size-medium not-transparent\" alt=\"\" aria-describedby=\"gallery-2-19706\" srcset=\"https:\/\/wbp.lublin.pl\/wp-content\/uploads\/2019\/02\/Lub-ktorego-scaled-600x593.webp 600w, https:\/\/wbp.lublin.pl\/wp-content\/uploads\/2019\/02\/Lub-ktorego-scaled-400x396.webp 400w, https:\/\/wbp.lublin.pl\/wp-content\/uploads\/2019\/02\/Lub-ktorego-scaled-768x760.webp 768w, https:\/\/wbp.lublin.pl\/wp-content\/uploads\/2019\/02\/Lub-ktorego-scaled-947x937.webp 947w, https:\/\/wbp.lublin.pl\/wp-content\/uploads\/2019\/02\/Lub-ktorego-scaled-624x617.webp 624w, https:\/\/wbp.lublin.pl\/wp-content\/uploads\/2019\/02\/Lub-ktorego-scaled.webp 1092w\" sizes=\"auto, (max-width: 600px) 100vw, 600px\" data-has-transparency=\"false\" data-dominant-color=\"927d6b\" style=\"--dominant-color: #927d6b;\" \/><\/a>\n\t\t\t<\/div>\n\t\t\t\t<figcaption class='wp-caption-text gallery-caption' id='gallery-2-19706'>\n\t\t\t\tJoanna Z\u0119tar, &#8222;Lublin, kt\u00f3rego nie ma \/ a Lublin that no longer exists&#8221;, red. Monika Ulatowska, wyd. Ksi\u0119\u017cy M\u0142yn Dom Wydawniczy Micha\u0142 Koli\u0144ski, \u0141\u00f3d\u017a 2018. \n\t\t\t\t<\/figcaption><\/figure>\n\t\t<\/div>\n\n<p><strong>Wawrzyn Paw\u0142a Konrada<\/strong>\u00a0w kategorii\u00a0<strong>Lubelszczyzna \u2013 wydawnictwo monograficzne <\/strong>otrzyma\u0142a praca zbiorowa pt. <em>Lubart\u00f3w w dziejach. Od czas\u00f3w najdawniejszych do wsp\u00f3\u0142czesno\u015bci<\/em>, red. Ryszard Szczygie\u0142, wyd. Urz\u0105d Miasta Lubartowa i Autorzy, Lubart\u00f3w 2018<\/p>\n<figure id=\"attachment_20002\" aria-describedby=\"caption-attachment-20002\" style=\"width: 210px\" class=\"wp-caption aligncenter\"><a href=\"https:\/\/wbp.lublin.pl\/wp-content\/uploads\/2019\/02\/Lubart\u00f3w-w-dziejach.jpg\"><img data-dominant-color=\"b29984\" data-has-transparency=\"false\" style=\"--dominant-color: #b29984;\" loading=\"lazy\" decoding=\"async\" class=\"size-medium wp-image-20002 not-transparent\" src=\"https:\/\/wbp.lublin.pl\/wp-content\/uploads\/2019\/02\/Lubart\u00f3w-w-dziejach-210x300.jpg\" alt=\"\" width=\"210\" height=\"300\" \/><\/a><figcaption id=\"caption-attachment-20002\" class=\"wp-caption-text\">&#8222;Lubart\u00f3w w dziejach. Od czas\u00f3w najdawniejszych do wsp\u00f3\u0142czesno\u015bci&#8221;, red. Ryszard Szczygie\u0142, wyd. Urz\u0105d Miasta Lubartowa i Autorzy, Lubart\u00f3w 2018<\/figcaption><\/figure>\n<p><strong>Wyr\u00f3\u017cnienie<\/strong> w tej kategorii otrzyma\u0142a publikacja<\/p>\n<p><em>Miasteczko Polski Odrodzonej czyli ekspozycja i zabytki w Muzeum Wsi Lubelskiej o wp\u0142ywie prawa II Rzeczypospolitej na warto\u015bci i \u017cycie codzienne<\/em>, red. Miros\u0142aw Korbut, Andrzej Wrona, wyd. Muzeum Wsi Lubelskiej, Lublin 2018<\/p>\n<figure id=\"attachment_19744\" aria-describedby=\"caption-attachment-19744\" style=\"width: 300px\" class=\"wp-caption aligncenter\"><a href=\"https:\/\/wbp.lublin.pl\/wp-content\/uploads\/2019\/02\/Miasteczko.jpg\"><img data-dominant-color=\"9c9ca3\" data-has-transparency=\"false\" style=\"--dominant-color: #9c9ca3;\" loading=\"lazy\" decoding=\"async\" class=\"size-medium wp-image-19744 not-transparent\" src=\"https:\/\/wbp.lublin.pl\/wp-content\/uploads\/2019\/02\/Miasteczko-300x244.jpg\" alt=\"\" width=\"300\" height=\"244\" \/><\/a><figcaption id=\"caption-attachment-19744\" class=\"wp-caption-text\">&#8222;Miasteczko Polski Odrodzonej czyli ekspozycja i zabytki w Muzeum Wsi Lubelskiej o wp\u0142ywie prawa II Rzeczypospolitej na warto\u015bci i \u017cycie codzienne&#8221;, red. Miros\u0142aw Korbut, Andrzej Wrona, wyd. Muzeum Wsi Lubelskiej, Lublin 2018<\/figcaption><\/figure>\n<p><strong>Wawrzyn Paw\u0142a Konrada<\/strong>\u00a0w kategorii\u00a0<strong>Lubelszczyzna \u2013 wydawnictwo albumowe <\/strong>otrzyma\u0142y:<\/p>\n<ol>\n<li>Robert Horbaczewski, Adam G\u0105sianowski, <em>Czar starej fotografii z album\u00f3w rodzin Zamojszczyzny<\/em>, wyd. Drukarnia Zamdruk i Jan Molas, Zamo\u015b\u0107 2018<\/li>\n<li><em>Wydobyte z popio\u0142\u00f3w. Przedmioty osobiste ofiar niemieckiego obozu zag\u0142ady w Sobiborze<\/em> \/ <em>Recovered from the Ashes. Personal Belongings of the Victims of the German Death Camp in Sobib\u00f3r<\/em>, red. Tomasz Kranz, wyd. Pa\u0144stwowe Muzeum na Majdanku, Lublin 2018<\/li>\n<\/ol>\n<div id='gallery-3' class='gallery galleryid-20538 gallery-columns-2 gallery-size-medium'><figure class='gallery-item'>\n\t\t\t<div class='gallery-icon landscape'>\n\t\t\t\t<a href='https:\/\/wbp.lublin.pl\/index.php\/2019\/02\/01\/konkurs-ksiazka-roku-2018\/czar-starej-fotografii\/'><img loading=\"lazy\" decoding=\"async\" width=\"600\" height=\"422\" src=\"https:\/\/wbp.lublin.pl\/wp-content\/uploads\/2019\/02\/czar-starej-fotografii-600x422.webp\" class=\"attachment-medium size-medium not-transparent\" alt=\"\" aria-describedby=\"gallery-3-20000\" srcset=\"https:\/\/wbp.lublin.pl\/wp-content\/uploads\/2019\/02\/czar-starej-fotografii-600x422.webp 600w, https:\/\/wbp.lublin.pl\/wp-content\/uploads\/2019\/02\/czar-starej-fotografii-400x282.webp 400w, https:\/\/wbp.lublin.pl\/wp-content\/uploads\/2019\/02\/czar-starej-fotografii-768x541.webp 768w, https:\/\/wbp.lublin.pl\/wp-content\/uploads\/2019\/02\/czar-starej-fotografii-947x667.webp 947w, https:\/\/wbp.lublin.pl\/wp-content\/uploads\/2019\/02\/czar-starej-fotografii-624x439.webp 624w, https:\/\/wbp.lublin.pl\/wp-content\/uploads\/2019\/02\/czar-starej-fotografii.webp 980w\" sizes=\"auto, (max-width: 600px) 100vw, 600px\" data-has-transparency=\"false\" data-dominant-color=\"807d7a\" style=\"--dominant-color: #807d7a;\" \/><\/a>\n\t\t\t<\/div>\n\t\t\t\t<figcaption class='wp-caption-text gallery-caption' id='gallery-3-20000'>\n\t\t\t\tRobert Horbaczewski, Adam G\u0105sianowski, &#8222;Czar starej fotografii z album\u00f3w rodzin Zamojszczyzny&#8221;, wyd. Drukarnia Zamdruk, Zamo\u015b\u0107 2018\n\t\t\t\t<\/figcaption><\/figure><figure class='gallery-item'>\n\t\t\t<div class='gallery-icon portrait'>\n\t\t\t\t<a href='https:\/\/wbp.lublin.pl\/index.php\/2019\/02\/01\/konkurs-ksiazka-roku-2018\/wydobyte-z-popiolow\/'><img loading=\"lazy\" decoding=\"async\" width=\"587\" height=\"600\" src=\"https:\/\/wbp.lublin.pl\/wp-content\/uploads\/2019\/02\/Wydobyte-z-popio\u0142\u00f3w-587x600.webp\" class=\"attachment-medium size-medium not-transparent\" alt=\"\" aria-describedby=\"gallery-3-19747\" srcset=\"https:\/\/wbp.lublin.pl\/wp-content\/uploads\/2019\/02\/Wydobyte-z-popio\u0142\u00f3w-587x600.webp 587w, https:\/\/wbp.lublin.pl\/wp-content\/uploads\/2019\/02\/Wydobyte-z-popio\u0142\u00f3w-391x400.webp 391w, https:\/\/wbp.lublin.pl\/wp-content\/uploads\/2019\/02\/Wydobyte-z-popio\u0142\u00f3w-768x785.webp 768w, https:\/\/wbp.lublin.pl\/wp-content\/uploads\/2019\/02\/Wydobyte-z-popio\u0142\u00f3w-947x968.webp 947w, https:\/\/wbp.lublin.pl\/wp-content\/uploads\/2019\/02\/Wydobyte-z-popio\u0142\u00f3w-624x638.webp 624w, https:\/\/wbp.lublin.pl\/wp-content\/uploads\/2019\/02\/Wydobyte-z-popio\u0142\u00f3w.webp 1057w\" sizes=\"auto, (max-width: 587px) 100vw, 587px\" data-has-transparency=\"false\" data-dominant-color=\"3c3b4a\" style=\"--dominant-color: #3c3b4a;\" \/><\/a>\n\t\t\t<\/div>\n\t\t\t\t<figcaption class='wp-caption-text gallery-caption' id='gallery-3-19747'>\n\t\t\t\t&#8222;Wydobyte z popio\u0142\u00f3w. Przedmioty osobiste ofiar niemieckiego obozu zag\u0142ady w Sobiborze&#8221; \/ &#8222;Recovered from the Ashes. Personal Belongings of the Victims of the German Death Camp in Sobib\u00f3r&#8221;, red. Tomasz Kranz, wyd. Pa\u0144stwowe Muzeum na Majdanku, Lublin 2018\n\t\t\t\t<\/figcaption><\/figure>\n\t\t<\/div>\n\n<p><strong>Nagrod\u0119 specjaln\u0105 za szczeg\u00f3lne walory artystyczne <\/strong>w tej kategorii przyznano albumowi<\/p>\n<p>Zbigniew J\u00f3\u017awik,<em> Madonny<\/em>, wyd. Towarzystwo Biblioteki Publicznej im. Hieronima \u0141opaci\u0144skiego w Lublinie, Lublin 2018<\/p>\n<figure id=\"attachment_20016\" aria-describedby=\"caption-attachment-20016\" style=\"width: 214px\" class=\"wp-caption aligncenter\"><a href=\"https:\/\/wbp.lublin.pl\/wp-content\/uploads\/2019\/02\/Madonny.jpg\"><img data-dominant-color=\"e0e1e1\" data-has-transparency=\"false\" style=\"--dominant-color: #e0e1e1;\" loading=\"lazy\" decoding=\"async\" class=\"size-medium wp-image-20016 not-transparent\" src=\"https:\/\/wbp.lublin.pl\/wp-content\/uploads\/2019\/02\/Madonny-214x300.jpg\" alt=\"\" width=\"214\" height=\"300\" \/><\/a><figcaption id=\"caption-attachment-20016\" class=\"wp-caption-text\">Zbigniew J\u00f3\u017awik, &#8222;Madonny&#8221;, wyd. Towarzystwo Biblioteki Publicznej im. Hieronima \u0141opaci\u0144skiego w Lublinie, Lublin 2018.<\/figcaption><\/figure>\n<p><strong>Wawrzyn Paw\u0142a Konrada<\/strong> w kategorii\u00a0<strong>Publikacje wydane przez biblioteki wojew\u00f3dztwa lubelskiego<\/strong>:<\/p>\n<p>Jacek \u015anie\u017cek, <em>Sto osobliwo\u015bci na stulecie niepodleg\u0142o\u015bci 1918\u20132018<\/em>, wyd. Powiatowa Biblioteka Publiczna w Pu\u0142awach, Pu\u0142awy 2018<\/p>\n<figure id=\"attachment_19019\" aria-describedby=\"caption-attachment-19019\" style=\"width: 300px\" class=\"wp-caption aligncenter\"><a href=\"https:\/\/wbp.lublin.pl\/wp-content\/uploads\/2019\/02\/Sto-osobliwo\u015bci-na-stulecie-niepodleg\u0142o\u015bci.jpg\"><img data-dominant-color=\"7c6e78\" data-has-transparency=\"false\" style=\"--dominant-color: #7c6e78;\" loading=\"lazy\" decoding=\"async\" class=\"size-medium wp-image-19019 not-transparent\" src=\"https:\/\/wbp.lublin.pl\/wp-content\/uploads\/2019\/02\/Sto-osobliwo\u015bci-na-stulecie-niepodleg\u0142o\u015bci-300x259.jpg\" alt=\"\" width=\"300\" height=\"259\" \/><\/a><figcaption id=\"caption-attachment-19019\" class=\"wp-caption-text\">Jacek \u015anie\u017cek, &#8222;Sto osobliwo\u015bci na stulecie niepodleg\u0142o\u015bci 1918\u20132018&#8221;, wyd. Powiatowa Biblioteka Publiczna w Pu\u0142awach, Pu\u0142awy 2018.<\/figcaption><\/figure>\n<p>Serdecznie gratulujemy!<\/p>\n<p>Dzi\u0119kujemy za wszystkie nades\u0142ane publikacje i\u00a0 zapraszamy do kolejnej edycji konkursu.<\/p>\n<p>&nbsp;<\/p>\n","protected":false},"excerpt":{"rendered":"","protected":false},"author":10,"featured_media":18947,"comment_status":"closed","ping_status":"closed","sticky":false,"template":"","format":"standard","meta":{"_tec_requires_first_save":true,"_crdt_document":"","pgc_sgb_lightbox_settings":"","_EventAllDay":false,"_EventTimezone":"","_EventStartDate":"","_EventEndDate":"","_EventStartDateUTC":"","_EventEndDateUTC":"","_EventShowMap":false,"_EventShowMapLink":false,"_EventURL":"","_EventCost":"","_EventCostDescription":"","_EventCurrencySymbol":"","_EventCurrencyCode":"","_EventCurrencyPosition":"","_EventDateTimeSeparator":"","_EventTimeRangeSeparator":"","_EventOrganizerID":[],"_EventVenueID":[],"_OrganizerEmail":"","_OrganizerPhone":"","_OrganizerWebsite":"","_VenueAddress":"","_VenueCity":"","_VenueCountry":"","_VenueProvince":"","_VenueState":"","_VenueZip":"","_VenuePhone":"","_VenueURL":"","_VenueStateProvince":"","_VenueLat":"","_VenueLng":"","_VenueShowMap":false,"_VenueShowMapLink":false,"_tribe_blocks_recurrence_rules":"","_tribe_blocks_recurrence_description":"","_tribe_blocks_recurrence_exclusions":"","footnotes":""},"categories":[10,89],"tags":[],"class_list":["post-20538","post","type-post","status-publish","format-standard","has-post-thumbnail","hentry","category-aktualnosci","category-konkursy-i-nagrody"],"publishpress_future_action":{"enabled":false,"date":"2026-05-05 00:25:12","action":"change-status","newStatus":"draft","terms":[],"taxonomy":"category","extraData":[]},"publishpress_future_workflow_manual_trigger":{"enabledWorkflows":[]},"_links":{"self":[{"href":"https:\/\/wbp.lublin.pl\/index.php\/wp-json\/wp\/v2\/posts\/20538","targetHints":{"allow":["GET"]}}],"collection":[{"href":"https:\/\/wbp.lublin.pl\/index.php\/wp-json\/wp\/v2\/posts"}],"about":[{"href":"https:\/\/wbp.lublin.pl\/index.php\/wp-json\/wp\/v2\/types\/post"}],"author":[{"embeddable":true,"href":"https:\/\/wbp.lublin.pl\/index.php\/wp-json\/wp\/v2\/users\/10"}],"replies":[{"embeddable":true,"href":"https:\/\/wbp.lublin.pl\/index.php\/wp-json\/wp\/v2\/comments?post=20538"}],"version-history":[{"count":1,"href":"https:\/\/wbp.lublin.pl\/index.php\/wp-json\/wp\/v2\/posts\/20538\/revisions"}],"predecessor-version":[{"id":20539,"href":"https:\/\/wbp.lublin.pl\/index.php\/wp-json\/wp\/v2\/posts\/20538\/revisions\/20539"}],"wp:featuredmedia":[{"embeddable":true,"href":"https:\/\/wbp.lublin.pl\/index.php\/wp-json\/wp\/v2\/media\/18947"}],"wp:attachment":[{"href":"https:\/\/wbp.lublin.pl\/index.php\/wp-json\/wp\/v2\/media?parent=20538"}],"wp:term":[{"taxonomy":"category","embeddable":true,"href":"https:\/\/wbp.lublin.pl\/index.php\/wp-json\/wp\/v2\/categories?post=20538"},{"taxonomy":"post_tag","embeddable":true,"href":"https:\/\/wbp.lublin.pl\/index.php\/wp-json\/wp\/v2\/tags?post=20538"}],"curies":[{"name":"wp","href":"https:\/\/api.w.org\/{rel}","templated":true}]}}