{"id":21032,"date":"2019-06-03T15:09:13","date_gmt":"2019-06-03T13:09:13","guid":{"rendered":"https:\/\/wbp.lublin.pl\/?p=21032"},"modified":"2019-07-03T14:57:09","modified_gmt":"2019-07-03T12:57:09","slug":"nabytki-do-ksiegozbioru-naukowego-maj-2019","status":"publish","type":"post","link":"https:\/\/wbp.lublin.pl\/index.php\/2019\/06\/03\/nabytki-do-ksiegozbioru-naukowego-maj-2019\/","title":{"rendered":"Nabytki do Ksi\u0119gozbioru Naukowego (maj 2019)"},"content":{"rendered":"<p><!--more--><\/p>\n<ol>\n<li>Bohaterowie Niepodleg\u0142ej, Lublin 2018<\/li>\n<li><strong>Bondyra W. <\/strong>(red.) Studia z dziej\u00f3w Europy \u015arodkowo-Wschodniej, Lublin 2018<\/li>\n<li><strong>Borodziej W.<\/strong>11 1918 : niepodleg\u0142o\u015b\u0107 i pami\u0119\u0107 w Europie \u015arodkowej, Krak\u00f3w 2018<\/li>\n<li><strong>Czekalski T. <\/strong>Arsena\u0142 Kr\u00f3lewski, Krak\u00f3w 2018<\/li>\n<li><strong>Czerep S.<\/strong> Wielka operacja zimowa pierwszej wojny \u015bwiatowej : dzia\u0142ania na kierunku mazursko-augustowskim od 7 do 21 lutego 1915 roku, O\u015bwi\u0119cim 2018<\/li>\n<li><strong>D\u0105browski S.<\/strong> Pierwsze lata benedyktyn\u00f3w w Polsce odrodzonej : Kronika-pami\u0119tnik 21 V 1919-23 IX 1929, Wroc\u0142aw 2018<\/li>\n<li><strong>Dobieszewski J. <\/strong>Epistemologia do\u015bwiadczenia religijnego w XX-wiecznej filozofii rosyjskiej i \u017cydowskiej, Krak\u00f3w 2018<\/li>\n<li><strong>Dro\u017cd\u017c A.<\/strong> Re\/konstrukcje codzienno\u015bci : przesz\u0142o\u015b\u0107 w materia\u0142ach \u017ar\u00f3d\u0142owych Polskiego Atlasu Etnograficznego, Gda\u0144sk 2018<\/li>\n<li><strong>G\u0142uszek I.<\/strong>(red.) Barbarzy\u0144cy w oczach staro\u017cytnych Grek\u00f3w i Rzymian, Toru\u0144 2018<\/li>\n<li><strong>Gru\u0161a J.<\/strong> Czechy : instrukcja obs\u0142ugi, Krak\u00f3w 2018<\/li>\n<li><strong>Habielski R.<\/strong> Rozg\u0142o\u015bnia Polska Radia Wolna Europa w latach 1950-1975, Wroc\u0142aw 2018<\/li>\n<li><strong>Hofman I.<\/strong> Publicystyka Leopolda Ungera : w kierunku dziennikarstwa powa\u017cnego, Toru\u0144 2019<\/li>\n<li><strong>Ingarden R.<\/strong> Korespondencja Romana Witolda Ingardena: z dziej\u00f3w &#8222;Studia Philosophica, K\u0119ty 2018<\/li>\n<li><strong>Korzeniowska-Bihun A.<\/strong>(przek\u0142.) Wsp\u00f3\u0142czesna dramaturgia ukrai\u0144ska od A do Ja, Warszawa 2018<\/li>\n<li><strong>Kwapisz-Osadnik K.<\/strong> Jest, by\u0142, b\u0119dzie czy by\u0142by? : zagadki czas\u00f3w i tryb\u00f3w w j\u0119zyku francuskim, Katowice 2018<\/li>\n<li><strong>\u0141ukaszewski J. <\/strong>Z odleg\u0142ej pami\u0119ci, po dzie\u0144 dzisiejszy, Toru\u0144 2018<\/li>\n<li><strong>\u0141ukaszyk E.<\/strong> Humanistyka, kt\u00f3ra nadchodzi : w poszukiwaniu kondycji transkulturowej, Warszawa 2018<\/li>\n<li><strong>Magdziak M.<\/strong> Od ch\u0142opskiej cha\u0142upy do domu wsp\u00f3\u0142czesnego rolnika, \u0141\u00f3d\u017a 2019<\/li>\n<li><strong>Paprocka N. <\/strong>Bibliografia polskich przek\u0142ad\u00f3w i adaptacji francuskiej literatury dla dzieci i m\u0142odzie\u017cy wydanych w latach 1918-2014, Krak\u00f3w 2018<\/li>\n<li><strong>Plecka D.<\/strong>(red.) Demokracja w Polsce po 2015 roku, Toru\u0144 2018<\/li>\n<li><strong>Pogonowska E.<\/strong> Klucze do Rosji : tematy i strategie wsp\u00f3\u0142czesnych narracji podr\u00f3\u017cniczych, Lublin 2018<\/li>\n<li><strong>S\u0142yk J.<\/strong> Modele architektoniczne, Warszawa 2018<\/li>\n<li><strong>So\u0142kiewicz H.<\/strong> (red.)Ewolucyjny rozw\u00f3j si\u0142 okr\u0119towych Marynarki Wojennej w latach 2010-2030 : (suplement)Gdynia 2018<\/li>\n<li><strong>Surmacz R.<\/strong> Tobie Polsko : projekty kulturowe, Lublin 2018<\/li>\n<li><strong>Tsanin M.<\/strong> Przez ruiny i zgliszcza : podr\u00f3\u017c po stu zg\u0142adzonych gminach \u017cydowskich w Polsce, Warszawa 2018<\/li>\n<li><strong>Winiarska J.<\/strong> Multimodalno\u015b\u0107 komunikacji, Krak\u00f3w 2018<\/li>\n<li><strong>Zalewski A.<\/strong> Zabierajcie si\u0119 ze wszystkim &#8211; pojedziecie!, Wroc\u0142aw 2018<\/li>\n<li>Zbi\u00f3r danych o zak\u0142adach przemys\u0142owych istniej\u0105cych w Polsce Ludowej : w \u015bwietle warto\u015bci ich produkcji i maj\u0105tku oraz zatrudnienia : stan w roku 1988, Warszawa 2018<\/li>\n<li><strong>Zdybel J.<\/strong>(red.) Uomo universale : rozwa\u017cania o cz\u0142owieku, spo\u0142ecze\u0144stwie i warto\u015bciach po\u015bwi\u0119cone pami\u0119ci Profesora Stanis\u0142awa Jedynaka, Lublin 2018<\/li>\n<li><strong>Zi\u0119bi\u0144ska-Witek A.<\/strong> Muzealizacja komunizmu w Polsce i Europie \u015arodkowo-Wschodniej, Lublin 2018<\/li>\n<\/ol>\n<p><strong>\u00a0<\/strong><\/p>\n","protected":false},"excerpt":{"rendered":"","protected":false},"author":11,"featured_media":21033,"comment_status":"closed","ping_status":"closed","sticky":false,"template":"","format":"standard","meta":{"_tec_requires_first_save":true,"_crdt_document":"","pgc_sgb_lightbox_settings":"","_EventAllDay":false,"_EventTimezone":"","_EventStartDate":"","_EventEndDate":"","_EventStartDateUTC":"","_EventEndDateUTC":"","_EventShowMap":false,"_EventShowMapLink":false,"_EventURL":"","_EventCost":"","_EventCostDescription":"","_EventCurrencySymbol":"","_EventCurrencyCode":"","_EventCurrencyPosition":"","_EventDateTimeSeparator":"","_EventTimeRangeSeparator":"","_EventOrganizerID":[],"_EventVenueID":[],"_OrganizerEmail":"","_OrganizerPhone":"","_OrganizerWebsite":"","_VenueAddress":"","_VenueCity":"","_VenueCountry":"","_VenueProvince":"","_VenueState":"","_VenueZip":"","_VenuePhone":"","_VenueURL":"","_VenueStateProvince":"","_VenueLat":"","_VenueLng":"","_VenueShowMap":false,"_VenueShowMapLink":false,"_tribe_blocks_recurrence_rules":"","_tribe_blocks_recurrence_description":"","_tribe_blocks_recurrence_exclusions":"","footnotes":""},"categories":[509,57],"tags":[],"class_list":["post-21032","post","type-post","status-publish","format-standard","has-post-thumbnail","hentry","category-nowe-nabytki","category-nowe-nabytki-do-ksigozbioru-naukowego"],"publishpress_future_action":{"enabled":false,"date":"2026-05-06 10:13:09","action":"change-status","newStatus":"draft","terms":[],"taxonomy":"category","extraData":[]},"publishpress_future_workflow_manual_trigger":{"enabledWorkflows":[]},"_links":{"self":[{"href":"https:\/\/wbp.lublin.pl\/index.php\/wp-json\/wp\/v2\/posts\/21032","targetHints":{"allow":["GET"]}}],"collection":[{"href":"https:\/\/wbp.lublin.pl\/index.php\/wp-json\/wp\/v2\/posts"}],"about":[{"href":"https:\/\/wbp.lublin.pl\/index.php\/wp-json\/wp\/v2\/types\/post"}],"author":[{"embeddable":true,"href":"https:\/\/wbp.lublin.pl\/index.php\/wp-json\/wp\/v2\/users\/11"}],"replies":[{"embeddable":true,"href":"https:\/\/wbp.lublin.pl\/index.php\/wp-json\/wp\/v2\/comments?post=21032"}],"version-history":[{"count":1,"href":"https:\/\/wbp.lublin.pl\/index.php\/wp-json\/wp\/v2\/posts\/21032\/revisions"}],"predecessor-version":[{"id":21034,"href":"https:\/\/wbp.lublin.pl\/index.php\/wp-json\/wp\/v2\/posts\/21032\/revisions\/21034"}],"wp:featuredmedia":[{"embeddable":true,"href":"https:\/\/wbp.lublin.pl\/index.php\/wp-json\/wp\/v2\/media\/21033"}],"wp:attachment":[{"href":"https:\/\/wbp.lublin.pl\/index.php\/wp-json\/wp\/v2\/media?parent=21032"}],"wp:term":[{"taxonomy":"category","embeddable":true,"href":"https:\/\/wbp.lublin.pl\/index.php\/wp-json\/wp\/v2\/categories?post=21032"},{"taxonomy":"post_tag","embeddable":true,"href":"https:\/\/wbp.lublin.pl\/index.php\/wp-json\/wp\/v2\/tags?post=21032"}],"curies":[{"name":"wp","href":"https:\/\/api.w.org\/{rel}","templated":true}]}}