{"id":21381,"date":"2019-06-28T09:30:29","date_gmt":"2019-06-28T07:30:29","guid":{"rendered":"https:\/\/wbp.lublin.pl\/?p=21381"},"modified":"2019-08-12T10:54:04","modified_gmt":"2019-08-12T08:54:04","slug":"nabytki-w-dziale-bibliografii-lubelszczyzny-i-wiedzy-o-regionie-maj-czerwiec-2019","status":"publish","type":"post","link":"https:\/\/wbp.lublin.pl\/index.php\/2019\/06\/28\/nabytki-w-dziale-bibliografii-lubelszczyzny-i-wiedzy-o-regionie-maj-czerwiec-2019\/","title":{"rendered":"Nabytki w Dziale Bibliografii Lubelszczyzny i Wiedzy o Regionie (maj-czerwiec 2019)"},"content":{"rendered":"<p><!--more--><\/p>\n<ol>\n<li><strong>Bartoszewska Maria,<\/strong> <em>Dzielnica Konstantyn\u00f3w &#8211; nasz dom,<\/em> Lublin 2015<\/li>\n<li><strong><em>Che\u0142mianie<\/em><\/strong><em> w Polskich Si\u0142ach Zbrojnych na Zachodzie<\/em>, opracowanie Janusz Pawe\u0142 Krzywicki, Zbigniew S\u0142awomir Lubaszewski, Che\u0142m 2018<\/li>\n<li><strong><em>Che\u0142mski <\/em><\/strong><em>listopad 1918 roku : wyb\u00f3r materia\u0142\u00f3w,<\/em> wybra\u0142, przygotowa\u0142 i poprzedzi\u0142 wst\u0119pem Zbigniew Lubaszewski, Che\u0142m 2018<\/li>\n<li><strong>Chmielewski Szymon, Chmielewski Tadeusz J., Ku\u0142ak Agnieszka,<\/strong> <em>Presja wizualna jako problem audytu krajobrazowego,<\/em> Lublin 2018<\/li>\n<li><strong>Chwa\u0142czyk Tadeusz Karol,<\/strong> <em>Leksykon lotnik\u00f3w Lubelszczyzny,<\/em> Lublin 2018<\/li>\n<li><strong>Doroba Grzegorz,<\/strong> <em>Motocykle WSK : produkowane seryjnie 1954-1985,<\/em> Lublin 2019<\/li>\n<li><strong><em>Dzieci Wolnej,<\/em><\/strong><em> Niepodleg\u0142ej, \u015awi\u0119tej : pami\u0119ci \u017co\u0142nierzy wykl\u0119tych z ziemi ryckiej w setn\u0105 rocznic\u0119 odzyskania niepodleg\u0142o\u015bci przez nasz\u0105 Ojczyzn\u0119<\/em> <em>: praca zbiorowa<\/em>, Ryki [2018]<\/li>\n<li><strong>Garbacz Krzysztof,<\/strong> <em>W\u0142odzimierza Rulikowskiego albumy pami\u0119ci,<\/em> Zielona G\u00f3ra 2018<\/li>\n<li><strong>G\u0105sianowski Adam, Horbaczewski Robert,<\/strong> <em>Czar starej fotografii z album\u00f3w rodzin Zamojszczyzny. <\/em> 2, Zamo\u015b\u0107 2018<\/li>\n<li><strong>G\u00f3rski Wojciech, <\/strong><em>Poczet wybitnych lublinian i os\u00f3b zas\u0142u\u017conych dla Lublina,<\/em> Lublin 2018<\/li>\n<li><strong>Gruszkowski Krzysztof, <\/strong><em>Upami\u0119tnienia ze S\u0142awatycz,<\/em> Lublin 2018<\/li>\n<li><strong>Hince Cezary,<\/strong> <em>Pi\u0142karski AZS w obiektywie : historia AZS AWF Bia\u0142a Podlaska w latach 1974-1996,<\/em> Siedlce ; Bia\u0142a Podlaska 2019<\/li>\n<li><strong><em>Informator<\/em><\/strong><em> : Potok Wielki, Modliborzyce, Bartorz, Godzisz\u00f3w, Chrzan\u00f3w, Dzwola, Jan\u00f3w Lubelski, <\/em>opracowanie i wykonanie X-light Przemys\u0142aw Ko\u0142ty\u015b, Jan\u00f3w Lubelski 2012<\/li>\n<li><strong><em>Instytut <\/em><\/strong><em>Pedagogiki na Katolickim Uniwersytecie Lubelskim Jana Paw\u0142a II w Lublinie : Ksi\u0119ga Jubileuszowa,<\/em> redakcja Marian Nowak, Lublin 2018<\/li>\n<li><strong><em>Jan Turowski<\/em><\/strong><em> (1917-2006) : my\u015bl socjologiczna,<\/em> redakcja Marek W\u00f3dka, Stanis\u0142aw Fel, Lublin 2018<\/li>\n<li><strong><em>Kapliczki<\/em><\/strong><em> miniatury \u015bwi\u0105ty\u0144 : kapliczki i krzy\u017ce przydro\u017cne Gminy Su\u0142\u00f3w,<\/em> opracowanie Marta Radzik ; zdj\u0119cia Arkadiusz Socha, Su\u0142\u00f3w 2018<\/li>\n<li><strong><em>Kap\u0142a\u0144ska <\/em><\/strong><em>droga ksi\u0119dza pra\u0142ata Jana Zdzis\u0142awa Ci\u017cmi\u0144skiego : praca zbiorowa,<\/em> pod kierunkiem El\u017cbiety Kr\u00f3l, Zamo\u015b\u0107 2018<\/li>\n<li><strong>Kojder Marcin,<\/strong> <em>Antroponimia historyczna wiernych che\u0142mskiej diecezji grecko-unickiej (1662-1810), <\/em>Lublin 2019<\/li>\n<li><strong><em> Piotr Kurowski<\/em><\/strong><em> (1929-1990) : kap\u0142an zawierzenia i czynu,<\/em> redaktor Eugeniusz Wilkowski, Che\u0142m 2019<\/li>\n<li><strong>Kubiszyn Marta,<\/strong> <em>Niepami\u0119\u0107 \u2013 postpami\u0119\u0107 &#8211; wsp\u00f3\u0142pami\u0119\u0107 : zag\u0142ada lubelskich \u017byd\u00f3w jako przedmiot kultury pami\u0119ci, <\/em>Lublin 2019<\/li>\n<li><strong><em>KUL<\/em><\/strong><em> uniwersytetem niepodleg\u0142ej Polski : konferencja z okazji 100-lecia Uniwersytetu w Senacie RP 8 maja 2018 r.,<\/em> redakcja Magdalena Charzy\u0144ska-W\u00f3jcik, Jolanta Klimek-Gr\u0105dzka, Dariusz Sk\u00f3rczewski, Lublin 2018<\/li>\n<li><strong>Kwiatkowska Teresa,<\/strong> <em>Gorajec i okolice : historia odkrywana na nowo, <\/em>Gorajec 2018<\/li>\n<li><strong>\u0141aszkiewicz<\/strong><strong> Waldemar,<\/strong> <em>Gdy nasta\u0142 listopad&#8230; : 100 lat Dyrekcji Poczt i Telegraf\u00f3w w Lublinie 1918-2018,<\/em> Lublin 2018<\/li>\n<li><strong>Maj Czes\u0142aw,<\/strong> <em>Utkane z pami\u0119ci : motyckie wspomnienia i opowie\u015bci,<\/em> Lublin 2002<\/li>\n<li><strong>Marczewski Jaros\u0142aw R.,<\/strong> <em>Archiwum Archidiecezjalne Lubelskie : dzieje, zas\u00f3b, inwentarz,<\/em> Lublin 2015<\/li>\n<li><strong><em>Marii<\/em><\/strong><em>&#8230; : o jako\u015bci \u017cycia<\/em>, redakcja Stanis\u0142awa Steuden, Ma\u0142gorzata \u0141ysiak, Lublin 2018<\/li>\n<li><strong>Marsza\u0142ek Marian, Balcerek Kamil,<\/strong> <em>Chrzan\u00f3w,<\/em> [Chrzan\u00f3w mi\u0119dzy 2014-2018]<\/li>\n<li><strong><em>Marzec <\/em><\/strong><em>&#8217;68 w Lublinie,<\/em> pod redakcj\u0105 Zbigniewa W\u0142odzimierza Fronczka, Stanis\u0142awa Kiero\u0144skiego, Stanis\u0142awa Rogali, Lublin 2018<\/li>\n<li><strong><em>Mocni <\/em><\/strong><em>wiar\u0105 i mi\u0142o\u015bci\u0105 Maryi : wydanie jubileuszowe, <\/em>teksty i redakcja: Roman Wiszniewski i [in.], Bydgoszcz 2018<\/li>\n<li><strong>Momot Lucjan,<\/strong> <em>Obro\u0144cy rodzinnych strzech : wojenne losy mieszka\u0144c\u00f3w Gminy \u0141abunie,<\/em> \u015awidnica 2018<\/li>\n<li><strong>Nazarewicz Barbara,<\/strong> <em>Smaki Ziemi Janowskiej,<\/em> Jan\u00f3w Lubelski [2012]<\/li>\n<li><strong><em>Nie (zapomniane)<\/em><\/strong><em> ludowe \u015bpiewanie!<\/em> : pie\u015bni Janiny Kowalczuk z Grabowicy ; wyb\u00f3r, transkrypcja, opracowanie Marian Chy\u017cy\u0144ski, Lublin 2018<\/li>\n<li><strong>Nowak Bogdan, G\u0105sianowski Adam,<\/strong> <em>Skarb znaleziony na strychu,<\/em> Skierbiesz\u00f3w 2018<\/li>\n<li><strong><em>Nowy dom<\/em><\/strong> <em>: subiektywny przewodnik po dzielnicy W\u0119glin, <\/em>koncepcja, projekt graficzny, sk\u0142ad Ludomir Franczak ; t\u0142umaczenie &#8211; Karolina Bogdanowicz, Lublin [2014]<\/li>\n<li><strong>Okrasa Marzena,<\/strong> <em>Szko\u0142a, opieka, wychowanie na \u0142amach prasy guberni lubelskiej w latach 1864-1914,<\/em> Lublin 2019<\/li>\n<li><strong>Olejnik Marek, <\/strong><em>Antroponimia starostwa grabowieckiego (XVI-XVIII w.),<\/em> Lublin 2019<\/li>\n<li><strong>Pacholik Zbigniew, Kwa\u015bniak Ma\u0142gorzata,<\/strong> <em>Kajakiem po rzece Wieprz : przewodnik kajakowy,<\/em> Krak\u00f3w 2018<\/li>\n<li><strong><em>Pami\u0119ci <\/em><\/strong><em>przodk\u00f3w&#8230; : album historyczny wydany z okazji odzyskania praw miejskich przez Modliborzyce,<\/em> opracowanie Urszula Bzdyra ; wsp\u00f3\u0142praca Katarzyna Py\u0107, Zenobia Wanda Tr\u00f3jczak, Modliborzyce 2014<\/li>\n<li><strong>Pola\u0144ska Marta, Jakimi\u0144ska Gra\u017cyna, Piwowarska Magdalena,<\/strong> <em>Lublin : historia miasta<\/em>, Marta Pola\u0144ska, Gra\u017cyna Jakimi\u0144ska, Magdalena Piwowarska, Lublin 2018<\/li>\n<li><strong>Potocki Wojciech,<\/strong> <em>Stanis\u0142aw Bia\u0142ata z Kotlin : bohaterstwo \u017co\u0142nierzy 1 Pu\u0142ku Piechoty Legion\u00f3w,<\/em> \u0141omianki 2018<\/li>\n<li><strong>Pra\u017cmo Weronika,<\/strong> <em>&#8222;Nasz pu\u0142kownik&#8221; : Emil Drogos\u0142aw Czapli\u0144ski,<\/em> Lublin 2018<\/li>\n<li><strong><em>&#8222;Przysmaki pogranicza&#8221;, <\/em><\/strong>opracowanie: Wydzia\u0142 Rozwoju i Promocji Starostwo Powiatowe ; zdj\u0119cia Piotr Grzeszyk, [Bydgoszcz] 2014<\/li>\n<li><strong>Sawicki Stefan,<\/strong> <em>Andrzej Paluchowski (1933-2017),<\/em> Kielce 2018<\/li>\n<li><strong><em>100 lat<\/em><\/strong><em> nauk prawnych na Katolickim Uniwersytecie Lubelskim Jana Paw\u0142a II<\/em> , redakcja: Ks. Krzysztof Burczak i [in.], Lublin 2018<\/li>\n<li><strong>Szczepaniak Jacek,<\/strong> <em>Koz\u0142\u00f3wka : Pa\u0142ac &#8211; Muzeum : przewodnik,<\/em> Koz\u0142\u00f3wka 1991<\/li>\n<li><strong>Szudejko Romuald,<\/strong> Monografia gminy \u0141omazy, \u0141omazy ; Bia\u0142a Podlaska 2018<\/li>\n<li><strong>Szumi\u0142 Halina Irena,<\/strong> <em>W s\u0142u\u017cbie nauki : ksi\u0105dz J\u00f3zef Pastuszka (1897-1989)<\/em>, Sandomierz 2018<\/li>\n<li><strong>Tymochowicz Mariola, <\/strong><em>Tradycyjne po\u017cywienie ch\u0142opskie na Lubelszczy\u017anie,<\/em> Lublin 2019<\/li>\n<li><strong><em>W 100-lecie<\/em><\/strong><em> Niepodleg\u0142o\u015bci literaci lubelscy<\/em>, zesp\u00f3\u0142 redakcyjny Urszula Gierszon, Stanis\u0142aw Andrzej \u0141ukowski, Waldemar Michalski, Jerzy Boles\u0142aw Sprawka, Lublin 2018<\/li>\n<li><strong><em>W krainie<\/em><\/strong><em> Bolka : legendy i opowiastki z Rudziemia<\/em>, opieka edytorska Waldemar Taurogi\u0144ski ; ilustracje Anna Kruk, Che\u0142m ; Ruda-Huta 2018<\/li>\n<li><strong>Walewander Edward,<\/strong> <em>Lublin w migawce : mi\u0119dzy powstaniem styczniowym a wybuchem I wojny \u015bwiatowej,<\/em> Lublin 2017<\/li>\n<li><strong>Wojtan Andrzej, <\/strong><em>Zapach pola : Dzieje wsi Kowalin : monografia Zespo\u0142u \u015apiewaczo-Obrz\u0119dowego \u201eKowalanki\u201d,<\/em> Kra\u015bnik 2019<\/li>\n<li><strong>W\u00f3jcikowski<\/strong> <strong>Grzegorz, <\/strong><em>Polskie hejna\u0142y na lubelskim rynku,<\/em> Lublin [2018]<\/li>\n<li><strong><em>Zanurzeni <\/em><\/strong><em>w historii,<\/em> redaktor Eugeniusz Wilkowski, Hrubiesz\u00f3w 2019<\/li>\n<\/ol>\n","protected":false},"excerpt":{"rendered":"","protected":false},"author":5,"featured_media":21382,"comment_status":"closed","ping_status":"closed","sticky":false,"template":"","format":"standard","meta":{"_tec_requires_first_save":true,"_crdt_document":"","pgc_sgb_lightbox_settings":"","_EventAllDay":false,"_EventTimezone":"","_EventStartDate":"","_EventEndDate":"","_EventStartDateUTC":"","_EventEndDateUTC":"","_EventShowMap":false,"_EventShowMapLink":false,"_EventURL":"","_EventCost":"","_EventCostDescription":"","_EventCurrencySymbol":"","_EventCurrencyCode":"","_EventCurrencyPosition":"","_EventDateTimeSeparator":"","_EventTimeRangeSeparator":"","_EventOrganizerID":[],"_EventVenueID":[],"_OrganizerEmail":"","_OrganizerPhone":"","_OrganizerWebsite":"","_VenueAddress":"","_VenueCity":"","_VenueCountry":"","_VenueProvince":"","_VenueState":"","_VenueZip":"","_VenuePhone":"","_VenueURL":"","_VenueStateProvince":"","_VenueLat":"","_VenueLng":"","_VenueShowMap":false,"_VenueShowMapLink":false,"_tribe_blocks_recurrence_rules":"","_tribe_blocks_recurrence_description":"","_tribe_blocks_recurrence_exclusions":"","footnotes":""},"categories":[509,119],"tags":[],"class_list":["post-21381","post","type-post","status-publish","format-standard","has-post-thumbnail","hentry","category-nowe-nabytki","category-nowoci-w-dziale-bibliografii-lubelszczyzny"],"publishpress_future_action":{"enabled":false,"date":"2026-05-04 01:50:08","action":"change-status","newStatus":"draft","terms":[],"taxonomy":"category","extraData":[]},"publishpress_future_workflow_manual_trigger":{"enabledWorkflows":[]},"_links":{"self":[{"href":"https:\/\/wbp.lublin.pl\/index.php\/wp-json\/wp\/v2\/posts\/21381","targetHints":{"allow":["GET"]}}],"collection":[{"href":"https:\/\/wbp.lublin.pl\/index.php\/wp-json\/wp\/v2\/posts"}],"about":[{"href":"https:\/\/wbp.lublin.pl\/index.php\/wp-json\/wp\/v2\/types\/post"}],"author":[{"embeddable":true,"href":"https:\/\/wbp.lublin.pl\/index.php\/wp-json\/wp\/v2\/users\/5"}],"replies":[{"embeddable":true,"href":"https:\/\/wbp.lublin.pl\/index.php\/wp-json\/wp\/v2\/comments?post=21381"}],"version-history":[{"count":1,"href":"https:\/\/wbp.lublin.pl\/index.php\/wp-json\/wp\/v2\/posts\/21381\/revisions"}],"predecessor-version":[{"id":21383,"href":"https:\/\/wbp.lublin.pl\/index.php\/wp-json\/wp\/v2\/posts\/21381\/revisions\/21383"}],"wp:featuredmedia":[{"embeddable":true,"href":"https:\/\/wbp.lublin.pl\/index.php\/wp-json\/wp\/v2\/media\/21382"}],"wp:attachment":[{"href":"https:\/\/wbp.lublin.pl\/index.php\/wp-json\/wp\/v2\/media?parent=21381"}],"wp:term":[{"taxonomy":"category","embeddable":true,"href":"https:\/\/wbp.lublin.pl\/index.php\/wp-json\/wp\/v2\/categories?post=21381"},{"taxonomy":"post_tag","embeddable":true,"href":"https:\/\/wbp.lublin.pl\/index.php\/wp-json\/wp\/v2\/tags?post=21381"}],"curies":[{"name":"wp","href":"https:\/\/api.w.org\/{rel}","templated":true}]}}