{"id":21384,"date":"2019-06-28T10:15:02","date_gmt":"2019-06-28T08:15:02","guid":{"rendered":"https:\/\/wbp.lublin.pl\/?p=21384"},"modified":"2019-07-18T07:55:51","modified_gmt":"2019-07-18T05:55:51","slug":"kondolencje","status":"publish","type":"post","link":"https:\/\/wbp.lublin.pl\/index.php\/2019\/06\/28\/kondolencje\/","title":{"rendered":"Kondolencje"},"content":{"rendered":"<h3 style=\"text-align: center;\"><\/h3>\n<p><!--more--><\/p>\n<h3 style=\"text-align: center;\"><strong><em>El\u017cbiecie Stefa\u0144czyk<\/em><\/strong><\/h3>\n<p style=\"text-align: center;\"><strong>wieloletniej Przewodnicz\u0105cej Zarz\u0105du G\u0142\u00f3wnego<br \/>\nStowarzyszenia Bibliotekarzy Polskich w Warszawie<\/strong><\/p>\n<p style=\"text-align: center;\"><strong>Cz\u0142onkini Rady Naukowo-Programowej<br \/>\nWojew\u00f3dzkiej Biblioteki Publicznej im. Hieronima \u0141opaci\u0144skiego w Lublinie<\/strong><\/p>\n<p style=\"text-align: center;\"><strong>wyrazy szczerego \u017calu i wsp\u00f3\u0142czucia\u00a0<\/strong><strong><br \/>\nz powodu \u015bmierci<\/strong><\/p>\n<h3 style=\"text-align: center;\"><strong><em>M\u0119\u017ca<\/em><\/strong><\/h3>\n<p style=\"text-align: center;\"><strong>sk\u0142adaj\u0105<\/strong><\/p>\n<p style=\"text-align: center;\"><strong><em>Dyrekcja i pracownicy<br \/>\nWojew\u00f3dzkiej Biblioteki Publicznej im. Hieronima \u0141opaci\u0144skiego<br \/>\nw Lublinie<\/em><\/strong><\/p>\n","protected":false},"excerpt":{"rendered":"","protected":false},"author":18,"featured_media":0,"comment_status":"closed","ping_status":"closed","sticky":false,"template":"","format":"standard","meta":{"_tec_requires_first_save":true,"_crdt_document":"","pgc_sgb_lightbox_settings":"","_EventAllDay":false,"_EventTimezone":"","_EventStartDate":"","_EventEndDate":"","_EventStartDateUTC":"","_EventEndDateUTC":"","_EventShowMap":false,"_EventShowMapLink":false,"_EventURL":"","_EventCost":"","_EventCostDescription":"","_EventCurrencySymbol":"","_EventCurrencyCode":"","_EventCurrencyPosition":"","_EventDateTimeSeparator":"","_EventTimeRangeSeparator":"","_EventOrganizerID":[],"_EventVenueID":[],"_OrganizerEmail":"","_OrganizerPhone":"","_OrganizerWebsite":"","_VenueAddress":"","_VenueCity":"","_VenueCountry":"","_VenueProvince":"","_VenueState":"","_VenueZip":"","_VenuePhone":"","_VenueURL":"","_VenueStateProvince":"","_VenueLat":"","_VenueLng":"","_VenueShowMap":false,"_VenueShowMapLink":false,"_tribe_blocks_recurrence_rules":"","_tribe_blocks_recurrence_description":"","_tribe_blocks_recurrence_exclusions":"","footnotes":""},"categories":[537],"tags":[],"class_list":["post-21384","post","type-post","status-publish","format-standard","hentry","category-archiwum-wydarzen"],"publishpress_future_action":{"enabled":false,"date":"2026-05-06 15:53:55","action":"change-status","newStatus":"draft","terms":[],"taxonomy":"category","extraData":[]},"publishpress_future_workflow_manual_trigger":{"enabledWorkflows":[]},"_links":{"self":[{"href":"https:\/\/wbp.lublin.pl\/index.php\/wp-json\/wp\/v2\/posts\/21384","targetHints":{"allow":["GET"]}}],"collection":[{"href":"https:\/\/wbp.lublin.pl\/index.php\/wp-json\/wp\/v2\/posts"}],"about":[{"href":"https:\/\/wbp.lublin.pl\/index.php\/wp-json\/wp\/v2\/types\/post"}],"author":[{"embeddable":true,"href":"https:\/\/wbp.lublin.pl\/index.php\/wp-json\/wp\/v2\/users\/18"}],"replies":[{"embeddable":true,"href":"https:\/\/wbp.lublin.pl\/index.php\/wp-json\/wp\/v2\/comments?post=21384"}],"version-history":[{"count":3,"href":"https:\/\/wbp.lublin.pl\/index.php\/wp-json\/wp\/v2\/posts\/21384\/revisions"}],"predecessor-version":[{"id":21387,"href":"https:\/\/wbp.lublin.pl\/index.php\/wp-json\/wp\/v2\/posts\/21384\/revisions\/21387"}],"wp:attachment":[{"href":"https:\/\/wbp.lublin.pl\/index.php\/wp-json\/wp\/v2\/media?parent=21384"}],"wp:term":[{"taxonomy":"category","embeddable":true,"href":"https:\/\/wbp.lublin.pl\/index.php\/wp-json\/wp\/v2\/categories?post=21384"},{"taxonomy":"post_tag","embeddable":true,"href":"https:\/\/wbp.lublin.pl\/index.php\/wp-json\/wp\/v2\/tags?post=21384"}],"curies":[{"name":"wp","href":"https:\/\/api.w.org\/{rel}","templated":true}]}}