{"id":21485,"date":"2019-07-03T14:43:04","date_gmt":"2019-07-03T12:43:04","guid":{"rendered":"https:\/\/wbp.lublin.pl\/?p=21485"},"modified":"2019-08-12T10:54:20","modified_gmt":"2019-08-12T08:54:20","slug":"nabytki-do-ksiegozbioru-naukowego-czerwiec-2019","status":"publish","type":"post","link":"https:\/\/wbp.lublin.pl\/index.php\/2019\/07\/03\/nabytki-do-ksiegozbioru-naukowego-czerwiec-2019\/","title":{"rendered":"Nabytki do Ksi\u0119gozbioru Naukowego (czerwiec 2019)"},"content":{"rendered":"<p><!--more--><\/p>\n<ol>\n<li><strong>Adamowicz P.<\/strong> Gda\u0144sk jako wsp\u00f3lnota, Gda\u0144sk 2018<\/li>\n<li><strong>Auden W.H.<\/strong>: Szekspirolog i libercista, Krak\u00f3w 2019<\/li>\n<li><strong>Bringhurst R.<\/strong> Elementarz stylu w typografii, Krak\u00f3w 2018<\/li>\n<li><strong>Ceran T. S.<\/strong> Paterek 1939 : zbrodnia i pami\u0119\u0107 , Gda\u0144sk 2019<\/li>\n<li><strong>Cha\u0142as K. <\/strong>Dydaktyka akademicka w uniwersytecie katolickim, Lublin 2019<\/li>\n<li><strong>Chwaja N.<\/strong> Triest przepisany : miasto w prozie Claudia Magrisa, Krak\u00f3w 2018<\/li>\n<li><strong>Dolaty T. <\/strong>Regulacje prawne dotycz\u0105ce ma\u0142\u017ce\u0144stwa w rozwoju historycznym, Wroc\u0142aw 2018<\/li>\n<li><strong>Drozd K.<\/strong> Bezpiecze\u0144stwo imprez masowych: leksykon, Lublin 2018<\/li>\n<li><strong>Gmitruk J.<\/strong> (red.) Powstanie i dzia\u0142alno\u015b\u0107 Polskiej Komisji Likwidacyjnej: 28 X 1918 r. w Galicji- pierwszego polskiego rz\u0105du dzielnicowego. Warszawa 2018<\/li>\n<li><strong>Grzy\u015b H.<\/strong> Aleksander Ertel : cz\u0142owiek &#8211; my\u015bl &#8211; dzie\u0142o : (w sto dziesi\u0105t\u0105 rocznic\u0119 \u015bmierci), Rzesz\u00f3w 2018<\/li>\n<li><strong>Lubelski T.<\/strong> (red.) Kino ko\u0144ca wieku, Krak\u00f3w 2019<\/li>\n<li><strong>\u0141uczak D.<\/strong> Foto- oko: wizja fotograficzna wobec okularocentryzmu w sztuce I po\u0142owy XX wieku, Krak\u00f3w, 2018<\/li>\n<li><strong>Miyahara J.<\/strong> Inwencja i innowacja: jak powsta\u0142o bia\u0142e o\u015bwietlenie?, Krak\u00f3w 2019<\/li>\n<li><strong>Niewiadomski A. (<\/strong>) Jestem bardzo niefortunnym wyborem : studia i szkice o tw\u00f3rczo\u015bci Zygmunta Haupta, Lublin 2018<\/li>\n<li><strong>Nurek M. <\/strong>Gorycz zwyci\u0119stwa : los Polskich Si\u0142 Zbrojnych na Zachodzie po II wojnie \u015bwiatowej 1945-1949, Gda\u0144sk 2018<\/li>\n<li><strong>Olaszek J. <\/strong>Podziemne dziennikarstwo : funkcjonowanie g\u0142\u00f3wnych pism informacyjnych podziemnej &#8222;Solidarno\u015bci&#8221; w Warszawie w latach 1981-1989, Warszawa 2018<\/li>\n<li><strong>Pi\u0142sudski J.<\/strong> Nieznane rozmowy J\u00f3zefa Pi\u0142sudskiego, Krak\u00f3w 2018<\/li>\n<li><strong>Pokrywka R.<\/strong> Wsp\u00f3\u0142czesna powie\u015b\u0107 niemieckoj\u0119zyczna, Krak\u00f3w 2018<\/li>\n<li><strong>Saba\u0142a- Zieli\u0144ska B. <\/strong>TOPR, Warszawa 2018<\/li>\n<li><strong>Sadowski W. <\/strong>Europejski wiersz litanijny : w innej czasoprzestrzeni, Warszawa 2018<\/li>\n<li><strong>Stefaniak R.<\/strong> Sportowcy w kolumnie marszowej : organizacja socjalistycznej kultury fizycznej w Szczecinie w latach 1945-1961, Szczecin 2018<\/li>\n<li><strong>Synaksarion:<\/strong> \u017cywoty \u015bwi\u0119tych Cerkwi prawos\u0142awnej spisane na G\u00f3rze Atos, Hajn\u00f3wka 2018<\/li>\n<li><strong>\u015awita\u0142a- Trybek D.<\/strong> &#8222;Dobry \u017cur, kiej w nim szczur&#8221; : dziedzictwo kulinarne \u015al\u0105ska w tekstach kultury, Opole 2018<\/li>\n<li><strong>Treter M. H. K.<\/strong> Wyb\u00f3r pism estetycznych i krytycznych, Krak\u00f3w 2019<\/li>\n<li><strong>Wandel A.<\/strong> Przemiany wsp\u00f3\u0142czesnej ksi\u0105\u017cki popularnonaukowej dla dzieci i m\u0142odzie\u017cy na przyk\u0142adzie francuskiej oferty wydawniczej, Krak\u00f3w 2019<\/li>\n<li><strong>Wasilewska D.<\/strong> Mieczys\u0142aw Treter : estetyk, historyk sztuki oraz &#8222;szara eminencja&#8221; mi\u0119dzywojennego \u017cycia artystycznego w Polsce, Krak\u00f3w 2019<\/li>\n<li><strong>W\u0119glowski J. <\/strong>Roztr\u00f3jenie ja\u017ani czyli Bardzo serdecznie dzi\u0119kuj\u0119 Pa\u0144stwu!, Wroc\u0142aw 2018<\/li>\n<li><strong>Wieczorkiewicz A.<\/strong> Piotru\u015b Pan w Ogrodach Kensingto\u0144skich Jamesa Matthew Barriego : kontekst, interpretacja, przek\u0142ad, Lublin 2018<\/li>\n<li><strong>Zaczek I.<\/strong>(red.) Chronologia sztuki : o\u015b czasu kultury zachodniej od czas\u00f3w prehistorycznych po wsp\u00f3\u0142czesne, Warszawa 2019<\/li>\n<li><strong>Za\u0142uski P. <\/strong>U siebie&#8230; : moja wolna Europa, Wroc\u0142aw 2018<\/li>\n<\/ol>\n","protected":false},"excerpt":{"rendered":"","protected":false},"author":11,"featured_media":21486,"comment_status":"closed","ping_status":"closed","sticky":false,"template":"","format":"standard","meta":{"_tec_requires_first_save":true,"_crdt_document":"","pgc_sgb_lightbox_settings":"","_EventAllDay":false,"_EventTimezone":"","_EventStartDate":"","_EventEndDate":"","_EventStartDateUTC":"","_EventEndDateUTC":"","_EventShowMap":false,"_EventShowMapLink":false,"_EventURL":"","_EventCost":"","_EventCostDescription":"","_EventCurrencySymbol":"","_EventCurrencyCode":"","_EventCurrencyPosition":"","_EventDateTimeSeparator":"","_EventTimeRangeSeparator":"","_EventOrganizerID":[],"_EventVenueID":[],"_OrganizerEmail":"","_OrganizerPhone":"","_OrganizerWebsite":"","_VenueAddress":"","_VenueCity":"","_VenueCountry":"","_VenueProvince":"","_VenueState":"","_VenueZip":"","_VenuePhone":"","_VenueURL":"","_VenueStateProvince":"","_VenueLat":"","_VenueLng":"","_VenueShowMap":false,"_VenueShowMapLink":false,"_tribe_blocks_recurrence_rules":"","_tribe_blocks_recurrence_description":"","_tribe_blocks_recurrence_exclusions":"","footnotes":""},"categories":[509,57],"tags":[],"class_list":["post-21485","post","type-post","status-publish","format-standard","has-post-thumbnail","hentry","category-nowe-nabytki","category-nowe-nabytki-do-ksigozbioru-naukowego"],"publishpress_future_action":{"enabled":false,"date":"2026-05-06 10:12:48","action":"change-status","newStatus":"draft","terms":[],"taxonomy":"category","extraData":[]},"publishpress_future_workflow_manual_trigger":{"enabledWorkflows":[]},"_links":{"self":[{"href":"https:\/\/wbp.lublin.pl\/index.php\/wp-json\/wp\/v2\/posts\/21485","targetHints":{"allow":["GET"]}}],"collection":[{"href":"https:\/\/wbp.lublin.pl\/index.php\/wp-json\/wp\/v2\/posts"}],"about":[{"href":"https:\/\/wbp.lublin.pl\/index.php\/wp-json\/wp\/v2\/types\/post"}],"author":[{"embeddable":true,"href":"https:\/\/wbp.lublin.pl\/index.php\/wp-json\/wp\/v2\/users\/11"}],"replies":[{"embeddable":true,"href":"https:\/\/wbp.lublin.pl\/index.php\/wp-json\/wp\/v2\/comments?post=21485"}],"version-history":[{"count":1,"href":"https:\/\/wbp.lublin.pl\/index.php\/wp-json\/wp\/v2\/posts\/21485\/revisions"}],"predecessor-version":[{"id":21487,"href":"https:\/\/wbp.lublin.pl\/index.php\/wp-json\/wp\/v2\/posts\/21485\/revisions\/21487"}],"wp:featuredmedia":[{"embeddable":true,"href":"https:\/\/wbp.lublin.pl\/index.php\/wp-json\/wp\/v2\/media\/21486"}],"wp:attachment":[{"href":"https:\/\/wbp.lublin.pl\/index.php\/wp-json\/wp\/v2\/media?parent=21485"}],"wp:term":[{"taxonomy":"category","embeddable":true,"href":"https:\/\/wbp.lublin.pl\/index.php\/wp-json\/wp\/v2\/categories?post=21485"},{"taxonomy":"post_tag","embeddable":true,"href":"https:\/\/wbp.lublin.pl\/index.php\/wp-json\/wp\/v2\/tags?post=21485"}],"curies":[{"name":"wp","href":"https:\/\/api.w.org\/{rel}","templated":true}]}}