{"id":21766,"date":"2019-08-01T11:10:25","date_gmt":"2019-08-01T09:10:25","guid":{"rendered":"https:\/\/wbp.lublin.pl\/?p=21766"},"modified":"2019-08-01T11:10:25","modified_gmt":"2019-08-01T09:10:25","slug":"goscie-goscie-w-wbp-2","status":"publish","type":"post","link":"https:\/\/wbp.lublin.pl\/index.php\/2019\/08\/01\/goscie-goscie-w-wbp-2\/","title":{"rendered":"Go\u015bcie, go\u015bcie\u2026 w WBP"},"content":{"rendered":"<p><!--more--><\/p>\n<p>29 lipca 2019 r. Wojew\u00f3dzk\u0105 Bibliotek\u0119 Publiczn\u0105 im. H. \u0141opaci\u0144skiego odwiedzili uczestnicy <strong>Letniego Kursu J\u0119zyka i Kultury Polskiej dla Cudzoziemc\u00f3w<\/strong> zorganizowanego przez <strong>Centrum J\u0119zyka i Kultury Polskiej dla\u00a0<\/strong><em><strong>Polonii<\/strong><\/em><strong>\u00a0i Cudzoziemc\u00f3w\u00a0<\/strong><em><strong>UMCS. <\/strong><\/em><em>Opiekunem grupy by\u0142a Dyrektor Centrum &#8211; <\/em>dr hab. <strong>Anna Dunin-Dudkowska<\/strong>. Studenci przybyli do Lublina m.in. ze Stan\u00f3w Zjednoczonych, S\u0142owacji, Czech, Rosji, Ukrainy.<\/p>\n<div id='gallery-1' class='gallery galleryid-21766 gallery-columns-3 gallery-size-thumbnail'><figure class='gallery-item'>\n\t\t\t<div class='gallery-icon landscape'>\n\t\t\t\t<a href='https:\/\/wbp.lublin.pl\/index.php\/2019\/08\/01\/goscie-goscie-w-wbp-2\/1-101\/'><img loading=\"lazy\" decoding=\"async\" width=\"400\" height=\"267\" src=\"https:\/\/wbp.lublin.pl\/wp-content\/uploads\/2019\/08\/1-400x267.webp\" class=\"attachment-thumbnail size-thumbnail not-transparent\" alt=\"\" aria-describedby=\"gallery-1-21767\" srcset=\"https:\/\/wbp.lublin.pl\/wp-content\/uploads\/2019\/08\/1-400x267.webp 400w, https:\/\/wbp.lublin.pl\/wp-content\/uploads\/2019\/08\/1-600x400.webp 600w, https:\/\/wbp.lublin.pl\/wp-content\/uploads\/2019\/08\/1-768x512.webp 768w, https:\/\/wbp.lublin.pl\/wp-content\/uploads\/2019\/08\/1-1536x1024.webp 1536w, https:\/\/wbp.lublin.pl\/wp-content\/uploads\/2019\/08\/1-947x631.webp 947w, https:\/\/wbp.lublin.pl\/wp-content\/uploads\/2019\/08\/1-624x416.webp 624w, https:\/\/wbp.lublin.pl\/wp-content\/uploads\/2019\/08\/1-84x56.webp 84w, https:\/\/wbp.lublin.pl\/wp-content\/uploads\/2019\/08\/1.webp 1620w\" sizes=\"auto, (max-width: 400px) 100vw, 400px\" data-has-transparency=\"false\" data-dominant-color=\"6b5546\" style=\"--dominant-color: #6b5546;\" \/><\/a>\n\t\t\t<\/div>\n\t\t\t\t<figcaption class='wp-caption-text gallery-caption' id='gallery-1-21767'>\n\t\t\t\tGo\u015bcie spotkania obejrzeli film przygotowany z okazji jubileuszu 110.lecia Wojew\u00f3dzkiej Biblioteki Publicznej im. H. \u0141opaci\u0144skiego w Lublinie\n\t\t\t\t<\/figcaption><\/figure><figure class='gallery-item'>\n\t\t\t<div class='gallery-icon landscape'>\n\t\t\t\t<a href='https:\/\/wbp.lublin.pl\/index.php\/2019\/08\/01\/goscie-goscie-w-wbp-2\/2-94\/'><img loading=\"lazy\" decoding=\"async\" width=\"400\" height=\"267\" src=\"https:\/\/wbp.lublin.pl\/wp-content\/uploads\/2019\/08\/2-400x267.webp\" class=\"attachment-thumbnail size-thumbnail not-transparent\" alt=\"\" aria-describedby=\"gallery-1-21768\" srcset=\"https:\/\/wbp.lublin.pl\/wp-content\/uploads\/2019\/08\/2-400x267.webp 400w, https:\/\/wbp.lublin.pl\/wp-content\/uploads\/2019\/08\/2-600x400.webp 600w, https:\/\/wbp.lublin.pl\/wp-content\/uploads\/2019\/08\/2-768x512.webp 768w, https:\/\/wbp.lublin.pl\/wp-content\/uploads\/2019\/08\/2-1536x1024.webp 1536w, https:\/\/wbp.lublin.pl\/wp-content\/uploads\/2019\/08\/2-947x631.webp 947w, https:\/\/wbp.lublin.pl\/wp-content\/uploads\/2019\/08\/2-624x416.webp 624w, https:\/\/wbp.lublin.pl\/wp-content\/uploads\/2019\/08\/2-84x56.webp 84w, https:\/\/wbp.lublin.pl\/wp-content\/uploads\/2019\/08\/2.webp 1620w\" sizes=\"auto, (max-width: 400px) 100vw, 400px\" data-has-transparency=\"false\" data-dominant-color=\"787468\" style=\"--dominant-color: #787468;\" \/><\/a>\n\t\t\t<\/div>\n\t\t\t\t<figcaption class='wp-caption-text gallery-caption' id='gallery-1-21768'>\n\t\t\t\tStudent\u00f3w przywita\u0142 Tadeusz S\u0142awecki \u2013 Dyrektor Wojew\u00f3dzkiej Biblioteki Publicznej im. H. \u0141opaci\u0144skiego w Lublinie \n\t\t\t\t<\/figcaption><\/figure><figure class='gallery-item'>\n\t\t\t<div class='gallery-icon landscape'>\n\t\t\t\t<a href='https:\/\/wbp.lublin.pl\/index.php\/2019\/08\/01\/goscie-goscie-w-wbp-2\/3-88\/'><img loading=\"lazy\" decoding=\"async\" width=\"400\" height=\"267\" src=\"https:\/\/wbp.lublin.pl\/wp-content\/uploads\/2019\/08\/3-400x267.webp\" class=\"attachment-thumbnail size-thumbnail not-transparent\" alt=\"\" srcset=\"https:\/\/wbp.lublin.pl\/wp-content\/uploads\/2019\/08\/3-400x267.webp 400w, https:\/\/wbp.lublin.pl\/wp-content\/uploads\/2019\/08\/3-600x400.webp 600w, https:\/\/wbp.lublin.pl\/wp-content\/uploads\/2019\/08\/3-768x512.webp 768w, https:\/\/wbp.lublin.pl\/wp-content\/uploads\/2019\/08\/3-1536x1024.webp 1536w, https:\/\/wbp.lublin.pl\/wp-content\/uploads\/2019\/08\/3-947x631.webp 947w, https:\/\/wbp.lublin.pl\/wp-content\/uploads\/2019\/08\/3-624x416.webp 624w, https:\/\/wbp.lublin.pl\/wp-content\/uploads\/2019\/08\/3-84x56.webp 84w, https:\/\/wbp.lublin.pl\/wp-content\/uploads\/2019\/08\/3.webp 1620w\" sizes=\"auto, (max-width: 400px) 100vw, 400px\" data-has-transparency=\"false\" data-dominant-color=\"919089\" style=\"--dominant-color: #919089;\" \/><\/a>\n\t\t\t<\/div><\/figure><figure class='gallery-item'>\n\t\t\t<div class='gallery-icon landscape'>\n\t\t\t\t<a href='https:\/\/wbp.lublin.pl\/index.php\/2019\/08\/01\/goscie-goscie-w-wbp-2\/4-86\/'><img loading=\"lazy\" decoding=\"async\" width=\"400\" height=\"267\" src=\"https:\/\/wbp.lublin.pl\/wp-content\/uploads\/2019\/08\/4-400x267.webp\" class=\"attachment-thumbnail size-thumbnail not-transparent\" alt=\"\" srcset=\"https:\/\/wbp.lublin.pl\/wp-content\/uploads\/2019\/08\/4-400x267.webp 400w, https:\/\/wbp.lublin.pl\/wp-content\/uploads\/2019\/08\/4-600x400.webp 600w, https:\/\/wbp.lublin.pl\/wp-content\/uploads\/2019\/08\/4-768x512.webp 768w, https:\/\/wbp.lublin.pl\/wp-content\/uploads\/2019\/08\/4-1536x1024.webp 1536w, https:\/\/wbp.lublin.pl\/wp-content\/uploads\/2019\/08\/4-947x631.webp 947w, https:\/\/wbp.lublin.pl\/wp-content\/uploads\/2019\/08\/4-624x416.webp 624w, https:\/\/wbp.lublin.pl\/wp-content\/uploads\/2019\/08\/4-84x56.webp 84w, https:\/\/wbp.lublin.pl\/wp-content\/uploads\/2019\/08\/4.webp 1620w\" sizes=\"auto, (max-width: 400px) 100vw, 400px\" data-has-transparency=\"false\" data-dominant-color=\"7b7a69\" style=\"--dominant-color: #7b7a69;\" \/><\/a>\n\t\t\t<\/div><\/figure><figure class='gallery-item'>\n\t\t\t<div class='gallery-icon landscape'>\n\t\t\t\t<a href='https:\/\/wbp.lublin.pl\/index.php\/2019\/08\/01\/goscie-goscie-w-wbp-2\/5-94\/'><img loading=\"lazy\" decoding=\"async\" width=\"400\" height=\"267\" src=\"https:\/\/wbp.lublin.pl\/wp-content\/uploads\/2019\/08\/5-400x267.webp\" class=\"attachment-thumbnail size-thumbnail not-transparent\" alt=\"\" srcset=\"https:\/\/wbp.lublin.pl\/wp-content\/uploads\/2019\/08\/5-400x267.webp 400w, https:\/\/wbp.lublin.pl\/wp-content\/uploads\/2019\/08\/5-600x400.webp 600w, https:\/\/wbp.lublin.pl\/wp-content\/uploads\/2019\/08\/5-768x512.webp 768w, https:\/\/wbp.lublin.pl\/wp-content\/uploads\/2019\/08\/5-1536x1024.webp 1536w, https:\/\/wbp.lublin.pl\/wp-content\/uploads\/2019\/08\/5-947x631.webp 947w, https:\/\/wbp.lublin.pl\/wp-content\/uploads\/2019\/08\/5-624x416.webp 624w, https:\/\/wbp.lublin.pl\/wp-content\/uploads\/2019\/08\/5-84x56.webp 84w, https:\/\/wbp.lublin.pl\/wp-content\/uploads\/2019\/08\/5.webp 1575w\" sizes=\"auto, (max-width: 400px) 100vw, 400px\" data-has-transparency=\"false\" data-dominant-color=\"8e8d7e\" style=\"--dominant-color: #8e8d7e;\" \/><\/a>\n\t\t\t<\/div><\/figure><figure class='gallery-item'>\n\t\t\t<div class='gallery-icon landscape'>\n\t\t\t\t<a href='https:\/\/wbp.lublin.pl\/index.php\/2019\/08\/01\/goscie-goscie-w-wbp-2\/6-89\/'><img loading=\"lazy\" decoding=\"async\" width=\"400\" height=\"267\" src=\"https:\/\/wbp.lublin.pl\/wp-content\/uploads\/2019\/08\/6-400x267.webp\" class=\"attachment-thumbnail size-thumbnail not-transparent\" alt=\"\" aria-describedby=\"gallery-1-21772\" srcset=\"https:\/\/wbp.lublin.pl\/wp-content\/uploads\/2019\/08\/6-400x267.webp 400w, https:\/\/wbp.lublin.pl\/wp-content\/uploads\/2019\/08\/6-600x400.webp 600w, https:\/\/wbp.lublin.pl\/wp-content\/uploads\/2019\/08\/6-768x512.webp 768w, https:\/\/wbp.lublin.pl\/wp-content\/uploads\/2019\/08\/6-1536x1024.webp 1536w, https:\/\/wbp.lublin.pl\/wp-content\/uploads\/2019\/08\/6-947x631.webp 947w, https:\/\/wbp.lublin.pl\/wp-content\/uploads\/2019\/08\/6-624x416.webp 624w, https:\/\/wbp.lublin.pl\/wp-content\/uploads\/2019\/08\/6-84x56.webp 84w, https:\/\/wbp.lublin.pl\/wp-content\/uploads\/2019\/08\/6.webp 1620w\" sizes=\"auto, (max-width: 400px) 100vw, 400px\" data-has-transparency=\"false\" data-dominant-color=\"9c9e94\" style=\"--dominant-color: #9c9e94;\" \/><\/a>\n\t\t\t<\/div>\n\t\t\t\t<figcaption class='wp-caption-text gallery-caption' id='gallery-1-21772'>\n\t\t\t\tHistori\u0119 Ksi\u0105\u017cnicy przybli\u017cy\u0142a Ewa Hadrian (Dzia\u0142 Informacji i Promocji WBP)\n\t\t\t\t<\/figcaption><\/figure><figure class='gallery-item'>\n\t\t\t<div class='gallery-icon landscape'>\n\t\t\t\t<a href='https:\/\/wbp.lublin.pl\/index.php\/2019\/08\/01\/goscie-goscie-w-wbp-2\/7-91\/'><img loading=\"lazy\" decoding=\"async\" width=\"400\" height=\"267\" src=\"https:\/\/wbp.lublin.pl\/wp-content\/uploads\/2019\/08\/7-400x267.webp\" class=\"attachment-thumbnail size-thumbnail not-transparent\" alt=\"\" aria-describedby=\"gallery-1-21773\" srcset=\"https:\/\/wbp.lublin.pl\/wp-content\/uploads\/2019\/08\/7-400x267.webp 400w, https:\/\/wbp.lublin.pl\/wp-content\/uploads\/2019\/08\/7-600x400.webp 600w, https:\/\/wbp.lublin.pl\/wp-content\/uploads\/2019\/08\/7-768x512.webp 768w, https:\/\/wbp.lublin.pl\/wp-content\/uploads\/2019\/08\/7-1536x1024.webp 1536w, https:\/\/wbp.lublin.pl\/wp-content\/uploads\/2019\/08\/7-947x631.webp 947w, https:\/\/wbp.lublin.pl\/wp-content\/uploads\/2019\/08\/7-624x416.webp 624w, https:\/\/wbp.lublin.pl\/wp-content\/uploads\/2019\/08\/7-84x56.webp 84w, https:\/\/wbp.lublin.pl\/wp-content\/uploads\/2019\/08\/7.webp 1620w\" sizes=\"auto, (max-width: 400px) 100vw, 400px\" data-has-transparency=\"false\" data-dominant-color=\"8d8476\" style=\"--dominant-color: #8d8476;\" \/><\/a>\n\t\t\t<\/div>\n\t\t\t\t<figcaption class='wp-caption-text gallery-caption' id='gallery-1-21773'>\n\t\t\t\tGo\u015bcie zwiedzili wystaw\u0119 \u201eM\u00f3j \u015bwiat. Ogrody i Pejza\u017ce Bazylego Albiczuka ze zbior\u00f3w Muzeum Po\u0142udniowego Podlasia w Bia\u0142ej Podlaskiej\u201d\n\t\t\t\t<\/figcaption><\/figure><figure class='gallery-item'>\n\t\t\t<div class='gallery-icon landscape'>\n\t\t\t\t<a href='https:\/\/wbp.lublin.pl\/index.php\/2019\/08\/01\/goscie-goscie-w-wbp-2\/8-92\/'><img loading=\"lazy\" decoding=\"async\" width=\"400\" height=\"267\" src=\"https:\/\/wbp.lublin.pl\/wp-content\/uploads\/2019\/08\/8-400x267.webp\" class=\"attachment-thumbnail size-thumbnail not-transparent\" alt=\"\" srcset=\"https:\/\/wbp.lublin.pl\/wp-content\/uploads\/2019\/08\/8-400x267.webp 400w, https:\/\/wbp.lublin.pl\/wp-content\/uploads\/2019\/08\/8-600x400.webp 600w, https:\/\/wbp.lublin.pl\/wp-content\/uploads\/2019\/08\/8-768x512.webp 768w, https:\/\/wbp.lublin.pl\/wp-content\/uploads\/2019\/08\/8-1536x1024.webp 1536w, https:\/\/wbp.lublin.pl\/wp-content\/uploads\/2019\/08\/8-947x631.webp 947w, https:\/\/wbp.lublin.pl\/wp-content\/uploads\/2019\/08\/8-624x416.webp 624w, https:\/\/wbp.lublin.pl\/wp-content\/uploads\/2019\/08\/8-84x56.webp 84w, https:\/\/wbp.lublin.pl\/wp-content\/uploads\/2019\/08\/8.webp 1620w\" sizes=\"auto, (max-width: 400px) 100vw, 400px\" data-has-transparency=\"false\" data-dominant-color=\"787064\" style=\"--dominant-color: #787064;\" \/><\/a>\n\t\t\t<\/div><\/figure><figure class='gallery-item'>\n\t\t\t<div class='gallery-icon landscape'>\n\t\t\t\t<a href='https:\/\/wbp.lublin.pl\/index.php\/2019\/08\/01\/goscie-goscie-w-wbp-2\/9-86\/'><img loading=\"lazy\" decoding=\"async\" width=\"400\" height=\"267\" src=\"https:\/\/wbp.lublin.pl\/wp-content\/uploads\/2019\/08\/9-400x267.webp\" class=\"attachment-thumbnail size-thumbnail not-transparent\" alt=\"\" srcset=\"https:\/\/wbp.lublin.pl\/wp-content\/uploads\/2019\/08\/9-400x267.webp 400w, https:\/\/wbp.lublin.pl\/wp-content\/uploads\/2019\/08\/9-600x400.webp 600w, https:\/\/wbp.lublin.pl\/wp-content\/uploads\/2019\/08\/9-768x512.webp 768w, https:\/\/wbp.lublin.pl\/wp-content\/uploads\/2019\/08\/9-1536x1024.webp 1536w, https:\/\/wbp.lublin.pl\/wp-content\/uploads\/2019\/08\/9-947x631.webp 947w, https:\/\/wbp.lublin.pl\/wp-content\/uploads\/2019\/08\/9-624x416.webp 624w, https:\/\/wbp.lublin.pl\/wp-content\/uploads\/2019\/08\/9-84x56.webp 84w, https:\/\/wbp.lublin.pl\/wp-content\/uploads\/2019\/08\/9.webp 1620w\" sizes=\"auto, (max-width: 400px) 100vw, 400px\" data-has-transparency=\"false\" data-dominant-color=\"8a8379\" style=\"--dominant-color: #8a8379;\" \/><\/a>\n\t\t\t<\/div><\/figure><figure class='gallery-item'>\n\t\t\t<div class='gallery-icon landscape'>\n\t\t\t\t<a href='https:\/\/wbp.lublin.pl\/index.php\/2019\/08\/01\/goscie-goscie-w-wbp-2\/10-89\/'><img loading=\"lazy\" decoding=\"async\" width=\"400\" height=\"267\" src=\"https:\/\/wbp.lublin.pl\/wp-content\/uploads\/2019\/08\/10-400x267.webp\" class=\"attachment-thumbnail size-thumbnail not-transparent\" alt=\"\" srcset=\"https:\/\/wbp.lublin.pl\/wp-content\/uploads\/2019\/08\/10-400x267.webp 400w, https:\/\/wbp.lublin.pl\/wp-content\/uploads\/2019\/08\/10-600x400.webp 600w, https:\/\/wbp.lublin.pl\/wp-content\/uploads\/2019\/08\/10-768x512.webp 768w, https:\/\/wbp.lublin.pl\/wp-content\/uploads\/2019\/08\/10-1536x1024.webp 1536w, https:\/\/wbp.lublin.pl\/wp-content\/uploads\/2019\/08\/10-947x631.webp 947w, https:\/\/wbp.lublin.pl\/wp-content\/uploads\/2019\/08\/10-624x416.webp 624w, https:\/\/wbp.lublin.pl\/wp-content\/uploads\/2019\/08\/10-84x56.webp 84w, https:\/\/wbp.lublin.pl\/wp-content\/uploads\/2019\/08\/10.webp 1620w\" sizes=\"auto, (max-width: 400px) 100vw, 400px\" data-has-transparency=\"false\" data-dominant-color=\"938877\" style=\"--dominant-color: #938877;\" \/><\/a>\n\t\t\t<\/div><\/figure><figure class='gallery-item'>\n\t\t\t<div class='gallery-icon landscape'>\n\t\t\t\t<a href='https:\/\/wbp.lublin.pl\/index.php\/2019\/08\/01\/goscie-goscie-w-wbp-2\/11-86\/'><img loading=\"lazy\" decoding=\"async\" width=\"400\" height=\"267\" src=\"https:\/\/wbp.lublin.pl\/wp-content\/uploads\/2019\/08\/11-400x267.webp\" class=\"attachment-thumbnail size-thumbnail not-transparent\" alt=\"\" srcset=\"https:\/\/wbp.lublin.pl\/wp-content\/uploads\/2019\/08\/11-400x267.webp 400w, https:\/\/wbp.lublin.pl\/wp-content\/uploads\/2019\/08\/11-600x400.webp 600w, https:\/\/wbp.lublin.pl\/wp-content\/uploads\/2019\/08\/11-768x512.webp 768w, https:\/\/wbp.lublin.pl\/wp-content\/uploads\/2019\/08\/11-1536x1024.webp 1536w, https:\/\/wbp.lublin.pl\/wp-content\/uploads\/2019\/08\/11-947x631.webp 947w, https:\/\/wbp.lublin.pl\/wp-content\/uploads\/2019\/08\/11-624x416.webp 624w, https:\/\/wbp.lublin.pl\/wp-content\/uploads\/2019\/08\/11-84x56.webp 84w, https:\/\/wbp.lublin.pl\/wp-content\/uploads\/2019\/08\/11.webp 1620w\" sizes=\"auto, (max-width: 400px) 100vw, 400px\" data-has-transparency=\"false\" data-dominant-color=\"8b8072\" style=\"--dominant-color: #8b8072;\" \/><\/a>\n\t\t\t<\/div><\/figure><figure class='gallery-item'>\n\t\t\t<div class='gallery-icon landscape'>\n\t\t\t\t<a href='https:\/\/wbp.lublin.pl\/index.php\/2019\/08\/01\/goscie-goscie-w-wbp-2\/12-77\/'><img loading=\"lazy\" decoding=\"async\" width=\"400\" height=\"267\" src=\"https:\/\/wbp.lublin.pl\/wp-content\/uploads\/2019\/08\/12-400x267.webp\" class=\"attachment-thumbnail size-thumbnail not-transparent\" alt=\"\" srcset=\"https:\/\/wbp.lublin.pl\/wp-content\/uploads\/2019\/08\/12-400x267.webp 400w, https:\/\/wbp.lublin.pl\/wp-content\/uploads\/2019\/08\/12-600x400.webp 600w, https:\/\/wbp.lublin.pl\/wp-content\/uploads\/2019\/08\/12-768x512.webp 768w, https:\/\/wbp.lublin.pl\/wp-content\/uploads\/2019\/08\/12-1536x1024.webp 1536w, https:\/\/wbp.lublin.pl\/wp-content\/uploads\/2019\/08\/12-947x631.webp 947w, https:\/\/wbp.lublin.pl\/wp-content\/uploads\/2019\/08\/12-624x416.webp 624w, https:\/\/wbp.lublin.pl\/wp-content\/uploads\/2019\/08\/12-84x56.webp 84w, https:\/\/wbp.lublin.pl\/wp-content\/uploads\/2019\/08\/12.webp 1575w\" sizes=\"auto, (max-width: 400px) 100vw, 400px\" data-has-transparency=\"false\" data-dominant-color=\"787163\" style=\"--dominant-color: #787163;\" \/><\/a>\n\t\t\t<\/div><\/figure><figure class='gallery-item'>\n\t\t\t<div class='gallery-icon landscape'>\n\t\t\t\t<a href='https:\/\/wbp.lublin.pl\/index.php\/2019\/08\/01\/goscie-goscie-w-wbp-2\/13-80\/'><img loading=\"lazy\" decoding=\"async\" width=\"400\" height=\"267\" src=\"https:\/\/wbp.lublin.pl\/wp-content\/uploads\/2019\/08\/13-400x267.webp\" class=\"attachment-thumbnail size-thumbnail not-transparent\" alt=\"\" srcset=\"https:\/\/wbp.lublin.pl\/wp-content\/uploads\/2019\/08\/13-400x267.webp 400w, https:\/\/wbp.lublin.pl\/wp-content\/uploads\/2019\/08\/13-600x400.webp 600w, https:\/\/wbp.lublin.pl\/wp-content\/uploads\/2019\/08\/13-768x512.webp 768w, https:\/\/wbp.lublin.pl\/wp-content\/uploads\/2019\/08\/13-1536x1024.webp 1536w, https:\/\/wbp.lublin.pl\/wp-content\/uploads\/2019\/08\/13-947x631.webp 947w, https:\/\/wbp.lublin.pl\/wp-content\/uploads\/2019\/08\/13-624x416.webp 624w, https:\/\/wbp.lublin.pl\/wp-content\/uploads\/2019\/08\/13-84x56.webp 84w, https:\/\/wbp.lublin.pl\/wp-content\/uploads\/2019\/08\/13.webp 1620w\" sizes=\"auto, (max-width: 400px) 100vw, 400px\" data-has-transparency=\"false\" data-dominant-color=\"8b847b\" style=\"--dominant-color: #8b847b;\" \/><\/a>\n\t\t\t<\/div><\/figure><figure class='gallery-item'>\n\t\t\t<div class='gallery-icon landscape'>\n\t\t\t\t<a href='https:\/\/wbp.lublin.pl\/index.php\/2019\/08\/01\/goscie-goscie-w-wbp-2\/14-84\/'><img loading=\"lazy\" decoding=\"async\" width=\"400\" height=\"267\" src=\"https:\/\/wbp.lublin.pl\/wp-content\/uploads\/2019\/08\/14-400x267.webp\" class=\"attachment-thumbnail size-thumbnail not-transparent\" alt=\"\" srcset=\"https:\/\/wbp.lublin.pl\/wp-content\/uploads\/2019\/08\/14-400x267.webp 400w, https:\/\/wbp.lublin.pl\/wp-content\/uploads\/2019\/08\/14-600x400.webp 600w, https:\/\/wbp.lublin.pl\/wp-content\/uploads\/2019\/08\/14-768x512.webp 768w, https:\/\/wbp.lublin.pl\/wp-content\/uploads\/2019\/08\/14-1536x1024.webp 1536w, https:\/\/wbp.lublin.pl\/wp-content\/uploads\/2019\/08\/14-947x631.webp 947w, https:\/\/wbp.lublin.pl\/wp-content\/uploads\/2019\/08\/14-624x416.webp 624w, https:\/\/wbp.lublin.pl\/wp-content\/uploads\/2019\/08\/14-84x56.webp 84w, https:\/\/wbp.lublin.pl\/wp-content\/uploads\/2019\/08\/14.webp 1620w\" sizes=\"auto, (max-width: 400px) 100vw, 400px\" data-has-transparency=\"false\" data-dominant-color=\"817b6f\" style=\"--dominant-color: #817b6f;\" \/><\/a>\n\t\t\t<\/div><\/figure><figure class='gallery-item'>\n\t\t\t<div class='gallery-icon landscape'>\n\t\t\t\t<a href='https:\/\/wbp.lublin.pl\/index.php\/2019\/08\/01\/goscie-goscie-w-wbp-2\/15-83\/'><img loading=\"lazy\" decoding=\"async\" width=\"400\" height=\"267\" src=\"https:\/\/wbp.lublin.pl\/wp-content\/uploads\/2019\/08\/15-400x267.webp\" class=\"attachment-thumbnail size-thumbnail not-transparent\" alt=\"\" aria-describedby=\"gallery-1-21781\" srcset=\"https:\/\/wbp.lublin.pl\/wp-content\/uploads\/2019\/08\/15-400x267.webp 400w, https:\/\/wbp.lublin.pl\/wp-content\/uploads\/2019\/08\/15-600x400.webp 600w, https:\/\/wbp.lublin.pl\/wp-content\/uploads\/2019\/08\/15-768x512.webp 768w, https:\/\/wbp.lublin.pl\/wp-content\/uploads\/2019\/08\/15-1536x1024.webp 1536w, https:\/\/wbp.lublin.pl\/wp-content\/uploads\/2019\/08\/15-947x631.webp 947w, https:\/\/wbp.lublin.pl\/wp-content\/uploads\/2019\/08\/15-624x416.webp 624w, https:\/\/wbp.lublin.pl\/wp-content\/uploads\/2019\/08\/15-84x56.webp 84w, https:\/\/wbp.lublin.pl\/wp-content\/uploads\/2019\/08\/15.webp 1620w\" sizes=\"auto, (max-width: 400px) 100vw, 400px\" data-has-transparency=\"false\" data-dominant-color=\"6f6861\" style=\"--dominant-color: #6f6861;\" \/><\/a>\n\t\t\t<\/div>\n\t\t\t\t<figcaption class='wp-caption-text gallery-caption' id='gallery-1-21781'>\n\t\t\t\tWycieczka po Bibliotece\n\t\t\t\t<\/figcaption><\/figure><figure class='gallery-item'>\n\t\t\t<div class='gallery-icon landscape'>\n\t\t\t\t<a href='https:\/\/wbp.lublin.pl\/index.php\/2019\/08\/01\/goscie-goscie-w-wbp-2\/16-79\/'><img loading=\"lazy\" decoding=\"async\" width=\"400\" height=\"267\" src=\"https:\/\/wbp.lublin.pl\/wp-content\/uploads\/2019\/08\/16-400x267.webp\" class=\"attachment-thumbnail size-thumbnail not-transparent\" alt=\"\" srcset=\"https:\/\/wbp.lublin.pl\/wp-content\/uploads\/2019\/08\/16-400x267.webp 400w, https:\/\/wbp.lublin.pl\/wp-content\/uploads\/2019\/08\/16-600x400.webp 600w, https:\/\/wbp.lublin.pl\/wp-content\/uploads\/2019\/08\/16-768x512.webp 768w, https:\/\/wbp.lublin.pl\/wp-content\/uploads\/2019\/08\/16-1536x1024.webp 1536w, https:\/\/wbp.lublin.pl\/wp-content\/uploads\/2019\/08\/16-947x631.webp 947w, https:\/\/wbp.lublin.pl\/wp-content\/uploads\/2019\/08\/16-624x416.webp 624w, https:\/\/wbp.lublin.pl\/wp-content\/uploads\/2019\/08\/16-84x56.webp 84w, https:\/\/wbp.lublin.pl\/wp-content\/uploads\/2019\/08\/16.webp 1620w\" sizes=\"auto, (max-width: 400px) 100vw, 400px\" data-has-transparency=\"false\" data-dominant-color=\"564e45\" style=\"--dominant-color: #564e45;\" \/><\/a>\n\t\t\t<\/div><\/figure><figure class='gallery-item'>\n\t\t\t<div class='gallery-icon landscape'>\n\t\t\t\t<a href='https:\/\/wbp.lublin.pl\/index.php\/2019\/08\/01\/goscie-goscie-w-wbp-2\/19-73\/'><img loading=\"lazy\" decoding=\"async\" width=\"400\" height=\"267\" src=\"https:\/\/wbp.lublin.pl\/wp-content\/uploads\/2019\/08\/19-400x267.webp\" class=\"attachment-thumbnail size-thumbnail not-transparent\" alt=\"\" srcset=\"https:\/\/wbp.lublin.pl\/wp-content\/uploads\/2019\/08\/19-400x267.webp 400w, https:\/\/wbp.lublin.pl\/wp-content\/uploads\/2019\/08\/19-600x400.webp 600w, https:\/\/wbp.lublin.pl\/wp-content\/uploads\/2019\/08\/19-768x512.webp 768w, https:\/\/wbp.lublin.pl\/wp-content\/uploads\/2019\/08\/19-1536x1024.webp 1536w, https:\/\/wbp.lublin.pl\/wp-content\/uploads\/2019\/08\/19-947x631.webp 947w, https:\/\/wbp.lublin.pl\/wp-content\/uploads\/2019\/08\/19-624x416.webp 624w, https:\/\/wbp.lublin.pl\/wp-content\/uploads\/2019\/08\/19-84x56.webp 84w, https:\/\/wbp.lublin.pl\/wp-content\/uploads\/2019\/08\/19.webp 1620w\" sizes=\"auto, (max-width: 400px) 100vw, 400px\" data-has-transparency=\"false\" data-dominant-color=\"67594a\" style=\"--dominant-color: #67594a;\" \/><\/a>\n\t\t\t<\/div><\/figure><figure class='gallery-item'>\n\t\t\t<div class='gallery-icon landscape'>\n\t\t\t\t<a href='https:\/\/wbp.lublin.pl\/index.php\/2019\/08\/01\/goscie-goscie-w-wbp-2\/20-71\/'><img loading=\"lazy\" decoding=\"async\" width=\"400\" height=\"267\" src=\"https:\/\/wbp.lublin.pl\/wp-content\/uploads\/2019\/08\/20-400x267.webp\" class=\"attachment-thumbnail size-thumbnail not-transparent\" alt=\"\" srcset=\"https:\/\/wbp.lublin.pl\/wp-content\/uploads\/2019\/08\/20-400x267.webp 400w, https:\/\/wbp.lublin.pl\/wp-content\/uploads\/2019\/08\/20-600x400.webp 600w, https:\/\/wbp.lublin.pl\/wp-content\/uploads\/2019\/08\/20-768x512.webp 768w, https:\/\/wbp.lublin.pl\/wp-content\/uploads\/2019\/08\/20-1536x1024.webp 1536w, https:\/\/wbp.lublin.pl\/wp-content\/uploads\/2019\/08\/20-947x631.webp 947w, https:\/\/wbp.lublin.pl\/wp-content\/uploads\/2019\/08\/20-624x416.webp 624w, https:\/\/wbp.lublin.pl\/wp-content\/uploads\/2019\/08\/20-84x56.webp 84w, https:\/\/wbp.lublin.pl\/wp-content\/uploads\/2019\/08\/20.webp 1620w\" sizes=\"auto, (max-width: 400px) 100vw, 400px\" data-has-transparency=\"false\" data-dominant-color=\"59463a\" style=\"--dominant-color: #59463a;\" \/><\/a>\n\t\t\t<\/div><\/figure><figure class='gallery-item'>\n\t\t\t<div class='gallery-icon landscape'>\n\t\t\t\t<a href='https:\/\/wbp.lublin.pl\/index.php\/2019\/08\/01\/goscie-goscie-w-wbp-2\/21-65\/'><img loading=\"lazy\" decoding=\"async\" width=\"400\" height=\"267\" src=\"https:\/\/wbp.lublin.pl\/wp-content\/uploads\/2019\/08\/21-400x267.webp\" class=\"attachment-thumbnail size-thumbnail not-transparent\" alt=\"\" srcset=\"https:\/\/wbp.lublin.pl\/wp-content\/uploads\/2019\/08\/21-400x267.webp 400w, https:\/\/wbp.lublin.pl\/wp-content\/uploads\/2019\/08\/21-600x400.webp 600w, https:\/\/wbp.lublin.pl\/wp-content\/uploads\/2019\/08\/21-768x512.webp 768w, https:\/\/wbp.lublin.pl\/wp-content\/uploads\/2019\/08\/21-1536x1024.webp 1536w, https:\/\/wbp.lublin.pl\/wp-content\/uploads\/2019\/08\/21-947x631.webp 947w, https:\/\/wbp.lublin.pl\/wp-content\/uploads\/2019\/08\/21-624x416.webp 624w, https:\/\/wbp.lublin.pl\/wp-content\/uploads\/2019\/08\/21-84x56.webp 84w, https:\/\/wbp.lublin.pl\/wp-content\/uploads\/2019\/08\/21.webp 1620w\" sizes=\"auto, (max-width: 400px) 100vw, 400px\" data-has-transparency=\"false\" data-dominant-color=\"918781\" style=\"--dominant-color: #918781;\" \/><\/a>\n\t\t\t<\/div><\/figure><figure class='gallery-item'>\n\t\t\t<div class='gallery-icon landscape'>\n\t\t\t\t<a href='https:\/\/wbp.lublin.pl\/index.php\/2019\/08\/01\/goscie-goscie-w-wbp-2\/22-61\/'><img loading=\"lazy\" decoding=\"async\" width=\"400\" height=\"267\" src=\"https:\/\/wbp.lublin.pl\/wp-content\/uploads\/2019\/08\/22-400x267.webp\" class=\"attachment-thumbnail size-thumbnail not-transparent\" alt=\"\" srcset=\"https:\/\/wbp.lublin.pl\/wp-content\/uploads\/2019\/08\/22-400x267.webp 400w, https:\/\/wbp.lublin.pl\/wp-content\/uploads\/2019\/08\/22-600x400.webp 600w, https:\/\/wbp.lublin.pl\/wp-content\/uploads\/2019\/08\/22-768x512.webp 768w, https:\/\/wbp.lublin.pl\/wp-content\/uploads\/2019\/08\/22-1536x1024.webp 1536w, https:\/\/wbp.lublin.pl\/wp-content\/uploads\/2019\/08\/22-947x631.webp 947w, https:\/\/wbp.lublin.pl\/wp-content\/uploads\/2019\/08\/22-624x416.webp 624w, https:\/\/wbp.lublin.pl\/wp-content\/uploads\/2019\/08\/22-84x56.webp 84w, https:\/\/wbp.lublin.pl\/wp-content\/uploads\/2019\/08\/22.webp 1620w\" sizes=\"auto, (max-width: 400px) 100vw, 400px\" data-has-transparency=\"false\" data-dominant-color=\"796b5e\" style=\"--dominant-color: #796b5e;\" \/><\/a>\n\t\t\t<\/div><\/figure><figure class='gallery-item'>\n\t\t\t<div class='gallery-icon landscape'>\n\t\t\t\t<a href='https:\/\/wbp.lublin.pl\/index.php\/2019\/08\/01\/goscie-goscie-w-wbp-2\/23-57\/'><img loading=\"lazy\" decoding=\"async\" width=\"400\" height=\"267\" src=\"https:\/\/wbp.lublin.pl\/wp-content\/uploads\/2019\/08\/23-400x267.webp\" class=\"attachment-thumbnail size-thumbnail not-transparent\" alt=\"\" srcset=\"https:\/\/wbp.lublin.pl\/wp-content\/uploads\/2019\/08\/23-400x267.webp 400w, https:\/\/wbp.lublin.pl\/wp-content\/uploads\/2019\/08\/23-600x400.webp 600w, https:\/\/wbp.lublin.pl\/wp-content\/uploads\/2019\/08\/23-768x512.webp 768w, https:\/\/wbp.lublin.pl\/wp-content\/uploads\/2019\/08\/23-1536x1024.webp 1536w, https:\/\/wbp.lublin.pl\/wp-content\/uploads\/2019\/08\/23-947x631.webp 947w, https:\/\/wbp.lublin.pl\/wp-content\/uploads\/2019\/08\/23-624x416.webp 624w, https:\/\/wbp.lublin.pl\/wp-content\/uploads\/2019\/08\/23-84x56.webp 84w, https:\/\/wbp.lublin.pl\/wp-content\/uploads\/2019\/08\/23.webp 1620w\" sizes=\"auto, (max-width: 400px) 100vw, 400px\" data-has-transparency=\"false\" data-dominant-color=\"806e5f\" style=\"--dominant-color: #806e5f;\" \/><\/a>\n\t\t\t<\/div><\/figure><figure class='gallery-item'>\n\t\t\t<div class='gallery-icon landscape'>\n\t\t\t\t<a href='https:\/\/wbp.lublin.pl\/index.php\/2019\/08\/01\/goscie-goscie-w-wbp-2\/25-57\/'><img loading=\"lazy\" decoding=\"async\" width=\"400\" height=\"267\" src=\"https:\/\/wbp.lublin.pl\/wp-content\/uploads\/2019\/08\/25-400x267.webp\" class=\"attachment-thumbnail size-thumbnail not-transparent\" alt=\"\" srcset=\"https:\/\/wbp.lublin.pl\/wp-content\/uploads\/2019\/08\/25-400x267.webp 400w, https:\/\/wbp.lublin.pl\/wp-content\/uploads\/2019\/08\/25-600x400.webp 600w, https:\/\/wbp.lublin.pl\/wp-content\/uploads\/2019\/08\/25-768x512.webp 768w, https:\/\/wbp.lublin.pl\/wp-content\/uploads\/2019\/08\/25-1536x1024.webp 1536w, https:\/\/wbp.lublin.pl\/wp-content\/uploads\/2019\/08\/25-947x631.webp 947w, https:\/\/wbp.lublin.pl\/wp-content\/uploads\/2019\/08\/25-624x416.webp 624w, https:\/\/wbp.lublin.pl\/wp-content\/uploads\/2019\/08\/25-84x56.webp 84w, https:\/\/wbp.lublin.pl\/wp-content\/uploads\/2019\/08\/25.webp 1620w\" sizes=\"auto, (max-width: 400px) 100vw, 400px\" data-has-transparency=\"false\" data-dominant-color=\"61594d\" style=\"--dominant-color: #61594d;\" \/><\/a>\n\t\t\t<\/div><\/figure><figure class='gallery-item'>\n\t\t\t<div class='gallery-icon landscape'>\n\t\t\t\t<a href='https:\/\/wbp.lublin.pl\/index.php\/2019\/08\/01\/goscie-goscie-w-wbp-2\/26-55\/'><img loading=\"lazy\" decoding=\"async\" width=\"400\" height=\"267\" src=\"https:\/\/wbp.lublin.pl\/wp-content\/uploads\/2019\/08\/26-jpg-avif-400x267.jpg\" class=\"attachment-thumbnail size-thumbnail not-transparent\" alt=\"\" srcset=\"https:\/\/wbp.lublin.pl\/wp-content\/uploads\/2019\/08\/26-jpg-avif-400x267.jpg 400w, https:\/\/wbp.lublin.pl\/wp-content\/uploads\/2019\/08\/26-jpg-avif-600x400.jpg 600w, https:\/\/wbp.lublin.pl\/wp-content\/uploads\/2019\/08\/26-jpg-avif-768x512.jpg 768w, https:\/\/wbp.lublin.pl\/wp-content\/uploads\/2019\/08\/26-jpg-avif-1536x1024.jpg 1536w, https:\/\/wbp.lublin.pl\/wp-content\/uploads\/2019\/08\/26-jpg-avif-947x631.jpg 947w, https:\/\/wbp.lublin.pl\/wp-content\/uploads\/2019\/08\/26-jpg-avif-624x416.jpg 624w, https:\/\/wbp.lublin.pl\/wp-content\/uploads\/2019\/08\/26-jpg-avif-84x56.jpg 84w, https:\/\/wbp.lublin.pl\/wp-content\/uploads\/2019\/08\/26-jpg-avif.avif 1620w\" sizes=\"auto, (max-width: 400px) 100vw, 400px\" data-has-transparency=\"false\" data-dominant-color=\"877961\" style=\"--dominant-color: #877961;\" \/><\/a>\n\t\t\t<\/div><\/figure>\n\t\t<\/div>\n\n<p><strong><em>Fot. D. Mo\u015bcibrodzka<\/em><\/strong><\/p>\n","protected":false},"excerpt":{"rendered":"","protected":false},"author":7,"featured_media":21789,"comment_status":"closed","ping_status":"closed","sticky":false,"template":"","format":"standard","meta":{"_tec_requires_first_save":true,"_crdt_document":"","pgc_sgb_lightbox_settings":"","_EventAllDay":false,"_EventTimezone":"","_EventStartDate":"","_EventEndDate":"","_EventStartDateUTC":"","_EventEndDateUTC":"","_EventShowMap":false,"_EventShowMapLink":false,"_EventURL":"","_EventCost":"","_EventCostDescription":"","_EventCurrencySymbol":"","_EventCurrencyCode":"","_EventCurrencyPosition":"","_EventDateTimeSeparator":"","_EventTimeRangeSeparator":"","_EventOrganizerID":[],"_EventVenueID":[],"_OrganizerEmail":"","_OrganizerPhone":"","_OrganizerWebsite":"","_VenueAddress":"","_VenueCity":"","_VenueCountry":"","_VenueProvince":"","_VenueState":"","_VenueZip":"","_VenuePhone":"","_VenueURL":"","_VenueStateProvince":"","_VenueLat":"","_VenueLng":"","_VenueShowMap":false,"_VenueShowMapLink":false,"_tribe_blocks_recurrence_rules":"","_tribe_blocks_recurrence_description":"","_tribe_blocks_recurrence_exclusions":"","footnotes":""},"categories":[537,628,538],"tags":[],"class_list":["post-21766","post","type-post","status-publish","format-standard","has-post-thumbnail","hentry","category-archiwum-wydarzen","category-rok-2019","category-imprezy-w-obiektywie"],"publishpress_future_action":{"enabled":false,"date":"2026-05-07 13:13:04","action":"change-status","newStatus":"draft","terms":[],"taxonomy":"category","extraData":[]},"publishpress_future_workflow_manual_trigger":{"enabledWorkflows":[]},"_links":{"self":[{"href":"https:\/\/wbp.lublin.pl\/index.php\/wp-json\/wp\/v2\/posts\/21766","targetHints":{"allow":["GET"]}}],"collection":[{"href":"https:\/\/wbp.lublin.pl\/index.php\/wp-json\/wp\/v2\/posts"}],"about":[{"href":"https:\/\/wbp.lublin.pl\/index.php\/wp-json\/wp\/v2\/types\/post"}],"author":[{"embeddable":true,"href":"https:\/\/wbp.lublin.pl\/index.php\/wp-json\/wp\/v2\/users\/7"}],"replies":[{"embeddable":true,"href":"https:\/\/wbp.lublin.pl\/index.php\/wp-json\/wp\/v2\/comments?post=21766"}],"version-history":[{"count":1,"href":"https:\/\/wbp.lublin.pl\/index.php\/wp-json\/wp\/v2\/posts\/21766\/revisions"}],"predecessor-version":[{"id":21790,"href":"https:\/\/wbp.lublin.pl\/index.php\/wp-json\/wp\/v2\/posts\/21766\/revisions\/21790"}],"wp:featuredmedia":[{"embeddable":true,"href":"https:\/\/wbp.lublin.pl\/index.php\/wp-json\/wp\/v2\/media\/21789"}],"wp:attachment":[{"href":"https:\/\/wbp.lublin.pl\/index.php\/wp-json\/wp\/v2\/media?parent=21766"}],"wp:term":[{"taxonomy":"category","embeddable":true,"href":"https:\/\/wbp.lublin.pl\/index.php\/wp-json\/wp\/v2\/categories?post=21766"},{"taxonomy":"post_tag","embeddable":true,"href":"https:\/\/wbp.lublin.pl\/index.php\/wp-json\/wp\/v2\/tags?post=21766"}],"curies":[{"name":"wp","href":"https:\/\/api.w.org\/{rel}","templated":true}]}}