{"id":21945,"date":"2019-09-02T13:38:59","date_gmt":"2019-09-02T11:38:59","guid":{"rendered":"https:\/\/wbp.lublin.pl\/?p=21945"},"modified":"2019-10-01T10:31:05","modified_gmt":"2019-10-01T08:31:05","slug":"nabytki-do-ksiegozbioru-naukowego-lipiec-sierpien-2019","status":"publish","type":"post","link":"https:\/\/wbp.lublin.pl\/index.php\/2019\/09\/02\/nabytki-do-ksiegozbioru-naukowego-lipiec-sierpien-2019\/","title":{"rendered":"Nabytki do Ksi\u0119gozbioru Naukowego (lipiec-sierpie\u0144 2019)"},"content":{"rendered":"<p><!--more--><\/p>\n<ol>\n<li><strong>Anders P.<\/strong> Napotkane po drodze, Pozna\u0144 2018<\/li>\n<li><strong>Antonowicz L.<\/strong> Status prawnomi\u0119dzynarodowy Polski (1918- 2018), Lublin 2018<\/li>\n<li><strong>Augustyniak P.<\/strong> Wyspia\u0144ski: burzenie polskiego ko\u015bcio\u0142a: studium o Wyzwoleniu, Krak\u00f3w 2019<\/li>\n<li><strong>Bednarz-Grzybek R. <\/strong>Wychowanie zdrowotne w polskoj\u0119zycznych czasopismach uzdrowiskowych (1844-1914), Lublin 2018<\/li>\n<li><strong>Danilczyk A.<\/strong> Konfederacja Barska: 1768- 1772, Warszawa 2018<\/li>\n<li><strong>Drong L.<\/strong> Tropy konfliktu: retoryka pami\u0119ci kulturowej we wsp\u00f3\u0142czesnej powie\u015bci p\u00f3\u0142nocnoirlandzkiej, Katowice 2019<\/li>\n<li><strong>Dubrowska M.<\/strong> Imago Dei : der Sch\u00f6pfer und seine Sch\u00f6pfung in der deutschen Literatur- und Kulturgeschichte, Lublin 2018<\/li>\n<li><strong>Gasztold- Se\u0144 P. <\/strong>Towarzysze z betonu: dogmatyzm w PZPR 1980- 1990, Warszawa 2019<\/li>\n<li><strong>Go\u0142u\u0144ski M.<\/strong> Jerozolimskie piaski: wyprawy krzy\u017cowe w polskiej powie\u015bci historycznej, Bydgoszcz 2019<\/li>\n<li><strong>G\u00f3\u017ad\u017a K.<\/strong> Teologia spe\u0142nieniem my\u015bli ludzkiej, Lublin 2019<\/li>\n<li><strong>Grabowska-<\/strong> <strong>Andrijew Z. <\/strong>To wszystko cz\u0142owiek, Pozna\u0144 2018<\/li>\n<li><strong>Grupi\u0144ski J.<\/strong> Spos\u00f3b na motyle, Pozna\u0144 2018<\/li>\n<li><strong>Gunter G.<\/strong> Ostatni wawrzyn : geneza i dzieje walk na G\u00f3rnym \u015al\u0105sku od stycznia do maja 1945 roku, O\u015bwi\u0119cim 2019<\/li>\n<li><strong>Hamielec M.<\/strong>(red.) Szlak Walk Powsta\u0144c\u00f3w Wielkopolskich o Rawicz, Rawicz 2018<\/li>\n<li><strong>Jab\u0142o\u0144ska J.<\/strong> Architektura og\u00f3lnodost\u0119pnych przestrzeni wsp\u00f3\u0142czesnych hoteli, Wroc\u0142aw 2018<\/li>\n<li><strong>Jagodzi\u0144ski M.<\/strong> Estachologia dzisiaj, Lublin 2018<\/li>\n<li><strong>Jamrozek-Sowa A.<\/strong> Maski historii, strz\u0119py wsp\u00f3\u0142czesno\u015bci : studium o biografii i tw\u00f3rczo\u015bci W\u0142adys\u0142awa Lecha Terleckiego, Rzesz\u00f3w 2018<\/li>\n<li><strong>Janusz M.<\/strong> Sytuacja mieszkaniowa w Polsce jako wyznacznik dysproporcji poziomu \u017cycia, Olsztyn 2018<\/li>\n<li><strong>Keil M.<\/strong> (red.) Choreografia: polityczno\u015b\u0107, Warszawa 2018<\/li>\n<li><strong>Kowalczyk K. <\/strong>Pasa\u017cerski transport kolejowy na obszarach aglomeracyjnych w Polsce: a rozwi\u0105zania multimodalne w codziennych dojazdach do pracy, Lublin 2019<\/li>\n<li><strong>Kowalski J.<\/strong> Straszny dw\u00f3r czyli Sarmackie korzenie Niepodleg\u0142ej, Warszawa 2018<\/li>\n<li><strong>Kuzicki J.<\/strong> (red.) Manfred von Richthofen (1892-1918) oraz jego polscy krewni : w setn\u0105 rocznic\u0119 zako\u0144czenia I wojny \u015bwiatowej i \u015bmierci Czerwonego Barona , Rzesz\u00f3w 2018<\/li>\n<li><strong>Loewe I.<\/strong> Dyskurs telewizyjny w \u015bwietle lingwistyki medi\u00f3w, Katowice 2018<\/li>\n<li><strong>Ludwiczak-<\/strong> <strong>Cierechowicz A.<\/strong> Miecz czy sztylet &#8211; gra z topik\u0105 rycersk\u0105 w utworach ba\u015bniowo-historycznych Juliusza S\u0142owackiego, Toru\u0144 2018<\/li>\n<li><strong>\u0141ukasiewicz S.<\/strong> (red.) Archiwalia do dziej\u00f3w polskiej emigracji politycznej z lat 1939- 1990, Warszawa 2018<\/li>\n<li><strong>Magu\u015b J. <\/strong>&#8222;S\u0142owo Polskie&#8221; w latach 1918-1928 : organ prasowy Narodowej Demokracji, Lublin 2019<\/li>\n<li><strong>Majewska M.<\/strong> Dostojewski w utworach politycznych Conrada, Lublin 2019<\/li>\n<li><strong>Matczak T.<\/strong> Ja, TY i bia\u0142a laska, Pabianice 2018<\/li>\n<li><strong>Mielnik D.<\/strong> Motyw wskrzeszenia w biblijnych tradycjach o Eliaszu i Elizeuszu, Lublin 2018<\/li>\n<li><strong>Niemczuk A.<\/strong> Podmiot w filozofii praktycznej : Preludia, Rzesz\u00f3w 2018<\/li>\n<li><strong>Pasterczyk P.<\/strong> U \u017ar\u00f3de\u0142 poj\u0119cia ludzkiej woli &#8211; studium koncepcji woli Augustyna z Hippony w \u015bwietle plato\u0144skiej teorii duszy, Lublin 2018<\/li>\n<li><strong>Patro- Kucab M. <\/strong>W kr\u0119gu spraw prywatnych i publicznych: korespondencja Alojzego Feli\u0144skiego z lat 1795- 1820, Rzesz\u00f3w 2019<\/li>\n<li><strong>Petau D.<\/strong> Carthaginenses= Kartagi\u0144czycy, Katowice 2019<\/li>\n<li><strong>Popek J.<\/strong> R\u00f3d Tyszkiewicz\u00f3w z Weryni w XIX wieku, Warszawa 2018<\/li>\n<li><strong>Ratke-<\/strong> <strong>Majewska A. <\/strong>Stosunki bilateralne Polski Z pa\u0144stwami andyjskimi 1918- 2018, Pozna\u0144 2018<\/li>\n<li><strong>Siemi\u0144ski \u0141.<\/strong> Opieku\u0144czo-wychowawcza dzia\u0142alno\u015b\u0107 Zgromadzenia Si\u00f3str \u015bw. El\u017cbiety w latach 1905-1939 na przyk\u0142adzie Biskupiego Zak\u0142adu Wychowawczego dla Dziewcz\u0105t pod wezwaniem \u015bw. Anny w Kamieniu Kraje\u0144skim, Lublin 2018<\/li>\n<li><strong>Smaga M.<\/strong> Osiedleni: Teatralne, Krak\u00f3w 2018<\/li>\n<li><strong>Szelest J.<\/strong> Zasady tresury, Pozna\u0144 [2018]<\/li>\n<li><strong>Szopa K.<\/strong> Poetyka rozkwitania : r\u00f3\u017cnica p\u0142ciowa w filozofii Luce Irigaray, Warszawa 2018<\/li>\n<li><strong>Sz\u00f3stak A.<\/strong> Ods\u0142ony mitu: metafizyczne \u017ar\u00f3d\u0142a my\u015blenia w wybranych projektach ideowych literatury XX i XXI wieku, Zielona G\u00f3ra 2018<\/li>\n<li><strong>Szyma\u0144ska M.<\/strong> Warszawa zapami\u0119tana: dwudziestolecie mi\u0119dzywojenne, Warszawa 2018<\/li>\n<li><strong>\u015aliwa P.<\/strong> Pejza\u017c nad Rop\u0105: ma\u0142opolski przemys\u0142 naftowy, G\u0142adysz\u00f3w 2018<\/li>\n<li><strong>\u015alusarski J.<\/strong> Sylwetki zawodowe wojskowego kontrolera i nawigatora oraz instruktora przygotowuj\u0105cego kandydat\u00f3w na te stanowiska, D\u0119blin 2018<\/li>\n<li><strong>Wo\u017aniak A.<\/strong> Emigracja rosyjska, ukrai\u0144ska i bia\u0142oruska: spu\u015bcizna literacka, religijno-filozoficzna: kulturowe zbli\u017cenia, Lublin 2019<\/li>\n<li><strong>Wo\u017anica P.<\/strong> Idea\u0142 \u017co\u0142nierza polskiego w XVII wieku, Warszawa 2018<\/li>\n<li><strong>Wr\u00f3blewski S. <\/strong>Architektura spod znaku Temidy w prowincji \u015bl\u0105skiej w latach 1877- 1918, Wroc\u0142aw 2018<\/li>\n<li><strong>Zawi\u0142a M.<\/strong> Dziedziczynienie przedwojennych cmentarzy na terenach postmigracyjnych Polski, Krak\u00f3w 2019<\/li>\n<li><strong>Zwoli\u0144ski A.<\/strong> Joga: zagro\u017cenie dla chrze\u015bcijan, Pozna\u0144 2019<\/li>\n<li><strong>\u017bak M.<\/strong> Korpomisie czyli jak osi\u0105gn\u0105\u0107 sukces, Warszawa 2018<\/li>\n<li><strong>\u017bmigrodzka M.<\/strong> Lotnictwo cywilne w polityce Federacji Rosyjskiej w latach 1991- 2012, D\u0119blin 2018<\/li>\n<\/ol>\n","protected":false},"excerpt":{"rendered":"","protected":false},"author":11,"featured_media":21946,"comment_status":"closed","ping_status":"closed","sticky":false,"template":"","format":"standard","meta":{"_tec_requires_first_save":true,"_crdt_document":"","pgc_sgb_lightbox_settings":"","_EventAllDay":false,"_EventTimezone":"","_EventStartDate":"","_EventEndDate":"","_EventStartDateUTC":"","_EventEndDateUTC":"","_EventShowMap":false,"_EventShowMapLink":false,"_EventURL":"","_EventCost":"","_EventCostDescription":"","_EventCurrencySymbol":"","_EventCurrencyCode":"","_EventCurrencyPosition":"","_EventDateTimeSeparator":"","_EventTimeRangeSeparator":"","_EventOrganizerID":[],"_EventVenueID":[],"_OrganizerEmail":"","_OrganizerPhone":"","_OrganizerWebsite":"","_VenueAddress":"","_VenueCity":"","_VenueCountry":"","_VenueProvince":"","_VenueState":"","_VenueZip":"","_VenuePhone":"","_VenueURL":"","_VenueStateProvince":"","_VenueLat":"","_VenueLng":"","_VenueShowMap":false,"_VenueShowMapLink":false,"_tribe_blocks_recurrence_rules":"","_tribe_blocks_recurrence_description":"","_tribe_blocks_recurrence_exclusions":"","footnotes":""},"categories":[509,57],"tags":[],"class_list":["post-21945","post","type-post","status-publish","format-standard","has-post-thumbnail","hentry","category-nowe-nabytki","category-nowe-nabytki-do-ksigozbioru-naukowego"],"publishpress_future_action":{"enabled":false,"date":"2026-05-06 10:13:31","action":"change-status","newStatus":"draft","terms":[],"taxonomy":"category","extraData":[]},"publishpress_future_workflow_manual_trigger":{"enabledWorkflows":[]},"_links":{"self":[{"href":"https:\/\/wbp.lublin.pl\/index.php\/wp-json\/wp\/v2\/posts\/21945","targetHints":{"allow":["GET"]}}],"collection":[{"href":"https:\/\/wbp.lublin.pl\/index.php\/wp-json\/wp\/v2\/posts"}],"about":[{"href":"https:\/\/wbp.lublin.pl\/index.php\/wp-json\/wp\/v2\/types\/post"}],"author":[{"embeddable":true,"href":"https:\/\/wbp.lublin.pl\/index.php\/wp-json\/wp\/v2\/users\/11"}],"replies":[{"embeddable":true,"href":"https:\/\/wbp.lublin.pl\/index.php\/wp-json\/wp\/v2\/comments?post=21945"}],"version-history":[{"count":1,"href":"https:\/\/wbp.lublin.pl\/index.php\/wp-json\/wp\/v2\/posts\/21945\/revisions"}],"predecessor-version":[{"id":21947,"href":"https:\/\/wbp.lublin.pl\/index.php\/wp-json\/wp\/v2\/posts\/21945\/revisions\/21947"}],"wp:featuredmedia":[{"embeddable":true,"href":"https:\/\/wbp.lublin.pl\/index.php\/wp-json\/wp\/v2\/media\/21946"}],"wp:attachment":[{"href":"https:\/\/wbp.lublin.pl\/index.php\/wp-json\/wp\/v2\/media?parent=21945"}],"wp:term":[{"taxonomy":"category","embeddable":true,"href":"https:\/\/wbp.lublin.pl\/index.php\/wp-json\/wp\/v2\/categories?post=21945"},{"taxonomy":"post_tag","embeddable":true,"href":"https:\/\/wbp.lublin.pl\/index.php\/wp-json\/wp\/v2\/tags?post=21945"}],"curies":[{"name":"wp","href":"https:\/\/api.w.org\/{rel}","templated":true}]}}