{"id":22335,"date":"2019-09-13T14:55:00","date_gmt":"2019-09-13T12:55:00","guid":{"rendered":"https:\/\/wbp.lublin.pl\/?p=22335"},"modified":"2019-10-01T10:31:09","modified_gmt":"2019-10-01T08:31:09","slug":"nabytki-w-dziale-bibliografii-lubelszczyzny-i-wiedzy-o-regionie-lipiec-sierpien-2019","status":"publish","type":"post","link":"https:\/\/wbp.lublin.pl\/index.php\/2019\/09\/13\/nabytki-w-dziale-bibliografii-lubelszczyzny-i-wiedzy-o-regionie-lipiec-sierpien-2019\/","title":{"rendered":"Nabytki w Dziale Bibliografii Lubelszczyzny i Wiedzy o Regionie (lipiec-sierpie\u0144 2019)"},"content":{"rendered":"<p><!--more--><\/p>\n<p>(wyb\u00f3r)<\/p>\n<ol>\n<li><strong><em>Che\u0142mskie <\/em><\/strong><em>pisanki,<\/em> tekst Ma\u0142gorzata Podlewska-Bem, Ilona Sawicka, Che\u0142m [2019]<\/li>\n<li><strong>Czubaszek Krzysztof,<\/strong> <em>Stanis\u0142aw \u017bemis &#8211; \u015bwiadek zag\u0142ady \u017byd\u00f3w w \u0141ukowie,<\/em> Warszawa 2019<\/li>\n<li><strong>D\u0105browski Stanis\u0142aw Jan,<\/strong> <em>Gwiazdy i gwiazdeczki kabaretu Czart : ma\u0142y leksykon biograficzny, <\/em>Lublin 2019<\/li>\n<li><strong><em>Do Niepodleg\u0142ej:<\/em><\/strong> <em>Che\u0142m 1913-1918,<\/em> zesp\u00f3\u0142 redakcyjny Krystyna Mart, Magdalena M\u0105ka, Beata Mojska-Zaj\u0105c, Zofia Wasiuta, Che\u0142m 2019<\/li>\n<li><strong><em>Dzieje <\/em><\/strong><em>Kocka : od czas\u00f3w najdawniejszych do najnowszych,<\/em> pod redakcj\u0105 Dariusza Magiera, Kock 2017<\/li>\n<li><strong>Gach Grzegorz Krzesi\u0144ski Piotr,<\/strong> <em>Rynek pracy &#8211; perspektywa zatrudnionych w wojew\u00f3dztwie lubelskim : raport z bada\u0144 ilo\u015bciowych,<\/em> Lublin 2018<\/li>\n<li><strong><em>Gmina <\/em><\/strong><em>Mircze : naszym bogactwem s\u0105 ludzie<\/em>, Mircze ; [Zamo\u015b\u0107] 2018<\/li>\n<li><strong><em>Gmina<\/em><\/strong> <em>Mircze,<\/em> redakcja Beata Kawa\u0142ko, Mircze ; [Zamo\u015b\u0107] 2015<\/li>\n<li><strong><em>Gmina <\/em><\/strong><em>Piszczac : historia i wsp\u00f3\u0142czesno\u015b\u0107 : praca zbiorowa,<\/em> pod red. Bogus\u0142awa Korzeniewskiego, Andrzeja Buczy\u0142y, S\u0142awomira Hordejuka, Piszczac 2018<\/li>\n<li><strong><em>Historia <\/em><\/strong><em>pie\u015bni\u0105 napisana : monografia zespo\u0142u \u015bpiewaczego z \u0141ubek,<\/em> Janina Biegalska, Wies\u0142aw Czerniec, Wojciech\u00f3w 2002<\/li>\n<li><strong><em>Jeden <\/em><\/strong><em>wiek &#8211; wiele dr\u00f3g : sztuka polska XX wieku ze zbior\u00f3w Muzeum Lubelskiego w Lublinie : wystawa od 1 maja 2019 do 30 kwietnia 2020,<\/em> [autor tekstu Marcin Lachowski], Che\u0142m 2019<\/li>\n<li><strong>Kowalska-Cichy Magdalena,<\/strong> <em>Magia i procesy o czary w staropolskim Lublinie, <\/em>Lublin 2019<\/li>\n<li><strong><em>Legendy <\/em><\/strong><em>starego Lublina,<\/em> przez Marka Kasprzyka wierszem starannie pisane, [ilustracje S\u0142awomir Go\u0142\u0119biowski], Lublin 2019<\/li>\n<li><strong><em>Lubelski <\/em><\/strong><em>Oddzia\u0142 Regionalny : 25 lat Agencja Restrukturyzacji i Modernizacji Rolnictwa unowocze\u015bniamy rolnictwo i obszary wiejskie : praca zbiorowa,<\/em> pod kierownictwem Krzysztofa Ga\u0142aszkiewicza, Lublin 2019<\/li>\n<li><strong><em>Lublin <\/em><\/strong><em>w kulturze, kultura w Lublinie : dziedzictwo kulturowe miasta od \u015bredniowiecza do wsp\u00f3\u0142czesno\u015bci<\/em>, pod redakcj\u0105 Piotra Dymmela i Roberta Jopa, Lublin 2018<\/li>\n<li><strong><em>Ludowa wizja <\/em><\/strong><em>Niepodleg\u0142ej: Rz\u0105d Ludowy w Lublinie,<\/em> redakcja naukowa Arkadiusz Indraszczyk, Warszawa 2019<\/li>\n<li><strong>Mara\u015bkiewicz Jan,<\/strong> <em>Drewniana architektura sakralna po\u0142udniowego Podlasia : (p\u00f3\u0142nocnej cz\u0119\u015bci wojew\u00f3dztwa lubelskiego),<\/em> Bia\u0142a Podlaska 2019<\/li>\n<li><strong>M\u0105cik Hubert,<\/strong><em> Ozdoba Opola :<\/em> <em>ko\u015bci\u00f3\u0142 Wniebowzi\u0119cia Naj\u015bwi\u0119tszej Marii Panny w Opolu Lubelskim,<\/em> tekst Hubert M\u0105cik, Opole Lubelskie 2019<\/li>\n<li><strong>Miechowicz \u0141ukasz, <\/strong><em>Wczesno\u015bredniowieczne grody w Kotlinie Chodelskiej, <\/em>Karczmiska 2018<\/li>\n<li><strong><em>O uczniach-\u017co\u0142nierzach<\/em><\/strong><em> : wychowankowie Szk\u00f3\u0142 Vetter\u00f3w w walce o Niepodleg\u0142\u0105<\/em>, redakcja: Marzenna Modrzewska-Michalczyk, Ma\u0142gorzata Surmacz, Anna Warda, Lublin 2018<\/li>\n<li><strong><em>Od Narodzenia<\/em><\/strong><em> do Zmartwychwstania : firmowe karty \u015bwi\u0105teczne Lubelskiego Przedsi\u0119biorstwa Energetyki Cieplnej,<\/em> koncepcja wydawnictwa i wystawy Piotr Krzysztof Kuty ; fotografie i reprodukcje Piotr Maciuk, Lublin 2018<\/li>\n<li><strong>Or\u0142owski Mariusz,<\/strong> <em>Pu\u0142awscy zielono\u015bwi\u0105tkowcy : Ko\u015bci\u00f3\u0142 Chrze\u015bcijan Wiary Ewangelicznej w Pu\u0142awach w latach 1991-1995,<\/em> Warszawa 2019<\/li>\n<li><strong>Pa\u0107 S\u0142awomir,<\/strong> <em>To jest sztuka odej\u015b\u0107 tak, \u017ceby zosta\u0107 : subiektywne wspomnienia o ga\u017adzinie z Zachty Marii Kapturkiewicz-Szewczyk,<\/em> Pu\u0142awy 2018<\/li>\n<li><strong>Pranagal Robert,<\/strong> <em>Memu miastu :<\/em> <em>Lublinowi w setn\u0105 rocznic\u0119 odzyskania niepodleg\u0142o\u015bci, <\/em>Lublin 2018<\/li>\n<li><strong><em>Profesor <\/em><\/strong><em>&#8211; Stefan Sawicki : portret przyja\u017ani\u0105 pisany,<\/em> koncepcja wyd., red. oprac. graf. i \u0142amanie Adam Cedro, Kielce 2013<\/li>\n<li><strong><em>Reflektor<\/em><\/strong><em> <strong>:<\/strong> materia\u0142y archiwalne i prasowe,<\/em> wyb\u00f3r i opracowanie Jaros\u0142aw Cymerman, Aleksander W\u00f3jtowicz, Lublin 2018<\/li>\n<li><strong>Rochacki Jacek A.<\/strong>, <em>Przewodnik po dawnym warsztacie z\u0142otniczym zrekonstruowanym w Muzeum Nadwi\u015bla\u0144skim w Kazimierzu Dolnym, w Oddziale Muzeum Sztuki Z\u0142otniczej, <\/em>Kazimierz Dolny 2018<\/li>\n<li><strong>Sobo\u0144 Ma\u0142gorzata, Szacho\u0144 Gabriela,<\/strong> <em>20 lat Liceum Og\u00f3\u0142nokszta\u0142c\u0105cego im. Nauczycieli Tajnego Nauczania w Lublinie 1998-2018,<\/em> Lublin 2018<\/li>\n<li><strong>Sado Grzegorz, Zubkowicz Rafa\u0142, <\/strong><em>Nadle\u015bnictwo Parczew<\/em> <em>: historia gospodarki i administracji w zarysie,<\/em> tekst Grzegorz Sado, Rafa\u0142 Zubkowicz, Parczew 2018<\/li>\n<li><strong><em>Szkicownik <\/em><\/strong><em>Rywki Berger, <\/em>przek\u0142ad na jidysz Mario Moishele Alfonso, Piotr Nazaruk, Lublin 2019<\/li>\n<li><strong>Tarkowski Marcin,<\/strong><em> Lublin : szlaki Lublina w fotografii<\/em>, fotografie Marcin Tarkowski oraz Maciej Rukasz [i inni] ; t\u0142umaczenie Andrij Sawene\u0107, Lublin [2019]<\/li>\n<li><strong><em>Uczniowie<\/em><\/strong><em> szk\u00f3\u0142 lubelskich w walkach w okresie I wojny \u015bwiatowej oraz wojny polsko-bolszewickiej : Szko\u0142a Zamoyskiego : informator do wystawy w Muzeum Historii Miasta Lublina,<\/em> Ma\u0142gorzata Surmacz, Beata Szczerbi\u0144ska-Budzy\u0144ska, Grzegorz Sztal, Anna Warda, Lublin 2018<\/li>\n<li><strong><em>Wojew\u00f3dztwo<\/em><\/strong><em> lubelskie : 100 lecie odzyskania niepodleg\u0142o\u015bci przez Polsk\u0119,<\/em> zesp\u00f3\u0142 autorski Anastasiya Hrytsuk, Lublin 2018<\/li>\n<li><strong>Wolska Halina,<\/strong> <em>Biblioteka im. Hieronima \u0141opaci\u0144skiego : moja prywatna historia,<\/em> Lublin 2019<\/li>\n<\/ol>\n","protected":false},"excerpt":{"rendered":"","protected":false},"author":5,"featured_media":22336,"comment_status":"closed","ping_status":"closed","sticky":false,"template":"","format":"standard","meta":{"_tec_requires_first_save":true,"_crdt_document":"","pgc_sgb_lightbox_settings":"","_EventAllDay":false,"_EventTimezone":"","_EventStartDate":"","_EventEndDate":"","_EventStartDateUTC":"","_EventEndDateUTC":"","_EventShowMap":false,"_EventShowMapLink":false,"_EventURL":"","_EventCost":"","_EventCostDescription":"","_EventCurrencySymbol":"","_EventCurrencyCode":"","_EventCurrencyPosition":"","_EventDateTimeSeparator":"","_EventTimeRangeSeparator":"","_EventOrganizerID":[],"_EventVenueID":[],"_OrganizerEmail":"","_OrganizerPhone":"","_OrganizerWebsite":"","_VenueAddress":"","_VenueCity":"","_VenueCountry":"","_VenueProvince":"","_VenueState":"","_VenueZip":"","_VenuePhone":"","_VenueURL":"","_VenueStateProvince":"","_VenueLat":"","_VenueLng":"","_VenueShowMap":false,"_VenueShowMapLink":false,"_tribe_blocks_recurrence_rules":"","_tribe_blocks_recurrence_description":"","_tribe_blocks_recurrence_exclusions":"","footnotes":""},"categories":[509,119],"tags":[],"class_list":["post-22335","post","type-post","status-publish","format-standard","has-post-thumbnail","hentry","category-nowe-nabytki","category-nowoci-w-dziale-bibliografii-lubelszczyzny"],"publishpress_future_action":{"enabled":false,"date":"2026-05-04 01:54:56","action":"change-status","newStatus":"draft","terms":[],"taxonomy":"category","extraData":[]},"publishpress_future_workflow_manual_trigger":{"enabledWorkflows":[]},"_links":{"self":[{"href":"https:\/\/wbp.lublin.pl\/index.php\/wp-json\/wp\/v2\/posts\/22335","targetHints":{"allow":["GET"]}}],"collection":[{"href":"https:\/\/wbp.lublin.pl\/index.php\/wp-json\/wp\/v2\/posts"}],"about":[{"href":"https:\/\/wbp.lublin.pl\/index.php\/wp-json\/wp\/v2\/types\/post"}],"author":[{"embeddable":true,"href":"https:\/\/wbp.lublin.pl\/index.php\/wp-json\/wp\/v2\/users\/5"}],"replies":[{"embeddable":true,"href":"https:\/\/wbp.lublin.pl\/index.php\/wp-json\/wp\/v2\/comments?post=22335"}],"version-history":[{"count":1,"href":"https:\/\/wbp.lublin.pl\/index.php\/wp-json\/wp\/v2\/posts\/22335\/revisions"}],"predecessor-version":[{"id":22337,"href":"https:\/\/wbp.lublin.pl\/index.php\/wp-json\/wp\/v2\/posts\/22335\/revisions\/22337"}],"wp:featuredmedia":[{"embeddable":true,"href":"https:\/\/wbp.lublin.pl\/index.php\/wp-json\/wp\/v2\/media\/22336"}],"wp:attachment":[{"href":"https:\/\/wbp.lublin.pl\/index.php\/wp-json\/wp\/v2\/media?parent=22335"}],"wp:term":[{"taxonomy":"category","embeddable":true,"href":"https:\/\/wbp.lublin.pl\/index.php\/wp-json\/wp\/v2\/categories?post=22335"},{"taxonomy":"post_tag","embeddable":true,"href":"https:\/\/wbp.lublin.pl\/index.php\/wp-json\/wp\/v2\/tags?post=22335"}],"curies":[{"name":"wp","href":"https:\/\/api.w.org\/{rel}","templated":true}]}}