{"id":22358,"date":"2019-09-17T14:03:49","date_gmt":"2019-09-17T12:03:49","guid":{"rendered":"https:\/\/wbp.lublin.pl\/?p=22358"},"modified":"2023-08-10T11:33:50","modified_gmt":"2023-08-10T09:33:50","slug":"projekt-mobilny-bibliotekarz","status":"publish","type":"post","link":"https:\/\/wbp.lublin.pl\/index.php\/2019\/09\/17\/projekt-mobilny-bibliotekarz\/","title":{"rendered":"Projekt &#8222;Mobilny Bibliotekarz&#8221;"},"content":{"rendered":"\n<!--more-->\n\n\n\n<p class=\"wp-block-paragraph\"><strong>Edukacja doros\u0142ych, akcja Mobilno\u015b\u0107 kadry edukacji doros\u0142ych<\/strong><\/p>\n\n\n\n<p class=\"wp-block-paragraph\"><strong>Projekt \u201eMobilny Bibliotekarz\u201d (nr projektu 2019-1-PL01-KA 104-064582)<\/strong><\/p>\n\n\n\n<p class=\"wp-block-paragraph\"><strong>Cel dzia\u0142ania: wzrost kompetencji i wiedzy uczestnik\u00f3w, nabycie nowych umiej\u0119tno\u015bci, zapoznanie si\u0119 z&nbsp;innowacyjnymi metodami pracy.<\/strong><\/p>\n\n\n\n<p class=\"wp-block-paragraph\">Wojew\u00f3dzka Biblioteka Publiczna im. Hieronima \u0141opaci\u0144skiego w Lublinie realizuje projekt finansowany z programu Erasmus+. Projekt wpisuje si\u0119 w Sektor Edukacja doros\u0142ych w Akcj\u0119 &nbsp;Mobilno\u015b\u0107 kadry edukacji doros\u0142ych. Akcja umo\u017cliwia realizacj\u0119 projekt\u00f3w, kt\u00f3rych celem jest poprawa kompetencji kadry potrzebnych do wspierania uczenia si\u0119 os\u00f3b doros\u0142ych i rozw\u00f3j wsp\u00f3\u0142pracy mi\u0119dzynarodowej w tym obszarze, dzi\u0119ki czemu organizacja ma podnie\u015b\u0107 jako\u015b\u0107 swoich us\u0142ug edukacyjnych. Realizacji tych cel\u00f3w s\u0142u\u017c\u0105 zagraniczne wyjazdy edukacyjne kadry, zwane&nbsp;<strong>mobilno\u015bciami<\/strong><strong>. <\/strong>Planowane<strong> w<\/strong>yjazdy&nbsp; wynikaj\u0105 z potrzeb, dotycz\u0105cych poprawy jako\u015bci pracy, poszerzenia oferty i umi\u0119dzynarodowiania organizacji wnioskuj\u0105cej.<\/p>\n\n\n\n<p class=\"wp-block-paragraph\">W ramach projektu zaplanowano:<\/p>\n\n\n\n<p class=\"wp-block-paragraph\">\u2013 Job Shadowing \u2013 poznanie pracy na danym stanowisku poprzez obserwacj\u0119. Mobilno\u015b\u0107 dw\u00f3ch grup bibliotekarzy (10 os\u00f3b) do Biblioteki im. Jiriho Mahena w Brnie (Czechy). Terminy wyjazd\u00f3w: 26-30 sierpnia 2019 r., 30 wrze\u015bnia \u2013 4 pa\u017adziernika 2019 r.<\/p>\n\n\n\n<p class=\"wp-block-paragraph\">\u2013 wyjazd na kurs j\u0119zyka angielskiego do szko\u0142y j\u0119zykowej w Valetcie na Malcie (4 osoby). Termin wyjazdu \u2013 kwiecie\u0144 2020 r.<\/p>\n\n\n\n<p class=\"wp-block-paragraph\"><strong>Spodziewane rezultaty projektu<\/strong><\/p>\n\n\n\n<p class=\"wp-block-paragraph\">&#8211; zapoznanie si\u0119 z nowymi metodami pracy z czytelnikiem<\/p>\n\n\n\n<p class=\"wp-block-paragraph\">&#8211; podj\u0119cie europejskich przedsi\u0119wzi\u0119\u0107 proczytelniczych<\/p>\n\n\n\n<p class=\"wp-block-paragraph\">&#8211; uwra\u017cliwienie na r\u00f3\u017cnorodno\u015b\u0107 j\u0119zykow\u0105 i kulturow\u0105 u\u017cytkownik\u00f3w biblioteki<\/p>\n\n\n\n<p class=\"wp-block-paragraph\">&#8211; zwi\u0119kszenie zaanga\u017cowania w projekty mi\u0119dzynarodowe, w tym we wsp\u00f3\u0142prac\u0119 w zakresie dzia\u0142a\u0144 promuj\u0105cych czytelnictwo, literatur\u0119<\/p>\n\n\n\n<p class=\"wp-block-paragraph\">&#8211; zapoznanie si\u0119 z nowymi formami realizacji projekt\u00f3w skierowanych do doros\u0142ych uczestnik\u00f3w<\/p>\n\n\n\n<p class=\"wp-block-paragraph\">&#8211; zapoznanie si\u0119 z nowymi formami realizacji spotka\u0144 z literatami<\/p>\n\n\n\n<p class=\"wp-block-paragraph\">&#8211; zapoznanie si\u0119 z innowacyjnymi dzia\u0142aniami promocyjnymi biblioteki wzgl\u0119dem czytelnik\u00f3w<\/p>\n\n\n\n<p class=\"wp-block-paragraph\"><strong>Spodziewane wykorzystanie rezultat\u00f3w<\/strong><\/p>\n\n\n\n<p class=\"wp-block-paragraph\">&#8211; przekazanie zdobytej wiedzy pracownikom WBP w ramach Inspiratornii \u2013 otwartych wyk\u0142ad\u00f3w, organizowanych z inicjatywy Zarz\u0105du Okr\u0119gu Stowarzyszenia Bibliotekarzy Polskich<\/p>\n\n\n\n<p class=\"wp-block-paragraph\">&#8211;&nbsp; przekazanie bibliotekarzom bibliotek publicznych wojew\u00f3dztwa lubelskiego poznanych sposob\u00f3w realizacji dzia\u0142a\u0144 czytelniczych i projekt\u00f3w dla senior\u00f3w na organizowanych przez WBP szkoleniach dla bibliotekarzy oraz na szkoleniach powiatowych w poleg\u0142ych powiatach (lubelski, \u0142\u0119czy\u0144ski, w\u0142odawski)<\/p>\n\n\n\n<p class=\"wp-block-paragraph\">&#8211; publikacja artyku\u0142\u00f3w na temat do\u015bwiadcze\u0144 zdobytych podczas job shadowing w czasopismach fachowych<\/p>\n\n\n\n<p class=\"wp-block-paragraph\">&#8211; wymiana do\u015bwiadcze\u0144 z innymi bibliotekami wojew\u00f3dzkimi w kraju<\/p>\n\n\n\n<p class=\"wp-block-paragraph\">&#8211; zrealizowanie wybranego pomys\u0142u zaczerpni\u0119tego podczas pobytu.<\/p>\n\n\n\n<p class=\"wp-block-paragraph\">Projekt jest realizowany w okresie od w okresie 1 czerwca 2019 \u2013 31 maja 2020 r.<\/p>\n\n\n\n<p class=\"wp-block-paragraph\">Koszt projektu wynosi 22794, 00 EUR<\/p>\n\n\n<div style=\"width: 887px;\" class=\"wp-video\"><video class=\"wp-video-shortcode\" id=\"video-22358-1\" width=\"887\" height=\"499\" preload=\"metadata\" controls=\"controls\"><source type=\"video\/mp4\" src=\"https:\/\/wbp.lublin.pl\/wp-content\/uploads\/2019\/09\/ErasmusBrno.mp4?_=1\" \/><a href=\"https:\/\/wbp.lublin.pl\/wp-content\/uploads\/2019\/09\/ErasmusBrno.mp4\">https:\/\/wbp.lublin.pl\/wp-content\/uploads\/2019\/09\/ErasmusBrno.mp4<\/a><\/video><\/div>\n","protected":false},"excerpt":{"rendered":"","protected":false},"author":18,"featured_media":35467,"comment_status":"closed","ping_status":"closed","sticky":false,"template":"","format":"standard","meta":{"_tec_requires_first_save":true,"_crdt_document":"","pgc_sgb_lightbox_settings":"","_EventAllDay":false,"_EventTimezone":"","_EventStartDate":"","_EventEndDate":"","_EventStartDateUTC":"","_EventEndDateUTC":"","_EventShowMap":false,"_EventShowMapLink":false,"_EventURL":"","_EventCost":"","_EventCostDescription":"","_EventCurrencySymbol":"","_EventCurrencyCode":"","_EventCurrencyPosition":"","_EventDateTimeSeparator":"","_EventTimeRangeSeparator":"","_EventOrganizerID":[],"_EventVenueID":[],"_OrganizerEmail":"","_OrganizerPhone":"","_OrganizerWebsite":"","_VenueAddress":"","_VenueCity":"","_VenueCountry":"","_VenueProvince":"","_VenueState":"","_VenueZip":"","_VenuePhone":"","_VenueURL":"","_VenueStateProvince":"","_VenueLat":"","_VenueLng":"","_VenueShowMap":false,"_VenueShowMapLink":false,"_tribe_blocks_recurrence_rules":"","_tribe_blocks_recurrence_description":"","_tribe_blocks_recurrence_exclusions":"","footnotes":""},"categories":[74,69],"tags":[716],"class_list":["post-22358","post","type-post","status-publish","format-standard","has-post-thumbnail","hentry","category-komunikaty-branzowe","category-sponsorzy-sponsorzy","tag-erasmusplus"],"publishpress_future_action":{"enabled":false,"date":"2026-05-06 15:55:20","action":"change-status","newStatus":"draft","terms":[],"taxonomy":"category","extraData":[]},"publishpress_future_workflow_manual_trigger":{"enabledWorkflows":[]},"_links":{"self":[{"href":"https:\/\/wbp.lublin.pl\/index.php\/wp-json\/wp\/v2\/posts\/22358","targetHints":{"allow":["GET"]}}],"collection":[{"href":"https:\/\/wbp.lublin.pl\/index.php\/wp-json\/wp\/v2\/posts"}],"about":[{"href":"https:\/\/wbp.lublin.pl\/index.php\/wp-json\/wp\/v2\/types\/post"}],"author":[{"embeddable":true,"href":"https:\/\/wbp.lublin.pl\/index.php\/wp-json\/wp\/v2\/users\/18"}],"replies":[{"embeddable":true,"href":"https:\/\/wbp.lublin.pl\/index.php\/wp-json\/wp\/v2\/comments?post=22358"}],"version-history":[{"count":6,"href":"https:\/\/wbp.lublin.pl\/index.php\/wp-json\/wp\/v2\/posts\/22358\/revisions"}],"predecessor-version":[{"id":34910,"href":"https:\/\/wbp.lublin.pl\/index.php\/wp-json\/wp\/v2\/posts\/22358\/revisions\/34910"}],"wp:featuredmedia":[{"embeddable":true,"href":"https:\/\/wbp.lublin.pl\/index.php\/wp-json\/wp\/v2\/media\/35467"}],"wp:attachment":[{"href":"https:\/\/wbp.lublin.pl\/index.php\/wp-json\/wp\/v2\/media?parent=22358"}],"wp:term":[{"taxonomy":"category","embeddable":true,"href":"https:\/\/wbp.lublin.pl\/index.php\/wp-json\/wp\/v2\/categories?post=22358"},{"taxonomy":"post_tag","embeddable":true,"href":"https:\/\/wbp.lublin.pl\/index.php\/wp-json\/wp\/v2\/tags?post=22358"}],"curies":[{"name":"wp","href":"https:\/\/api.w.org\/{rel}","templated":true}]}}