{"id":225,"date":"2009-12-12T08:48:25","date_gmt":"2009-12-12T07:48:25","guid":{"rendered":"https:\/\/wbp.lublin.pl8\/index.php\/2009\/12\/12\/wykazy-publikacji-o-nszz-solidarnosc\/"},"modified":"2018-07-04T17:59:14","modified_gmt":"2018-07-04T15:59:14","slug":"wykazy-publikacji-o-nszz-solidarnosc","status":"publish","type":"post","link":"https:\/\/wbp.lublin.pl\/index.php\/2009\/12\/12\/wykazy-publikacji-o-nszz-solidarnosc\/","title":{"rendered":"Wykazy publikacji o NSZZ &#8222;Solidarno\u015b\u0107&#8221;"},"content":{"rendered":"<p>Zapraszamy do skorzystania z <strong>wykazu publikacji ksi\u0105\u017ckowych dotycz\u0105cych NSZZ \u201cSolidarno\u015b\u0107\u201d<\/strong>, znajduj\u0105cych si\u0119 w zbiorach Wojew\u00f3dzkiej Biblioteki Publicznej im. H. \u0141opaci\u0144skiego (252 poz.) oraz <strong>wykazu artyku\u0142\u00f3w prasowych, dotycz\u0105cych NSZZ \u201cSolidarno\u015b\u0107\u201d na Lubelszczy\u017anie<\/strong>, dost\u0119pnych w Wojew\u00f3dzkiej Bibliotece Publicznej im. H. \u0141opaci\u0144skiego (164 poz.).<\/p>\n<p>Wykaz obejmuje materia\u0142y wprowadzone do zbior\u00f3w naszej Ksi\u0105\u017cnicy do ko\u0144ca pierwszego kwarta\u0142u 2005 r.<\/p>\n<p>Wykaz przygotowa\u0142a Marta Tomasik \u2013 pracownik <a href=\"http:\/\/212.182.106.58\/wbp\/index.php?option=com_content&amp;view=article&amp;id=53&amp;Itemid=106\">Dzia\u0142u Informacji i Promocji<\/a> WBP im. H. \u0141opaci\u0144skiego.<\/p>\n<p>&#160;<\/p>\n<p><strong>&#8211; <\/strong><a class=\"doclink\" href=\"http:\/\/wbp.lublin.pl\/index.php\/2009\/10\/16\/katalogi-kartkowe__trashed\/\">Wykaz publikacji ksi\u0105\u017ckowych dotycz\u0105cych NSZZ \u201cSolidarno\u015b\u0107\u201d (<span class=\"small\">PDF, 140.77 kB<\/span>)<\/a><\/p>\n<p><strong>&#8211; <\/strong><a class=\"doclink\" href=\"index.php?option=com_docman&amp;task=doc_download&amp;gid=52&amp;Itemid=259\">Wykaz artyku\u0142\u00f3w prasowych dotycz\u0105cych NSZZ \u201cSolidarno\u015b\u0107\u201d na Lubelszczy\u017anie (<span class=\"small\">PDF, 141.25 kB<\/span>)<\/a><\/p>\n","protected":false},"excerpt":{"rendered":"<p>Zapraszamy do skorzystania z wykazu publikacji ksi\u0105\u017ckowych dotycz\u0105cych NSZZ \u201cSolidarno\u015b\u0107\u201d, znajduj\u0105cych si\u0119 w zbiorach Wojew\u00f3dzkiej Biblioteki Publicznej im. H. \u0141opaci\u0144skiego (252 poz.) oraz wykazu artyku\u0142\u00f3w prasowych, dotycz\u0105cych NSZZ \u201cSolidarno\u015b\u0107\u201d na [&hellip;]<\/p>\n","protected":false},"author":18,"featured_media":0,"comment_status":"open","ping_status":"open","sticky":false,"template":"","format":"standard","meta":{"_tec_requires_first_save":true,"_crdt_document":"","pgc_sgb_lightbox_settings":"","_EventAllDay":false,"_EventTimezone":"","_EventStartDate":"","_EventEndDate":"","_EventStartDateUTC":"","_EventEndDateUTC":"","_EventShowMap":false,"_EventShowMapLink":false,"_EventURL":"","_EventCost":"","_EventCostDescription":"","_EventCurrencySymbol":"","_EventCurrencyCode":"","_EventCurrencyPosition":"","_EventDateTimeSeparator":"","_EventTimeRangeSeparator":"","_EventOrganizerID":[],"_EventVenueID":[],"_OrganizerEmail":"","_OrganizerPhone":"","_OrganizerWebsite":"","_VenueAddress":"","_VenueCity":"","_VenueCountry":"","_VenueProvince":"","_VenueState":"","_VenueZip":"","_VenuePhone":"","_VenueURL":"","_VenueStateProvince":"","_VenueLat":"","_VenueLng":"","_VenueShowMap":false,"_VenueShowMapLink":false,"_tribe_blocks_recurrence_rules":"","_tribe_blocks_recurrence_description":"","_tribe_blocks_recurrence_exclusions":"","footnotes":""},"categories":[67],"tags":[],"class_list":["post-225","post","type-post","status-publish","format-standard","hentry","category-publikacje-elektroniczne"],"publishpress_future_action":{"enabled":false,"date":"2026-05-07 08:09:51","action":"change-status","newStatus":"draft","terms":[],"taxonomy":"category","extraData":[]},"publishpress_future_workflow_manual_trigger":{"enabledWorkflows":[]},"_links":{"self":[{"href":"https:\/\/wbp.lublin.pl\/index.php\/wp-json\/wp\/v2\/posts\/225","targetHints":{"allow":["GET"]}}],"collection":[{"href":"https:\/\/wbp.lublin.pl\/index.php\/wp-json\/wp\/v2\/posts"}],"about":[{"href":"https:\/\/wbp.lublin.pl\/index.php\/wp-json\/wp\/v2\/types\/post"}],"author":[{"embeddable":true,"href":"https:\/\/wbp.lublin.pl\/index.php\/wp-json\/wp\/v2\/users\/18"}],"replies":[{"embeddable":true,"href":"https:\/\/wbp.lublin.pl\/index.php\/wp-json\/wp\/v2\/comments?post=225"}],"version-history":[{"count":2,"href":"https:\/\/wbp.lublin.pl\/index.php\/wp-json\/wp\/v2\/posts\/225\/revisions"}],"predecessor-version":[{"id":14050,"href":"https:\/\/wbp.lublin.pl\/index.php\/wp-json\/wp\/v2\/posts\/225\/revisions\/14050"}],"wp:attachment":[{"href":"https:\/\/wbp.lublin.pl\/index.php\/wp-json\/wp\/v2\/media?parent=225"}],"wp:term":[{"taxonomy":"category","embeddable":true,"href":"https:\/\/wbp.lublin.pl\/index.php\/wp-json\/wp\/v2\/categories?post=225"},{"taxonomy":"post_tag","embeddable":true,"href":"https:\/\/wbp.lublin.pl\/index.php\/wp-json\/wp\/v2\/tags?post=225"}],"curies":[{"name":"wp","href":"https:\/\/api.w.org\/{rel}","templated":true}]}}