{"id":22742,"date":"2019-10-15T14:54:57","date_gmt":"2019-10-15T12:54:57","guid":{"rendered":"https:\/\/wbp.lublin.pl\/?p=22742"},"modified":"2019-10-15T14:54:57","modified_gmt":"2019-10-15T12:54:57","slug":"promocja-ksiazki-ks-rafala-jakuba-pastwy-zrost-w-obiektywie","status":"publish","type":"post","link":"https:\/\/wbp.lublin.pl\/index.php\/2019\/10\/15\/promocja-ksiazki-ks-rafala-jakuba-pastwy-zrost-w-obiektywie\/","title":{"rendered":"Promocja ksi\u0105\u017cki ks. Rafa\u0142a Jakuba Pastwy &#8222;Zrost&#8221; w obiektywie"},"content":{"rendered":"<p><!--more--><\/p>\n<p>9 pa\u017adziernika 2019 r. w bibliotecznej ksi\u0119garni \u201eU Hieronima\u201d odby\u0142a si\u0119 promocja ksi\u0105\u017cki ks. Rafa\u0142a Jakuba Pastwy <strong><em>Zrost. S\u0142owami przedstawiony fragment mojego \u017cycia z wn\u0119trza Lublina. <\/em><\/strong>Projekt zosta\u0142 zrealizowany dzi\u0119ki wsparciu Miasta Lublin<\/p>\n<div id='gallery-1' class='gallery galleryid-22742 gallery-columns-3 gallery-size-thumbnail'><figure class='gallery-item'>\n\t\t\t<div class='gallery-icon portrait'>\n\t\t\t\t<a href='https:\/\/wbp.lublin.pl\/index.php\/2019\/10\/15\/promocja-ksiazki-ks-rafala-jakuba-pastwy-zrost-w-obiektywie\/1-116\/'><img loading=\"lazy\" decoding=\"async\" width=\"267\" height=\"400\" src=\"https:\/\/wbp.lublin.pl\/wp-content\/uploads\/2019\/10\/1-6-267x400.webp\" class=\"attachment-thumbnail size-thumbnail not-transparent\" alt=\"\" srcset=\"https:\/\/wbp.lublin.pl\/wp-content\/uploads\/2019\/10\/1-6-267x400.webp 267w, https:\/\/wbp.lublin.pl\/wp-content\/uploads\/2019\/10\/1-6-400x600.webp 400w, https:\/\/wbp.lublin.pl\/wp-content\/uploads\/2019\/10\/1-6-624x936.webp 624w, https:\/\/wbp.lublin.pl\/wp-content\/uploads\/2019\/10\/1-6.webp 720w\" sizes=\"auto, (max-width: 267px) 100vw, 267px\" data-has-transparency=\"false\" data-dominant-color=\"b08f78\" style=\"--dominant-color: #b08f78;\" \/><\/a>\n\t\t\t<\/div><\/figure><figure class='gallery-item'>\n\t\t\t<div class='gallery-icon landscape'>\n\t\t\t\t<a href='https:\/\/wbp.lublin.pl\/index.php\/2019\/10\/15\/promocja-ksiazki-ks-rafala-jakuba-pastwy-zrost-w-obiektywie\/3-103\/'><img loading=\"lazy\" decoding=\"async\" width=\"400\" height=\"267\" src=\"https:\/\/wbp.lublin.pl\/wp-content\/uploads\/2019\/10\/3-7-400x267.webp\" class=\"attachment-thumbnail size-thumbnail not-transparent\" alt=\"\" srcset=\"https:\/\/wbp.lublin.pl\/wp-content\/uploads\/2019\/10\/3-7-400x267.webp 400w, https:\/\/wbp.lublin.pl\/wp-content\/uploads\/2019\/10\/3-7-600x400.webp 600w, https:\/\/wbp.lublin.pl\/wp-content\/uploads\/2019\/10\/3-7-768x512.webp 768w, https:\/\/wbp.lublin.pl\/wp-content\/uploads\/2019\/10\/3-7-1536x1024.webp 1536w, https:\/\/wbp.lublin.pl\/wp-content\/uploads\/2019\/10\/3-7-947x631.webp 947w, https:\/\/wbp.lublin.pl\/wp-content\/uploads\/2019\/10\/3-7-624x416.webp 624w, https:\/\/wbp.lublin.pl\/wp-content\/uploads\/2019\/10\/3-7-84x56.webp 84w, https:\/\/wbp.lublin.pl\/wp-content\/uploads\/2019\/10\/3-7.webp 1620w\" sizes=\"auto, (max-width: 400px) 100vw, 400px\" data-has-transparency=\"false\" data-dominant-color=\"6f6d69\" style=\"--dominant-color: #6f6d69;\" \/><\/a>\n\t\t\t<\/div><\/figure><figure class='gallery-item'>\n\t\t\t<div class='gallery-icon landscape'>\n\t\t\t\t<a href='https:\/\/wbp.lublin.pl\/index.php\/2019\/10\/15\/promocja-ksiazki-ks-rafala-jakuba-pastwy-zrost-w-obiektywie\/5-108\/'><img loading=\"lazy\" decoding=\"async\" width=\"400\" height=\"267\" src=\"https:\/\/wbp.lublin.pl\/wp-content\/uploads\/2019\/10\/5-7-400x267.webp\" class=\"attachment-thumbnail size-thumbnail not-transparent\" alt=\"\" aria-describedby=\"gallery-1-22745\" srcset=\"https:\/\/wbp.lublin.pl\/wp-content\/uploads\/2019\/10\/5-7-400x267.webp 400w, https:\/\/wbp.lublin.pl\/wp-content\/uploads\/2019\/10\/5-7-600x400.webp 600w, https:\/\/wbp.lublin.pl\/wp-content\/uploads\/2019\/10\/5-7-768x512.webp 768w, https:\/\/wbp.lublin.pl\/wp-content\/uploads\/2019\/10\/5-7-1536x1024.webp 1536w, https:\/\/wbp.lublin.pl\/wp-content\/uploads\/2019\/10\/5-7-947x631.webp 947w, https:\/\/wbp.lublin.pl\/wp-content\/uploads\/2019\/10\/5-7-624x416.webp 624w, https:\/\/wbp.lublin.pl\/wp-content\/uploads\/2019\/10\/5-7-84x56.webp 84w, https:\/\/wbp.lublin.pl\/wp-content\/uploads\/2019\/10\/5-7.webp 1620w\" sizes=\"auto, (max-width: 400px) 100vw, 400px\" data-has-transparency=\"false\" data-dominant-color=\"897e6b\" style=\"--dominant-color: #897e6b;\" \/><\/a>\n\t\t\t<\/div>\n\t\t\t\t<figcaption class='wp-caption-text gallery-caption' id='gallery-1-22745'>\n\t\t\t\tGo\u015bci spotkania przywita\u0142a Katarzyna Wo\u0142oszyn \u2013 Kierownik Ksi\u0119garni \u201eU Hieronima\u201d\u2026\n\t\t\t\t<\/figcaption><\/figure><figure class='gallery-item'>\n\t\t\t<div class='gallery-icon landscape'>\n\t\t\t\t<a href='https:\/\/wbp.lublin.pl\/index.php\/2019\/10\/15\/promocja-ksiazki-ks-rafala-jakuba-pastwy-zrost-w-obiektywie\/7-106\/'><img loading=\"lazy\" decoding=\"async\" width=\"400\" height=\"359\" src=\"https:\/\/wbp.lublin.pl\/wp-content\/uploads\/2019\/10\/7-400x359.webp\" class=\"attachment-thumbnail size-thumbnail not-transparent\" alt=\"\" aria-describedby=\"gallery-1-22746\" srcset=\"https:\/\/wbp.lublin.pl\/wp-content\/uploads\/2019\/10\/7-400x359.webp 400w, https:\/\/wbp.lublin.pl\/wp-content\/uploads\/2019\/10\/7-600x538.webp 600w, https:\/\/wbp.lublin.pl\/wp-content\/uploads\/2019\/10\/7-768x688.webp 768w, https:\/\/wbp.lublin.pl\/wp-content\/uploads\/2019\/10\/7-947x849.webp 947w, https:\/\/wbp.lublin.pl\/wp-content\/uploads\/2019\/10\/7-624x559.webp 624w, https:\/\/wbp.lublin.pl\/wp-content\/uploads\/2019\/10\/7.webp 1205w\" sizes=\"auto, (max-width: 400px) 100vw, 400px\" data-has-transparency=\"false\" data-dominant-color=\"a09787\" style=\"--dominant-color: #a09787;\" \/><\/a>\n\t\t\t<\/div>\n\t\t\t\t<figcaption class='wp-caption-text gallery-caption' id='gallery-1-22746'>\n\t\t\t\t\u2026oraz dr Grzegorz Figiel \u2013 Zast\u0119pca Dyrektora WBP ds. Merytorycznych \n\t\t\t\t<\/figcaption><\/figure><figure class='gallery-item'>\n\t\t\t<div class='gallery-icon landscape'>\n\t\t\t\t<a href='https:\/\/wbp.lublin.pl\/index.php\/2019\/10\/15\/promocja-ksiazki-ks-rafala-jakuba-pastwy-zrost-w-obiektywie\/8-103\/'><img loading=\"lazy\" decoding=\"async\" width=\"400\" height=\"267\" src=\"https:\/\/wbp.lublin.pl\/wp-content\/uploads\/2019\/10\/8-4-400x267.webp\" class=\"attachment-thumbnail size-thumbnail not-transparent\" alt=\"\" srcset=\"https:\/\/wbp.lublin.pl\/wp-content\/uploads\/2019\/10\/8-4-400x267.webp 400w, https:\/\/wbp.lublin.pl\/wp-content\/uploads\/2019\/10\/8-4-600x400.webp 600w, https:\/\/wbp.lublin.pl\/wp-content\/uploads\/2019\/10\/8-4-768x512.webp 768w, https:\/\/wbp.lublin.pl\/wp-content\/uploads\/2019\/10\/8-4-1536x1024.webp 1536w, https:\/\/wbp.lublin.pl\/wp-content\/uploads\/2019\/10\/8-4-947x631.webp 947w, https:\/\/wbp.lublin.pl\/wp-content\/uploads\/2019\/10\/8-4-624x416.webp 624w, https:\/\/wbp.lublin.pl\/wp-content\/uploads\/2019\/10\/8-4-84x56.webp 84w, https:\/\/wbp.lublin.pl\/wp-content\/uploads\/2019\/10\/8-4.webp 1620w\" sizes=\"auto, (max-width: 400px) 100vw, 400px\" data-has-transparency=\"false\" data-dominant-color=\"907b68\" style=\"--dominant-color: #907b68;\" \/><\/a>\n\t\t\t<\/div><\/figure><figure class='gallery-item'>\n\t\t\t<div class='gallery-icon landscape'>\n\t\t\t\t<a href='https:\/\/wbp.lublin.pl\/index.php\/2019\/10\/15\/promocja-ksiazki-ks-rafala-jakuba-pastwy-zrost-w-obiektywie\/9-96\/'><img loading=\"lazy\" decoding=\"async\" width=\"400\" height=\"267\" src=\"https:\/\/wbp.lublin.pl\/wp-content\/uploads\/2019\/10\/9-400x267.webp\" class=\"attachment-thumbnail size-thumbnail not-transparent\" alt=\"\" aria-describedby=\"gallery-1-22748\" srcset=\"https:\/\/wbp.lublin.pl\/wp-content\/uploads\/2019\/10\/9-400x267.webp 400w, https:\/\/wbp.lublin.pl\/wp-content\/uploads\/2019\/10\/9-600x400.webp 600w, https:\/\/wbp.lublin.pl\/wp-content\/uploads\/2019\/10\/9-768x512.webp 768w, https:\/\/wbp.lublin.pl\/wp-content\/uploads\/2019\/10\/9-1536x1024.webp 1536w, https:\/\/wbp.lublin.pl\/wp-content\/uploads\/2019\/10\/9-947x631.webp 947w, https:\/\/wbp.lublin.pl\/wp-content\/uploads\/2019\/10\/9-624x416.webp 624w, https:\/\/wbp.lublin.pl\/wp-content\/uploads\/2019\/10\/9-84x56.webp 84w, https:\/\/wbp.lublin.pl\/wp-content\/uploads\/2019\/10\/9.webp 1620w\" sizes=\"auto, (max-width: 400px) 100vw, 400px\" data-has-transparency=\"false\" data-dominant-color=\"968a7e\" style=\"--dominant-color: #968a7e;\" \/><\/a>\n\t\t\t<\/div>\n\t\t\t\t<figcaption class='wp-caption-text gallery-caption' id='gallery-1-22748'>\n\t\t\t\tMicha\u0142 Krawczyk \u2013 Radny Rady Miasta Lublin \u2013 wr\u0119czy\u0142 ks. Rafa\u0142owi Pastwie Medal Unii Lubelskiej\n\t\t\t\t<\/figcaption><\/figure><figure class='gallery-item'>\n\t\t\t<div class='gallery-icon landscape'>\n\t\t\t\t<a href='https:\/\/wbp.lublin.pl\/index.php\/2019\/10\/15\/promocja-ksiazki-ks-rafala-jakuba-pastwy-zrost-w-obiektywie\/10-101\/'><img loading=\"lazy\" decoding=\"async\" width=\"400\" height=\"267\" src=\"https:\/\/wbp.lublin.pl\/wp-content\/uploads\/2019\/10\/10-5-400x267.webp\" class=\"attachment-thumbnail size-thumbnail not-transparent\" alt=\"\" srcset=\"https:\/\/wbp.lublin.pl\/wp-content\/uploads\/2019\/10\/10-5-400x267.webp 400w, https:\/\/wbp.lublin.pl\/wp-content\/uploads\/2019\/10\/10-5-600x400.webp 600w, https:\/\/wbp.lublin.pl\/wp-content\/uploads\/2019\/10\/10-5-768x512.webp 768w, https:\/\/wbp.lublin.pl\/wp-content\/uploads\/2019\/10\/10-5-1536x1024.webp 1536w, https:\/\/wbp.lublin.pl\/wp-content\/uploads\/2019\/10\/10-5-947x631.webp 947w, https:\/\/wbp.lublin.pl\/wp-content\/uploads\/2019\/10\/10-5-624x416.webp 624w, https:\/\/wbp.lublin.pl\/wp-content\/uploads\/2019\/10\/10-5-84x56.webp 84w, https:\/\/wbp.lublin.pl\/wp-content\/uploads\/2019\/10\/10-5.webp 1620w\" sizes=\"auto, (max-width: 400px) 100vw, 400px\" data-has-transparency=\"false\" data-dominant-color=\"8f8275\" style=\"--dominant-color: #8f8275;\" \/><\/a>\n\t\t\t<\/div><\/figure><figure class='gallery-item'>\n\t\t\t<div class='gallery-icon landscape'>\n\t\t\t\t<a href='https:\/\/wbp.lublin.pl\/index.php\/2019\/10\/15\/promocja-ksiazki-ks-rafala-jakuba-pastwy-zrost-w-obiektywie\/13-91\/'><img loading=\"lazy\" decoding=\"async\" width=\"400\" height=\"267\" src=\"https:\/\/wbp.lublin.pl\/wp-content\/uploads\/2019\/10\/13-4-400x267.webp\" class=\"attachment-thumbnail size-thumbnail not-transparent\" alt=\"\" srcset=\"https:\/\/wbp.lublin.pl\/wp-content\/uploads\/2019\/10\/13-4-400x267.webp 400w, https:\/\/wbp.lublin.pl\/wp-content\/uploads\/2019\/10\/13-4-600x400.webp 600w, https:\/\/wbp.lublin.pl\/wp-content\/uploads\/2019\/10\/13-4-768x512.webp 768w, https:\/\/wbp.lublin.pl\/wp-content\/uploads\/2019\/10\/13-4-1536x1024.webp 1536w, https:\/\/wbp.lublin.pl\/wp-content\/uploads\/2019\/10\/13-4-947x631.webp 947w, https:\/\/wbp.lublin.pl\/wp-content\/uploads\/2019\/10\/13-4-624x416.webp 624w, https:\/\/wbp.lublin.pl\/wp-content\/uploads\/2019\/10\/13-4-84x56.webp 84w, https:\/\/wbp.lublin.pl\/wp-content\/uploads\/2019\/10\/13-4.webp 1620w\" sizes=\"auto, (max-width: 400px) 100vw, 400px\" data-has-transparency=\"false\" data-dominant-color=\"8c7c66\" style=\"--dominant-color: #8c7c66;\" \/><\/a>\n\t\t\t<\/div><\/figure><figure class='gallery-item'>\n\t\t\t<div class='gallery-icon portrait'>\n\t\t\t\t<a href='https:\/\/wbp.lublin.pl\/index.php\/2019\/10\/15\/promocja-ksiazki-ks-rafala-jakuba-pastwy-zrost-w-obiektywie\/14-94\/'><img loading=\"lazy\" decoding=\"async\" width=\"267\" height=\"400\" src=\"https:\/\/wbp.lublin.pl\/wp-content\/uploads\/2019\/10\/14-3-267x400.webp\" class=\"attachment-thumbnail size-thumbnail not-transparent\" alt=\"\" aria-describedby=\"gallery-1-22751\" srcset=\"https:\/\/wbp.lublin.pl\/wp-content\/uploads\/2019\/10\/14-3-267x400.webp 267w, https:\/\/wbp.lublin.pl\/wp-content\/uploads\/2019\/10\/14-3-400x600.webp 400w, https:\/\/wbp.lublin.pl\/wp-content\/uploads\/2019\/10\/14-3-624x936.webp 624w, https:\/\/wbp.lublin.pl\/wp-content\/uploads\/2019\/10\/14-3.webp 720w\" sizes=\"auto, (max-width: 267px) 100vw, 267px\" data-has-transparency=\"false\" data-dominant-color=\"94836f\" style=\"--dominant-color: #94836f;\" \/><\/a>\n\t\t\t<\/div>\n\t\t\t\t<figcaption class='wp-caption-text gallery-caption' id='gallery-1-22751'>\n\t\t\t\tKs. Rafa\u0142 Jakub Pastwa \n\t\t\t\t<\/figcaption><\/figure><figure class='gallery-item'>\n\t\t\t<div class='gallery-icon portrait'>\n\t\t\t\t<a href='https:\/\/wbp.lublin.pl\/index.php\/2019\/10\/15\/promocja-ksiazki-ks-rafala-jakuba-pastwy-zrost-w-obiektywie\/15-94\/'><img loading=\"lazy\" decoding=\"async\" width=\"267\" height=\"400\" src=\"https:\/\/wbp.lublin.pl\/wp-content\/uploads\/2019\/10\/15-4-267x400.webp\" class=\"attachment-thumbnail size-thumbnail not-transparent\" alt=\"\" srcset=\"https:\/\/wbp.lublin.pl\/wp-content\/uploads\/2019\/10\/15-4-267x400.webp 267w, https:\/\/wbp.lublin.pl\/wp-content\/uploads\/2019\/10\/15-4-400x600.webp 400w, https:\/\/wbp.lublin.pl\/wp-content\/uploads\/2019\/10\/15-4-624x936.webp 624w, https:\/\/wbp.lublin.pl\/wp-content\/uploads\/2019\/10\/15-4.webp 720w\" sizes=\"auto, (max-width: 267px) 100vw, 267px\" data-has-transparency=\"false\" data-dominant-color=\"a59380\" style=\"--dominant-color: #a59380;\" \/><\/a>\n\t\t\t<\/div><\/figure><figure class='gallery-item'>\n\t\t\t<div class='gallery-icon portrait'>\n\t\t\t\t<a href='https:\/\/wbp.lublin.pl\/index.php\/2019\/10\/15\/promocja-ksiazki-ks-rafala-jakuba-pastwy-zrost-w-obiektywie\/16-90\/'><img loading=\"lazy\" decoding=\"async\" width=\"267\" height=\"400\" src=\"https:\/\/wbp.lublin.pl\/wp-content\/uploads\/2019\/10\/16-4-e1571143974586-267x400.webp\" class=\"attachment-thumbnail size-thumbnail not-transparent\" alt=\"\" srcset=\"https:\/\/wbp.lublin.pl\/wp-content\/uploads\/2019\/10\/16-4-e1571143974586-267x400.webp 267w, https:\/\/wbp.lublin.pl\/wp-content\/uploads\/2019\/10\/16-4-e1571143974586-400x600.webp 400w, https:\/\/wbp.lublin.pl\/wp-content\/uploads\/2019\/10\/16-4-e1571143974586-624x936.webp 624w, https:\/\/wbp.lublin.pl\/wp-content\/uploads\/2019\/10\/16-4-e1571143974586.webp 720w\" sizes=\"auto, (max-width: 267px) 100vw, 267px\" data-has-transparency=\"false\" data-dominant-color=\"998870\" style=\"--dominant-color: #998870;\" \/><\/a>\n\t\t\t<\/div><\/figure><figure class='gallery-item'>\n\t\t\t<div class='gallery-icon landscape'>\n\t\t\t\t<a href='https:\/\/wbp.lublin.pl\/index.php\/2019\/10\/15\/promocja-ksiazki-ks-rafala-jakuba-pastwy-zrost-w-obiektywie\/18-84\/'><img loading=\"lazy\" decoding=\"async\" width=\"400\" height=\"267\" src=\"https:\/\/wbp.lublin.pl\/wp-content\/uploads\/2019\/10\/18-4-jpg-avif-400x267.jpg\" class=\"attachment-thumbnail size-thumbnail not-transparent\" alt=\"\" aria-describedby=\"gallery-1-22754\" srcset=\"https:\/\/wbp.lublin.pl\/wp-content\/uploads\/2019\/10\/18-4-jpg-avif-400x267.jpg 400w, https:\/\/wbp.lublin.pl\/wp-content\/uploads\/2019\/10\/18-4-jpg-avif-600x400.jpg 600w, https:\/\/wbp.lublin.pl\/wp-content\/uploads\/2019\/10\/18-4-jpg-avif-768x512.jpg 768w, https:\/\/wbp.lublin.pl\/wp-content\/uploads\/2019\/10\/18-4-jpg-avif-1536x1024.jpg 1536w, https:\/\/wbp.lublin.pl\/wp-content\/uploads\/2019\/10\/18-4-jpg-avif-947x631.jpg 947w, https:\/\/wbp.lublin.pl\/wp-content\/uploads\/2019\/10\/18-4-jpg-avif-624x416.jpg 624w, https:\/\/wbp.lublin.pl\/wp-content\/uploads\/2019\/10\/18-4-jpg-avif-84x56.jpg 84w, https:\/\/wbp.lublin.pl\/wp-content\/uploads\/2019\/10\/18-4-jpg-avif.avif 1620w\" sizes=\"auto, (max-width: 400px) 100vw, 400px\" data-has-transparency=\"false\" data-dominant-color=\"7c6b55\" style=\"--dominant-color: #7c6b55;\" \/><\/a>\n\t\t\t<\/div>\n\t\t\t\t<figcaption class='wp-caption-text gallery-caption' id='gallery-1-22754'>\n\t\t\t\tSpotkanie prowadzi\u0142a Ewa Hadrian \n\t\t\t\t<\/figcaption><\/figure><figure class='gallery-item'>\n\t\t\t<div class='gallery-icon portrait'>\n\t\t\t\t<a href='https:\/\/wbp.lublin.pl\/index.php\/2019\/10\/15\/promocja-ksiazki-ks-rafala-jakuba-pastwy-zrost-w-obiektywie\/20-80\/'><img loading=\"lazy\" decoding=\"async\" width=\"267\" height=\"400\" src=\"https:\/\/wbp.lublin.pl\/wp-content\/uploads\/2019\/10\/20-3-e1571143979640-267x400.webp\" class=\"attachment-thumbnail size-thumbnail not-transparent\" alt=\"\" srcset=\"https:\/\/wbp.lublin.pl\/wp-content\/uploads\/2019\/10\/20-3-e1571143979640-267x400.webp 267w, https:\/\/wbp.lublin.pl\/wp-content\/uploads\/2019\/10\/20-3-e1571143979640-400x600.webp 400w, https:\/\/wbp.lublin.pl\/wp-content\/uploads\/2019\/10\/20-3-e1571143979640-624x936.webp 624w, https:\/\/wbp.lublin.pl\/wp-content\/uploads\/2019\/10\/20-3-e1571143979640.webp 720w\" sizes=\"auto, (max-width: 267px) 100vw, 267px\" data-has-transparency=\"false\" data-dominant-color=\"937a64\" style=\"--dominant-color: #937a64;\" \/><\/a>\n\t\t\t<\/div><\/figure><figure class='gallery-item'>\n\t\t\t<div class='gallery-icon landscape'>\n\t\t\t\t<a href='https:\/\/wbp.lublin.pl\/index.php\/2019\/10\/15\/promocja-ksiazki-ks-rafala-jakuba-pastwy-zrost-w-obiektywie\/21-74\/'><img loading=\"lazy\" decoding=\"async\" width=\"400\" height=\"267\" src=\"https:\/\/wbp.lublin.pl\/wp-content\/uploads\/2019\/10\/21-3-400x267.webp\" class=\"attachment-thumbnail size-thumbnail not-transparent\" alt=\"\" srcset=\"https:\/\/wbp.lublin.pl\/wp-content\/uploads\/2019\/10\/21-3-400x267.webp 400w, https:\/\/wbp.lublin.pl\/wp-content\/uploads\/2019\/10\/21-3-600x400.webp 600w, https:\/\/wbp.lublin.pl\/wp-content\/uploads\/2019\/10\/21-3-768x512.webp 768w, https:\/\/wbp.lublin.pl\/wp-content\/uploads\/2019\/10\/21-3-1536x1024.webp 1536w, https:\/\/wbp.lublin.pl\/wp-content\/uploads\/2019\/10\/21-3-947x631.webp 947w, https:\/\/wbp.lublin.pl\/wp-content\/uploads\/2019\/10\/21-3-624x416.webp 624w, https:\/\/wbp.lublin.pl\/wp-content\/uploads\/2019\/10\/21-3-84x56.webp 84w, https:\/\/wbp.lublin.pl\/wp-content\/uploads\/2019\/10\/21-3.webp 1620w\" sizes=\"auto, (max-width: 400px) 100vw, 400px\" data-has-transparency=\"false\" data-dominant-color=\"837167\" style=\"--dominant-color: #837167;\" \/><\/a>\n\t\t\t<\/div><\/figure><figure class='gallery-item'>\n\t\t\t<div class='gallery-icon landscape'>\n\t\t\t\t<a href='https:\/\/wbp.lublin.pl\/index.php\/2019\/10\/15\/promocja-ksiazki-ks-rafala-jakuba-pastwy-zrost-w-obiektywie\/22-70\/'><img loading=\"lazy\" decoding=\"async\" width=\"400\" height=\"267\" src=\"https:\/\/wbp.lublin.pl\/wp-content\/uploads\/2019\/10\/22-3-400x267.webp\" class=\"attachment-thumbnail size-thumbnail not-transparent\" alt=\"\" srcset=\"https:\/\/wbp.lublin.pl\/wp-content\/uploads\/2019\/10\/22-3-400x267.webp 400w, https:\/\/wbp.lublin.pl\/wp-content\/uploads\/2019\/10\/22-3-600x400.webp 600w, https:\/\/wbp.lublin.pl\/wp-content\/uploads\/2019\/10\/22-3-768x512.webp 768w, https:\/\/wbp.lublin.pl\/wp-content\/uploads\/2019\/10\/22-3-1536x1024.webp 1536w, https:\/\/wbp.lublin.pl\/wp-content\/uploads\/2019\/10\/22-3-947x631.webp 947w, https:\/\/wbp.lublin.pl\/wp-content\/uploads\/2019\/10\/22-3-624x416.webp 624w, https:\/\/wbp.lublin.pl\/wp-content\/uploads\/2019\/10\/22-3-84x56.webp 84w, https:\/\/wbp.lublin.pl\/wp-content\/uploads\/2019\/10\/22-3.webp 1620w\" sizes=\"auto, (max-width: 400px) 100vw, 400px\" data-has-transparency=\"false\" data-dominant-color=\"766557\" style=\"--dominant-color: #766557;\" \/><\/a>\n\t\t\t<\/div><\/figure><figure class='gallery-item'>\n\t\t\t<div class='gallery-icon landscape'>\n\t\t\t\t<a href='https:\/\/wbp.lublin.pl\/index.php\/2019\/10\/15\/promocja-ksiazki-ks-rafala-jakuba-pastwy-zrost-w-obiektywie\/23-65\/'><img loading=\"lazy\" decoding=\"async\" width=\"400\" height=\"267\" src=\"https:\/\/wbp.lublin.pl\/wp-content\/uploads\/2019\/10\/23-2-400x267.webp\" class=\"attachment-thumbnail size-thumbnail not-transparent\" alt=\"\" srcset=\"https:\/\/wbp.lublin.pl\/wp-content\/uploads\/2019\/10\/23-2-400x267.webp 400w, https:\/\/wbp.lublin.pl\/wp-content\/uploads\/2019\/10\/23-2-600x400.webp 600w, https:\/\/wbp.lublin.pl\/wp-content\/uploads\/2019\/10\/23-2-768x512.webp 768w, https:\/\/wbp.lublin.pl\/wp-content\/uploads\/2019\/10\/23-2-1536x1024.webp 1536w, https:\/\/wbp.lublin.pl\/wp-content\/uploads\/2019\/10\/23-2-947x631.webp 947w, https:\/\/wbp.lublin.pl\/wp-content\/uploads\/2019\/10\/23-2-624x416.webp 624w, https:\/\/wbp.lublin.pl\/wp-content\/uploads\/2019\/10\/23-2-84x56.webp 84w, https:\/\/wbp.lublin.pl\/wp-content\/uploads\/2019\/10\/23-2.webp 1620w\" sizes=\"auto, (max-width: 400px) 100vw, 400px\" data-has-transparency=\"false\" data-dominant-color=\"86735d\" style=\"--dominant-color: #86735d;\" \/><\/a>\n\t\t\t<\/div><\/figure><figure class='gallery-item'>\n\t\t\t<div class='gallery-icon landscape'>\n\t\t\t\t<a href='https:\/\/wbp.lublin.pl\/index.php\/2019\/10\/15\/promocja-ksiazki-ks-rafala-jakuba-pastwy-zrost-w-obiektywie\/24-61\/'><img loading=\"lazy\" decoding=\"async\" width=\"400\" height=\"267\" src=\"https:\/\/wbp.lublin.pl\/wp-content\/uploads\/2019\/10\/24-2-400x267.webp\" class=\"attachment-thumbnail size-thumbnail not-transparent\" alt=\"\" srcset=\"https:\/\/wbp.lublin.pl\/wp-content\/uploads\/2019\/10\/24-2-400x267.webp 400w, https:\/\/wbp.lublin.pl\/wp-content\/uploads\/2019\/10\/24-2-600x400.webp 600w, https:\/\/wbp.lublin.pl\/wp-content\/uploads\/2019\/10\/24-2-768x512.webp 768w, https:\/\/wbp.lublin.pl\/wp-content\/uploads\/2019\/10\/24-2-1536x1024.webp 1536w, https:\/\/wbp.lublin.pl\/wp-content\/uploads\/2019\/10\/24-2-947x631.webp 947w, https:\/\/wbp.lublin.pl\/wp-content\/uploads\/2019\/10\/24-2-624x416.webp 624w, https:\/\/wbp.lublin.pl\/wp-content\/uploads\/2019\/10\/24-2-84x56.webp 84w, https:\/\/wbp.lublin.pl\/wp-content\/uploads\/2019\/10\/24-2.webp 1620w\" sizes=\"auto, (max-width: 400px) 100vw, 400px\" data-has-transparency=\"false\" data-dominant-color=\"9c8876\" style=\"--dominant-color: #9c8876;\" \/><\/a>\n\t\t\t<\/div><\/figure><figure class='gallery-item'>\n\t\t\t<div class='gallery-icon landscape'>\n\t\t\t\t<a href='https:\/\/wbp.lublin.pl\/index.php\/2019\/10\/15\/promocja-ksiazki-ks-rafala-jakuba-pastwy-zrost-w-obiektywie\/25-65\/'><img loading=\"lazy\" decoding=\"async\" width=\"400\" height=\"267\" src=\"https:\/\/wbp.lublin.pl\/wp-content\/uploads\/2019\/10\/25-2-400x267.webp\" class=\"attachment-thumbnail size-thumbnail not-transparent\" alt=\"\" srcset=\"https:\/\/wbp.lublin.pl\/wp-content\/uploads\/2019\/10\/25-2-400x267.webp 400w, https:\/\/wbp.lublin.pl\/wp-content\/uploads\/2019\/10\/25-2-600x400.webp 600w, https:\/\/wbp.lublin.pl\/wp-content\/uploads\/2019\/10\/25-2-768x512.webp 768w, https:\/\/wbp.lublin.pl\/wp-content\/uploads\/2019\/10\/25-2-1536x1024.webp 1536w, https:\/\/wbp.lublin.pl\/wp-content\/uploads\/2019\/10\/25-2-947x631.webp 947w, https:\/\/wbp.lublin.pl\/wp-content\/uploads\/2019\/10\/25-2-624x416.webp 624w, https:\/\/wbp.lublin.pl\/wp-content\/uploads\/2019\/10\/25-2-84x56.webp 84w, https:\/\/wbp.lublin.pl\/wp-content\/uploads\/2019\/10\/25-2.webp 1620w\" sizes=\"auto, (max-width: 400px) 100vw, 400px\" data-has-transparency=\"false\" data-dominant-color=\"8a7966\" style=\"--dominant-color: #8a7966;\" \/><\/a>\n\t\t\t<\/div><\/figure><figure class='gallery-item'>\n\t\t\t<div class='gallery-icon landscape'>\n\t\t\t\t<a href='https:\/\/wbp.lublin.pl\/index.php\/2019\/10\/15\/promocja-ksiazki-ks-rafala-jakuba-pastwy-zrost-w-obiektywie\/26-62\/'><img loading=\"lazy\" decoding=\"async\" width=\"400\" height=\"267\" src=\"https:\/\/wbp.lublin.pl\/wp-content\/uploads\/2019\/10\/26-2-400x267.webp\" class=\"attachment-thumbnail size-thumbnail not-transparent\" alt=\"\" srcset=\"https:\/\/wbp.lublin.pl\/wp-content\/uploads\/2019\/10\/26-2-400x267.webp 400w, https:\/\/wbp.lublin.pl\/wp-content\/uploads\/2019\/10\/26-2-600x400.webp 600w, https:\/\/wbp.lublin.pl\/wp-content\/uploads\/2019\/10\/26-2-768x512.webp 768w, https:\/\/wbp.lublin.pl\/wp-content\/uploads\/2019\/10\/26-2-1536x1024.webp 1536w, https:\/\/wbp.lublin.pl\/wp-content\/uploads\/2019\/10\/26-2-947x631.webp 947w, https:\/\/wbp.lublin.pl\/wp-content\/uploads\/2019\/10\/26-2-624x416.webp 624w, https:\/\/wbp.lublin.pl\/wp-content\/uploads\/2019\/10\/26-2-84x56.webp 84w, https:\/\/wbp.lublin.pl\/wp-content\/uploads\/2019\/10\/26-2.webp 1620w\" sizes=\"auto, (max-width: 400px) 100vw, 400px\" data-has-transparency=\"false\" data-dominant-color=\"9a8774\" style=\"--dominant-color: #9a8774;\" \/><\/a>\n\t\t\t<\/div><\/figure><figure class='gallery-item'>\n\t\t\t<div class='gallery-icon landscape'>\n\t\t\t\t<a href='https:\/\/wbp.lublin.pl\/index.php\/2019\/10\/15\/promocja-ksiazki-ks-rafala-jakuba-pastwy-zrost-w-obiektywie\/27-62\/'><img loading=\"lazy\" decoding=\"async\" width=\"400\" height=\"267\" src=\"https:\/\/wbp.lublin.pl\/wp-content\/uploads\/2019\/10\/27-2-400x267.webp\" class=\"attachment-thumbnail size-thumbnail not-transparent\" alt=\"\" srcset=\"https:\/\/wbp.lublin.pl\/wp-content\/uploads\/2019\/10\/27-2-400x267.webp 400w, https:\/\/wbp.lublin.pl\/wp-content\/uploads\/2019\/10\/27-2-600x400.webp 600w, https:\/\/wbp.lublin.pl\/wp-content\/uploads\/2019\/10\/27-2-768x512.webp 768w, https:\/\/wbp.lublin.pl\/wp-content\/uploads\/2019\/10\/27-2-1536x1024.webp 1536w, https:\/\/wbp.lublin.pl\/wp-content\/uploads\/2019\/10\/27-2-947x631.webp 947w, https:\/\/wbp.lublin.pl\/wp-content\/uploads\/2019\/10\/27-2-624x416.webp 624w, https:\/\/wbp.lublin.pl\/wp-content\/uploads\/2019\/10\/27-2-84x56.webp 84w, https:\/\/wbp.lublin.pl\/wp-content\/uploads\/2019\/10\/27-2.webp 1620w\" sizes=\"auto, (max-width: 400px) 100vw, 400px\" data-has-transparency=\"false\" data-dominant-color=\"897764\" style=\"--dominant-color: #897764;\" \/><\/a>\n\t\t\t<\/div><\/figure><figure class='gallery-item'>\n\t\t\t<div class='gallery-icon landscape'>\n\t\t\t\t<a href='https:\/\/wbp.lublin.pl\/index.php\/2019\/10\/15\/promocja-ksiazki-ks-rafala-jakuba-pastwy-zrost-w-obiektywie\/28-57\/'><img loading=\"lazy\" decoding=\"async\" width=\"400\" height=\"267\" src=\"https:\/\/wbp.lublin.pl\/wp-content\/uploads\/2019\/10\/28-2-400x267.webp\" class=\"attachment-thumbnail size-thumbnail not-transparent\" alt=\"\" srcset=\"https:\/\/wbp.lublin.pl\/wp-content\/uploads\/2019\/10\/28-2-400x267.webp 400w, https:\/\/wbp.lublin.pl\/wp-content\/uploads\/2019\/10\/28-2-600x400.webp 600w, https:\/\/wbp.lublin.pl\/wp-content\/uploads\/2019\/10\/28-2-768x512.webp 768w, https:\/\/wbp.lublin.pl\/wp-content\/uploads\/2019\/10\/28-2-1536x1024.webp 1536w, https:\/\/wbp.lublin.pl\/wp-content\/uploads\/2019\/10\/28-2-947x631.webp 947w, https:\/\/wbp.lublin.pl\/wp-content\/uploads\/2019\/10\/28-2-624x416.webp 624w, https:\/\/wbp.lublin.pl\/wp-content\/uploads\/2019\/10\/28-2-84x56.webp 84w, https:\/\/wbp.lublin.pl\/wp-content\/uploads\/2019\/10\/28-2.webp 1620w\" sizes=\"auto, (max-width: 400px) 100vw, 400px\" data-has-transparency=\"false\" data-dominant-color=\"5e5240\" style=\"--dominant-color: #5e5240;\" \/><\/a>\n\t\t\t<\/div><\/figure><figure class='gallery-item'>\n\t\t\t<div class='gallery-icon landscape'>\n\t\t\t\t<a href='https:\/\/wbp.lublin.pl\/index.php\/2019\/10\/15\/promocja-ksiazki-ks-rafala-jakuba-pastwy-zrost-w-obiektywie\/28a-2\/'><img loading=\"lazy\" decoding=\"async\" width=\"400\" height=\"213\" src=\"https:\/\/wbp.lublin.pl\/wp-content\/uploads\/2019\/10\/28a-400x213.webp\" class=\"attachment-thumbnail size-thumbnail not-transparent\" alt=\"\" srcset=\"https:\/\/wbp.lublin.pl\/wp-content\/uploads\/2019\/10\/28a-400x213.webp 400w, https:\/\/wbp.lublin.pl\/wp-content\/uploads\/2019\/10\/28a-600x319.webp 600w, https:\/\/wbp.lublin.pl\/wp-content\/uploads\/2019\/10\/28a-768x408.webp 768w, https:\/\/wbp.lublin.pl\/wp-content\/uploads\/2019\/10\/28a-1536x817.webp 1536w, https:\/\/wbp.lublin.pl\/wp-content\/uploads\/2019\/10\/28a-947x504.webp 947w, https:\/\/wbp.lublin.pl\/wp-content\/uploads\/2019\/10\/28a-624x332.webp 624w, https:\/\/wbp.lublin.pl\/wp-content\/uploads\/2019\/10\/28a.webp 1920w\" sizes=\"auto, (max-width: 400px) 100vw, 400px\" data-has-transparency=\"false\" data-dominant-color=\"877264\" style=\"--dominant-color: #877264;\" \/><\/a>\n\t\t\t<\/div><\/figure><figure class='gallery-item'>\n\t\t\t<div class='gallery-icon landscape'>\n\t\t\t\t<a href='https:\/\/wbp.lublin.pl\/index.php\/2019\/10\/15\/promocja-ksiazki-ks-rafala-jakuba-pastwy-zrost-w-obiektywie\/29-56\/'><img loading=\"lazy\" decoding=\"async\" width=\"400\" height=\"267\" src=\"https:\/\/wbp.lublin.pl\/wp-content\/uploads\/2019\/10\/29-2-400x267.webp\" class=\"attachment-thumbnail size-thumbnail not-transparent\" alt=\"\" srcset=\"https:\/\/wbp.lublin.pl\/wp-content\/uploads\/2019\/10\/29-2-400x267.webp 400w, https:\/\/wbp.lublin.pl\/wp-content\/uploads\/2019\/10\/29-2-600x400.webp 600w, https:\/\/wbp.lublin.pl\/wp-content\/uploads\/2019\/10\/29-2-768x512.webp 768w, https:\/\/wbp.lublin.pl\/wp-content\/uploads\/2019\/10\/29-2-1536x1024.webp 1536w, https:\/\/wbp.lublin.pl\/wp-content\/uploads\/2019\/10\/29-2-947x631.webp 947w, https:\/\/wbp.lublin.pl\/wp-content\/uploads\/2019\/10\/29-2-624x416.webp 624w, https:\/\/wbp.lublin.pl\/wp-content\/uploads\/2019\/10\/29-2-84x56.webp 84w, https:\/\/wbp.lublin.pl\/wp-content\/uploads\/2019\/10\/29-2.webp 1620w\" sizes=\"auto, (max-width: 400px) 100vw, 400px\" data-has-transparency=\"false\" data-dominant-color=\"6e5d4f\" style=\"--dominant-color: #6e5d4f;\" \/><\/a>\n\t\t\t<\/div><\/figure><figure class='gallery-item'>\n\t\t\t<div class='gallery-icon landscape'>\n\t\t\t\t<a href='https:\/\/wbp.lublin.pl\/index.php\/2019\/10\/15\/promocja-ksiazki-ks-rafala-jakuba-pastwy-zrost-w-obiektywie\/30-57\/'><img loading=\"lazy\" decoding=\"async\" width=\"400\" height=\"267\" src=\"https:\/\/wbp.lublin.pl\/wp-content\/uploads\/2019\/10\/30-2-400x267.webp\" class=\"attachment-thumbnail size-thumbnail not-transparent\" alt=\"\" srcset=\"https:\/\/wbp.lublin.pl\/wp-content\/uploads\/2019\/10\/30-2-400x267.webp 400w, https:\/\/wbp.lublin.pl\/wp-content\/uploads\/2019\/10\/30-2-600x400.webp 600w, https:\/\/wbp.lublin.pl\/wp-content\/uploads\/2019\/10\/30-2-768x512.webp 768w, https:\/\/wbp.lublin.pl\/wp-content\/uploads\/2019\/10\/30-2-1536x1024.webp 1536w, https:\/\/wbp.lublin.pl\/wp-content\/uploads\/2019\/10\/30-2-947x631.webp 947w, https:\/\/wbp.lublin.pl\/wp-content\/uploads\/2019\/10\/30-2-624x416.webp 624w, https:\/\/wbp.lublin.pl\/wp-content\/uploads\/2019\/10\/30-2-84x56.webp 84w, https:\/\/wbp.lublin.pl\/wp-content\/uploads\/2019\/10\/30-2.webp 1620w\" sizes=\"auto, (max-width: 400px) 100vw, 400px\" data-has-transparency=\"false\" data-dominant-color=\"59473e\" style=\"--dominant-color: #59473e;\" \/><\/a>\n\t\t\t<\/div><\/figure><figure class='gallery-item'>\n\t\t\t<div class='gallery-icon landscape'>\n\t\t\t\t<a href='https:\/\/wbp.lublin.pl\/index.php\/2019\/10\/15\/promocja-ksiazki-ks-rafala-jakuba-pastwy-zrost-w-obiektywie\/31-47\/'><img loading=\"lazy\" decoding=\"async\" width=\"400\" height=\"267\" src=\"https:\/\/wbp.lublin.pl\/wp-content\/uploads\/2019\/10\/31-2-400x267.webp\" class=\"attachment-thumbnail size-thumbnail not-transparent\" alt=\"\" srcset=\"https:\/\/wbp.lublin.pl\/wp-content\/uploads\/2019\/10\/31-2-400x267.webp 400w, https:\/\/wbp.lublin.pl\/wp-content\/uploads\/2019\/10\/31-2-600x400.webp 600w, https:\/\/wbp.lublin.pl\/wp-content\/uploads\/2019\/10\/31-2-768x512.webp 768w, https:\/\/wbp.lublin.pl\/wp-content\/uploads\/2019\/10\/31-2-1536x1024.webp 1536w, https:\/\/wbp.lublin.pl\/wp-content\/uploads\/2019\/10\/31-2-947x631.webp 947w, https:\/\/wbp.lublin.pl\/wp-content\/uploads\/2019\/10\/31-2-624x416.webp 624w, https:\/\/wbp.lublin.pl\/wp-content\/uploads\/2019\/10\/31-2-84x56.webp 84w, https:\/\/wbp.lublin.pl\/wp-content\/uploads\/2019\/10\/31-2.webp 1620w\" sizes=\"auto, (max-width: 400px) 100vw, 400px\" data-has-transparency=\"false\" data-dominant-color=\"59473a\" style=\"--dominant-color: #59473a;\" \/><\/a>\n\t\t\t<\/div><\/figure><figure class='gallery-item'>\n\t\t\t<div class='gallery-icon landscape'>\n\t\t\t\t<a href='https:\/\/wbp.lublin.pl\/index.php\/2019\/10\/15\/promocja-ksiazki-ks-rafala-jakuba-pastwy-zrost-w-obiektywie\/32-48\/'><img loading=\"lazy\" decoding=\"async\" width=\"400\" height=\"267\" src=\"https:\/\/wbp.lublin.pl\/wp-content\/uploads\/2019\/10\/32-2-400x267.webp\" class=\"attachment-thumbnail size-thumbnail not-transparent\" alt=\"\" srcset=\"https:\/\/wbp.lublin.pl\/wp-content\/uploads\/2019\/10\/32-2-400x267.webp 400w, https:\/\/wbp.lublin.pl\/wp-content\/uploads\/2019\/10\/32-2-600x400.webp 600w, https:\/\/wbp.lublin.pl\/wp-content\/uploads\/2019\/10\/32-2-768x512.webp 768w, https:\/\/wbp.lublin.pl\/wp-content\/uploads\/2019\/10\/32-2-1536x1024.webp 1536w, https:\/\/wbp.lublin.pl\/wp-content\/uploads\/2019\/10\/32-2-947x631.webp 947w, https:\/\/wbp.lublin.pl\/wp-content\/uploads\/2019\/10\/32-2-624x416.webp 624w, https:\/\/wbp.lublin.pl\/wp-content\/uploads\/2019\/10\/32-2-84x56.webp 84w, https:\/\/wbp.lublin.pl\/wp-content\/uploads\/2019\/10\/32-2.webp 1620w\" sizes=\"auto, (max-width: 400px) 100vw, 400px\" data-has-transparency=\"false\" data-dominant-color=\"544337\" style=\"--dominant-color: #544337;\" \/><\/a>\n\t\t\t<\/div><\/figure><figure class='gallery-item'>\n\t\t\t<div class='gallery-icon landscape'>\n\t\t\t\t<a href='https:\/\/wbp.lublin.pl\/index.php\/2019\/10\/15\/promocja-ksiazki-ks-rafala-jakuba-pastwy-zrost-w-obiektywie\/33-42\/'><img loading=\"lazy\" decoding=\"async\" width=\"400\" height=\"271\" src=\"https:\/\/wbp.lublin.pl\/wp-content\/uploads\/2019\/10\/33-400x271.webp\" class=\"attachment-thumbnail size-thumbnail not-transparent\" alt=\"\" srcset=\"https:\/\/wbp.lublin.pl\/wp-content\/uploads\/2019\/10\/33-400x271.webp 400w, https:\/\/wbp.lublin.pl\/wp-content\/uploads\/2019\/10\/33-600x406.webp 600w, https:\/\/wbp.lublin.pl\/wp-content\/uploads\/2019\/10\/33-768x519.webp 768w, https:\/\/wbp.lublin.pl\/wp-content\/uploads\/2019\/10\/33-1536x1039.webp 1536w, https:\/\/wbp.lublin.pl\/wp-content\/uploads\/2019\/10\/33-947x640.webp 947w, https:\/\/wbp.lublin.pl\/wp-content\/uploads\/2019\/10\/33-624x422.webp 624w, https:\/\/wbp.lublin.pl\/wp-content\/uploads\/2019\/10\/33-84x56.webp 84w, https:\/\/wbp.lublin.pl\/wp-content\/uploads\/2019\/10\/33.webp 1597w\" sizes=\"auto, (max-width: 400px) 100vw, 400px\" data-has-transparency=\"false\" data-dominant-color=\"7e7163\" style=\"--dominant-color: #7e7163;\" \/><\/a>\n\t\t\t<\/div><\/figure><figure class='gallery-item'>\n\t\t\t<div class='gallery-icon landscape'>\n\t\t\t\t<a href='https:\/\/wbp.lublin.pl\/index.php\/2019\/10\/15\/promocja-ksiazki-ks-rafala-jakuba-pastwy-zrost-w-obiektywie\/34-46\/'><img loading=\"lazy\" decoding=\"async\" width=\"400\" height=\"296\" src=\"https:\/\/wbp.lublin.pl\/wp-content\/uploads\/2019\/10\/34-400x296.webp\" class=\"attachment-thumbnail size-thumbnail not-transparent\" alt=\"\" srcset=\"https:\/\/wbp.lublin.pl\/wp-content\/uploads\/2019\/10\/34-400x296.webp 400w, https:\/\/wbp.lublin.pl\/wp-content\/uploads\/2019\/10\/34-600x445.webp 600w, https:\/\/wbp.lublin.pl\/wp-content\/uploads\/2019\/10\/34-768x569.webp 768w, https:\/\/wbp.lublin.pl\/wp-content\/uploads\/2019\/10\/34-947x702.webp 947w, https:\/\/wbp.lublin.pl\/wp-content\/uploads\/2019\/10\/34-624x463.webp 624w, https:\/\/wbp.lublin.pl\/wp-content\/uploads\/2019\/10\/34.webp 1457w\" sizes=\"auto, (max-width: 400px) 100vw, 400px\" data-has-transparency=\"false\" data-dominant-color=\"968b77\" style=\"--dominant-color: #968b77;\" \/><\/a>\n\t\t\t<\/div><\/figure><figure class='gallery-item'>\n\t\t\t<div class='gallery-icon landscape'>\n\t\t\t\t<a href='https:\/\/wbp.lublin.pl\/index.php\/2019\/10\/15\/promocja-ksiazki-ks-rafala-jakuba-pastwy-zrost-w-obiektywie\/35-38\/'><img loading=\"lazy\" decoding=\"async\" width=\"400\" height=\"267\" src=\"https:\/\/wbp.lublin.pl\/wp-content\/uploads\/2019\/10\/35-400x267.webp\" class=\"attachment-thumbnail size-thumbnail not-transparent\" alt=\"\" srcset=\"https:\/\/wbp.lublin.pl\/wp-content\/uploads\/2019\/10\/35-400x267.webp 400w, https:\/\/wbp.lublin.pl\/wp-content\/uploads\/2019\/10\/35-600x400.webp 600w, https:\/\/wbp.lublin.pl\/wp-content\/uploads\/2019\/10\/35-768x512.webp 768w, https:\/\/wbp.lublin.pl\/wp-content\/uploads\/2019\/10\/35-1536x1024.webp 1536w, https:\/\/wbp.lublin.pl\/wp-content\/uploads\/2019\/10\/35-947x631.webp 947w, https:\/\/wbp.lublin.pl\/wp-content\/uploads\/2019\/10\/35-624x416.webp 624w, https:\/\/wbp.lublin.pl\/wp-content\/uploads\/2019\/10\/35-84x56.webp 84w, https:\/\/wbp.lublin.pl\/wp-content\/uploads\/2019\/10\/35.webp 1620w\" sizes=\"auto, (max-width: 400px) 100vw, 400px\" data-has-transparency=\"false\" data-dominant-color=\"948c81\" style=\"--dominant-color: #948c81;\" \/><\/a>\n\t\t\t<\/div><\/figure><figure class='gallery-item'>\n\t\t\t<div class='gallery-icon landscape'>\n\t\t\t\t<a href='https:\/\/wbp.lublin.pl\/index.php\/2019\/10\/15\/promocja-ksiazki-ks-rafala-jakuba-pastwy-zrost-w-obiektywie\/36-43\/'><img loading=\"lazy\" decoding=\"async\" width=\"400\" height=\"276\" src=\"https:\/\/wbp.lublin.pl\/wp-content\/uploads\/2019\/10\/36-400x276.webp\" class=\"attachment-thumbnail size-thumbnail not-transparent\" alt=\"\" srcset=\"https:\/\/wbp.lublin.pl\/wp-content\/uploads\/2019\/10\/36-400x276.webp 400w, https:\/\/wbp.lublin.pl\/wp-content\/uploads\/2019\/10\/36-600x414.webp 600w, https:\/\/wbp.lublin.pl\/wp-content\/uploads\/2019\/10\/36-768x529.webp 768w, https:\/\/wbp.lublin.pl\/wp-content\/uploads\/2019\/10\/36-1536x1059.webp 1536w, https:\/\/wbp.lublin.pl\/wp-content\/uploads\/2019\/10\/36-947x653.webp 947w, https:\/\/wbp.lublin.pl\/wp-content\/uploads\/2019\/10\/36-624x430.webp 624w, https:\/\/wbp.lublin.pl\/wp-content\/uploads\/2019\/10\/36.webp 1567w\" sizes=\"auto, (max-width: 400px) 100vw, 400px\" data-has-transparency=\"false\" data-dominant-color=\"989188\" style=\"--dominant-color: #989188;\" \/><\/a>\n\t\t\t<\/div><\/figure>\n\t\t<\/div>\n\n<p><strong><em>Fot. D. Mo\u015bcibrodzka <\/em><\/strong><\/p>\n","protected":false},"excerpt":{"rendered":"","protected":false},"author":7,"featured_media":22754,"comment_status":"closed","ping_status":"closed","sticky":false,"template":"","format":"standard","meta":{"_tec_requires_first_save":true,"_crdt_document":"","pgc_sgb_lightbox_settings":"","_EventAllDay":false,"_EventTimezone":"","_EventStartDate":"","_EventEndDate":"","_EventStartDateUTC":"","_EventEndDateUTC":"","_EventShowMap":false,"_EventShowMapLink":false,"_EventURL":"","_EventCost":"","_EventCostDescription":"","_EventCurrencySymbol":"","_EventCurrencyCode":"","_EventCurrencyPosition":"","_EventDateTimeSeparator":"","_EventTimeRangeSeparator":"","_EventOrganizerID":[],"_EventVenueID":[],"_OrganizerEmail":"","_OrganizerPhone":"","_OrganizerWebsite":"","_VenueAddress":"","_VenueCity":"","_VenueCountry":"","_VenueProvince":"","_VenueState":"","_VenueZip":"","_VenuePhone":"","_VenueURL":"","_VenueStateProvince":"","_VenueLat":"","_VenueLng":"","_VenueShowMap":false,"_VenueShowMapLink":false,"_tribe_blocks_recurrence_rules":"","_tribe_blocks_recurrence_description":"","_tribe_blocks_recurrence_exclusions":"","footnotes":""},"categories":[537,628,540],"tags":[],"class_list":["post-22742","post","type-post","status-publish","format-standard","has-post-thumbnail","hentry","category-archiwum-wydarzen","category-rok-2019","category-spotkania-autorskie-w-obiektywie"],"publishpress_future_action":{"enabled":false,"date":"2026-05-06 20:58:04","action":"change-status","newStatus":"draft","terms":[],"taxonomy":"category","extraData":[]},"publishpress_future_workflow_manual_trigger":{"enabledWorkflows":[]},"_links":{"self":[{"href":"https:\/\/wbp.lublin.pl\/index.php\/wp-json\/wp\/v2\/posts\/22742","targetHints":{"allow":["GET"]}}],"collection":[{"href":"https:\/\/wbp.lublin.pl\/index.php\/wp-json\/wp\/v2\/posts"}],"about":[{"href":"https:\/\/wbp.lublin.pl\/index.php\/wp-json\/wp\/v2\/types\/post"}],"author":[{"embeddable":true,"href":"https:\/\/wbp.lublin.pl\/index.php\/wp-json\/wp\/v2\/users\/7"}],"replies":[{"embeddable":true,"href":"https:\/\/wbp.lublin.pl\/index.php\/wp-json\/wp\/v2\/comments?post=22742"}],"version-history":[{"count":1,"href":"https:\/\/wbp.lublin.pl\/index.php\/wp-json\/wp\/v2\/posts\/22742\/revisions"}],"predecessor-version":[{"id":22773,"href":"https:\/\/wbp.lublin.pl\/index.php\/wp-json\/wp\/v2\/posts\/22742\/revisions\/22773"}],"wp:featuredmedia":[{"embeddable":true,"href":"https:\/\/wbp.lublin.pl\/index.php\/wp-json\/wp\/v2\/media\/22754"}],"wp:attachment":[{"href":"https:\/\/wbp.lublin.pl\/index.php\/wp-json\/wp\/v2\/media?parent=22742"}],"wp:term":[{"taxonomy":"category","embeddable":true,"href":"https:\/\/wbp.lublin.pl\/index.php\/wp-json\/wp\/v2\/categories?post=22742"},{"taxonomy":"post_tag","embeddable":true,"href":"https:\/\/wbp.lublin.pl\/index.php\/wp-json\/wp\/v2\/tags?post=22742"}],"curies":[{"name":"wp","href":"https:\/\/api.w.org\/{rel}","templated":true}]}}