{"id":22859,"date":"2019-11-04T10:23:34","date_gmt":"2019-11-04T09:23:34","guid":{"rendered":"https:\/\/wbp.lublin.pl\/?p=22859"},"modified":"2020-01-07T10:08:10","modified_gmt":"2020-01-07T09:08:10","slug":"nabytki-w-dziale-bibliografii-lubelszczyzny-i-wiedzy-o-regionie-wrzesien-pazdziernik-2019","status":"publish","type":"post","link":"https:\/\/wbp.lublin.pl\/index.php\/2019\/11\/04\/nabytki-w-dziale-bibliografii-lubelszczyzny-i-wiedzy-o-regionie-wrzesien-pazdziernik-2019\/","title":{"rendered":"Nabytki w Dziale Bibliografii Lubelszczyzny i Wiedzy o Regionie (wrzesie\u0144-pa\u017adziernik 2019)"},"content":{"rendered":"<p><!--more--><\/p>\n<ol>\n<li><strong><em>Armia <\/em><\/strong><em>Krajowa na \u015brodkowej i po\u0142udniowej Lubelszczy\u017anie i Podlasiu : materia\u0142y sesji naukowej,<\/em> <em>KUL 24-25 IX 1985 r.,<\/em> redakcja Tomasz Strzembosz, Lublin 1993<\/li>\n<li><strong>Bieniaszkiewicz Hanna,<\/strong> <em>Architektura secesyjna w Lublinie,<\/em> Lublin copyright 2019<\/li>\n<li><strong>Caban Ireneusz, <\/strong><em>Oddzia\u0142y Armii Krajowej 7 Pu\u0142ku Piechoty Legion\u00f3w,<\/em> Lublin 1994<\/li>\n<li><strong><em>Chodel<\/em><\/strong><em> : 500 lat nadania praw miejskich<\/em> \/ [opracowanie Stanis\u0142aw Jadczak], [Lublin] 2018<\/li>\n<li><strong>Choma-Suwa\u0142a Anna, <\/strong><em>Recepcja poezji ukrai\u0144skiej przez pisarzy lubelskiego \u015brodowiska literackiego w okresie mi\u0119dzywojennym : pr\u00f3by interpretacji, <\/em>Lublin 2019<\/li>\n<li><strong>Chomiuk Micha\u0142, <\/strong><em>Kasza dla diab\u0142a czyli kr\u0119te \u015bcie\u017cki lubelskiego zabobonu, <\/em>Mich\u00f3w 2008<\/li>\n<li><strong><em>Czemierniki <\/em><\/strong><em>: dzieje wsi, miasta, osady,<\/em> redakcja naukowa Grzegorz Figiel, Pawe\u0142 Jusiak, Czemierniki 2019<\/li>\n<li><strong>Drozd Krzysztof,<\/strong> <em>Emilcin 1978 : w poszukiwaniu prawdy,<\/em> Lublin 2019<\/li>\n<li><strong><em>Dualizm <\/em><\/strong><em>\u015bwiata : katalog wystawy Kazimierza Kotli\u0144skiego,<\/em> tekst Halina Solecka, Gra\u017cyna Ho\u0142ubowicz-Kliza, Pu\u0142awy 2019<\/li>\n<li><strong>Feduszka Jacek, <\/strong><em>Zarys historii drukarstwa zamojskiego,<\/em> Zamo\u015b\u0107 2015<\/li>\n<li><strong>Gil Czes\u0142aw, <\/strong><em>B\u0142ogos\u0142awiony ojciec J\u00f3zef Mazurek, m\u0119czennik (1891-1944) &#8211; Alfons Maria od Ducha \u015awi\u0119tego, karmelita bosy,<\/em> Krak\u00f3w 2018<\/li>\n<li><strong>G\u0142owacki \u0141ukasz,<\/strong> <em>Park sztuki : dzia\u0142ania artystyczne w Parku Radziwi\u0142\u0142owskim 7-8 czerwca 2014 Bia\u0142a Podlaska,<\/em> Bia\u0142a Podlaska 2014<\/li>\n<li><strong>G\u0142owacki \u0141ukasz,<\/strong> <em>Park sztuki : dzia\u0142ania artystyczne w Parku Radziwi\u0142\u0142owskim Bia\u0142a Podlaska 2015,<\/em> Bia\u0142a Podlaska 2015<\/li>\n<li><strong>G\u00f3rski Wojciech,<\/strong> <em>Lublin ma\u0142o znany. Cz. 3, Turystyczny Lublin dla pokole\u0144, <\/em>Lublin 2018<\/li>\n<li><strong><em>Jubileusz<\/em><\/strong><em> 25-lecia nadania Szkole imienia 7 Pu\u0142ku U\u0142an\u00f3w Lubelskich 1992-2017,<\/em> Cyc\u00f3w 2017<\/li>\n<li><strong>Kaca-B\u0142asi\u0144ska Mariola, <\/strong><em>Cud : w 1949 r. Lublin sta\u0142 si\u0119 Cz\u0119stochow\u0105,<\/em> Lublin 2019<\/li>\n<li><strong>K\u0142oczowski Jerzy<\/strong>, <em>Unia Lubelska : Lublin &#8211; miasto Unii,<\/em> Lublin 2019<\/li>\n<li><strong><em>Krakowskie <\/em><\/strong><em>Przedmie\u015bcie : w 450-lecie Unii Lubelskiej : praca zbiorowa,<\/em> pod redakcj\u0105 Rafa\u0142a Nied\u017awiadka, Lublin 2019<\/li>\n<li><strong><em>Kronika<\/em><\/strong><em> Jubileuszu 100-lecia KUL : 2016, 2017, 2018,<\/em> redakcja Lidia K. Jasku\u0142a [i in.], Lublin 2019<\/li>\n<li><strong><em>Kr\u00f3lowej<\/em><\/strong><em> anielskiej \u015bpiewajmy : 100 lat parafii Brze\u017anica Bychawska 1919-2019,<\/em> Brze\u017anica Bychawska 2019<\/li>\n<li><strong>Lipi\u0144ski Stanis\u0142aw, <\/strong><em>Dzieje wybranych d\u00f3br Che\u0142mszczyzny z teren\u00f3w Pobu\u017ca w XVIII i XIX wieku, <\/em>Rejowiec Fabryczny 2019<\/li>\n<li><strong><em>Lokatorzy,<\/em><\/strong> redakcja Rafa\u0142 Lis, Warszawa 2014<\/li>\n<li><strong><em>Lublin<\/em><\/strong><em> &#8211; miasto unii Litwy i Polski : katalog mi\u0119dzynarodowej wystawy : 6 lipca-24 listopada,<\/em> redakcja Andrzej Frejlich, Anna Ha\u0142ata, Bo\u017cena Kasperowicz, Vilnius ; Lublin 2019<\/li>\n<li><strong><em>Lublin <\/em><\/strong><em>we wrze\u015bniu 1939 roku w 80. rocznic\u0119 obrony miasta : materia\u0142y z konferencji zorganizowanej w Wojew\u00f3dzkiej Bibliotece Publicznej im. Hieronima \u0141opaci\u0144skiego w Lublinie 9 wrze\u015bnia 2019 r.,<\/em> redakcja Grzegorz Figiel, Lublin 2019<\/li>\n<li><strong><em>Lublinianie<\/em><\/strong><em> inspiruj\u0105 Lublinian,<\/em> redaktor Agata Will, Katarzyna Piwo\u0144ska, Lublin 2015<\/li>\n<li><strong>Madejski Adam, Kseniak Mieczys\u0142aw,<\/strong> <em>Kazimierski Park Krajobrazowy, <\/em>Lublin 2019<\/li>\n<li><strong>Maj Maciej,<\/strong> <em>Ring wolny : fotobiografia Stanis\u0142awa Zalewskiego legendy polskiego boksu,<\/em> Lublin 2013<\/li>\n<li><strong>Mazurek Marian,<\/strong> <em>Ochotnicza stra\u017c po\u017carna w Czemiernikach 1909-2019 : powstanie, historia i stan obecny,<\/em> Czemierniki 2019<\/li>\n<li><strong>Miro\u0144czuk Robert,<\/strong> <em>Jan\u00f3w Biskupi : miasto rezydencjonalne biskup\u00f3w \u0142uckich (1465-1796) i podlaskich (1818-1867),<\/em> Krak\u00f3w 2018<\/li>\n<li><strong>Misiura Andrzej David, <\/strong><em>Dzieje Szaraka : 70 lat Ko\u0142a \u0141owieckiego nr 16 &#8222;Szarak&#8221; w Krasnymstawie 1948-2018 : opracowanie monograficzne,<\/em> Krasnystaw 2019<\/li>\n<li><strong><em>Moja<\/em><\/strong><em> mi\u0142o\u015b\u0107 &#8211; malarstwo<\/em> \/ Magdalena Spasowicz ; wys\u0142ucha\u0142 i zapisa\u0142 Roman Nowoszewski, B\u0142onie 2019<\/li>\n<li><strong>Niedba\u0142 Adam,<\/strong> <em>Lubelskie atrakcje turystyczne : informator turystyczny,<\/em> Lublin 2015<\/li>\n<li><strong>Or\u0142owski Stanis\u0142aw,<\/strong> <em>Dwie dekady : Zamo\u015b\u0107 w latach 1980-2000,<\/em> Zamo\u015b\u0107 2018<\/li>\n<li><strong><em>Pedagogika<\/em><\/strong><em> pami\u0119ci : o teorii i praktyce edukacji w muzeach martyrologicznych, <\/em>redakcja Tomasz Kranz, Lublin 2018<\/li>\n<li><strong>Pietrzak Lech,<\/strong> <em>Prawdy i nieprawdy czyli Kazimierskie fakty i legendy, <\/em>London ; Lublin 1991<\/li>\n<li><strong><em>Pu\u0142awy<\/em><\/strong><em>-W\u0142ostowice &#8211; wielokulturowe stanowisko z zachodniej Lubelszczyzny,<\/em> redakcja Barbara Niezabitowska-Wi\u015bniewska, Lublin 2018<\/li>\n<li><strong><em>Skierbieszowski <\/em><\/strong><em>Park Krajobrazowy,<\/em> redakcja Krzysztof Wojciechowski, Lublin 2019<\/li>\n<li><strong><em>Spotkania<\/em><\/strong><em> : niezale\u017cne pismo m\u0142odych katolik\u00f3w. <\/em>[1-5]<em> \/<\/em> [opracowanie edytorskie Maciej Sobieraj], Warszawa 2019<\/li>\n<li><strong><em>100<\/em><\/strong><em> lat nauk prawnych na Katolickim Uniwersytecie Lubelskim Jana Paw\u0142a II,<\/em> redakcja Krzysztof Burczak [i in.], Lublin 2018<\/li>\n<li><strong><em>Studenci<\/em><\/strong><em> i turystyka : PTTK na KUL 1953-2018 : historia i wspomnienia,<\/em> redakcja Eugeniusz Niebelski i [in.], Lublin 2019<\/li>\n<li><strong><em>Sylwetki<\/em> <\/strong><em>\u017byd\u00f3w lubelskich : leksykon,<\/em> redakcja naukowa Adam Kopciowski, Andrzej Trzci\u0144ski, S\u0142awomir Jacek \u017burek, Monika Adamczyk-Garbowska, Lublin 2019<\/li>\n<li><strong><em>Szulik Adam, <\/em><\/strong><em>25 lat Parafii Chrystusa Kr\u00f3la w Mi\u0119dzyrzecu Podlaskim, <\/em>Mi\u0119dzyrzec Podlaski 2019<\/li>\n<li><strong>Tryniecki Janusz,<\/strong> <em>Go\u015bciniec kr\u00f3lewski : Parczew &#8211; Ostr\u00f3w Lubelski, <\/em>Parczew 2019<\/li>\n<li><strong><em>WAK-ART :<\/em><\/strong><em> pok\u0142osie Wakacyjnej Akademii Kultury Siennica R\u00f3\u017cana 2019,<\/em> redakcja Ewa Hadrian, Andrzej Zdunek, Lublin ; Siennica R\u00f3\u017cana 2019<\/li>\n<li><strong>Wrona Pawe\u0142,<\/strong><em> Armia Komendanta : Zwi\u0105zek Strzelecki na Lubelszczy\u017anie w Drugiej Rzeczypospolitej, <\/em>Warszawa 2019<\/li>\n<li><strong><em>Wspomnienia<\/em><\/strong><em> Jerzego Petruczenko z wyst\u0119p\u00f3w w dru\u017cynie pi\u0142ki no\u017cnej Huragan Mi\u0119dzyrzec Podlaski w latach 1961-1972 \/<\/em> folder opracowa\u0142 Jerzy Petruczenko, 2019<\/li>\n<li><strong><em>Zacz\u0119\u0142o<\/em><\/strong><em> si\u0119 od bitwy 1920 r. : 7 Pu\u0142k U\u0142an\u00f3w Lubelskich w historii Cycowa,<\/em> Fotografie: Pawe\u0142 Enskajt, Marta Gawli\u0144ska, El\u017cbieta Sidorowska, Cyc\u00f3w 2012<\/li>\n<li><strong>Za\u0142uski Krzysztof, <\/strong><em>90 lat komunikacji miejskiej w Lublinie, <\/em>Lublin 2019<\/li>\n<li><strong><em>Zenon Micha\u0142<\/em><\/strong><em> Jan Wa\u015bniewski : malarz, poeta, pedagog, \u017co\u0142nierz : katalog \/<\/em> tekst katalogu Krystyna Mart ; [t\u0142umaczenie Ma\u0142gorzata Sady], Che\u0142m 2019<\/li>\n<li><strong>Zugaj Leszek,<\/strong> <em>Policja lubelska 1919-2019,<\/em> Lublin 2019<\/li>\n<\/ol>\n<p>&nbsp;<\/p>\n","protected":false},"excerpt":{"rendered":"","protected":false},"author":5,"featured_media":22860,"comment_status":"closed","ping_status":"closed","sticky":false,"template":"","format":"standard","meta":{"_tec_requires_first_save":true,"_crdt_document":"","pgc_sgb_lightbox_settings":"","_EventAllDay":false,"_EventTimezone":"","_EventStartDate":"","_EventEndDate":"","_EventStartDateUTC":"","_EventEndDateUTC":"","_EventShowMap":false,"_EventShowMapLink":false,"_EventURL":"","_EventCost":"","_EventCostDescription":"","_EventCurrencySymbol":"","_EventCurrencyCode":"","_EventCurrencyPosition":"","_EventDateTimeSeparator":"","_EventTimeRangeSeparator":"","_EventOrganizerID":[],"_EventVenueID":[],"_OrganizerEmail":"","_OrganizerPhone":"","_OrganizerWebsite":"","_VenueAddress":"","_VenueCity":"","_VenueCountry":"","_VenueProvince":"","_VenueState":"","_VenueZip":"","_VenuePhone":"","_VenueURL":"","_VenueStateProvince":"","_VenueLat":"","_VenueLng":"","_VenueShowMap":false,"_VenueShowMapLink":false,"_tribe_blocks_recurrence_rules":"","_tribe_blocks_recurrence_description":"","_tribe_blocks_recurrence_exclusions":"","footnotes":""},"categories":[509,119],"tags":[],"class_list":["post-22859","post","type-post","status-publish","format-standard","has-post-thumbnail","hentry","category-nowe-nabytki","category-nowoci-w-dziale-bibliografii-lubelszczyzny"],"publishpress_future_action":{"enabled":false,"date":"2026-05-05 12:07:36","action":"change-status","newStatus":"draft","terms":[],"taxonomy":"category","extraData":[]},"publishpress_future_workflow_manual_trigger":{"enabledWorkflows":[]},"_links":{"self":[{"href":"https:\/\/wbp.lublin.pl\/index.php\/wp-json\/wp\/v2\/posts\/22859","targetHints":{"allow":["GET"]}}],"collection":[{"href":"https:\/\/wbp.lublin.pl\/index.php\/wp-json\/wp\/v2\/posts"}],"about":[{"href":"https:\/\/wbp.lublin.pl\/index.php\/wp-json\/wp\/v2\/types\/post"}],"author":[{"embeddable":true,"href":"https:\/\/wbp.lublin.pl\/index.php\/wp-json\/wp\/v2\/users\/5"}],"replies":[{"embeddable":true,"href":"https:\/\/wbp.lublin.pl\/index.php\/wp-json\/wp\/v2\/comments?post=22859"}],"version-history":[{"count":1,"href":"https:\/\/wbp.lublin.pl\/index.php\/wp-json\/wp\/v2\/posts\/22859\/revisions"}],"predecessor-version":[{"id":22861,"href":"https:\/\/wbp.lublin.pl\/index.php\/wp-json\/wp\/v2\/posts\/22859\/revisions\/22861"}],"wp:featuredmedia":[{"embeddable":true,"href":"https:\/\/wbp.lublin.pl\/index.php\/wp-json\/wp\/v2\/media\/22860"}],"wp:attachment":[{"href":"https:\/\/wbp.lublin.pl\/index.php\/wp-json\/wp\/v2\/media?parent=22859"}],"wp:term":[{"taxonomy":"category","embeddable":true,"href":"https:\/\/wbp.lublin.pl\/index.php\/wp-json\/wp\/v2\/categories?post=22859"},{"taxonomy":"post_tag","embeddable":true,"href":"https:\/\/wbp.lublin.pl\/index.php\/wp-json\/wp\/v2\/tags?post=22859"}],"curies":[{"name":"wp","href":"https:\/\/api.w.org\/{rel}","templated":true}]}}