{"id":22879,"date":"2019-11-06T10:46:34","date_gmt":"2019-11-06T09:46:34","guid":{"rendered":"https:\/\/wbp.lublin.pl\/?p=22879"},"modified":"2019-12-03T13:34:05","modified_gmt":"2019-12-03T12:34:05","slug":"nabytki-do-ksiegozbioru-naukowego-pazdziernik-2019","status":"publish","type":"post","link":"https:\/\/wbp.lublin.pl\/index.php\/2019\/11\/06\/nabytki-do-ksiegozbioru-naukowego-pazdziernik-2019\/","title":{"rendered":"Nabytki do Ksi\u0119gozbioru Naukowego (pa\u017adziernik 2019)"},"content":{"rendered":"<p><!--more--><\/p>\n<ol>\n<li><strong>B\u0142o\u0144ski J. <\/strong>J\u0119zyk w\u0142a\u015bciwie u\u017cyty: szkice o poezji polskiej drugiej po\u0142owy XX wieku, Krak\u00f3w 2019<\/li>\n<li><strong>Bogus-Spyra M. Spyra J.<\/strong> Nauczyciele oraz ich stowarzyszenia na tle dyskursu spo\u0142ecznego w modernizuj\u0105cej si\u0119 Europie: (na przyk\u0142adzie \u015al\u0105ska Austriackiego), Toru\u0144 2019<\/li>\n<li><strong>Chmielewska A.<\/strong> W godzinie pr\u00f3by: \u017co\u0142nierze podziemia niepodleg\u0142o\u015bciowego w Bia\u0142ostockim po 1944 roku i ich losy, Bia\u0142ystok 2019<\/li>\n<li><strong>D\u0105browski R.<\/strong> Przybylski i inni: o znaczeniu Krakowa i regionu w kulturze o\u015bwiecenia.[Cz.1], Krak\u00f3w 2019<\/li>\n<li><strong>Dudek Z.<\/strong> Terapia stan\u00f3w pogranicza\u00a0: lecz\u0105ca moc wyobra\u017ani, Warszawa 2019<\/li>\n<li><strong>G\u0119bo\u0142y\u015b Z.<\/strong> Wok\u00f3\u0142 \u201eKatechizmu biblioteki\u201d Paula Ladewiga, Bydgoszcz 2019<\/li>\n<li><strong>Go\u017adzik K.<\/strong> <strong>Kore\u015b A. <\/strong>Dzieje U\u0142an\u00f3w Jaz\u0142owieckich, Warszawa 2019<\/li>\n<li><strong>Hamerli\u0144ska- Latecka A. <\/strong>Mowa prze\u0142ykowa: studium onkologopedyczne, Toru\u0144 2019<\/li>\n<li><strong>Herbich P. <\/strong><a href=\"https:\/\/bn-mpl.primo.exlibrisgroup.com\/discovery\/fulldisplay?docid=alma991002449694105069&amp;context=L&amp;vid=48OMNIS_MPL:48OMNIS_MPL&amp;lang=pl&amp;search_scope=MyInstitution&amp;adaptor=Local%20Search%20Engine&amp;tab=LibraryCatalog&amp;query=any,contains,liczba%20i%20syrena&amp;offset=0\">Liczba i syrena\u00a0: rozszyfrowanie Rzutu ko\u015bci St\u00e9phane&#8217;a Mallarm\u00e9go<\/a>, Warszawa 2019<\/li>\n<li><strong>Isacoff S.<\/strong> Temperacja: jak muzyka sta\u0142a si\u0119 polem bitwy wielkich umys\u0142\u00f3w zachodnich cywilizacji. Wroc\u0142aw 2018<\/li>\n<li><strong>Jakuszewicz A.<\/strong> J\u0119zyk i prawo, Bydgoszcz 2018<\/li>\n<li><strong>Kawczy\u0144ska- Butrym Z.<\/strong> Zdrowie migrant\u00f3w i drena\u017c bia\u0142ego personelu: wyzwania dla zdrowia publicznego, socjologii zdrowia i zawod\u00f3w medycznych, Lublin 2019<\/li>\n<li><strong>Kostyra K.<\/strong> Wiosenna bujno\u015b\u0107 traw: obrazy przyrody w filmach o dorastaniu, Katowice 2019<\/li>\n<li><strong>Koz\u0142owski T.<\/strong> Opozycja i op\u00f3r spo\u0142eczny w Polsce po 1956 roku (t.4), Warszawa 2019<\/li>\n<li><strong>Kurtyka J.<\/strong> Obudzi\u0107 nar\u00f3d do wielko\u015bci: wyst\u0105pienia Janusza Kurtyki przed Parlamentem RP 2005- 2010, Warszawa 2019<\/li>\n<li><strong>Laddach A.<\/strong> Janusz Stanis\u0142aw Pasierb: teolog, historyk sztuki, teoretyk kultury. T.1 Dzieje \u017cycia, Toru\u0144 2019<\/li>\n<li><strong>Lewandowski W. <\/strong>Od faszystowskiej dystopii do anarchistycznej utopii: idee polityczne w powie\u015bci graficznej V jak Vendetta Alana Moore&#8217;a i Davida Lloyda, Toru\u0144 2019<\/li>\n<li><strong>Moroz J. <\/strong>Edukacyjne konteksty konstruktywizmu, Gda\u0144sk 2019<\/li>\n<li><strong>Neubauer T.<\/strong> Wypadki morskie i ich wp\u0142yw na bezpiecze\u0144stwo p\u0142ywania, Toru\u0144 2019<\/li>\n<li><strong>Olszacki T.<\/strong> G\u00f3ra Zamkowa w Wyszogrodzie: mazowiecki o\u015brodek w\u0142adzy na przestrzeni dziej\u00f3w, Pozna\u0144 2018<\/li>\n<li><strong>Osiecki J. <\/strong>Ormianie katolicy w Armenii i Gruzji: historia, pami\u0119\u0107, to\u017csamo\u015b\u0107, Krak\u00f3w 2019<\/li>\n<li><strong>Pid\u0142ypczak- Majerowicz M.<\/strong> Stare druki proweniencji zakonnej w Bibliotece Osselineum, Wroc\u0142aw 2019<\/li>\n<li><strong>Pietrzyk P.<\/strong> Leon Or\u0142owski: pose\u0142 w Budapeszcie (1936- 1940): biografia dyplomaty, Warszawa 2019<\/li>\n<li><strong>Ratajczak Z.<\/strong> Kazimierz Wi\u015bniak: czarodziej z podw\u00f3rka, Krak\u00f3w 2019<\/li>\n<li><strong>Rucki W.<\/strong> Brze\u015b\u0107 1000 lat w Europie, Warszawa 2019<\/li>\n<li><strong>Teterycz-<\/strong> <strong>Puzio A. <\/strong>Konrad I Mazowiecki: Knia\u017a Wielki Lacki(1187\/89- 31 sierpnia 1247), Krak\u00f3w 2019<\/li>\n<li><strong>Tobiasz-<\/strong> <strong>Adamczyk B.<\/strong> Zaniedbanie i samozaniedbanie os\u00f3b starszych: medyczne i spo\u0142eczne uwarunkowania, Krak\u00f3w 2019<\/li>\n<li><strong>Tomasiewicz A.<\/strong> <a href=\"https:\/\/bn-mpl.primo.exlibrisgroup.com\/discovery\/fulldisplay?docid=alma991002449694205069&amp;context=L&amp;vid=48OMNIS_MPL:48OMNIS_MPL&amp;lang=pl&amp;search_scope=MyInstitution&amp;adaptor=Local%20Search%20Engine&amp;tab=LibraryCatalog&amp;query=any,contains,polska%20jest%20mitem&amp;offset=0\">Polska jest mitem\u00a0: nowe dramaty<\/a>, Warszawa 2019<\/li>\n<li><strong>Wasilewski A.<\/strong> Pocz\u0105tki polityki mi\u0119dzymorza: dyplomacja polska na Ba\u0142kanach, Warszawa 2019<\/li>\n<li><strong>Wojciechowski K.<\/strong> Ekokrytyka, Pozna\u0144 2018<\/li>\n<\/ol>\n","protected":false},"excerpt":{"rendered":"","protected":false},"author":11,"featured_media":22880,"comment_status":"closed","ping_status":"closed","sticky":false,"template":"","format":"standard","meta":{"_tec_requires_first_save":true,"_crdt_document":"","pgc_sgb_lightbox_settings":"","_EventAllDay":false,"_EventTimezone":"","_EventStartDate":"","_EventEndDate":"","_EventStartDateUTC":"","_EventEndDateUTC":"","_EventShowMap":false,"_EventShowMapLink":false,"_EventURL":"","_EventCost":"","_EventCostDescription":"","_EventCurrencySymbol":"","_EventCurrencyCode":"","_EventCurrencyPosition":"","_EventDateTimeSeparator":"","_EventTimeRangeSeparator":"","_EventOrganizerID":[],"_EventVenueID":[],"_OrganizerEmail":"","_OrganizerPhone":"","_OrganizerWebsite":"","_VenueAddress":"","_VenueCity":"","_VenueCountry":"","_VenueProvince":"","_VenueState":"","_VenueZip":"","_VenuePhone":"","_VenueURL":"","_VenueStateProvince":"","_VenueLat":"","_VenueLng":"","_VenueShowMap":false,"_VenueShowMapLink":false,"_tribe_blocks_recurrence_rules":"","_tribe_blocks_recurrence_description":"","_tribe_blocks_recurrence_exclusions":"","footnotes":""},"categories":[509,57],"tags":[],"class_list":["post-22879","post","type-post","status-publish","format-standard","has-post-thumbnail","hentry","category-nowe-nabytki","category-nowe-nabytki-do-ksigozbioru-naukowego"],"publishpress_future_action":{"enabled":false,"date":"2026-05-04 07:42:40","action":"change-status","newStatus":"draft","terms":[],"taxonomy":"category","extraData":[]},"publishpress_future_workflow_manual_trigger":{"enabledWorkflows":[]},"_links":{"self":[{"href":"https:\/\/wbp.lublin.pl\/index.php\/wp-json\/wp\/v2\/posts\/22879","targetHints":{"allow":["GET"]}}],"collection":[{"href":"https:\/\/wbp.lublin.pl\/index.php\/wp-json\/wp\/v2\/posts"}],"about":[{"href":"https:\/\/wbp.lublin.pl\/index.php\/wp-json\/wp\/v2\/types\/post"}],"author":[{"embeddable":true,"href":"https:\/\/wbp.lublin.pl\/index.php\/wp-json\/wp\/v2\/users\/11"}],"replies":[{"embeddable":true,"href":"https:\/\/wbp.lublin.pl\/index.php\/wp-json\/wp\/v2\/comments?post=22879"}],"version-history":[{"count":1,"href":"https:\/\/wbp.lublin.pl\/index.php\/wp-json\/wp\/v2\/posts\/22879\/revisions"}],"predecessor-version":[{"id":22881,"href":"https:\/\/wbp.lublin.pl\/index.php\/wp-json\/wp\/v2\/posts\/22879\/revisions\/22881"}],"wp:featuredmedia":[{"embeddable":true,"href":"https:\/\/wbp.lublin.pl\/index.php\/wp-json\/wp\/v2\/media\/22880"}],"wp:attachment":[{"href":"https:\/\/wbp.lublin.pl\/index.php\/wp-json\/wp\/v2\/media?parent=22879"}],"wp:term":[{"taxonomy":"category","embeddable":true,"href":"https:\/\/wbp.lublin.pl\/index.php\/wp-json\/wp\/v2\/categories?post=22879"},{"taxonomy":"post_tag","embeddable":true,"href":"https:\/\/wbp.lublin.pl\/index.php\/wp-json\/wp\/v2\/tags?post=22879"}],"curies":[{"name":"wp","href":"https:\/\/api.w.org\/{rel}","templated":true}]}}