{"id":22937,"date":"2019-11-08T14:44:20","date_gmt":"2019-11-08T13:44:20","guid":{"rendered":"https:\/\/wbp.lublin.pl\/?p=22937"},"modified":"2019-12-03T13:34:20","modified_gmt":"2019-12-03T12:34:20","slug":"pazdziernikowe-nowosci-w-wypozyczalni-2","status":"publish","type":"post","link":"https:\/\/wbp.lublin.pl\/index.php\/2019\/11\/08\/pazdziernikowe-nowosci-w-wypozyczalni-2\/","title":{"rendered":"Pa\u017adziernikowe nowo\u015bci w Wypo\u017cyczalni"},"content":{"rendered":"<p><!--more--><\/p>\n<ol>\n<li><strong>Barnard S<\/strong>., <em>Uziemieni<\/em>, Warszawa 2019<\/li>\n<li><strong>Bennewicz M<\/strong>., <em>Mentoring: z\u0142ote zasady<\/em>, Gliwice 2019<\/li>\n<li><strong>Birenbaum H<\/strong>., <em>To nie deszcz, to ludzie<\/em>, Warszawa 2019<\/li>\n<li><strong>Borejsza J.W<\/strong>., <em>Ostaniec czyli Ostatni \u015bwiadek<\/em>, Warszawa 2018<\/li>\n<li><strong>Chollet F<\/strong>., <em>Deep learning: praca z j\u0119zykiem Python i bibliotek\u0105 Keras<\/em>, Gliwice 2019<\/li>\n<li><strong>Cudnik K<\/strong>., <em>Historie mi\u0142osne<\/em>, Pozna\u0144 2019<\/li>\n<li><strong>Czornyj M<\/strong>., <em>Trauma<\/em>, Pozna\u0144 2019<\/li>\n<li><strong>David A<\/strong>., <em>Nieprawdopodobna przyja\u017a\u0144<\/em>, Bia\u0142ystok 2019<\/li>\n<li><em>Do\u015bwiadczenie psychodeliczne: podr\u0119cznik inspirowany Tybeta\u0144sk\u0105 Ksi\u0119g\u0105 Umar\u0142ych<\/em>, Krak\u00f3w 2017<\/li>\n<li><strong>Elkan-Wykurz J<\/strong>., <em>\u015awi\u0119to doros\u0142o\u015bci<\/em>, Kielce 2017<\/li>\n<li><strong>Jasi\u0144ska J<\/strong>., <em>Zarz\u0105dzanie zasobami ludzkimi: rozw\u00f3j, wielowymiarowo\u015b\u0107, podej\u015bcia badawcze<\/em>, Katowice 2018<\/li>\n<li><strong>Jasi\u0144ska J<\/strong>., <em>Zarz\u0105dzanie organizacj\u0105: od kryzysu do sukcesu<\/em>, Katowice 2018<\/li>\n<li><strong>Korczy\u0144ski T<\/strong>., <em>Kiedy dom zaczyna p\u0142on\u0105\u0107<\/em>, Gda\u0144sk 2019<\/li>\n<li><strong>Ko\u017cyczkowska A<\/strong>., <strong>M\u0142ynarczuk-Soko\u0142owska, A<\/strong>., <em>Kulturowe konteksty dzieci\u0144stwa: szkice antropologiczno-pedagogiczne<\/em>, Gda\u0144sk 2018<\/li>\n<li><em>Kryzysy wsp\u00f3\u0142czesnego \u015bwiata: r\u00f3\u017cne uj\u0119cia problem\u00f3w globalnych i regionalnych<\/em>, Pozna\u0144 2018<\/li>\n<li><strong>LeDuff Ch<\/strong>., <em>Shitshow! : Ameryka si\u0119 sypie, a ogl\u0105dalno\u015b\u0107 szybuje<\/em>, Wo\u0142owiec 2019<\/li>\n<li><strong>Lewicki W<\/strong>., <em>Podstawy ekonomiki transportu i logistyki : ekonomiczne, organizacyjne, techniczne determinanty rozwoju transportu intermodalnego i centr\u00f3w logistycznych w Polsce : podr\u0119cznik akademicki<\/em>, Katowice 2018<\/li>\n<li><strong>Liberti S<\/strong>., <em>W\u0142adcy jedzenia: jak przemys\u0142 spo\u017cywczy niszczy planet\u0119<\/em>, Warszawa 2019<\/li>\n<li><strong>McNamara M<\/strong>., <em>Obsesja zbrodni: prawdziwa historia najbardziej poszukiwanego seryjnego mordercy w USA<\/em>, Krak\u00f3w 2019<\/li>\n<li><em>Miejsca postindustrialne jako przedmiot bada\u0144 transdyscyplinarnych : od dizajnu do zakorzenienia<\/em>, Gda\u0144sk 2018<\/li>\n<li><em>Mi\u0119dzy empati\u0105 a okrucie\u0144stwem<\/em>, Gda\u0144sk 2018<\/li>\n<li><strong>Nesb\u00f8 J<\/strong>., <em>N\u00f3\u017c<\/em>, Pozna\u0144 2019<\/li>\n<li><em>Nieznane rozmowy J\u00f3zefa Pi\u0142sudskiego<\/em>, Krak\u00f3w 2018<\/li>\n<li><strong>Preston D.J<\/strong>., <strong>Child L<\/strong>., <em>Obsydianowa komnata<\/em>, Warszawa 2019<\/li>\n<li><strong>Przyby\u0142ek A<\/strong>., <em>Mi\u0142o\u015b\u0107 i inne nieszcz\u0119\u015bcia<\/em>, Pozna\u0144 2019<\/li>\n<li><strong>Puchalska J<\/strong>., <em>Polki, kt\u00f3re zmieni\u0142y wizerunek kobiety<\/em>, Warszawa 2018<\/li>\n<li><strong>Rzepiela M<\/strong>., <em>Szlacheckie gniazdo<\/em>, Katowice 2019<\/li>\n<li><strong>S\u00e6b\u00f8 S<\/strong>., <em>Kim Dzong Un : szkic portretu dyktatora<\/em>, Wo\u0142owiec 2019<\/li>\n<li><strong>Schiff S<\/strong>., <em>Czarownice: Salem, 1692<\/em>, Warszawa 2019<\/li>\n<li><strong>Sk\u00f3rzewska A<\/strong>., <strong>S\u0142o\u0144ski M<\/strong>., <em>Robert Kubica: wy\u015bcig \u017cycia<\/em>, Warszawa 2019<\/li>\n<li><strong>Smith A<\/strong>., <em>Ksi\u0119\u017cycowy py\u0142\u00a0: w poszukiwaniu ludzi, kt\u00f3rzy spadli na ziemi\u0119<\/em>, Wo\u0142owiec 2019<\/li>\n<li><strong>Smu\u017cniak M., Bienias M<\/strong>., <em>E-commerce na platformach ofertowych : Allegro, eBay, Amazon<\/em>, Gliwice 2019<\/li>\n<li><strong>So\u0142tysik M<\/strong>., <em>Klan Matejk\u00f3w<\/em>, Warszawa 2019<\/li>\n<li><em>Spo\u0142eczno\u015bci lokalne: tera\u017aniejszo\u015b\u0107 i przysz\u0142o\u015b\u0107 (ver. 2.0)<\/em>, Gda\u0144sk 2019<\/li>\n<li><strong>St\u0105\u017cka-Gawrysiak A<\/strong>., <em>S<\/em><em>elf-reg\u00a0: opowie\u015bci dla dzieci o tym, jak dzia\u0142a\u0107, gdy emocje bior\u0105 g\u00f3r\u0119<\/em>, Krak\u00f3w 2019<\/li>\n<li><strong>Tekieli J<\/strong>., <em>Spotkanie w Pensjonacie Le\u015bna Ostoja<\/em>, Pozna\u0144 2019<\/li>\n<li><strong>Turlej E<\/strong>., <em>Naci\u0105gni\u0119te: jak Polki uwierzy\u0142y, \u017ce tylko pi\u0119kne b\u0119d\u0105 szcz\u0119\u015bliwe<\/em>, Warszawa 2019<\/li>\n<li><strong>Urbanowicz A<\/strong>., <em>Inkub<\/em>, Czerwonak 2019<\/li>\n<\/ol>\n","protected":false},"excerpt":{"rendered":"","protected":false},"author":8,"featured_media":22938,"comment_status":"closed","ping_status":"closed","sticky":false,"template":"","format":"standard","meta":{"_tec_requires_first_save":true,"_crdt_document":"","pgc_sgb_lightbox_settings":"","_EventAllDay":false,"_EventTimezone":"","_EventStartDate":"","_EventEndDate":"","_EventStartDateUTC":"","_EventEndDateUTC":"","_EventShowMap":false,"_EventShowMapLink":false,"_EventURL":"","_EventCost":"","_EventCostDescription":"","_EventCurrencySymbol":"","_EventCurrencyCode":"","_EventCurrencyPosition":"","_EventDateTimeSeparator":"","_EventTimeRangeSeparator":"","_EventOrganizerID":[],"_EventVenueID":[],"_OrganizerEmail":"","_OrganizerPhone":"","_OrganizerWebsite":"","_VenueAddress":"","_VenueCity":"","_VenueCountry":"","_VenueProvince":"","_VenueState":"","_VenueZip":"","_VenuePhone":"","_VenueURL":"","_VenueStateProvince":"","_VenueLat":"","_VenueLng":"","_VenueShowMap":false,"_VenueShowMapLink":false,"_tribe_blocks_recurrence_rules":"","_tribe_blocks_recurrence_description":"","_tribe_blocks_recurrence_exclusions":"","footnotes":""},"categories":[509,111],"tags":[],"class_list":["post-22937","post","type-post","status-publish","format-standard","has-post-thumbnail","hentry","category-nowe-nabytki","category-nowosci-w-wypozyczalni"],"publishpress_future_action":{"enabled":false,"date":"2026-05-03 08:16:50","action":"change-status","newStatus":"draft","terms":[],"taxonomy":"category","extraData":[]},"publishpress_future_workflow_manual_trigger":{"enabledWorkflows":[]},"_links":{"self":[{"href":"https:\/\/wbp.lublin.pl\/index.php\/wp-json\/wp\/v2\/posts\/22937","targetHints":{"allow":["GET"]}}],"collection":[{"href":"https:\/\/wbp.lublin.pl\/index.php\/wp-json\/wp\/v2\/posts"}],"about":[{"href":"https:\/\/wbp.lublin.pl\/index.php\/wp-json\/wp\/v2\/types\/post"}],"author":[{"embeddable":true,"href":"https:\/\/wbp.lublin.pl\/index.php\/wp-json\/wp\/v2\/users\/8"}],"replies":[{"embeddable":true,"href":"https:\/\/wbp.lublin.pl\/index.php\/wp-json\/wp\/v2\/comments?post=22937"}],"version-history":[{"count":1,"href":"https:\/\/wbp.lublin.pl\/index.php\/wp-json\/wp\/v2\/posts\/22937\/revisions"}],"predecessor-version":[{"id":22939,"href":"https:\/\/wbp.lublin.pl\/index.php\/wp-json\/wp\/v2\/posts\/22937\/revisions\/22939"}],"wp:featuredmedia":[{"embeddable":true,"href":"https:\/\/wbp.lublin.pl\/index.php\/wp-json\/wp\/v2\/media\/22938"}],"wp:attachment":[{"href":"https:\/\/wbp.lublin.pl\/index.php\/wp-json\/wp\/v2\/media?parent=22937"}],"wp:term":[{"taxonomy":"category","embeddable":true,"href":"https:\/\/wbp.lublin.pl\/index.php\/wp-json\/wp\/v2\/categories?post=22937"},{"taxonomy":"post_tag","embeddable":true,"href":"https:\/\/wbp.lublin.pl\/index.php\/wp-json\/wp\/v2\/tags?post=22937"}],"curies":[{"name":"wp","href":"https:\/\/api.w.org\/{rel}","templated":true}]}}