{"id":22965,"date":"2019-11-12T14:43:51","date_gmt":"2019-11-12T13:43:51","guid":{"rendered":"https:\/\/wbp.lublin.pl\/?p=22965"},"modified":"2019-11-15T10:19:53","modified_gmt":"2019-11-15T09:19:53","slug":"zegnamy-norberta-wojciechowskiego","status":"publish","type":"post","link":"https:\/\/wbp.lublin.pl\/index.php\/2019\/11\/12\/zegnamy-norberta-wojciechowskiego\/","title":{"rendered":"\u017begnamy Norberta Wojciechowskiego"},"content":{"rendered":"<p><!--more--><\/p>\n<p style=\"text-align: center;\"><strong>Wojew\u00f3dzka Biblioteka Publiczna im. Hieronima \u0141opaci\u0144skiego<\/strong><strong><br \/>\nw Lublinie<\/strong><\/p>\n<p style=\"text-align: center;\">\u017cegna<\/p>\n<h3 style=\"text-align: center;\"><strong>Norberta Wojciechowskiego<\/strong><strong><br \/>\n(4 II 1939 \u2013 11 XI 2019)<\/strong><\/h3>\n<p style=\"text-align: center;\">Przyjaciela Biblioteki,<br \/>\nza\u0142o\u017cyciela Wydawnictwa Norbertinum<br \/>\n&#8211; pierwszego prywatnego wydawnictwa katolickiego w Polsce,<br \/>\nCz\u0142owieka niezwykle oddanego s\u0142u\u017cbie ksi\u0105\u017ckom i ludziom<\/p>\n<p style=\"text-align: center;\">Dewiza <em>Deo et Patriae<\/em> przy\u015bwieca\u0142a \u015bp. Norbertowi Wojciechowskiemu<br \/>\nw \u017cyciu prywatnym, zawodowym, dzia\u0142aniach opozycyjnych w czasie PRL<br \/>\ni spo\u0142ecznikowskim zaanga\u017cowaniu w III Rzeczypospolitej<\/p>\n<p style=\"text-align: center;\">Za wierno\u015b\u0107 tej dewizie dzi\u0119kujemy<\/p>\n","protected":false},"excerpt":{"rendered":"","protected":false},"author":7,"featured_media":22967,"comment_status":"closed","ping_status":"closed","sticky":false,"template":"","format":"standard","meta":{"_tec_requires_first_save":true,"_crdt_document":"","pgc_sgb_lightbox_settings":"","_EventAllDay":false,"_EventTimezone":"","_EventStartDate":"","_EventEndDate":"","_EventStartDateUTC":"","_EventEndDateUTC":"","_EventShowMap":false,"_EventShowMapLink":false,"_EventURL":"","_EventCost":"","_EventCostDescription":"","_EventCurrencySymbol":"","_EventCurrencyCode":"","_EventCurrencyPosition":"","_EventDateTimeSeparator":"","_EventTimeRangeSeparator":"","_EventOrganizerID":[],"_EventVenueID":[],"_OrganizerEmail":"","_OrganizerPhone":"","_OrganizerWebsite":"","_VenueAddress":"","_VenueCity":"","_VenueCountry":"","_VenueProvince":"","_VenueState":"","_VenueZip":"","_VenuePhone":"","_VenueURL":"","_VenueStateProvince":"","_VenueLat":"","_VenueLng":"","_VenueShowMap":false,"_VenueShowMapLink":false,"_tribe_blocks_recurrence_rules":"","_tribe_blocks_recurrence_description":"","_tribe_blocks_recurrence_exclusions":"","footnotes":""},"categories":[10,53],"tags":[],"class_list":["post-22965","post","type-post","status-publish","format-standard","has-post-thumbnail","hentry","category-aktualnosci","category-komunikaty"],"publishpress_future_action":{"enabled":false,"date":"2026-05-04 06:11:29","action":"change-status","newStatus":"draft","terms":[],"taxonomy":"category","extraData":[]},"publishpress_future_workflow_manual_trigger":{"enabledWorkflows":[]},"_links":{"self":[{"href":"https:\/\/wbp.lublin.pl\/index.php\/wp-json\/wp\/v2\/posts\/22965","targetHints":{"allow":["GET"]}}],"collection":[{"href":"https:\/\/wbp.lublin.pl\/index.php\/wp-json\/wp\/v2\/posts"}],"about":[{"href":"https:\/\/wbp.lublin.pl\/index.php\/wp-json\/wp\/v2\/types\/post"}],"author":[{"embeddable":true,"href":"https:\/\/wbp.lublin.pl\/index.php\/wp-json\/wp\/v2\/users\/7"}],"replies":[{"embeddable":true,"href":"https:\/\/wbp.lublin.pl\/index.php\/wp-json\/wp\/v2\/comments?post=22965"}],"version-history":[{"count":1,"href":"https:\/\/wbp.lublin.pl\/index.php\/wp-json\/wp\/v2\/posts\/22965\/revisions"}],"predecessor-version":[{"id":22968,"href":"https:\/\/wbp.lublin.pl\/index.php\/wp-json\/wp\/v2\/posts\/22965\/revisions\/22968"}],"wp:featuredmedia":[{"embeddable":true,"href":"https:\/\/wbp.lublin.pl\/index.php\/wp-json\/wp\/v2\/media\/22967"}],"wp:attachment":[{"href":"https:\/\/wbp.lublin.pl\/index.php\/wp-json\/wp\/v2\/media?parent=22965"}],"wp:term":[{"taxonomy":"category","embeddable":true,"href":"https:\/\/wbp.lublin.pl\/index.php\/wp-json\/wp\/v2\/categories?post=22965"},{"taxonomy":"post_tag","embeddable":true,"href":"https:\/\/wbp.lublin.pl\/index.php\/wp-json\/wp\/v2\/tags?post=22965"}],"curies":[{"name":"wp","href":"https:\/\/api.w.org\/{rel}","templated":true}]}}