{"id":23139,"date":"2019-12-02T14:25:30","date_gmt":"2019-12-02T13:25:30","guid":{"rendered":"https:\/\/wbp.lublin.pl\/?p=23139"},"modified":"2020-01-07T10:05:49","modified_gmt":"2020-01-07T09:05:49","slug":"zakup-ze-srodkow-mkidn-w-2019-r","status":"publish","type":"post","link":"https:\/\/wbp.lublin.pl\/index.php\/2019\/12\/02\/zakup-ze-srodkow-mkidn-w-2019-r\/","title":{"rendered":"Zakup ze \u015brodk\u00f3w MKiDN w 2019 r."},"content":{"rendered":"<p><!--more--><\/p>\n<p><strong>30 listopada 2019 r. Wojew\u00f3dzka Biblioteka Publiczna im. Hieronima \u0141opaci\u0144skiego w Lublinie zako\u0144czy\u0142a realizacj\u0119 zadania w ramach Programu Wieloletniego \u201eNarodowy Program Rozwoju Czytelnictwa\u201d Priorytet I \u2013 \u201eZakup nowo\u015bci wydawniczych do bibliotek publicznych\u201d.<\/strong><\/p>\n<p><strong>Zadanie zrealizowano ze \u015brodk\u00f3w finansowych Ministra Kultury i Dziedzictwa Narodowego w ramach Narodowego Programu Rozwoju Czytelnictwa. <\/strong><\/p>\n<p><strong>Zakupiono 3\u00a0380 egz. ksi\u0105\u017cek i audiobook\u00f3w za kwot\u0119: 108 750,00<\/strong><\/p>\n<div id='gallery-1' class='gallery galleryid-23139 gallery-columns-3 gallery-size-medium'><figure class='gallery-item'>\n\t\t\t<div class='gallery-icon landscape'>\n\t\t\t\t<img loading=\"lazy\" decoding=\"async\" width=\"600\" height=\"600\" src=\"https:\/\/wbp.lublin.pl\/wp-content\/uploads\/2019\/04\/Logo-mkidn-jpg-avif-600x600.jpg\" class=\"attachment-medium size-medium not-transparent\" alt=\"\" srcset=\"https:\/\/wbp.lublin.pl\/wp-content\/uploads\/2019\/04\/Logo-mkidn-jpg-avif-600x600.jpg 600w, https:\/\/wbp.lublin.pl\/wp-content\/uploads\/2019\/04\/Logo-mkidn-jpg-avif-400x400.jpg 400w, https:\/\/wbp.lublin.pl\/wp-content\/uploads\/2019\/04\/Logo-mkidn-jpg-avif-768x768.jpg 768w, https:\/\/wbp.lublin.pl\/wp-content\/uploads\/2019\/04\/Logo-mkidn-jpg-avif-947x947.jpg 947w, https:\/\/wbp.lublin.pl\/wp-content\/uploads\/2019\/04\/Logo-mkidn-jpg-avif-624x624.jpg 624w, https:\/\/wbp.lublin.pl\/wp-content\/uploads\/2019\/04\/Logo-mkidn-jpg-avif.avif 1080w\" sizes=\"auto, (max-width: 600px) 100vw, 600px\" data-has-transparency=\"false\" data-dominant-color=\"e8e1df\" style=\"--dominant-color: #e8e1df;\" \/>\n\t\t\t<\/div><\/figure><figure class='gallery-item'>\n\t\t\t<div class='gallery-icon landscape'>\n\t\t\t\t<img loading=\"lazy\" decoding=\"async\" width=\"492\" height=\"186\" src=\"https:\/\/wbp.lublin.pl\/wp-content\/uploads\/2017\/11\/logos_NPRC.webp\" class=\"attachment-medium size-medium not-transparent\" alt=\"\" srcset=\"https:\/\/wbp.lublin.pl\/wp-content\/uploads\/2017\/11\/logos_NPRC.webp 492w, https:\/\/wbp.lublin.pl\/wp-content\/uploads\/2017\/11\/logos_NPRC-400x151.webp 400w\" sizes=\"auto, (max-width: 492px) 100vw, 492px\" data-has-transparency=\"false\" data-dominant-color=\"dcd3d5\" style=\"--dominant-color: #dcd3d5;\" \/>\n\t\t\t<\/div><\/figure><figure class='gallery-item'>\n\t\t\t<div class='gallery-icon landscape'>\n\t\t\t\t<img loading=\"lazy\" decoding=\"async\" width=\"600\" height=\"187\" src=\"https:\/\/wbp.lublin.pl\/wp-content\/uploads\/2014\/12\/www.bn.org.pl_download_image_1380725170-jpg-avif-600x187.jpg\" class=\"attachment-medium size-medium not-transparent\" alt=\"\" srcset=\"https:\/\/wbp.lublin.pl\/wp-content\/uploads\/2014\/12\/www.bn.org.pl_download_image_1380725170-jpg-avif-600x187.jpg 600w, https:\/\/wbp.lublin.pl\/wp-content\/uploads\/2014\/12\/www.bn.org.pl_download_image_1380725170-jpg-avif-400x125.jpg 400w, https:\/\/wbp.lublin.pl\/wp-content\/uploads\/2014\/12\/www.bn.org.pl_download_image_1380725170-jpg-avif-768x239.jpg 768w, https:\/\/wbp.lublin.pl\/wp-content\/uploads\/2014\/12\/www.bn.org.pl_download_image_1380725170-jpg-avif-947x295.jpg 947w, https:\/\/wbp.lublin.pl\/wp-content\/uploads\/2014\/12\/www.bn.org.pl_download_image_1380725170-jpg-avif-624x194.jpg 624w, https:\/\/wbp.lublin.pl\/wp-content\/uploads\/2014\/12\/www.bn.org.pl_download_image_1380725170-jpg-avif.avif 1114w\" sizes=\"auto, (max-width: 600px) 100vw, 600px\" data-has-transparency=\"false\" data-dominant-color=\"d9aaaa\" style=\"--dominant-color: #d9aaaa;\" \/>\n\t\t\t<\/div><\/figure>\n\t\t<\/div>\n\n<p><b><\/b><b>\u00a0<img data-dominant-color=\"e8e1df\" data-has-transparency=\"false\" style=\"--dominant-color: #e8e1df;\" loading=\"lazy\" decoding=\"async\" class=\"size-full wp-image-9083 not-transparent\" src=\"http:\/\/wbp.lublin.pl\/wp-content\/uploads\/2016\/12\/www.mkidn.gov.pl_media__img_content_mkidn_01_cmyk.jpg\" alt=\"\" width=\"168\" height=\"168\" \/><\/b><\/p>\n","protected":false},"excerpt":{"rendered":"","protected":false},"author":11,"featured_media":19726,"comment_status":"closed","ping_status":"closed","sticky":false,"template":"","format":"standard","meta":{"_tec_requires_first_save":true,"_crdt_document":"","pgc_sgb_lightbox_settings":"","_EventAllDay":false,"_EventTimezone":"","_EventStartDate":"","_EventEndDate":"","_EventStartDateUTC":"","_EventEndDateUTC":"","_EventShowMap":false,"_EventShowMapLink":false,"_EventURL":"","_EventCost":"","_EventCostDescription":"","_EventCurrencySymbol":"","_EventCurrencyCode":"","_EventCurrencyPosition":"","_EventDateTimeSeparator":"","_EventTimeRangeSeparator":"","_EventOrganizerID":[],"_EventVenueID":[],"_OrganizerEmail":"","_OrganizerPhone":"","_OrganizerWebsite":"","_VenueAddress":"","_VenueCity":"","_VenueCountry":"","_VenueProvince":"","_VenueState":"","_VenueZip":"","_VenuePhone":"","_VenueURL":"","_VenueStateProvince":"","_VenueLat":"","_VenueLng":"","_VenueShowMap":false,"_VenueShowMapLink":false,"_tribe_blocks_recurrence_rules":"","_tribe_blocks_recurrence_description":"","_tribe_blocks_recurrence_exclusions":"","footnotes":""},"categories":[10,53,69],"tags":[],"class_list":["post-23139","post","type-post","status-publish","format-standard","has-post-thumbnail","hentry","category-aktualnosci","category-komunikaty","category-sponsorzy-sponsorzy"],"publishpress_future_action":{"enabled":false,"date":"2026-05-06 18:52:58","action":"change-status","newStatus":"draft","terms":[],"taxonomy":"category","extraData":[]},"publishpress_future_workflow_manual_trigger":{"enabledWorkflows":[]},"_links":{"self":[{"href":"https:\/\/wbp.lublin.pl\/index.php\/wp-json\/wp\/v2\/posts\/23139","targetHints":{"allow":["GET"]}}],"collection":[{"href":"https:\/\/wbp.lublin.pl\/index.php\/wp-json\/wp\/v2\/posts"}],"about":[{"href":"https:\/\/wbp.lublin.pl\/index.php\/wp-json\/wp\/v2\/types\/post"}],"author":[{"embeddable":true,"href":"https:\/\/wbp.lublin.pl\/index.php\/wp-json\/wp\/v2\/users\/11"}],"replies":[{"embeddable":true,"href":"https:\/\/wbp.lublin.pl\/index.php\/wp-json\/wp\/v2\/comments?post=23139"}],"version-history":[{"count":3,"href":"https:\/\/wbp.lublin.pl\/index.php\/wp-json\/wp\/v2\/posts\/23139\/revisions"}],"predecessor-version":[{"id":23143,"href":"https:\/\/wbp.lublin.pl\/index.php\/wp-json\/wp\/v2\/posts\/23139\/revisions\/23143"}],"wp:featuredmedia":[{"embeddable":true,"href":"https:\/\/wbp.lublin.pl\/index.php\/wp-json\/wp\/v2\/media\/19726"}],"wp:attachment":[{"href":"https:\/\/wbp.lublin.pl\/index.php\/wp-json\/wp\/v2\/media?parent=23139"}],"wp:term":[{"taxonomy":"category","embeddable":true,"href":"https:\/\/wbp.lublin.pl\/index.php\/wp-json\/wp\/v2\/categories?post=23139"},{"taxonomy":"post_tag","embeddable":true,"href":"https:\/\/wbp.lublin.pl\/index.php\/wp-json\/wp\/v2\/tags?post=23139"}],"curies":[{"name":"wp","href":"https:\/\/api.w.org\/{rel}","templated":true}]}}