{"id":23824,"date":"2020-01-13T13:46:57","date_gmt":"2020-01-13T12:46:57","guid":{"rendered":"https:\/\/wbp.lublin.pl\/?p=23824"},"modified":"2020-01-13T13:46:57","modified_gmt":"2020-01-13T12:46:57","slug":"wystawa-madonny-swiata-przedluzona-do-25-01-2020","status":"publish","type":"post","link":"https:\/\/wbp.lublin.pl\/index.php\/2020\/01\/13\/wystawa-madonny-swiata-przedluzona-do-25-01-2020\/","title":{"rendered":"Wystawa &#8222;Madonny \u015bwiata&#8221; przed\u0142u\u017cona do 25.01.2020."},"content":{"rendered":"<p style=\"text-align: center;\">Z uwagi na du\u017ce zainteresowanie wystaw\u0105<\/p>\n<p style=\"text-align: center;\"><em><strong>Madonny \u015bwiata. Oblicza matki w pastelach Teresy Szczuki<\/strong><\/em><\/p>\n<p style=\"text-align: center;\"><em><strong>\u00a0<\/strong><\/em><em>czas ekspozycji zostaje przed\u0142u\u017cony do <\/em><em><strong>25 stycznia 2020 r.<\/strong><\/em><\/p>\n<p style=\"text-align: center;\"><em>Zapraszamy do Galerii Wojew\u00f3dzkiej Biblioteki Publicznej w godzinach pracy Ksi\u0105\u017cnicy. Wst\u0119p wolny!<\/em><\/p>\n","protected":false},"excerpt":{"rendered":"<p>Z uwagi na du\u017ce zainteresowanie wystaw\u0105 Madonny \u015bwiata. Oblicza matki w pastelach Teresy Szczuki \u00a0czas ekspozycji zostaje przed\u0142u\u017cony do 25 stycznia 2020 r. Zapraszamy do Galerii Wojew\u00f3dzkiej Biblioteki Publicznej w [&hellip;]<\/p>\n","protected":false},"author":7,"featured_media":0,"comment_status":"closed","ping_status":"closed","sticky":false,"template":"","format":"standard","meta":{"_tec_requires_first_save":true,"_crdt_document":"","pgc_sgb_lightbox_settings":"","_EventAllDay":false,"_EventTimezone":"","_EventStartDate":"","_EventEndDate":"","_EventStartDateUTC":"","_EventEndDateUTC":"","_EventShowMap":false,"_EventShowMapLink":false,"_EventURL":"","_EventCost":"","_EventCostDescription":"","_EventCurrencySymbol":"","_EventCurrencyCode":"","_EventCurrencyPosition":"","_EventDateTimeSeparator":"","_EventTimeRangeSeparator":"","_EventOrganizerID":[],"_EventVenueID":[],"_OrganizerEmail":"","_OrganizerPhone":"","_OrganizerWebsite":"","_VenueAddress":"","_VenueCity":"","_VenueCountry":"","_VenueProvince":"","_VenueState":"","_VenueZip":"","_VenuePhone":"","_VenueURL":"","_VenueStateProvince":"","_VenueLat":"","_VenueLng":"","_VenueShowMap":false,"_VenueShowMapLink":false,"_tribe_blocks_recurrence_rules":"","_tribe_blocks_recurrence_description":"","_tribe_blocks_recurrence_exclusions":"","footnotes":""},"categories":[10,53],"tags":[],"class_list":["post-23824","post","type-post","status-publish","format-standard","hentry","category-aktualnosci","category-komunikaty"],"publishpress_future_action":{"enabled":false,"date":"2026-05-06 15:55:06","action":"change-status","newStatus":"draft","terms":[],"taxonomy":"category","extraData":[]},"publishpress_future_workflow_manual_trigger":{"enabledWorkflows":[]},"_links":{"self":[{"href":"https:\/\/wbp.lublin.pl\/index.php\/wp-json\/wp\/v2\/posts\/23824","targetHints":{"allow":["GET"]}}],"collection":[{"href":"https:\/\/wbp.lublin.pl\/index.php\/wp-json\/wp\/v2\/posts"}],"about":[{"href":"https:\/\/wbp.lublin.pl\/index.php\/wp-json\/wp\/v2\/types\/post"}],"author":[{"embeddable":true,"href":"https:\/\/wbp.lublin.pl\/index.php\/wp-json\/wp\/v2\/users\/7"}],"replies":[{"embeddable":true,"href":"https:\/\/wbp.lublin.pl\/index.php\/wp-json\/wp\/v2\/comments?post=23824"}],"version-history":[{"count":1,"href":"https:\/\/wbp.lublin.pl\/index.php\/wp-json\/wp\/v2\/posts\/23824\/revisions"}],"predecessor-version":[{"id":23825,"href":"https:\/\/wbp.lublin.pl\/index.php\/wp-json\/wp\/v2\/posts\/23824\/revisions\/23825"}],"wp:attachment":[{"href":"https:\/\/wbp.lublin.pl\/index.php\/wp-json\/wp\/v2\/media?parent=23824"}],"wp:term":[{"taxonomy":"category","embeddable":true,"href":"https:\/\/wbp.lublin.pl\/index.php\/wp-json\/wp\/v2\/categories?post=23824"},{"taxonomy":"post_tag","embeddable":true,"href":"https:\/\/wbp.lublin.pl\/index.php\/wp-json\/wp\/v2\/tags?post=23824"}],"curies":[{"name":"wp","href":"https:\/\/api.w.org\/{rel}","templated":true}]}}