{"id":24004,"date":"2020-02-05T15:11:24","date_gmt":"2020-02-05T14:11:24","guid":{"rendered":"https:\/\/wbp.lublin.pl\/?p=24004"},"modified":"2020-03-17T10:46:39","modified_gmt":"2020-03-17T09:46:39","slug":"nabytki-do-ksiegozbioru-naukowego-styczen-2019-2","status":"publish","type":"post","link":"https:\/\/wbp.lublin.pl\/index.php\/2020\/02\/05\/nabytki-do-ksiegozbioru-naukowego-styczen-2019-2\/","title":{"rendered":"Nabytki do Ksi\u0119gozbioru Naukowego (stycze\u0144 2020)"},"content":{"rendered":"<p><!--more--><\/p>\n<ol>\n<li><strong>Ab\u0142amowicz R.<\/strong> Bliskie, lecz z dalekiego \u015bwiata, Katowice 2019<\/li>\n<li><strong>Bia\u0142ek E.<\/strong> Dyplomacja i polityka: rosyjsko-polski s\u0142ownik przek\u0142adowy: A-D, Lublin<\/li>\n<li><strong>Boles\u0142awska-<\/strong> <strong>Lewandowska B. <\/strong>Cz\u0142owiek, my\u015bl, muzyka: wok\u00f3\u0142 postaci i tw\u00f3rczo\u015bci Zygmunta Mycielskiego, Rzesz\u00f3w 2019<\/li>\n<li><strong>Borek P.<\/strong> Zapis przesz\u0142o\u015bci w Indiach: dworska kultura j\u0119zyka brad\u017a, Krak\u00f3w 2019<\/li>\n<li><strong>D\u0142ugajczyk E.<\/strong> Archiwum Powsta\u0144 \u015al\u0105skich. Seria 1, Okres pierwszego powstania 1919 roku. T.1, Katowice 2019<\/li>\n<li><strong>Grabski A.<\/strong> Pogromy \u017byd\u00f3w na ziemiach polskich w XIX i XX wieku T.4, Warszawa 2019<\/li>\n<li><strong>Gruda M.<\/strong> Zaczynaj\u0105c od r\u00f3\u017cnicy: przemiany bohatera w powie\u015bci s\u0142owe\u0144skiej po 1991 roku, Krak\u00f3w 2019<\/li>\n<li><strong>Kucharczyk G.<\/strong> Pierwsza niemiecka okupacja: Kr\u00f3lestwo Polskie i kresy wschodnie pod okupacj\u0105 mocarstw centralnych 1914- 1918, Warszawa 2019<\/li>\n<li><strong>Kwa\u015bniewska M. <\/strong>Mi\u0119dzy hierarchi\u0105 a anarchi\u0105: teatr, instytucja, krytyka, Krak\u00f3w 2019<\/li>\n<li><strong>Kwiatkiewicz P.<\/strong> Energetyka: w kr\u0119gu bezpiecze\u0144stwa i techniki, Pozna\u0144 2019<\/li>\n<li><strong>Milewska I.<\/strong> Europejskie gramatyki sanskrytu XVII- XIX wiek, Krak\u00f3w 2019<\/li>\n<li><strong>Niewiara A. <\/strong>Imagologia: pami\u0119\u0107 zbiorowa, umys\u0142 i kultura, Katowice 2019<\/li>\n<li><strong>Nowak E.<\/strong> Rachunkowo\u015b\u0107 zarz\u0105dcza w przedsi\u0119biorstwie, Warszawa 2019<\/li>\n<li><strong>Pieter J.<\/strong> \u015awiatopogl\u0105d humanisty, Katowice 2019<\/li>\n<li><strong>Romanowska J. <\/strong>Moje wspomnienia. T.1,2,3, Pod ber\u0142em cara: Kozi\u0144ce- Kochan\u00f3wka (1880- 1902), Rzesz\u00f3w 2018<\/li>\n<li><strong>Rzepa T.<\/strong> Na drogach i bezdro\u017cach historii psychologii T.7, Lublin 2019<\/li>\n<li><strong>Sajewicz M.<\/strong> Odczasownikowe pejoratywne nazwy subiekt\u00f3w z formantem sufiksalnym w peryferyjnych gwarach bia\u0142oruskich okolic Lewkowa, Lublin 2019<\/li>\n<li><strong>Taborska A.<\/strong> Miejsce wybrane, Krak\u00f3w 2019<\/li>\n<li><strong>Wawak T.<\/strong> Ewolucja uwarunkowa\u0144 jako\u015bci zarz\u0105dzania w szko\u0142ach wy\u017cszych w Polsce w latach 1918- 2018, Krak\u00f3w 2019<\/li>\n<li><strong>Wolski J.<\/strong> Zagl\u0105da\u0107 w oczy makom i stokrotkom: tw\u00f3rczo\u015b\u0107 Stanis\u0142awy Kopiec: studia,szkice, wspomnienia, Rzesz\u00f3w 2019<\/li>\n<\/ol>\n<p><strong>\u00a0<\/strong><\/p>\n<p><strong>\u00a0<\/strong><\/p>\n","protected":false},"excerpt":{"rendered":"","protected":false},"author":11,"featured_media":24005,"comment_status":"closed","ping_status":"closed","sticky":false,"template":"","format":"standard","meta":{"_tec_requires_first_save":true,"_crdt_document":"","pgc_sgb_lightbox_settings":"","_EventAllDay":false,"_EventTimezone":"","_EventStartDate":"","_EventEndDate":"","_EventStartDateUTC":"","_EventEndDateUTC":"","_EventShowMap":false,"_EventShowMapLink":false,"_EventURL":"","_EventCost":"","_EventCostDescription":"","_EventCurrencySymbol":"","_EventCurrencyCode":"","_EventCurrencyPosition":"","_EventDateTimeSeparator":"","_EventTimeRangeSeparator":"","_EventOrganizerID":[],"_EventVenueID":[],"_OrganizerEmail":"","_OrganizerPhone":"","_OrganizerWebsite":"","_VenueAddress":"","_VenueCity":"","_VenueCountry":"","_VenueProvince":"","_VenueState":"","_VenueZip":"","_VenuePhone":"","_VenueURL":"","_VenueStateProvince":"","_VenueLat":"","_VenueLng":"","_VenueShowMap":false,"_VenueShowMapLink":false,"_tribe_blocks_recurrence_rules":"","_tribe_blocks_recurrence_description":"","_tribe_blocks_recurrence_exclusions":"","footnotes":""},"categories":[509,57],"tags":[],"class_list":["post-24004","post","type-post","status-publish","format-standard","has-post-thumbnail","hentry","category-nowe-nabytki","category-nowe-nabytki-do-ksigozbioru-naukowego"],"publishpress_future_action":{"enabled":false,"date":"2026-05-06 11:45:18","action":"change-status","newStatus":"draft","terms":[],"taxonomy":"category","extraData":[]},"publishpress_future_workflow_manual_trigger":{"enabledWorkflows":[]},"_links":{"self":[{"href":"https:\/\/wbp.lublin.pl\/index.php\/wp-json\/wp\/v2\/posts\/24004","targetHints":{"allow":["GET"]}}],"collection":[{"href":"https:\/\/wbp.lublin.pl\/index.php\/wp-json\/wp\/v2\/posts"}],"about":[{"href":"https:\/\/wbp.lublin.pl\/index.php\/wp-json\/wp\/v2\/types\/post"}],"author":[{"embeddable":true,"href":"https:\/\/wbp.lublin.pl\/index.php\/wp-json\/wp\/v2\/users\/11"}],"replies":[{"embeddable":true,"href":"https:\/\/wbp.lublin.pl\/index.php\/wp-json\/wp\/v2\/comments?post=24004"}],"version-history":[{"count":2,"href":"https:\/\/wbp.lublin.pl\/index.php\/wp-json\/wp\/v2\/posts\/24004\/revisions"}],"predecessor-version":[{"id":24065,"href":"https:\/\/wbp.lublin.pl\/index.php\/wp-json\/wp\/v2\/posts\/24004\/revisions\/24065"}],"wp:featuredmedia":[{"embeddable":true,"href":"https:\/\/wbp.lublin.pl\/index.php\/wp-json\/wp\/v2\/media\/24005"}],"wp:attachment":[{"href":"https:\/\/wbp.lublin.pl\/index.php\/wp-json\/wp\/v2\/media?parent=24004"}],"wp:term":[{"taxonomy":"category","embeddable":true,"href":"https:\/\/wbp.lublin.pl\/index.php\/wp-json\/wp\/v2\/categories?post=24004"},{"taxonomy":"post_tag","embeddable":true,"href":"https:\/\/wbp.lublin.pl\/index.php\/wp-json\/wp\/v2\/tags?post=24004"}],"curies":[{"name":"wp","href":"https:\/\/api.w.org\/{rel}","templated":true}]}}