{"id":24007,"date":"2020-02-06T14:51:22","date_gmt":"2020-02-06T13:51:22","guid":{"rendered":"https:\/\/wbp.lublin.pl\/?p=24007"},"modified":"2020-02-06T14:51:22","modified_gmt":"2020-02-06T13:51:22","slug":"wernisaz-wystawy-magdaleny-wojcik-sekrety-sfumato-oraz-prezentacja-ksiazki-poetyckiej-sfumato-w-obiektywie","status":"publish","type":"post","link":"https:\/\/wbp.lublin.pl\/index.php\/2020\/02\/06\/wernisaz-wystawy-magdaleny-wojcik-sekrety-sfumato-oraz-prezentacja-ksiazki-poetyckiej-sfumato-w-obiektywie\/","title":{"rendered":"Wernisa\u017c wystawy Magdaleny W\u00f3jcik\u00a0 \u201eSekrety \u2013 Sfumato\u201d oraz prezentacja ksi\u0105\u017cki poetyckiej &#8222;Sfumato&#8221; w obiektywie"},"content":{"rendered":"<p><!--more--><\/p>\n<p>31 stycznia 2020 r. w Galerii Wojew\u00f3dzkiej Biblioteki Publicznej im. H. \u0141opaci\u0144skiego w Lublinie odby\u0142 si\u0119 wernisa\u017c wystawy Magdaleny W\u00f3jcik\u00a0 <strong>\u201eSekrety \u2013 Sfumato\u201d <\/strong>oraz prezentacja ksi\u0105\u017cki poetyckiej<strong> <em>Sfumato <\/em><\/strong>(wydanej przez Miejsk\u0105 Bibliotek\u0119 Publiczn\u0105 w Bia\u0142ej Podlaskiej).<\/p>\n<div id='gallery-1' class='gallery galleryid-24007 gallery-columns-3 gallery-size-thumbnail'><figure class='gallery-item'>\n\t\t\t<div class='gallery-icon landscape'>\n\t\t\t\t<a href='https:\/\/wbp.lublin.pl\/index.php\/2020\/02\/06\/wernisaz-wystawy-magdaleny-wojcik-sekrety-sfumato-oraz-prezentacja-ksiazki-poetyckiej-sfumato-w-obiektywie\/2-127\/'><img loading=\"lazy\" decoding=\"async\" width=\"400\" height=\"267\" src=\"https:\/\/wbp.lublin.pl\/wp-content\/uploads\/2020\/02\/2-400x267.webp\" class=\"attachment-thumbnail size-thumbnail not-transparent\" alt=\"\" aria-describedby=\"gallery-1-24009\" srcset=\"https:\/\/wbp.lublin.pl\/wp-content\/uploads\/2020\/02\/2-400x267.webp 400w, https:\/\/wbp.lublin.pl\/wp-content\/uploads\/2020\/02\/2-600x400.webp 600w, https:\/\/wbp.lublin.pl\/wp-content\/uploads\/2020\/02\/2-768x512.webp 768w, https:\/\/wbp.lublin.pl\/wp-content\/uploads\/2020\/02\/2-1536x1024.webp 1536w, https:\/\/wbp.lublin.pl\/wp-content\/uploads\/2020\/02\/2-947x631.webp 947w, https:\/\/wbp.lublin.pl\/wp-content\/uploads\/2020\/02\/2-624x416.webp 624w, https:\/\/wbp.lublin.pl\/wp-content\/uploads\/2020\/02\/2-84x56.webp 84w, https:\/\/wbp.lublin.pl\/wp-content\/uploads\/2020\/02\/2.webp 1620w\" sizes=\"auto, (max-width: 400px) 100vw, 400px\" data-has-transparency=\"false\" data-dominant-color=\"474b44\" style=\"--dominant-color: #474b44;\" \/><\/a>\n\t\t\t<\/div>\n\t\t\t\t<figcaption class='wp-caption-text gallery-caption' id='gallery-1-24009'>\n\t\t\t\tGo\u015bci spotkania przywita\u0142a Ewa Hadrian (Dzia\u0142 Informacji i Promocji) \n\t\t\t\t<\/figcaption><\/figure><figure class='gallery-item'>\n\t\t\t<div class='gallery-icon landscape'>\n\t\t\t\t<a href='https:\/\/wbp.lublin.pl\/index.php\/2020\/02\/06\/wernisaz-wystawy-magdaleny-wojcik-sekrety-sfumato-oraz-prezentacja-ksiazki-poetyckiej-sfumato-w-obiektywie\/6-121\/'><img loading=\"lazy\" decoding=\"async\" width=\"400\" height=\"267\" src=\"https:\/\/wbp.lublin.pl\/wp-content\/uploads\/2020\/02\/6-400x267.webp\" class=\"attachment-thumbnail size-thumbnail not-transparent\" alt=\"\" aria-describedby=\"gallery-1-24010\" srcset=\"https:\/\/wbp.lublin.pl\/wp-content\/uploads\/2020\/02\/6-400x267.webp 400w, https:\/\/wbp.lublin.pl\/wp-content\/uploads\/2020\/02\/6-600x400.webp 600w, https:\/\/wbp.lublin.pl\/wp-content\/uploads\/2020\/02\/6-768x512.webp 768w, https:\/\/wbp.lublin.pl\/wp-content\/uploads\/2020\/02\/6-1536x1024.webp 1536w, https:\/\/wbp.lublin.pl\/wp-content\/uploads\/2020\/02\/6-947x631.webp 947w, https:\/\/wbp.lublin.pl\/wp-content\/uploads\/2020\/02\/6-624x416.webp 624w, https:\/\/wbp.lublin.pl\/wp-content\/uploads\/2020\/02\/6-84x56.webp 84w, https:\/\/wbp.lublin.pl\/wp-content\/uploads\/2020\/02\/6.webp 1620w\" sizes=\"auto, (max-width: 400px) 100vw, 400px\" data-has-transparency=\"false\" data-dominant-color=\"48423a\" style=\"--dominant-color: #48423a;\" \/><\/a>\n\t\t\t<\/div>\n\t\t\t\t<figcaption class='wp-caption-text gallery-caption' id='gallery-1-24010'>\n\t\t\t\tTadeusz S\u0142awecki \u2013 Dyrektor Wojew\u00f3dzkiej Biblioteki Publicznej im. H. \u0141opaci\u0144skiego i Krystyna G\u0142owniak \n\t\t\t\t<\/figcaption><\/figure><figure class='gallery-item'>\n\t\t\t<div class='gallery-icon landscape'>\n\t\t\t\t<a href='https:\/\/wbp.lublin.pl\/index.php\/2020\/02\/06\/wernisaz-wystawy-magdaleny-wojcik-sekrety-sfumato-oraz-prezentacja-ksiazki-poetyckiej-sfumato-w-obiektywie\/7-126\/'><img loading=\"lazy\" decoding=\"async\" width=\"400\" height=\"267\" src=\"https:\/\/wbp.lublin.pl\/wp-content\/uploads\/2020\/02\/7-400x267.webp\" class=\"attachment-thumbnail size-thumbnail not-transparent\" alt=\"\" srcset=\"https:\/\/wbp.lublin.pl\/wp-content\/uploads\/2020\/02\/7-400x267.webp 400w, https:\/\/wbp.lublin.pl\/wp-content\/uploads\/2020\/02\/7-600x400.webp 600w, https:\/\/wbp.lublin.pl\/wp-content\/uploads\/2020\/02\/7-768x512.webp 768w, https:\/\/wbp.lublin.pl\/wp-content\/uploads\/2020\/02\/7-1536x1024.webp 1536w, https:\/\/wbp.lublin.pl\/wp-content\/uploads\/2020\/02\/7-947x631.webp 947w, https:\/\/wbp.lublin.pl\/wp-content\/uploads\/2020\/02\/7-624x416.webp 624w, https:\/\/wbp.lublin.pl\/wp-content\/uploads\/2020\/02\/7-84x56.webp 84w, https:\/\/wbp.lublin.pl\/wp-content\/uploads\/2020\/02\/7.webp 1620w\" sizes=\"auto, (max-width: 400px) 100vw, 400px\" data-has-transparency=\"false\" data-dominant-color=\"4b4a39\" style=\"--dominant-color: #4b4a39;\" \/><\/a>\n\t\t\t<\/div><\/figure><figure class='gallery-item'>\n\t\t\t<div class='gallery-icon portrait'>\n\t\t\t\t<a href='https:\/\/wbp.lublin.pl\/index.php\/2020\/02\/06\/wernisaz-wystawy-magdaleny-wojcik-sekrety-sfumato-oraz-prezentacja-ksiazki-poetyckiej-sfumato-w-obiektywie\/10-122\/'><img loading=\"lazy\" decoding=\"async\" width=\"267\" height=\"400\" src=\"https:\/\/wbp.lublin.pl\/wp-content\/uploads\/2020\/02\/10-e1580996784978-267x400.webp\" class=\"attachment-thumbnail size-thumbnail not-transparent\" alt=\"\" aria-describedby=\"gallery-1-24012\" srcset=\"https:\/\/wbp.lublin.pl\/wp-content\/uploads\/2020\/02\/10-e1580996784978-267x400.webp 267w, https:\/\/wbp.lublin.pl\/wp-content\/uploads\/2020\/02\/10-e1580996784978-400x600.webp 400w, https:\/\/wbp.lublin.pl\/wp-content\/uploads\/2020\/02\/10-e1580996784978-624x936.webp 624w, https:\/\/wbp.lublin.pl\/wp-content\/uploads\/2020\/02\/10-e1580996784978.webp 720w\" sizes=\"auto, (max-width: 267px) 100vw, 267px\" data-has-transparency=\"false\" data-dominant-color=\"3c3330\" style=\"--dominant-color: #3c3330;\" \/><\/a>\n\t\t\t<\/div>\n\t\t\t\t<figcaption class='wp-caption-text gallery-caption' id='gallery-1-24012'>\n\t\t\t\tWyst\u0105pienie Tadeusza S\u0142aweckiego \u2013 Dyrektora WBP im. H. \u0141opaci\u0144skiego \n\t\t\t\t<\/figcaption><\/figure><figure class='gallery-item'>\n\t\t\t<div class='gallery-icon landscape'>\n\t\t\t\t<a href='https:\/\/wbp.lublin.pl\/index.php\/2020\/02\/06\/wernisaz-wystawy-magdaleny-wojcik-sekrety-sfumato-oraz-prezentacja-ksiazki-poetyckiej-sfumato-w-obiektywie\/11-114\/'><img loading=\"lazy\" decoding=\"async\" width=\"400\" height=\"267\" src=\"https:\/\/wbp.lublin.pl\/wp-content\/uploads\/2020\/02\/11-400x267.webp\" class=\"attachment-thumbnail size-thumbnail not-transparent\" alt=\"\" srcset=\"https:\/\/wbp.lublin.pl\/wp-content\/uploads\/2020\/02\/11-400x267.webp 400w, https:\/\/wbp.lublin.pl\/wp-content\/uploads\/2020\/02\/11-600x400.webp 600w, https:\/\/wbp.lublin.pl\/wp-content\/uploads\/2020\/02\/11-768x512.webp 768w, https:\/\/wbp.lublin.pl\/wp-content\/uploads\/2020\/02\/11-1536x1024.webp 1536w, https:\/\/wbp.lublin.pl\/wp-content\/uploads\/2020\/02\/11-947x631.webp 947w, https:\/\/wbp.lublin.pl\/wp-content\/uploads\/2020\/02\/11-624x416.webp 624w, https:\/\/wbp.lublin.pl\/wp-content\/uploads\/2020\/02\/11-84x56.webp 84w, https:\/\/wbp.lublin.pl\/wp-content\/uploads\/2020\/02\/11.webp 1620w\" sizes=\"auto, (max-width: 400px) 100vw, 400px\" data-has-transparency=\"false\" data-dominant-color=\"3b3c3c\" style=\"--dominant-color: #3b3c3c;\" \/><\/a>\n\t\t\t<\/div><\/figure><figure class='gallery-item'>\n\t\t\t<div class='gallery-icon landscape'>\n\t\t\t\t<a href='https:\/\/wbp.lublin.pl\/index.php\/2020\/02\/06\/wernisaz-wystawy-magdaleny-wojcik-sekrety-sfumato-oraz-prezentacja-ksiazki-poetyckiej-sfumato-w-obiektywie\/12-109\/'><img loading=\"lazy\" decoding=\"async\" width=\"400\" height=\"267\" src=\"https:\/\/wbp.lublin.pl\/wp-content\/uploads\/2020\/02\/12-400x267.webp\" class=\"attachment-thumbnail size-thumbnail not-transparent\" alt=\"\" srcset=\"https:\/\/wbp.lublin.pl\/wp-content\/uploads\/2020\/02\/12-400x267.webp 400w, https:\/\/wbp.lublin.pl\/wp-content\/uploads\/2020\/02\/12-600x400.webp 600w, https:\/\/wbp.lublin.pl\/wp-content\/uploads\/2020\/02\/12-768x512.webp 768w, https:\/\/wbp.lublin.pl\/wp-content\/uploads\/2020\/02\/12-1536x1024.webp 1536w, https:\/\/wbp.lublin.pl\/wp-content\/uploads\/2020\/02\/12-947x631.webp 947w, https:\/\/wbp.lublin.pl\/wp-content\/uploads\/2020\/02\/12-624x416.webp 624w, https:\/\/wbp.lublin.pl\/wp-content\/uploads\/2020\/02\/12-84x56.webp 84w, https:\/\/wbp.lublin.pl\/wp-content\/uploads\/2020\/02\/12.webp 1620w\" sizes=\"auto, (max-width: 400px) 100vw, 400px\" data-has-transparency=\"false\" data-dominant-color=\"33332c\" style=\"--dominant-color: #33332c;\" \/><\/a>\n\t\t\t<\/div><\/figure><figure class='gallery-item'>\n\t\t\t<div class='gallery-icon landscape'>\n\t\t\t\t<a href='https:\/\/wbp.lublin.pl\/index.php\/2020\/02\/06\/wernisaz-wystawy-magdaleny-wojcik-sekrety-sfumato-oraz-prezentacja-ksiazki-poetyckiej-sfumato-w-obiektywie\/14-112\/'><img loading=\"lazy\" decoding=\"async\" width=\"400\" height=\"267\" src=\"https:\/\/wbp.lublin.pl\/wp-content\/uploads\/2020\/02\/14-400x267.webp\" class=\"attachment-thumbnail size-thumbnail not-transparent\" alt=\"\" aria-describedby=\"gallery-1-24015\" srcset=\"https:\/\/wbp.lublin.pl\/wp-content\/uploads\/2020\/02\/14-400x267.webp 400w, https:\/\/wbp.lublin.pl\/wp-content\/uploads\/2020\/02\/14-600x400.webp 600w, https:\/\/wbp.lublin.pl\/wp-content\/uploads\/2020\/02\/14-768x512.webp 768w, https:\/\/wbp.lublin.pl\/wp-content\/uploads\/2020\/02\/14-1536x1024.webp 1536w, https:\/\/wbp.lublin.pl\/wp-content\/uploads\/2020\/02\/14-947x631.webp 947w, https:\/\/wbp.lublin.pl\/wp-content\/uploads\/2020\/02\/14-624x416.webp 624w, https:\/\/wbp.lublin.pl\/wp-content\/uploads\/2020\/02\/14-84x56.webp 84w, https:\/\/wbp.lublin.pl\/wp-content\/uploads\/2020\/02\/14.webp 1620w\" sizes=\"auto, (max-width: 400px) 100vw, 400px\" data-has-transparency=\"false\" data-dominant-color=\"43463d\" style=\"--dominant-color: #43463d;\" \/><\/a>\n\t\t\t<\/div>\n\t\t\t\t<figcaption class='wp-caption-text gallery-caption' id='gallery-1-24015'>\n\t\t\t\tSpotkanie z Magdalen\u0105 W\u00f3jcik prowadzi\u0142a Ewa Hadrian \n\t\t\t\t<\/figcaption><\/figure><figure class='gallery-item'>\n\t\t\t<div class='gallery-icon portrait'>\n\t\t\t\t<a href='https:\/\/wbp.lublin.pl\/index.php\/2020\/02\/06\/wernisaz-wystawy-magdaleny-wojcik-sekrety-sfumato-oraz-prezentacja-ksiazki-poetyckiej-sfumato-w-obiektywie\/16-110\/'><img loading=\"lazy\" decoding=\"async\" width=\"267\" height=\"400\" src=\"https:\/\/wbp.lublin.pl\/wp-content\/uploads\/2020\/02\/16-267x400.webp\" class=\"attachment-thumbnail size-thumbnail not-transparent\" alt=\"\" aria-describedby=\"gallery-1-24017\" srcset=\"https:\/\/wbp.lublin.pl\/wp-content\/uploads\/2020\/02\/16-267x400.webp 267w, https:\/\/wbp.lublin.pl\/wp-content\/uploads\/2020\/02\/16-400x600.webp 400w, https:\/\/wbp.lublin.pl\/wp-content\/uploads\/2020\/02\/16-624x936.webp 624w, https:\/\/wbp.lublin.pl\/wp-content\/uploads\/2020\/02\/16.webp 720w\" sizes=\"auto, (max-width: 267px) 100vw, 267px\" data-has-transparency=\"false\" data-dominant-color=\"344437\" style=\"--dominant-color: #344437;\" \/><\/a>\n\t\t\t<\/div>\n\t\t\t\t<figcaption class='wp-caption-text gallery-caption' id='gallery-1-24017'>\n\t\t\t\tMagdalena W\u00f3jcik \n\t\t\t\t<\/figcaption><\/figure><figure class='gallery-item'>\n\t\t\t<div class='gallery-icon landscape'>\n\t\t\t\t<a href='https:\/\/wbp.lublin.pl\/index.php\/2020\/02\/06\/wernisaz-wystawy-magdaleny-wojcik-sekrety-sfumato-oraz-prezentacja-ksiazki-poetyckiej-sfumato-w-obiektywie\/17-99\/'><img loading=\"lazy\" decoding=\"async\" width=\"400\" height=\"267\" src=\"https:\/\/wbp.lublin.pl\/wp-content\/uploads\/2020\/02\/17-400x267.webp\" class=\"attachment-thumbnail size-thumbnail not-transparent\" alt=\"\" srcset=\"https:\/\/wbp.lublin.pl\/wp-content\/uploads\/2020\/02\/17-400x267.webp 400w, https:\/\/wbp.lublin.pl\/wp-content\/uploads\/2020\/02\/17-600x400.webp 600w, https:\/\/wbp.lublin.pl\/wp-content\/uploads\/2020\/02\/17-768x512.webp 768w, https:\/\/wbp.lublin.pl\/wp-content\/uploads\/2020\/02\/17-1536x1024.webp 1536w, https:\/\/wbp.lublin.pl\/wp-content\/uploads\/2020\/02\/17-947x631.webp 947w, https:\/\/wbp.lublin.pl\/wp-content\/uploads\/2020\/02\/17-624x416.webp 624w, https:\/\/wbp.lublin.pl\/wp-content\/uploads\/2020\/02\/17-84x56.webp 84w, https:\/\/wbp.lublin.pl\/wp-content\/uploads\/2020\/02\/17.webp 1620w\" sizes=\"auto, (max-width: 400px) 100vw, 400px\" data-has-transparency=\"false\" data-dominant-color=\"57564d\" style=\"--dominant-color: #57564d;\" \/><\/a>\n\t\t\t<\/div><\/figure><figure class='gallery-item'>\n\t\t\t<div class='gallery-icon landscape'>\n\t\t\t\t<a href='https:\/\/wbp.lublin.pl\/index.php\/2020\/02\/06\/wernisaz-wystawy-magdaleny-wojcik-sekrety-sfumato-oraz-prezentacja-ksiazki-poetyckiej-sfumato-w-obiektywie\/18-100\/'><img loading=\"lazy\" decoding=\"async\" width=\"400\" height=\"267\" src=\"https:\/\/wbp.lublin.pl\/wp-content\/uploads\/2020\/02\/18-400x267.webp\" class=\"attachment-thumbnail size-thumbnail not-transparent\" alt=\"\" srcset=\"https:\/\/wbp.lublin.pl\/wp-content\/uploads\/2020\/02\/18-400x267.webp 400w, https:\/\/wbp.lublin.pl\/wp-content\/uploads\/2020\/02\/18-600x400.webp 600w, https:\/\/wbp.lublin.pl\/wp-content\/uploads\/2020\/02\/18-768x512.webp 768w, https:\/\/wbp.lublin.pl\/wp-content\/uploads\/2020\/02\/18-1536x1024.webp 1536w, https:\/\/wbp.lublin.pl\/wp-content\/uploads\/2020\/02\/18-947x631.webp 947w, https:\/\/wbp.lublin.pl\/wp-content\/uploads\/2020\/02\/18-624x416.webp 624w, https:\/\/wbp.lublin.pl\/wp-content\/uploads\/2020\/02\/18-84x56.webp 84w, https:\/\/wbp.lublin.pl\/wp-content\/uploads\/2020\/02\/18.webp 1620w\" sizes=\"auto, (max-width: 400px) 100vw, 400px\" data-has-transparency=\"false\" data-dominant-color=\"373631\" style=\"--dominant-color: #373631;\" \/><\/a>\n\t\t\t<\/div><\/figure><figure class='gallery-item'>\n\t\t\t<div class='gallery-icon landscape'>\n\t\t\t\t<a href='https:\/\/wbp.lublin.pl\/index.php\/2020\/02\/06\/wernisaz-wystawy-magdaleny-wojcik-sekrety-sfumato-oraz-prezentacja-ksiazki-poetyckiej-sfumato-w-obiektywie\/19-94\/'><img loading=\"lazy\" decoding=\"async\" width=\"400\" height=\"267\" src=\"https:\/\/wbp.lublin.pl\/wp-content\/uploads\/2020\/02\/19-400x267.webp\" class=\"attachment-thumbnail size-thumbnail not-transparent\" alt=\"\" srcset=\"https:\/\/wbp.lublin.pl\/wp-content\/uploads\/2020\/02\/19-400x267.webp 400w, https:\/\/wbp.lublin.pl\/wp-content\/uploads\/2020\/02\/19-600x400.webp 600w, https:\/\/wbp.lublin.pl\/wp-content\/uploads\/2020\/02\/19-768x512.webp 768w, https:\/\/wbp.lublin.pl\/wp-content\/uploads\/2020\/02\/19-1536x1024.webp 1536w, https:\/\/wbp.lublin.pl\/wp-content\/uploads\/2020\/02\/19-947x631.webp 947w, https:\/\/wbp.lublin.pl\/wp-content\/uploads\/2020\/02\/19-624x416.webp 624w, https:\/\/wbp.lublin.pl\/wp-content\/uploads\/2020\/02\/19-84x56.webp 84w, https:\/\/wbp.lublin.pl\/wp-content\/uploads\/2020\/02\/19.webp 1620w\" sizes=\"auto, (max-width: 400px) 100vw, 400px\" data-has-transparency=\"false\" data-dominant-color=\"4f4e3a\" style=\"--dominant-color: #4f4e3a;\" \/><\/a>\n\t\t\t<\/div><\/figure><figure class='gallery-item'>\n\t\t\t<div class='gallery-icon portrait'>\n\t\t\t\t<a href='https:\/\/wbp.lublin.pl\/index.php\/2020\/02\/06\/wernisaz-wystawy-magdaleny-wojcik-sekrety-sfumato-oraz-prezentacja-ksiazki-poetyckiej-sfumato-w-obiektywie\/20-95\/'><img loading=\"lazy\" decoding=\"async\" width=\"267\" height=\"400\" src=\"https:\/\/wbp.lublin.pl\/wp-content\/uploads\/2020\/02\/20-267x400.webp\" class=\"attachment-thumbnail size-thumbnail not-transparent\" alt=\"\" srcset=\"https:\/\/wbp.lublin.pl\/wp-content\/uploads\/2020\/02\/20-267x400.webp 267w, https:\/\/wbp.lublin.pl\/wp-content\/uploads\/2020\/02\/20-400x600.webp 400w, https:\/\/wbp.lublin.pl\/wp-content\/uploads\/2020\/02\/20-624x936.webp 624w, https:\/\/wbp.lublin.pl\/wp-content\/uploads\/2020\/02\/20.webp 720w\" sizes=\"auto, (max-width: 267px) 100vw, 267px\" data-has-transparency=\"false\" data-dominant-color=\"62664e\" style=\"--dominant-color: #62664e;\" \/><\/a>\n\t\t\t<\/div><\/figure><figure class='gallery-item'>\n\t\t\t<div class='gallery-icon landscape'>\n\t\t\t\t<a href='https:\/\/wbp.lublin.pl\/index.php\/2020\/02\/06\/wernisaz-wystawy-magdaleny-wojcik-sekrety-sfumato-oraz-prezentacja-ksiazki-poetyckiej-sfumato-w-obiektywie\/21-85\/'><img loading=\"lazy\" decoding=\"async\" width=\"400\" height=\"267\" src=\"https:\/\/wbp.lublin.pl\/wp-content\/uploads\/2020\/02\/21-400x267.webp\" class=\"attachment-thumbnail size-thumbnail not-transparent\" alt=\"\" srcset=\"https:\/\/wbp.lublin.pl\/wp-content\/uploads\/2020\/02\/21-400x267.webp 400w, https:\/\/wbp.lublin.pl\/wp-content\/uploads\/2020\/02\/21-600x400.webp 600w, https:\/\/wbp.lublin.pl\/wp-content\/uploads\/2020\/02\/21-768x512.webp 768w, https:\/\/wbp.lublin.pl\/wp-content\/uploads\/2020\/02\/21-1536x1024.webp 1536w, https:\/\/wbp.lublin.pl\/wp-content\/uploads\/2020\/02\/21-947x631.webp 947w, https:\/\/wbp.lublin.pl\/wp-content\/uploads\/2020\/02\/21-624x416.webp 624w, https:\/\/wbp.lublin.pl\/wp-content\/uploads\/2020\/02\/21-84x56.webp 84w, https:\/\/wbp.lublin.pl\/wp-content\/uploads\/2020\/02\/21.webp 1620w\" sizes=\"auto, (max-width: 400px) 100vw, 400px\" data-has-transparency=\"false\" data-dominant-color=\"6b7563\" style=\"--dominant-color: #6b7563;\" \/><\/a>\n\t\t\t<\/div><\/figure><figure class='gallery-item'>\n\t\t\t<div class='gallery-icon portrait'>\n\t\t\t\t<a href='https:\/\/wbp.lublin.pl\/index.php\/2020\/02\/06\/wernisaz-wystawy-magdaleny-wojcik-sekrety-sfumato-oraz-prezentacja-ksiazki-poetyckiej-sfumato-w-obiektywie\/22-83\/'><img loading=\"lazy\" decoding=\"async\" width=\"267\" height=\"400\" src=\"https:\/\/wbp.lublin.pl\/wp-content\/uploads\/2020\/02\/22-267x400.webp\" class=\"attachment-thumbnail size-thumbnail not-transparent\" alt=\"\" srcset=\"https:\/\/wbp.lublin.pl\/wp-content\/uploads\/2020\/02\/22-267x400.webp 267w, https:\/\/wbp.lublin.pl\/wp-content\/uploads\/2020\/02\/22-400x600.webp 400w, https:\/\/wbp.lublin.pl\/wp-content\/uploads\/2020\/02\/22-624x936.webp 624w, https:\/\/wbp.lublin.pl\/wp-content\/uploads\/2020\/02\/22.webp 720w\" sizes=\"auto, (max-width: 267px) 100vw, 267px\" data-has-transparency=\"false\" data-dominant-color=\"83887d\" style=\"--dominant-color: #83887d;\" \/><\/a>\n\t\t\t<\/div><\/figure><figure class='gallery-item'>\n\t\t\t<div class='gallery-icon landscape'>\n\t\t\t\t<a href='https:\/\/wbp.lublin.pl\/index.php\/2020\/02\/06\/wernisaz-wystawy-magdaleny-wojcik-sekrety-sfumato-oraz-prezentacja-ksiazki-poetyckiej-sfumato-w-obiektywie\/23-77\/'><img loading=\"lazy\" decoding=\"async\" width=\"400\" height=\"267\" src=\"https:\/\/wbp.lublin.pl\/wp-content\/uploads\/2020\/02\/23-400x267.webp\" class=\"attachment-thumbnail size-thumbnail not-transparent\" alt=\"\" srcset=\"https:\/\/wbp.lublin.pl\/wp-content\/uploads\/2020\/02\/23-400x267.webp 400w, https:\/\/wbp.lublin.pl\/wp-content\/uploads\/2020\/02\/23-600x400.webp 600w, https:\/\/wbp.lublin.pl\/wp-content\/uploads\/2020\/02\/23-768x512.webp 768w, https:\/\/wbp.lublin.pl\/wp-content\/uploads\/2020\/02\/23-1536x1024.webp 1536w, https:\/\/wbp.lublin.pl\/wp-content\/uploads\/2020\/02\/23-947x631.webp 947w, https:\/\/wbp.lublin.pl\/wp-content\/uploads\/2020\/02\/23-624x416.webp 624w, https:\/\/wbp.lublin.pl\/wp-content\/uploads\/2020\/02\/23-84x56.webp 84w, https:\/\/wbp.lublin.pl\/wp-content\/uploads\/2020\/02\/23.webp 1620w\" sizes=\"auto, (max-width: 400px) 100vw, 400px\" data-has-transparency=\"false\" data-dominant-color=\"626458\" style=\"--dominant-color: #626458;\" \/><\/a>\n\t\t\t<\/div><\/figure><figure class='gallery-item'>\n\t\t\t<div class='gallery-icon landscape'>\n\t\t\t\t<a href='https:\/\/wbp.lublin.pl\/index.php\/2020\/02\/06\/wernisaz-wystawy-magdaleny-wojcik-sekrety-sfumato-oraz-prezentacja-ksiazki-poetyckiej-sfumato-w-obiektywie\/24-75\/'><img loading=\"lazy\" decoding=\"async\" width=\"400\" height=\"267\" src=\"https:\/\/wbp.lublin.pl\/wp-content\/uploads\/2020\/02\/24-400x267.webp\" class=\"attachment-thumbnail size-thumbnail not-transparent\" alt=\"\" srcset=\"https:\/\/wbp.lublin.pl\/wp-content\/uploads\/2020\/02\/24-400x267.webp 400w, https:\/\/wbp.lublin.pl\/wp-content\/uploads\/2020\/02\/24-600x400.webp 600w, https:\/\/wbp.lublin.pl\/wp-content\/uploads\/2020\/02\/24-768x512.webp 768w, https:\/\/wbp.lublin.pl\/wp-content\/uploads\/2020\/02\/24-1536x1024.webp 1536w, https:\/\/wbp.lublin.pl\/wp-content\/uploads\/2020\/02\/24-947x631.webp 947w, https:\/\/wbp.lublin.pl\/wp-content\/uploads\/2020\/02\/24-624x416.webp 624w, https:\/\/wbp.lublin.pl\/wp-content\/uploads\/2020\/02\/24-84x56.webp 84w, https:\/\/wbp.lublin.pl\/wp-content\/uploads\/2020\/02\/24.webp 1620w\" sizes=\"auto, (max-width: 400px) 100vw, 400px\" data-has-transparency=\"false\" data-dominant-color=\"707465\" style=\"--dominant-color: #707465;\" \/><\/a>\n\t\t\t<\/div><\/figure><figure class='gallery-item'>\n\t\t\t<div class='gallery-icon landscape'>\n\t\t\t\t<a href='https:\/\/wbp.lublin.pl\/index.php\/2020\/02\/06\/wernisaz-wystawy-magdaleny-wojcik-sekrety-sfumato-oraz-prezentacja-ksiazki-poetyckiej-sfumato-w-obiektywie\/25-77\/'><img loading=\"lazy\" decoding=\"async\" width=\"400\" height=\"325\" src=\"https:\/\/wbp.lublin.pl\/wp-content\/uploads\/2020\/02\/25-400x325.webp\" class=\"attachment-thumbnail size-thumbnail not-transparent\" alt=\"\" srcset=\"https:\/\/wbp.lublin.pl\/wp-content\/uploads\/2020\/02\/25-400x325.webp 400w, https:\/\/wbp.lublin.pl\/wp-content\/uploads\/2020\/02\/25-600x487.webp 600w, https:\/\/wbp.lublin.pl\/wp-content\/uploads\/2020\/02\/25-768x624.webp 768w, https:\/\/wbp.lublin.pl\/wp-content\/uploads\/2020\/02\/25-947x769.webp 947w, https:\/\/wbp.lublin.pl\/wp-content\/uploads\/2020\/02\/25-624x507.webp 624w, https:\/\/wbp.lublin.pl\/wp-content\/uploads\/2020\/02\/25.webp 1330w\" sizes=\"auto, (max-width: 400px) 100vw, 400px\" data-has-transparency=\"false\" data-dominant-color=\"70716d\" style=\"--dominant-color: #70716d;\" \/><\/a>\n\t\t\t<\/div><\/figure><figure class='gallery-item'>\n\t\t\t<div class='gallery-icon landscape'>\n\t\t\t\t<a href='https:\/\/wbp.lublin.pl\/index.php\/2020\/02\/06\/wernisaz-wystawy-magdaleny-wojcik-sekrety-sfumato-oraz-prezentacja-ksiazki-poetyckiej-sfumato-w-obiektywie\/26-75\/'><img loading=\"lazy\" decoding=\"async\" width=\"400\" height=\"267\" src=\"https:\/\/wbp.lublin.pl\/wp-content\/uploads\/2020\/02\/26-400x267.webp\" class=\"attachment-thumbnail size-thumbnail not-transparent\" alt=\"\" srcset=\"https:\/\/wbp.lublin.pl\/wp-content\/uploads\/2020\/02\/26-400x267.webp 400w, https:\/\/wbp.lublin.pl\/wp-content\/uploads\/2020\/02\/26-600x400.webp 600w, https:\/\/wbp.lublin.pl\/wp-content\/uploads\/2020\/02\/26-768x512.webp 768w, https:\/\/wbp.lublin.pl\/wp-content\/uploads\/2020\/02\/26-1536x1024.webp 1536w, https:\/\/wbp.lublin.pl\/wp-content\/uploads\/2020\/02\/26-947x631.webp 947w, https:\/\/wbp.lublin.pl\/wp-content\/uploads\/2020\/02\/26-624x416.webp 624w, https:\/\/wbp.lublin.pl\/wp-content\/uploads\/2020\/02\/26-84x56.webp 84w, https:\/\/wbp.lublin.pl\/wp-content\/uploads\/2020\/02\/26.webp 1620w\" sizes=\"auto, (max-width: 400px) 100vw, 400px\" data-has-transparency=\"false\" data-dominant-color=\"8b8b7e\" style=\"--dominant-color: #8b8b7e;\" \/><\/a>\n\t\t\t<\/div><\/figure><figure class='gallery-item'>\n\t\t\t<div class='gallery-icon landscape'>\n\t\t\t\t<a href='https:\/\/wbp.lublin.pl\/index.php\/2020\/02\/06\/wernisaz-wystawy-magdaleny-wojcik-sekrety-sfumato-oraz-prezentacja-ksiazki-poetyckiej-sfumato-w-obiektywie\/27-73\/'><img loading=\"lazy\" decoding=\"async\" width=\"400\" height=\"267\" src=\"https:\/\/wbp.lublin.pl\/wp-content\/uploads\/2020\/02\/27-400x267.webp\" class=\"attachment-thumbnail size-thumbnail not-transparent\" alt=\"\" srcset=\"https:\/\/wbp.lublin.pl\/wp-content\/uploads\/2020\/02\/27-400x267.webp 400w, https:\/\/wbp.lublin.pl\/wp-content\/uploads\/2020\/02\/27-600x400.webp 600w, https:\/\/wbp.lublin.pl\/wp-content\/uploads\/2020\/02\/27-768x512.webp 768w, https:\/\/wbp.lublin.pl\/wp-content\/uploads\/2020\/02\/27-1536x1024.webp 1536w, https:\/\/wbp.lublin.pl\/wp-content\/uploads\/2020\/02\/27-947x631.webp 947w, https:\/\/wbp.lublin.pl\/wp-content\/uploads\/2020\/02\/27-624x416.webp 624w, https:\/\/wbp.lublin.pl\/wp-content\/uploads\/2020\/02\/27-84x56.webp 84w, https:\/\/wbp.lublin.pl\/wp-content\/uploads\/2020\/02\/27.webp 1620w\" sizes=\"auto, (max-width: 400px) 100vw, 400px\" data-has-transparency=\"false\" data-dominant-color=\"858878\" style=\"--dominant-color: #858878;\" \/><\/a>\n\t\t\t<\/div><\/figure><figure class='gallery-item'>\n\t\t\t<div class='gallery-icon landscape'>\n\t\t\t\t<a href='https:\/\/wbp.lublin.pl\/index.php\/2020\/02\/06\/wernisaz-wystawy-magdaleny-wojcik-sekrety-sfumato-oraz-prezentacja-ksiazki-poetyckiej-sfumato-w-obiektywie\/28-69\/'><img loading=\"lazy\" decoding=\"async\" width=\"400\" height=\"267\" src=\"https:\/\/wbp.lublin.pl\/wp-content\/uploads\/2020\/02\/28-400x267.webp\" class=\"attachment-thumbnail size-thumbnail not-transparent\" alt=\"\" srcset=\"https:\/\/wbp.lublin.pl\/wp-content\/uploads\/2020\/02\/28-400x267.webp 400w, https:\/\/wbp.lublin.pl\/wp-content\/uploads\/2020\/02\/28-600x400.webp 600w, https:\/\/wbp.lublin.pl\/wp-content\/uploads\/2020\/02\/28-768x512.webp 768w, https:\/\/wbp.lublin.pl\/wp-content\/uploads\/2020\/02\/28-1536x1024.webp 1536w, https:\/\/wbp.lublin.pl\/wp-content\/uploads\/2020\/02\/28-947x631.webp 947w, https:\/\/wbp.lublin.pl\/wp-content\/uploads\/2020\/02\/28-624x416.webp 624w, https:\/\/wbp.lublin.pl\/wp-content\/uploads\/2020\/02\/28-84x56.webp 84w, https:\/\/wbp.lublin.pl\/wp-content\/uploads\/2020\/02\/28.webp 1620w\" sizes=\"auto, (max-width: 400px) 100vw, 400px\" data-has-transparency=\"false\" data-dominant-color=\"727667\" style=\"--dominant-color: #727667;\" \/><\/a>\n\t\t\t<\/div><\/figure><figure class='gallery-item'>\n\t\t\t<div class='gallery-icon landscape'>\n\t\t\t\t<a href='https:\/\/wbp.lublin.pl\/index.php\/2020\/02\/06\/wernisaz-wystawy-magdaleny-wojcik-sekrety-sfumato-oraz-prezentacja-ksiazki-poetyckiej-sfumato-w-obiektywie\/29-68\/'><img loading=\"lazy\" decoding=\"async\" width=\"400\" height=\"267\" src=\"https:\/\/wbp.lublin.pl\/wp-content\/uploads\/2020\/02\/29-400x267.webp\" class=\"attachment-thumbnail size-thumbnail not-transparent\" alt=\"\" srcset=\"https:\/\/wbp.lublin.pl\/wp-content\/uploads\/2020\/02\/29-400x267.webp 400w, https:\/\/wbp.lublin.pl\/wp-content\/uploads\/2020\/02\/29-600x400.webp 600w, https:\/\/wbp.lublin.pl\/wp-content\/uploads\/2020\/02\/29-768x512.webp 768w, https:\/\/wbp.lublin.pl\/wp-content\/uploads\/2020\/02\/29-1536x1024.webp 1536w, https:\/\/wbp.lublin.pl\/wp-content\/uploads\/2020\/02\/29-947x631.webp 947w, https:\/\/wbp.lublin.pl\/wp-content\/uploads\/2020\/02\/29-624x416.webp 624w, https:\/\/wbp.lublin.pl\/wp-content\/uploads\/2020\/02\/29-84x56.webp 84w, https:\/\/wbp.lublin.pl\/wp-content\/uploads\/2020\/02\/29.webp 1620w\" sizes=\"auto, (max-width: 400px) 100vw, 400px\" data-has-transparency=\"false\" data-dominant-color=\"84887f\" style=\"--dominant-color: #84887f;\" \/><\/a>\n\t\t\t<\/div><\/figure><figure class='gallery-item'>\n\t\t\t<div class='gallery-icon landscape'>\n\t\t\t\t<a href='https:\/\/wbp.lublin.pl\/index.php\/2020\/02\/06\/wernisaz-wystawy-magdaleny-wojcik-sekrety-sfumato-oraz-prezentacja-ksiazki-poetyckiej-sfumato-w-obiektywie\/30-69\/'><img loading=\"lazy\" decoding=\"async\" width=\"400\" height=\"267\" src=\"https:\/\/wbp.lublin.pl\/wp-content\/uploads\/2020\/02\/30-400x267.webp\" class=\"attachment-thumbnail size-thumbnail not-transparent\" alt=\"\" srcset=\"https:\/\/wbp.lublin.pl\/wp-content\/uploads\/2020\/02\/30-400x267.webp 400w, https:\/\/wbp.lublin.pl\/wp-content\/uploads\/2020\/02\/30-600x400.webp 600w, https:\/\/wbp.lublin.pl\/wp-content\/uploads\/2020\/02\/30-768x512.webp 768w, https:\/\/wbp.lublin.pl\/wp-content\/uploads\/2020\/02\/30-1536x1024.webp 1536w, https:\/\/wbp.lublin.pl\/wp-content\/uploads\/2020\/02\/30-947x631.webp 947w, https:\/\/wbp.lublin.pl\/wp-content\/uploads\/2020\/02\/30-624x416.webp 624w, https:\/\/wbp.lublin.pl\/wp-content\/uploads\/2020\/02\/30-84x56.webp 84w, https:\/\/wbp.lublin.pl\/wp-content\/uploads\/2020\/02\/30.webp 1620w\" sizes=\"auto, (max-width: 400px) 100vw, 400px\" data-has-transparency=\"false\" data-dominant-color=\"808581\" style=\"--dominant-color: #808581;\" \/><\/a>\n\t\t\t<\/div><\/figure><figure class='gallery-item'>\n\t\t\t<div class='gallery-icon landscape'>\n\t\t\t\t<a href='https:\/\/wbp.lublin.pl\/index.php\/2020\/02\/06\/wernisaz-wystawy-magdaleny-wojcik-sekrety-sfumato-oraz-prezentacja-ksiazki-poetyckiej-sfumato-w-obiektywie\/31-58\/'><img loading=\"lazy\" decoding=\"async\" width=\"400\" height=\"267\" src=\"https:\/\/wbp.lublin.pl\/wp-content\/uploads\/2020\/02\/31-400x267.webp\" class=\"attachment-thumbnail size-thumbnail not-transparent\" alt=\"\" srcset=\"https:\/\/wbp.lublin.pl\/wp-content\/uploads\/2020\/02\/31-400x267.webp 400w, https:\/\/wbp.lublin.pl\/wp-content\/uploads\/2020\/02\/31-600x400.webp 600w, https:\/\/wbp.lublin.pl\/wp-content\/uploads\/2020\/02\/31-768x512.webp 768w, https:\/\/wbp.lublin.pl\/wp-content\/uploads\/2020\/02\/31-1536x1024.webp 1536w, https:\/\/wbp.lublin.pl\/wp-content\/uploads\/2020\/02\/31-947x631.webp 947w, https:\/\/wbp.lublin.pl\/wp-content\/uploads\/2020\/02\/31-624x416.webp 624w, https:\/\/wbp.lublin.pl\/wp-content\/uploads\/2020\/02\/31-84x56.webp 84w, https:\/\/wbp.lublin.pl\/wp-content\/uploads\/2020\/02\/31.webp 1620w\" sizes=\"auto, (max-width: 400px) 100vw, 400px\" data-has-transparency=\"false\" data-dominant-color=\"759183\" style=\"--dominant-color: #759183;\" \/><\/a>\n\t\t\t<\/div><\/figure><figure class='gallery-item'>\n\t\t\t<div class='gallery-icon landscape'>\n\t\t\t\t<a href='https:\/\/wbp.lublin.pl\/index.php\/2020\/02\/06\/wernisaz-wystawy-magdaleny-wojcik-sekrety-sfumato-oraz-prezentacja-ksiazki-poetyckiej-sfumato-w-obiektywie\/32-60\/'><img loading=\"lazy\" decoding=\"async\" width=\"400\" height=\"267\" src=\"https:\/\/wbp.lublin.pl\/wp-content\/uploads\/2020\/02\/32-400x267.webp\" class=\"attachment-thumbnail size-thumbnail not-transparent\" alt=\"\" srcset=\"https:\/\/wbp.lublin.pl\/wp-content\/uploads\/2020\/02\/32-400x267.webp 400w, https:\/\/wbp.lublin.pl\/wp-content\/uploads\/2020\/02\/32-600x400.webp 600w, https:\/\/wbp.lublin.pl\/wp-content\/uploads\/2020\/02\/32-768x512.webp 768w, https:\/\/wbp.lublin.pl\/wp-content\/uploads\/2020\/02\/32-1536x1024.webp 1536w, https:\/\/wbp.lublin.pl\/wp-content\/uploads\/2020\/02\/32-947x631.webp 947w, https:\/\/wbp.lublin.pl\/wp-content\/uploads\/2020\/02\/32-624x416.webp 624w, https:\/\/wbp.lublin.pl\/wp-content\/uploads\/2020\/02\/32-84x56.webp 84w, https:\/\/wbp.lublin.pl\/wp-content\/uploads\/2020\/02\/32.webp 1620w\" sizes=\"auto, (max-width: 400px) 100vw, 400px\" data-has-transparency=\"false\" data-dominant-color=\"8e9586\" style=\"--dominant-color: #8e9586;\" \/><\/a>\n\t\t\t<\/div><\/figure><figure class='gallery-item'>\n\t\t\t<div class='gallery-icon landscape'>\n\t\t\t\t<a href='https:\/\/wbp.lublin.pl\/index.php\/2020\/02\/06\/wernisaz-wystawy-magdaleny-wojcik-sekrety-sfumato-oraz-prezentacja-ksiazki-poetyckiej-sfumato-w-obiektywie\/33-54\/'><img loading=\"lazy\" decoding=\"async\" width=\"400\" height=\"267\" src=\"https:\/\/wbp.lublin.pl\/wp-content\/uploads\/2020\/02\/33-400x267.webp\" class=\"attachment-thumbnail size-thumbnail not-transparent\" alt=\"\" srcset=\"https:\/\/wbp.lublin.pl\/wp-content\/uploads\/2020\/02\/33-400x267.webp 400w, https:\/\/wbp.lublin.pl\/wp-content\/uploads\/2020\/02\/33-600x400.webp 600w, https:\/\/wbp.lublin.pl\/wp-content\/uploads\/2020\/02\/33-768x512.webp 768w, https:\/\/wbp.lublin.pl\/wp-content\/uploads\/2020\/02\/33-1536x1024.webp 1536w, https:\/\/wbp.lublin.pl\/wp-content\/uploads\/2020\/02\/33-947x631.webp 947w, https:\/\/wbp.lublin.pl\/wp-content\/uploads\/2020\/02\/33-624x416.webp 624w, https:\/\/wbp.lublin.pl\/wp-content\/uploads\/2020\/02\/33-84x56.webp 84w, https:\/\/wbp.lublin.pl\/wp-content\/uploads\/2020\/02\/33.webp 1620w\" sizes=\"auto, (max-width: 400px) 100vw, 400px\" data-has-transparency=\"false\" data-dominant-color=\"6a6f63\" style=\"--dominant-color: #6a6f63;\" \/><\/a>\n\t\t\t<\/div><\/figure><figure class='gallery-item'>\n\t\t\t<div class='gallery-icon landscape'>\n\t\t\t\t<a href='https:\/\/wbp.lublin.pl\/index.php\/2020\/02\/06\/wernisaz-wystawy-magdaleny-wojcik-sekrety-sfumato-oraz-prezentacja-ksiazki-poetyckiej-sfumato-w-obiektywie\/14-113\/'><img loading=\"lazy\" decoding=\"async\" width=\"400\" height=\"267\" src=\"https:\/\/wbp.lublin.pl\/wp-content\/uploads\/2020\/02\/14-1-400x267.webp\" class=\"attachment-thumbnail size-thumbnail not-transparent\" alt=\"\" srcset=\"https:\/\/wbp.lublin.pl\/wp-content\/uploads\/2020\/02\/14-1-400x267.webp 400w, https:\/\/wbp.lublin.pl\/wp-content\/uploads\/2020\/02\/14-1-600x400.webp 600w, https:\/\/wbp.lublin.pl\/wp-content\/uploads\/2020\/02\/14-1-768x512.webp 768w, https:\/\/wbp.lublin.pl\/wp-content\/uploads\/2020\/02\/14-1-1536x1024.webp 1536w, https:\/\/wbp.lublin.pl\/wp-content\/uploads\/2020\/02\/14-1-947x631.webp 947w, https:\/\/wbp.lublin.pl\/wp-content\/uploads\/2020\/02\/14-1-624x416.webp 624w, https:\/\/wbp.lublin.pl\/wp-content\/uploads\/2020\/02\/14-1-84x56.webp 84w, https:\/\/wbp.lublin.pl\/wp-content\/uploads\/2020\/02\/14-1.webp 1620w\" sizes=\"auto, (max-width: 400px) 100vw, 400px\" data-has-transparency=\"false\" data-dominant-color=\"43463d\" style=\"--dominant-color: #43463d;\" \/><\/a>\n\t\t\t<\/div><\/figure>\n\t\t<\/div>\n\n<p><strong><em>Fot. D. Mo\u015bcibrodzka<\/em><\/strong><\/p>\n","protected":false},"excerpt":{"rendered":"","protected":false},"author":7,"featured_media":24016,"comment_status":"closed","ping_status":"closed","sticky":false,"template":"","format":"standard","meta":{"_tec_requires_first_save":true,"_crdt_document":"","pgc_sgb_lightbox_settings":"","_EventAllDay":false,"_EventTimezone":"","_EventStartDate":"","_EventEndDate":"","_EventStartDateUTC":"","_EventEndDateUTC":"","_EventShowMap":false,"_EventShowMapLink":false,"_EventURL":"","_EventCost":"","_EventCostDescription":"","_EventCurrencySymbol":"","_EventCurrencyCode":"","_EventCurrencyPosition":"","_EventDateTimeSeparator":"","_EventTimeRangeSeparator":"","_EventOrganizerID":[],"_EventVenueID":[],"_OrganizerEmail":"","_OrganizerPhone":"","_OrganizerWebsite":"","_VenueAddress":"","_VenueCity":"","_VenueCountry":"","_VenueProvince":"","_VenueState":"","_VenueZip":"","_VenuePhone":"","_VenueURL":"","_VenueStateProvince":"","_VenueLat":"","_VenueLng":"","_VenueShowMap":false,"_VenueShowMapLink":false,"_tribe_blocks_recurrence_rules":"","_tribe_blocks_recurrence_description":"","_tribe_blocks_recurrence_exclusions":"","footnotes":""},"categories":[537,635,542,540],"tags":[],"class_list":["post-24007","post","type-post","status-publish","format-standard","has-post-thumbnail","hentry","category-archiwum-wydarzen","category-rok-2020","category-wystawy-w-obiektywie","category-spotkania-autorskie-w-obiektywie"],"publishpress_future_action":{"enabled":false,"date":"2026-05-06 10:51:03","action":"change-status","newStatus":"draft","terms":[],"taxonomy":"category","extraData":[]},"publishpress_future_workflow_manual_trigger":{"enabledWorkflows":[]},"_links":{"self":[{"href":"https:\/\/wbp.lublin.pl\/index.php\/wp-json\/wp\/v2\/posts\/24007","targetHints":{"allow":["GET"]}}],"collection":[{"href":"https:\/\/wbp.lublin.pl\/index.php\/wp-json\/wp\/v2\/posts"}],"about":[{"href":"https:\/\/wbp.lublin.pl\/index.php\/wp-json\/wp\/v2\/types\/post"}],"author":[{"embeddable":true,"href":"https:\/\/wbp.lublin.pl\/index.php\/wp-json\/wp\/v2\/users\/7"}],"replies":[{"embeddable":true,"href":"https:\/\/wbp.lublin.pl\/index.php\/wp-json\/wp\/v2\/comments?post=24007"}],"version-history":[{"count":1,"href":"https:\/\/wbp.lublin.pl\/index.php\/wp-json\/wp\/v2\/posts\/24007\/revisions"}],"predecessor-version":[{"id":24036,"href":"https:\/\/wbp.lublin.pl\/index.php\/wp-json\/wp\/v2\/posts\/24007\/revisions\/24036"}],"wp:featuredmedia":[{"embeddable":true,"href":"https:\/\/wbp.lublin.pl\/index.php\/wp-json\/wp\/v2\/media\/24016"}],"wp:attachment":[{"href":"https:\/\/wbp.lublin.pl\/index.php\/wp-json\/wp\/v2\/media?parent=24007"}],"wp:term":[{"taxonomy":"category","embeddable":true,"href":"https:\/\/wbp.lublin.pl\/index.php\/wp-json\/wp\/v2\/categories?post=24007"},{"taxonomy":"post_tag","embeddable":true,"href":"https:\/\/wbp.lublin.pl\/index.php\/wp-json\/wp\/v2\/tags?post=24007"}],"curies":[{"name":"wp","href":"https:\/\/api.w.org\/{rel}","templated":true}]}}