{"id":24040,"date":"2020-02-07T11:19:47","date_gmt":"2020-02-07T10:19:47","guid":{"rendered":"https:\/\/wbp.lublin.pl\/?p=24040"},"modified":"2020-02-14T09:52:22","modified_gmt":"2020-02-14T08:52:22","slug":"zegnamy-romualda-lipko","status":"publish","type":"post","link":"https:\/\/wbp.lublin.pl\/index.php\/2020\/02\/07\/zegnamy-romualda-lipko\/","title":{"rendered":"\u017begnamy Romualda Lipko"},"content":{"rendered":"<p><!--more--><\/p>\n<p style=\"text-align: center;\">Wojew\u00f3dzka Biblioteka Publiczna im. Hieronima \u0141opaci\u0144skiego w Lublinie<\/p>\n<p style=\"text-align: center;\">\u017cegna<\/p>\n<h3 style=\"text-align: center;\"><strong>Romualda Lipko<\/strong><br \/>\n(3 kwietnia\u00a01950 &#8211; 6 lutego\u00a02020)<\/h3>\n<p style=\"text-align: center;\">wybitnego Lublinianina,<br \/>\nznakomitego muzyka i kompozytora,<br \/>\nwsp\u00f3\u0142tw\u00f3rc\u0119 i kreatora zespo\u0142u <strong>Budka Suflera<\/strong>,<br \/>\njednego z najwybitniejszych kompozytor\u00f3w polskiej muzyki rozrywkowej XX i XXI w.<\/p>\n<p style=\"text-align: center;\">Wojew\u00f3dzka Biblioteka Publiczna im. Hieronima \u0141opaci\u0144skiego w Lublinie<br \/>\nmia\u0142a honor go\u015bci\u0107 <strong>Romualda Lipko<\/strong> \u2013<br \/>\nwraz z innymi cz\u0142onkami zespo\u0142u <strong>Budka Suflera<\/strong> \u2013\u00a0 w swoich progach.<\/p>\n<p style=\"text-align: center;\">Pozosta\u0142a nam pami\u0119\u0107 i muzyka\u2026<\/p>\n<p style=\"text-align: center;\"><em>Sza, cicho sza czas na cisz\u0119,<\/em><em><br \/>\nJu\u017c oddech jej coraz bli\u017cej,<br \/>\nTego naprawd\u0119 Ci brak,<br \/>\nOna jedna prawdziwy ma smak,<br \/>\nCisza jak ta. (\u2026)<\/em><\/p>\n<p style=\"text-align: center;\"><em>Bli\u017cej i bli\u017cej, i bli\u017cej, i bli\u017cej<\/em><br \/>\n<em>Masz do niej,<\/em><br \/>\n<em>Ciszej i ciszej, i ciszej, i ciszej<\/em><br \/>\n<em>Co dnia\u2026<\/em><\/p>\n<p style=\"text-align: right;\"><em>Cisza jak ta<br \/>\n<\/em>(s\u0142owa &#8211; Andrzej Mogielnicki,<br \/>\nmuzyka &#8211; Romuald Lipko, Krzysztof Cugowski)<\/p>\n<p>&nbsp;<\/p>\n<hr \/>\n<p>&nbsp;<\/p>\n<blockquote class=\"wp-embedded-content\" data-secret=\"kkQbVGwqBp\"><p><a href=\"https:\/\/wbp.lublin.pl\/index.php\/2018\/04\/12\/fotorelacja-z-promocji-ksiazki-budka-suflera-memu-miastu-na-do-widzenia-muzyka-miasto-ludzie\/\">Fotorelacja z promocji ksi\u0105\u017cki &#8220;Budka Suflera. Memu miastu na do widzenia. Muzyka &#8211; miasto &#8211; ludzie&#8221;<\/a><\/p><\/blockquote>\n<p><iframe loading=\"lazy\" class=\"wp-embedded-content\" sandbox=\"allow-scripts\" security=\"restricted\" style=\"position: absolute; visibility: hidden;\" title=\"&#8222;Fotorelacja z promocji ksi\u0105\u017cki &#8220;Budka Suflera. Memu miastu na do widzenia. Muzyka &#8211; miasto &#8211; ludzie&#8221;&#8221; &#8212; Wojew\u00f3dzka Biblioteka Publiczna im. Hieronima \u0141opaci\u0144skiego w Lublinie\" src=\"https:\/\/wbp.lublin.pl\/index.php\/2018\/04\/12\/fotorelacja-z-promocji-ksiazki-budka-suflera-memu-miastu-na-do-widzenia-muzyka-miasto-ludzie\/embed\/#?secret=UM0xvcRWGe#?secret=kkQbVGwqBp\" data-secret=\"kkQbVGwqBp\" width=\"600\" height=\"338\" frameborder=\"0\" marginwidth=\"0\" marginheight=\"0\" scrolling=\"no\"><\/iframe><\/p>\n<p><a href=\"https:\/\/wbp.lublin.pl\/wp-content\/uploads\/2020\/02\/Image0001.jpg\"><img data-dominant-color=\"e6e2e8\" data-has-transparency=\"false\" style=\"--dominant-color: #e6e2e8;\" loading=\"lazy\" decoding=\"async\" class=\"aligncenter wp-image-24060 size-large not-transparent\" src=\"https:\/\/wbp.lublin.pl\/wp-content\/uploads\/2020\/02\/Image0001-843x1024.jpg\" alt=\"\" width=\"843\" height=\"1024\" \/><\/a><\/p>\n","protected":false},"excerpt":{"rendered":"","protected":false},"author":7,"featured_media":24041,"comment_status":"closed","ping_status":"closed","sticky":false,"template":"","format":"standard","meta":{"_tec_requires_first_save":true,"_crdt_document":"","pgc_sgb_lightbox_settings":"","_EventAllDay":false,"_EventTimezone":"","_EventStartDate":"","_EventEndDate":"","_EventStartDateUTC":"","_EventEndDateUTC":"","_EventShowMap":false,"_EventShowMapLink":false,"_EventURL":"","_EventCost":"","_EventCostDescription":"","_EventCurrencySymbol":"","_EventCurrencyCode":"","_EventCurrencyPosition":"","_EventDateTimeSeparator":"","_EventTimeRangeSeparator":"","_EventOrganizerID":[],"_EventVenueID":[],"_OrganizerEmail":"","_OrganizerPhone":"","_OrganizerWebsite":"","_VenueAddress":"","_VenueCity":"","_VenueCountry":"","_VenueProvince":"","_VenueState":"","_VenueZip":"","_VenuePhone":"","_VenueURL":"","_VenueStateProvince":"","_VenueLat":"","_VenueLng":"","_VenueShowMap":false,"_VenueShowMapLink":false,"_tribe_blocks_recurrence_rules":"","_tribe_blocks_recurrence_description":"","_tribe_blocks_recurrence_exclusions":"","footnotes":""},"categories":[10,53],"tags":[],"class_list":["post-24040","post","type-post","status-publish","format-standard","has-post-thumbnail","hentry","category-aktualnosci","category-komunikaty"],"publishpress_future_action":{"enabled":false,"date":"2026-05-06 15:55:17","action":"change-status","newStatus":"draft","terms":[],"taxonomy":"category","extraData":[]},"publishpress_future_workflow_manual_trigger":{"enabledWorkflows":[]},"_links":{"self":[{"href":"https:\/\/wbp.lublin.pl\/index.php\/wp-json\/wp\/v2\/posts\/24040","targetHints":{"allow":["GET"]}}],"collection":[{"href":"https:\/\/wbp.lublin.pl\/index.php\/wp-json\/wp\/v2\/posts"}],"about":[{"href":"https:\/\/wbp.lublin.pl\/index.php\/wp-json\/wp\/v2\/types\/post"}],"author":[{"embeddable":true,"href":"https:\/\/wbp.lublin.pl\/index.php\/wp-json\/wp\/v2\/users\/7"}],"replies":[{"embeddable":true,"href":"https:\/\/wbp.lublin.pl\/index.php\/wp-json\/wp\/v2\/comments?post=24040"}],"version-history":[{"count":6,"href":"https:\/\/wbp.lublin.pl\/index.php\/wp-json\/wp\/v2\/posts\/24040\/revisions"}],"predecessor-version":[{"id":24061,"href":"https:\/\/wbp.lublin.pl\/index.php\/wp-json\/wp\/v2\/posts\/24040\/revisions\/24061"}],"wp:featuredmedia":[{"embeddable":true,"href":"https:\/\/wbp.lublin.pl\/index.php\/wp-json\/wp\/v2\/media\/24041"}],"wp:attachment":[{"href":"https:\/\/wbp.lublin.pl\/index.php\/wp-json\/wp\/v2\/media?parent=24040"}],"wp:term":[{"taxonomy":"category","embeddable":true,"href":"https:\/\/wbp.lublin.pl\/index.php\/wp-json\/wp\/v2\/categories?post=24040"},{"taxonomy":"post_tag","embeddable":true,"href":"https:\/\/wbp.lublin.pl\/index.php\/wp-json\/wp\/v2\/tags?post=24040"}],"curies":[{"name":"wp","href":"https:\/\/api.w.org\/{rel}","templated":true}]}}