{"id":24111,"date":"2020-02-19T10:16:15","date_gmt":"2020-02-19T09:16:15","guid":{"rendered":"https:\/\/wbp.lublin.pl\/?p=24111"},"modified":"2020-02-19T10:16:15","modified_gmt":"2020-02-19T09:16:15","slug":"promocja-ksiazki-krzysztofa-zaluskiego-halo-tu-marek-skowronek-w-obiektywie","status":"publish","type":"post","link":"https:\/\/wbp.lublin.pl\/index.php\/2020\/02\/19\/promocja-ksiazki-krzysztofa-zaluskiego-halo-tu-marek-skowronek-w-obiektywie\/","title":{"rendered":"Promocja ksi\u0105\u017cki Krzysztofa Za\u0142uskiego \u201eHALO Tu Marek Skowronek\u201d w obiektywie"},"content":{"rendered":"<p><!--more--><\/p>\n<p>12 lutego 2020 r. w Galerii Wojew\u00f3dzkiej Biblioteki Publicznej im. H. \u0141opaci\u0144skiego w Lublinie odby\u0142a si\u0119 promocja ksi\u0105\u017cki <strong>Krzysztofa Za\u0142uskiego<\/strong> <strong>\u201eHALO Tu Marek Skowronek\u201d<\/strong>.<\/p>\n<div id='gallery-1' class='gallery galleryid-24111 gallery-columns-3 gallery-size-thumbnail'><figure class='gallery-item'>\n\t\t\t<div class='gallery-icon landscape'>\n\t\t\t\t<a href='https:\/\/wbp.lublin.pl\/wp-content\/uploads\/2020\/02\/1-1.webp'><img loading=\"lazy\" decoding=\"async\" width=\"400\" height=\"267\" src=\"https:\/\/wbp.lublin.pl\/wp-content\/uploads\/2020\/02\/1-1-400x267.webp\" class=\"attachment-thumbnail size-thumbnail not-transparent\" alt=\"\" aria-describedby=\"gallery-1-24112\" srcset=\"https:\/\/wbp.lublin.pl\/wp-content\/uploads\/2020\/02\/1-1-400x267.webp 400w, https:\/\/wbp.lublin.pl\/wp-content\/uploads\/2020\/02\/1-1-600x400.webp 600w, https:\/\/wbp.lublin.pl\/wp-content\/uploads\/2020\/02\/1-1-768x512.webp 768w, https:\/\/wbp.lublin.pl\/wp-content\/uploads\/2020\/02\/1-1-1536x1024.webp 1536w, https:\/\/wbp.lublin.pl\/wp-content\/uploads\/2020\/02\/1-1-947x631.webp 947w, https:\/\/wbp.lublin.pl\/wp-content\/uploads\/2020\/02\/1-1-624x416.webp 624w, https:\/\/wbp.lublin.pl\/wp-content\/uploads\/2020\/02\/1-1-84x56.webp 84w, https:\/\/wbp.lublin.pl\/wp-content\/uploads\/2020\/02\/1-1.webp 1575w\" sizes=\"auto, (max-width: 400px) 100vw, 400px\" data-has-transparency=\"false\" data-dominant-color=\"345c63\" style=\"--dominant-color: #345c63;\" \/><\/a>\n\t\t\t<\/div>\n\t\t\t\t<figcaption class='wp-caption-text gallery-caption' id='gallery-1-24112'>\n\t\t\t\tSpotkanie prowadzi\u0142a Ewa Hadrian (Dzia\u0142 Informacji i Promocji)\n\t\t\t\t<\/figcaption><\/figure><figure class='gallery-item'>\n\t\t\t<div class='gallery-icon landscape'>\n\t\t\t\t<a href='https:\/\/wbp.lublin.pl\/wp-content\/uploads\/2020\/02\/2-1.webp'><img loading=\"lazy\" decoding=\"async\" width=\"400\" height=\"267\" src=\"https:\/\/wbp.lublin.pl\/wp-content\/uploads\/2020\/02\/2-1-400x267.webp\" class=\"attachment-thumbnail size-thumbnail not-transparent\" alt=\"\" srcset=\"https:\/\/wbp.lublin.pl\/wp-content\/uploads\/2020\/02\/2-1-400x267.webp 400w, https:\/\/wbp.lublin.pl\/wp-content\/uploads\/2020\/02\/2-1-600x400.webp 600w, https:\/\/wbp.lublin.pl\/wp-content\/uploads\/2020\/02\/2-1-768x512.webp 768w, https:\/\/wbp.lublin.pl\/wp-content\/uploads\/2020\/02\/2-1-1536x1024.webp 1536w, https:\/\/wbp.lublin.pl\/wp-content\/uploads\/2020\/02\/2-1-947x631.webp 947w, https:\/\/wbp.lublin.pl\/wp-content\/uploads\/2020\/02\/2-1-624x416.webp 624w, https:\/\/wbp.lublin.pl\/wp-content\/uploads\/2020\/02\/2-1-84x56.webp 84w, https:\/\/wbp.lublin.pl\/wp-content\/uploads\/2020\/02\/2-1.webp 1620w\" sizes=\"auto, (max-width: 400px) 100vw, 400px\" data-has-transparency=\"false\" data-dominant-color=\"3a5a60\" style=\"--dominant-color: #3a5a60;\" \/><\/a>\n\t\t\t<\/div><\/figure><figure class='gallery-item'>\n\t\t\t<div class='gallery-icon landscape'>\n\t\t\t\t<a href='https:\/\/wbp.lublin.pl\/wp-content\/uploads\/2020\/02\/3.webp'><img loading=\"lazy\" decoding=\"async\" width=\"400\" height=\"267\" src=\"https:\/\/wbp.lublin.pl\/wp-content\/uploads\/2020\/02\/3-400x267.webp\" class=\"attachment-thumbnail size-thumbnail not-transparent\" alt=\"\" srcset=\"https:\/\/wbp.lublin.pl\/wp-content\/uploads\/2020\/02\/3-400x267.webp 400w, https:\/\/wbp.lublin.pl\/wp-content\/uploads\/2020\/02\/3-600x400.webp 600w, https:\/\/wbp.lublin.pl\/wp-content\/uploads\/2020\/02\/3-768x512.webp 768w, https:\/\/wbp.lublin.pl\/wp-content\/uploads\/2020\/02\/3-1536x1024.webp 1536w, https:\/\/wbp.lublin.pl\/wp-content\/uploads\/2020\/02\/3-947x631.webp 947w, https:\/\/wbp.lublin.pl\/wp-content\/uploads\/2020\/02\/3-624x416.webp 624w, https:\/\/wbp.lublin.pl\/wp-content\/uploads\/2020\/02\/3-84x56.webp 84w, https:\/\/wbp.lublin.pl\/wp-content\/uploads\/2020\/02\/3.webp 1620w\" sizes=\"auto, (max-width: 400px) 100vw, 400px\" data-has-transparency=\"false\" data-dominant-color=\"304d50\" style=\"--dominant-color: #304d50;\" \/><\/a>\n\t\t\t<\/div><\/figure><figure class='gallery-item'>\n\t\t\t<div class='gallery-icon portrait'>\n\t\t\t\t<a href='https:\/\/wbp.lublin.pl\/wp-content\/uploads\/2020\/02\/5-e1582103576128.webp'><img loading=\"lazy\" decoding=\"async\" width=\"267\" height=\"400\" src=\"https:\/\/wbp.lublin.pl\/wp-content\/uploads\/2020\/02\/5-e1582103576128-267x400.webp\" class=\"attachment-thumbnail size-thumbnail not-transparent\" alt=\"\" aria-describedby=\"gallery-1-24115\" srcset=\"https:\/\/wbp.lublin.pl\/wp-content\/uploads\/2020\/02\/5-e1582103576128-267x400.webp 267w, https:\/\/wbp.lublin.pl\/wp-content\/uploads\/2020\/02\/5-e1582103576128-400x600.webp 400w, https:\/\/wbp.lublin.pl\/wp-content\/uploads\/2020\/02\/5-e1582103576128-624x936.webp 624w, https:\/\/wbp.lublin.pl\/wp-content\/uploads\/2020\/02\/5-e1582103576128.webp 720w\" sizes=\"auto, (max-width: 267px) 100vw, 267px\" data-has-transparency=\"false\" data-dominant-color=\"5b7b84\" style=\"--dominant-color: #5b7b84;\" \/><\/a>\n\t\t\t<\/div>\n\t\t\t\t<figcaption class='wp-caption-text gallery-caption' id='gallery-1-24115'>\n\t\t\t\tBohater ksi\u0105\u017cki \u2013 red. Marek Skowronek\n\t\t\t\t<\/figcaption><\/figure><figure class='gallery-item'>\n\t\t\t<div class='gallery-icon landscape'>\n\t\t\t\t<a href='https:\/\/wbp.lublin.pl\/wp-content\/uploads\/2020\/02\/6-1.webp'><img loading=\"lazy\" decoding=\"async\" width=\"400\" height=\"267\" src=\"https:\/\/wbp.lublin.pl\/wp-content\/uploads\/2020\/02\/6-1-400x267.webp\" class=\"attachment-thumbnail size-thumbnail not-transparent\" alt=\"\" srcset=\"https:\/\/wbp.lublin.pl\/wp-content\/uploads\/2020\/02\/6-1-400x267.webp 400w, https:\/\/wbp.lublin.pl\/wp-content\/uploads\/2020\/02\/6-1-600x400.webp 600w, https:\/\/wbp.lublin.pl\/wp-content\/uploads\/2020\/02\/6-1-768x512.webp 768w, https:\/\/wbp.lublin.pl\/wp-content\/uploads\/2020\/02\/6-1-1536x1024.webp 1536w, https:\/\/wbp.lublin.pl\/wp-content\/uploads\/2020\/02\/6-1-947x631.webp 947w, https:\/\/wbp.lublin.pl\/wp-content\/uploads\/2020\/02\/6-1-624x416.webp 624w, https:\/\/wbp.lublin.pl\/wp-content\/uploads\/2020\/02\/6-1-84x56.webp 84w, https:\/\/wbp.lublin.pl\/wp-content\/uploads\/2020\/02\/6-1.webp 1620w\" sizes=\"auto, (max-width: 400px) 100vw, 400px\" data-has-transparency=\"false\" data-dominant-color=\"365f65\" style=\"--dominant-color: #365f65;\" \/><\/a>\n\t\t\t<\/div><\/figure><figure class='gallery-item'>\n\t\t\t<div class='gallery-icon landscape'>\n\t\t\t\t<a href='https:\/\/wbp.lublin.pl\/wp-content\/uploads\/2020\/02\/7-1.webp'><img loading=\"lazy\" decoding=\"async\" width=\"400\" height=\"267\" src=\"https:\/\/wbp.lublin.pl\/wp-content\/uploads\/2020\/02\/7-1-400x267.webp\" class=\"attachment-thumbnail size-thumbnail not-transparent\" alt=\"\" srcset=\"https:\/\/wbp.lublin.pl\/wp-content\/uploads\/2020\/02\/7-1-400x267.webp 400w, https:\/\/wbp.lublin.pl\/wp-content\/uploads\/2020\/02\/7-1-600x400.webp 600w, https:\/\/wbp.lublin.pl\/wp-content\/uploads\/2020\/02\/7-1-768x512.webp 768w, https:\/\/wbp.lublin.pl\/wp-content\/uploads\/2020\/02\/7-1-1536x1024.webp 1536w, https:\/\/wbp.lublin.pl\/wp-content\/uploads\/2020\/02\/7-1-947x631.webp 947w, https:\/\/wbp.lublin.pl\/wp-content\/uploads\/2020\/02\/7-1-624x416.webp 624w, https:\/\/wbp.lublin.pl\/wp-content\/uploads\/2020\/02\/7-1-84x56.webp 84w, https:\/\/wbp.lublin.pl\/wp-content\/uploads\/2020\/02\/7-1.webp 1620w\" sizes=\"auto, (max-width: 400px) 100vw, 400px\" data-has-transparency=\"false\" data-dominant-color=\"445968\" style=\"--dominant-color: #445968;\" \/><\/a>\n\t\t\t<\/div><\/figure><figure class='gallery-item'>\n\t\t\t<div class='gallery-icon landscape'>\n\t\t\t\t<a href='https:\/\/wbp.lublin.pl\/wp-content\/uploads\/2020\/02\/8-jpg-avif.avif'><img loading=\"lazy\" decoding=\"async\" width=\"400\" height=\"267\" src=\"https:\/\/wbp.lublin.pl\/wp-content\/uploads\/2020\/02\/8-jpg-avif-400x267.jpg\" class=\"attachment-thumbnail size-thumbnail not-transparent\" alt=\"\" srcset=\"https:\/\/wbp.lublin.pl\/wp-content\/uploads\/2020\/02\/8-jpg-avif-400x267.jpg 400w, https:\/\/wbp.lublin.pl\/wp-content\/uploads\/2020\/02\/8-jpg-avif-600x400.jpg 600w, https:\/\/wbp.lublin.pl\/wp-content\/uploads\/2020\/02\/8-jpg-avif-768x512.jpg 768w, https:\/\/wbp.lublin.pl\/wp-content\/uploads\/2020\/02\/8-jpg-avif-1536x1024.jpg 1536w, https:\/\/wbp.lublin.pl\/wp-content\/uploads\/2020\/02\/8-jpg-avif-947x631.jpg 947w, https:\/\/wbp.lublin.pl\/wp-content\/uploads\/2020\/02\/8-jpg-avif-624x416.jpg 624w, https:\/\/wbp.lublin.pl\/wp-content\/uploads\/2020\/02\/8-jpg-avif-84x56.jpg 84w, https:\/\/wbp.lublin.pl\/wp-content\/uploads\/2020\/02\/8-jpg-avif.avif 1620w\" sizes=\"auto, (max-width: 400px) 100vw, 400px\" data-has-transparency=\"false\" data-dominant-color=\"5c7581\" style=\"--dominant-color: #5c7581;\" \/><\/a>\n\t\t\t<\/div><\/figure><figure class='gallery-item'>\n\t\t\t<div class='gallery-icon portrait'>\n\t\t\t\t<a href='https:\/\/wbp.lublin.pl\/wp-content\/uploads\/2020\/02\/9-e1582103584403.webp'><img loading=\"lazy\" decoding=\"async\" width=\"267\" height=\"400\" src=\"https:\/\/wbp.lublin.pl\/wp-content\/uploads\/2020\/02\/9-e1582103584403-267x400.webp\" class=\"attachment-thumbnail size-thumbnail not-transparent\" alt=\"\" srcset=\"https:\/\/wbp.lublin.pl\/wp-content\/uploads\/2020\/02\/9-e1582103584403-267x400.webp 267w, https:\/\/wbp.lublin.pl\/wp-content\/uploads\/2020\/02\/9-e1582103584403-400x600.webp 400w, https:\/\/wbp.lublin.pl\/wp-content\/uploads\/2020\/02\/9-e1582103584403-624x936.webp 624w, https:\/\/wbp.lublin.pl\/wp-content\/uploads\/2020\/02\/9-e1582103584403.webp 720w\" sizes=\"auto, (max-width: 267px) 100vw, 267px\" data-has-transparency=\"false\" data-dominant-color=\"415a7c\" style=\"--dominant-color: #415a7c;\" \/><\/a>\n\t\t\t<\/div><\/figure><figure class='gallery-item'>\n\t\t\t<div class='gallery-icon portrait'>\n\t\t\t\t<a href='https:\/\/wbp.lublin.pl\/wp-content\/uploads\/2020\/02\/10-1-e1582103590388.webp'><img loading=\"lazy\" decoding=\"async\" width=\"267\" height=\"400\" src=\"https:\/\/wbp.lublin.pl\/wp-content\/uploads\/2020\/02\/10-1-e1582103590388-267x400.webp\" class=\"attachment-thumbnail size-thumbnail not-transparent\" alt=\"\" aria-describedby=\"gallery-1-24120\" srcset=\"https:\/\/wbp.lublin.pl\/wp-content\/uploads\/2020\/02\/10-1-e1582103590388-267x400.webp 267w, https:\/\/wbp.lublin.pl\/wp-content\/uploads\/2020\/02\/10-1-e1582103590388-400x600.webp 400w, https:\/\/wbp.lublin.pl\/wp-content\/uploads\/2020\/02\/10-1-e1582103590388-624x936.webp 624w, https:\/\/wbp.lublin.pl\/wp-content\/uploads\/2020\/02\/10-1-e1582103590388.webp 720w\" sizes=\"auto, (max-width: 267px) 100vw, 267px\" data-has-transparency=\"false\" data-dominant-color=\"4e6177\" style=\"--dominant-color: #4e6177;\" \/><\/a>\n\t\t\t<\/div>\n\t\t\t\t<figcaption class='wp-caption-text gallery-caption' id='gallery-1-24120'>\n\t\t\t\tFragmenty publikacji zaprezentowa\u0142 dr Marcin Sanakiewicz (UMCS)\n\t\t\t\t<\/figcaption><\/figure><figure class='gallery-item'>\n\t\t\t<div class='gallery-icon landscape'>\n\t\t\t\t<a href='https:\/\/wbp.lublin.pl\/wp-content\/uploads\/2020\/02\/11-1.webp'><img loading=\"lazy\" decoding=\"async\" width=\"400\" height=\"267\" src=\"https:\/\/wbp.lublin.pl\/wp-content\/uploads\/2020\/02\/11-1-400x267.webp\" class=\"attachment-thumbnail size-thumbnail not-transparent\" alt=\"\" srcset=\"https:\/\/wbp.lublin.pl\/wp-content\/uploads\/2020\/02\/11-1-400x267.webp 400w, https:\/\/wbp.lublin.pl\/wp-content\/uploads\/2020\/02\/11-1-600x400.webp 600w, https:\/\/wbp.lublin.pl\/wp-content\/uploads\/2020\/02\/11-1-768x512.webp 768w, https:\/\/wbp.lublin.pl\/wp-content\/uploads\/2020\/02\/11-1-1536x1024.webp 1536w, https:\/\/wbp.lublin.pl\/wp-content\/uploads\/2020\/02\/11-1-947x631.webp 947w, https:\/\/wbp.lublin.pl\/wp-content\/uploads\/2020\/02\/11-1-624x416.webp 624w, https:\/\/wbp.lublin.pl\/wp-content\/uploads\/2020\/02\/11-1-84x56.webp 84w, https:\/\/wbp.lublin.pl\/wp-content\/uploads\/2020\/02\/11-1.webp 1620w\" sizes=\"auto, (max-width: 400px) 100vw, 400px\" data-has-transparency=\"false\" data-dominant-color=\"637380\" style=\"--dominant-color: #637380;\" \/><\/a>\n\t\t\t<\/div><\/figure><figure class='gallery-item'>\n\t\t\t<div class='gallery-icon portrait'>\n\t\t\t\t<a href='https:\/\/wbp.lublin.pl\/wp-content\/uploads\/2020\/02\/12-1-e1582103597217.webp'><img loading=\"lazy\" decoding=\"async\" width=\"267\" height=\"400\" src=\"https:\/\/wbp.lublin.pl\/wp-content\/uploads\/2020\/02\/12-1-e1582103597217-267x400.webp\" class=\"attachment-thumbnail size-thumbnail not-transparent\" alt=\"\" srcset=\"https:\/\/wbp.lublin.pl\/wp-content\/uploads\/2020\/02\/12-1-e1582103597217-267x400.webp 267w, https:\/\/wbp.lublin.pl\/wp-content\/uploads\/2020\/02\/12-1-e1582103597217-400x600.webp 400w, https:\/\/wbp.lublin.pl\/wp-content\/uploads\/2020\/02\/12-1-e1582103597217-624x936.webp 624w, https:\/\/wbp.lublin.pl\/wp-content\/uploads\/2020\/02\/12-1-e1582103597217.webp 720w\" sizes=\"auto, (max-width: 267px) 100vw, 267px\" data-has-transparency=\"false\" data-dominant-color=\"384456\" style=\"--dominant-color: #384456;\" \/><\/a>\n\t\t\t<\/div><\/figure><figure class='gallery-item'>\n\t\t\t<div class='gallery-icon landscape'>\n\t\t\t\t<a href='https:\/\/wbp.lublin.pl\/wp-content\/uploads\/2020\/02\/13.webp'><img loading=\"lazy\" decoding=\"async\" width=\"400\" height=\"267\" src=\"https:\/\/wbp.lublin.pl\/wp-content\/uploads\/2020\/02\/13-400x267.webp\" class=\"attachment-thumbnail size-thumbnail not-transparent\" alt=\"\" srcset=\"https:\/\/wbp.lublin.pl\/wp-content\/uploads\/2020\/02\/13-400x267.webp 400w, https:\/\/wbp.lublin.pl\/wp-content\/uploads\/2020\/02\/13-600x400.webp 600w, https:\/\/wbp.lublin.pl\/wp-content\/uploads\/2020\/02\/13-768x512.webp 768w, https:\/\/wbp.lublin.pl\/wp-content\/uploads\/2020\/02\/13-1536x1024.webp 1536w, https:\/\/wbp.lublin.pl\/wp-content\/uploads\/2020\/02\/13-947x631.webp 947w, https:\/\/wbp.lublin.pl\/wp-content\/uploads\/2020\/02\/13-624x416.webp 624w, https:\/\/wbp.lublin.pl\/wp-content\/uploads\/2020\/02\/13-84x56.webp 84w, https:\/\/wbp.lublin.pl\/wp-content\/uploads\/2020\/02\/13.webp 1620w\" sizes=\"auto, (max-width: 400px) 100vw, 400px\" data-has-transparency=\"false\" data-dominant-color=\"496c75\" style=\"--dominant-color: #496c75;\" \/><\/a>\n\t\t\t<\/div><\/figure><figure class='gallery-item'>\n\t\t\t<div class='gallery-icon landscape'>\n\t\t\t\t<a href='https:\/\/wbp.lublin.pl\/wp-content\/uploads\/2020\/02\/14-2.webp'><img loading=\"lazy\" decoding=\"async\" width=\"400\" height=\"267\" src=\"https:\/\/wbp.lublin.pl\/wp-content\/uploads\/2020\/02\/14-2-400x267.webp\" class=\"attachment-thumbnail size-thumbnail not-transparent\" alt=\"\" aria-describedby=\"gallery-1-24124\" srcset=\"https:\/\/wbp.lublin.pl\/wp-content\/uploads\/2020\/02\/14-2-400x267.webp 400w, https:\/\/wbp.lublin.pl\/wp-content\/uploads\/2020\/02\/14-2-600x400.webp 600w, https:\/\/wbp.lublin.pl\/wp-content\/uploads\/2020\/02\/14-2-768x512.webp 768w, https:\/\/wbp.lublin.pl\/wp-content\/uploads\/2020\/02\/14-2-1536x1024.webp 1536w, https:\/\/wbp.lublin.pl\/wp-content\/uploads\/2020\/02\/14-2-947x631.webp 947w, https:\/\/wbp.lublin.pl\/wp-content\/uploads\/2020\/02\/14-2-624x416.webp 624w, https:\/\/wbp.lublin.pl\/wp-content\/uploads\/2020\/02\/14-2-84x56.webp 84w, https:\/\/wbp.lublin.pl\/wp-content\/uploads\/2020\/02\/14-2.webp 1620w\" sizes=\"auto, (max-width: 400px) 100vw, 400px\" data-has-transparency=\"false\" data-dominant-color=\"334447\" style=\"--dominant-color: #334447;\" \/><\/a>\n\t\t\t<\/div>\n\t\t\t\t<figcaption class='wp-caption-text gallery-caption' id='gallery-1-24124'>\n\t\t\t\tW spotkaniu wzi\u0119li udzia\u0142 m.in.: Wojewoda Lubelski &#8211; Lech Sprawka oraz Ewa Dumkiewicz-Sprawka \u2013 Dyrektor Wydzia\u0142u O\u015bwiaty i Wychowania Urz\u0119du Miasta Lublin \n\t\t\t\t<\/figcaption><\/figure><figure class='gallery-item'>\n\t\t\t<div class='gallery-icon landscape'>\n\t\t\t\t<a href='https:\/\/wbp.lublin.pl\/wp-content\/uploads\/2020\/02\/15-1.webp'><img loading=\"lazy\" decoding=\"async\" width=\"400\" height=\"267\" src=\"https:\/\/wbp.lublin.pl\/wp-content\/uploads\/2020\/02\/15-1-400x267.webp\" class=\"attachment-thumbnail size-thumbnail not-transparent\" alt=\"\" srcset=\"https:\/\/wbp.lublin.pl\/wp-content\/uploads\/2020\/02\/15-1-400x267.webp 400w, https:\/\/wbp.lublin.pl\/wp-content\/uploads\/2020\/02\/15-1-600x400.webp 600w, https:\/\/wbp.lublin.pl\/wp-content\/uploads\/2020\/02\/15-1-768x512.webp 768w, https:\/\/wbp.lublin.pl\/wp-content\/uploads\/2020\/02\/15-1-1536x1024.webp 1536w, https:\/\/wbp.lublin.pl\/wp-content\/uploads\/2020\/02\/15-1-947x631.webp 947w, https:\/\/wbp.lublin.pl\/wp-content\/uploads\/2020\/02\/15-1-624x416.webp 624w, https:\/\/wbp.lublin.pl\/wp-content\/uploads\/2020\/02\/15-1-84x56.webp 84w, https:\/\/wbp.lublin.pl\/wp-content\/uploads\/2020\/02\/15-1.webp 1620w\" sizes=\"auto, (max-width: 400px) 100vw, 400px\" data-has-transparency=\"false\" data-dominant-color=\"415757\" style=\"--dominant-color: #415757;\" \/><\/a>\n\t\t\t<\/div><\/figure><figure class='gallery-item'>\n\t\t\t<div class='gallery-icon landscape'>\n\t\t\t\t<a href='https:\/\/wbp.lublin.pl\/wp-content\/uploads\/2020\/02\/16-1.webp'><img loading=\"lazy\" decoding=\"async\" width=\"400\" height=\"267\" src=\"https:\/\/wbp.lublin.pl\/wp-content\/uploads\/2020\/02\/16-1-400x267.webp\" class=\"attachment-thumbnail size-thumbnail not-transparent\" alt=\"\" aria-describedby=\"gallery-1-24126\" srcset=\"https:\/\/wbp.lublin.pl\/wp-content\/uploads\/2020\/02\/16-1-400x267.webp 400w, https:\/\/wbp.lublin.pl\/wp-content\/uploads\/2020\/02\/16-1-600x400.webp 600w, https:\/\/wbp.lublin.pl\/wp-content\/uploads\/2020\/02\/16-1-768x512.webp 768w, https:\/\/wbp.lublin.pl\/wp-content\/uploads\/2020\/02\/16-1-1536x1024.webp 1536w, https:\/\/wbp.lublin.pl\/wp-content\/uploads\/2020\/02\/16-1-947x631.webp 947w, https:\/\/wbp.lublin.pl\/wp-content\/uploads\/2020\/02\/16-1-624x416.webp 624w, https:\/\/wbp.lublin.pl\/wp-content\/uploads\/2020\/02\/16-1-84x56.webp 84w, https:\/\/wbp.lublin.pl\/wp-content\/uploads\/2020\/02\/16-1.webp 1620w\" sizes=\"auto, (max-width: 400px) 100vw, 400px\" data-has-transparency=\"false\" data-dominant-color=\"5d6c6c\" style=\"--dominant-color: #5d6c6c;\" \/><\/a>\n\t\t\t<\/div>\n\t\t\t\t<figcaption class='wp-caption-text gallery-caption' id='gallery-1-24126'>\n\t\t\t\tG\u0142os zabrali: Wojewoda Lubelski &#8211; Lech Sprawka \u2026\n\t\t\t\t<\/figcaption><\/figure><figure class='gallery-item'>\n\t\t\t<div class='gallery-icon landscape'>\n\t\t\t\t<a href='https:\/\/wbp.lublin.pl\/wp-content\/uploads\/2020\/02\/17-1.webp'><img loading=\"lazy\" decoding=\"async\" width=\"400\" height=\"267\" src=\"https:\/\/wbp.lublin.pl\/wp-content\/uploads\/2020\/02\/17-1-400x267.webp\" class=\"attachment-thumbnail size-thumbnail not-transparent\" alt=\"\" srcset=\"https:\/\/wbp.lublin.pl\/wp-content\/uploads\/2020\/02\/17-1-400x267.webp 400w, https:\/\/wbp.lublin.pl\/wp-content\/uploads\/2020\/02\/17-1-600x400.webp 600w, https:\/\/wbp.lublin.pl\/wp-content\/uploads\/2020\/02\/17-1-768x512.webp 768w, https:\/\/wbp.lublin.pl\/wp-content\/uploads\/2020\/02\/17-1-1536x1024.webp 1536w, https:\/\/wbp.lublin.pl\/wp-content\/uploads\/2020\/02\/17-1-947x631.webp 947w, https:\/\/wbp.lublin.pl\/wp-content\/uploads\/2020\/02\/17-1-624x416.webp 624w, https:\/\/wbp.lublin.pl\/wp-content\/uploads\/2020\/02\/17-1-84x56.webp 84w, https:\/\/wbp.lublin.pl\/wp-content\/uploads\/2020\/02\/17-1.webp 1620w\" sizes=\"auto, (max-width: 400px) 100vw, 400px\" data-has-transparency=\"false\" data-dominant-color=\"596562\" style=\"--dominant-color: #596562;\" \/><\/a>\n\t\t\t<\/div><\/figure><figure class='gallery-item'>\n\t\t\t<div class='gallery-icon landscape'>\n\t\t\t\t<a href='https:\/\/wbp.lublin.pl\/wp-content\/uploads\/2020\/02\/18-1.webp'><img loading=\"lazy\" decoding=\"async\" width=\"400\" height=\"267\" src=\"https:\/\/wbp.lublin.pl\/wp-content\/uploads\/2020\/02\/18-1-400x267.webp\" class=\"attachment-thumbnail size-thumbnail not-transparent\" alt=\"\" srcset=\"https:\/\/wbp.lublin.pl\/wp-content\/uploads\/2020\/02\/18-1-400x267.webp 400w, https:\/\/wbp.lublin.pl\/wp-content\/uploads\/2020\/02\/18-1-600x400.webp 600w, https:\/\/wbp.lublin.pl\/wp-content\/uploads\/2020\/02\/18-1-768x512.webp 768w, https:\/\/wbp.lublin.pl\/wp-content\/uploads\/2020\/02\/18-1-1536x1024.webp 1536w, https:\/\/wbp.lublin.pl\/wp-content\/uploads\/2020\/02\/18-1-947x631.webp 947w, https:\/\/wbp.lublin.pl\/wp-content\/uploads\/2020\/02\/18-1-624x416.webp 624w, https:\/\/wbp.lublin.pl\/wp-content\/uploads\/2020\/02\/18-1-84x56.webp 84w, https:\/\/wbp.lublin.pl\/wp-content\/uploads\/2020\/02\/18-1.webp 1620w\" sizes=\"auto, (max-width: 400px) 100vw, 400px\" data-has-transparency=\"false\" data-dominant-color=\"80938d\" style=\"--dominant-color: #80938d;\" \/><\/a>\n\t\t\t<\/div><\/figure><figure class='gallery-item'>\n\t\t\t<div class='gallery-icon landscape'>\n\t\t\t\t<a href='https:\/\/wbp.lublin.pl\/wp-content\/uploads\/2020\/02\/19-1.webp'><img loading=\"lazy\" decoding=\"async\" width=\"400\" height=\"267\" src=\"https:\/\/wbp.lublin.pl\/wp-content\/uploads\/2020\/02\/19-1-400x267.webp\" class=\"attachment-thumbnail size-thumbnail not-transparent\" alt=\"\" aria-describedby=\"gallery-1-24129\" srcset=\"https:\/\/wbp.lublin.pl\/wp-content\/uploads\/2020\/02\/19-1-400x267.webp 400w, https:\/\/wbp.lublin.pl\/wp-content\/uploads\/2020\/02\/19-1-600x400.webp 600w, https:\/\/wbp.lublin.pl\/wp-content\/uploads\/2020\/02\/19-1-768x512.webp 768w, https:\/\/wbp.lublin.pl\/wp-content\/uploads\/2020\/02\/19-1-1536x1024.webp 1536w, https:\/\/wbp.lublin.pl\/wp-content\/uploads\/2020\/02\/19-1-947x631.webp 947w, https:\/\/wbp.lublin.pl\/wp-content\/uploads\/2020\/02\/19-1-624x416.webp 624w, https:\/\/wbp.lublin.pl\/wp-content\/uploads\/2020\/02\/19-1-84x56.webp 84w, https:\/\/wbp.lublin.pl\/wp-content\/uploads\/2020\/02\/19-1.webp 1620w\" sizes=\"auto, (max-width: 400px) 100vw, 400px\" data-has-transparency=\"false\" data-dominant-color=\"45514e\" style=\"--dominant-color: #45514e;\" \/><\/a>\n\t\t\t<\/div>\n\t\t\t\t<figcaption class='wp-caption-text gallery-caption' id='gallery-1-24129'>\n\t\t\t\t \u2026 Ewa Dumkiewicz-Sprawka \u2013 Dyrektor Wydzia\u0142u O\u015bwiaty i Wychowania Urz\u0119du Miasta Lublin\u2026.\n\t\t\t\t<\/figcaption><\/figure><figure class='gallery-item'>\n\t\t\t<div class='gallery-icon landscape'>\n\t\t\t\t<a href='https:\/\/wbp.lublin.pl\/wp-content\/uploads\/2020\/02\/20-1.webp'><img loading=\"lazy\" decoding=\"async\" width=\"400\" height=\"267\" src=\"https:\/\/wbp.lublin.pl\/wp-content\/uploads\/2020\/02\/20-1-400x267.webp\" class=\"attachment-thumbnail size-thumbnail not-transparent\" alt=\"\" srcset=\"https:\/\/wbp.lublin.pl\/wp-content\/uploads\/2020\/02\/20-1-400x267.webp 400w, https:\/\/wbp.lublin.pl\/wp-content\/uploads\/2020\/02\/20-1-600x400.webp 600w, https:\/\/wbp.lublin.pl\/wp-content\/uploads\/2020\/02\/20-1-768x512.webp 768w, https:\/\/wbp.lublin.pl\/wp-content\/uploads\/2020\/02\/20-1-1536x1024.webp 1536w, https:\/\/wbp.lublin.pl\/wp-content\/uploads\/2020\/02\/20-1-947x631.webp 947w, https:\/\/wbp.lublin.pl\/wp-content\/uploads\/2020\/02\/20-1-624x416.webp 624w, https:\/\/wbp.lublin.pl\/wp-content\/uploads\/2020\/02\/20-1-84x56.webp 84w, https:\/\/wbp.lublin.pl\/wp-content\/uploads\/2020\/02\/20-1.webp 1620w\" sizes=\"auto, (max-width: 400px) 100vw, 400px\" data-has-transparency=\"false\" data-dominant-color=\"3d4c4d\" style=\"--dominant-color: #3d4c4d;\" \/><\/a>\n\t\t\t<\/div><\/figure><figure class='gallery-item'>\n\t\t\t<div class='gallery-icon portrait'>\n\t\t\t\t<a href='https:\/\/wbp.lublin.pl\/wp-content\/uploads\/2020\/02\/21-1-e1582103608355.webp'><img loading=\"lazy\" decoding=\"async\" width=\"267\" height=\"400\" src=\"https:\/\/wbp.lublin.pl\/wp-content\/uploads\/2020\/02\/21-1-e1582103608355-267x400.webp\" class=\"attachment-thumbnail size-thumbnail not-transparent\" alt=\"\" aria-describedby=\"gallery-1-24131\" srcset=\"https:\/\/wbp.lublin.pl\/wp-content\/uploads\/2020\/02\/21-1-e1582103608355-267x400.webp 267w, https:\/\/wbp.lublin.pl\/wp-content\/uploads\/2020\/02\/21-1-e1582103608355-400x600.webp 400w, https:\/\/wbp.lublin.pl\/wp-content\/uploads\/2020\/02\/21-1-e1582103608355-624x936.webp 624w, https:\/\/wbp.lublin.pl\/wp-content\/uploads\/2020\/02\/21-1-e1582103608355.webp 720w\" sizes=\"auto, (max-width: 267px) 100vw, 267px\" data-has-transparency=\"false\" data-dominant-color=\"364141\" style=\"--dominant-color: #364141;\" \/><\/a>\n\t\t\t<\/div>\n\t\t\t\t<figcaption class='wp-caption-text gallery-caption' id='gallery-1-24131'>\n\t\t\t\t\u2026Stanis\u0142aw Kiero\u0144ski \u2013 Wiceprzewodnicz\u0105cy Rady Miasta Lublin\n\t\t\t\t<\/figcaption><\/figure><figure class='gallery-item'>\n\t\t\t<div class='gallery-icon landscape'>\n\t\t\t\t<a href='https:\/\/wbp.lublin.pl\/wp-content\/uploads\/2020\/02\/22-1.webp'><img loading=\"lazy\" decoding=\"async\" width=\"400\" height=\"267\" src=\"https:\/\/wbp.lublin.pl\/wp-content\/uploads\/2020\/02\/22-1-400x267.webp\" class=\"attachment-thumbnail size-thumbnail not-transparent\" alt=\"\" aria-describedby=\"gallery-1-24132\" srcset=\"https:\/\/wbp.lublin.pl\/wp-content\/uploads\/2020\/02\/22-1-400x267.webp 400w, https:\/\/wbp.lublin.pl\/wp-content\/uploads\/2020\/02\/22-1-600x400.webp 600w, https:\/\/wbp.lublin.pl\/wp-content\/uploads\/2020\/02\/22-1-768x512.webp 768w, https:\/\/wbp.lublin.pl\/wp-content\/uploads\/2020\/02\/22-1-1536x1024.webp 1536w, https:\/\/wbp.lublin.pl\/wp-content\/uploads\/2020\/02\/22-1-947x631.webp 947w, https:\/\/wbp.lublin.pl\/wp-content\/uploads\/2020\/02\/22-1-624x416.webp 624w, https:\/\/wbp.lublin.pl\/wp-content\/uploads\/2020\/02\/22-1-84x56.webp 84w, https:\/\/wbp.lublin.pl\/wp-content\/uploads\/2020\/02\/22-1.webp 1620w\" sizes=\"auto, (max-width: 400px) 100vw, 400px\" data-has-transparency=\"false\" data-dominant-color=\"3e4847\" style=\"--dominant-color: #3e4847;\" \/><\/a>\n\t\t\t<\/div>\n\t\t\t\t<figcaption class='wp-caption-text gallery-caption' id='gallery-1-24132'>\n\t\t\t\t\u2026oraz prof. dr hab. Iwona Hofman \u2013 Dyrektor Instytutu Nauk o Komunikacji Spo\u0142ecznej i Mediach UMCS\n\t\t\t\t<\/figcaption><\/figure><figure class='gallery-item'>\n\t\t\t<div class='gallery-icon landscape'>\n\t\t\t\t<a href='https:\/\/wbp.lublin.pl\/wp-content\/uploads\/2020\/02\/23-1.webp'><img loading=\"lazy\" decoding=\"async\" width=\"400\" height=\"267\" src=\"https:\/\/wbp.lublin.pl\/wp-content\/uploads\/2020\/02\/23-1-400x267.webp\" class=\"attachment-thumbnail size-thumbnail not-transparent\" alt=\"\" srcset=\"https:\/\/wbp.lublin.pl\/wp-content\/uploads\/2020\/02\/23-1-400x267.webp 400w, https:\/\/wbp.lublin.pl\/wp-content\/uploads\/2020\/02\/23-1-600x400.webp 600w, https:\/\/wbp.lublin.pl\/wp-content\/uploads\/2020\/02\/23-1-768x512.webp 768w, https:\/\/wbp.lublin.pl\/wp-content\/uploads\/2020\/02\/23-1-1536x1024.webp 1536w, https:\/\/wbp.lublin.pl\/wp-content\/uploads\/2020\/02\/23-1-947x631.webp 947w, https:\/\/wbp.lublin.pl\/wp-content\/uploads\/2020\/02\/23-1-624x416.webp 624w, https:\/\/wbp.lublin.pl\/wp-content\/uploads\/2020\/02\/23-1-84x56.webp 84w, https:\/\/wbp.lublin.pl\/wp-content\/uploads\/2020\/02\/23-1.webp 1620w\" sizes=\"auto, (max-width: 400px) 100vw, 400px\" data-has-transparency=\"false\" data-dominant-color=\"536766\" style=\"--dominant-color: #536766;\" \/><\/a>\n\t\t\t<\/div><\/figure><figure class='gallery-item'>\n\t\t\t<div class='gallery-icon landscape'>\n\t\t\t\t<a href='https:\/\/wbp.lublin.pl\/wp-content\/uploads\/2020\/02\/24-1.webp'><img loading=\"lazy\" decoding=\"async\" width=\"400\" height=\"267\" src=\"https:\/\/wbp.lublin.pl\/wp-content\/uploads\/2020\/02\/24-1-400x267.webp\" class=\"attachment-thumbnail size-thumbnail not-transparent\" alt=\"\" srcset=\"https:\/\/wbp.lublin.pl\/wp-content\/uploads\/2020\/02\/24-1-400x267.webp 400w, https:\/\/wbp.lublin.pl\/wp-content\/uploads\/2020\/02\/24-1-600x400.webp 600w, https:\/\/wbp.lublin.pl\/wp-content\/uploads\/2020\/02\/24-1-768x512.webp 768w, https:\/\/wbp.lublin.pl\/wp-content\/uploads\/2020\/02\/24-1-1536x1024.webp 1536w, https:\/\/wbp.lublin.pl\/wp-content\/uploads\/2020\/02\/24-1-947x631.webp 947w, https:\/\/wbp.lublin.pl\/wp-content\/uploads\/2020\/02\/24-1-624x416.webp 624w, https:\/\/wbp.lublin.pl\/wp-content\/uploads\/2020\/02\/24-1-84x56.webp 84w, https:\/\/wbp.lublin.pl\/wp-content\/uploads\/2020\/02\/24-1.webp 1620w\" sizes=\"auto, (max-width: 400px) 100vw, 400px\" data-has-transparency=\"false\" data-dominant-color=\"4e564e\" style=\"--dominant-color: #4e564e;\" \/><\/a>\n\t\t\t<\/div><\/figure><figure class='gallery-item'>\n\t\t\t<div class='gallery-icon landscape'>\n\t\t\t\t<a href='https:\/\/wbp.lublin.pl\/wp-content\/uploads\/2020\/02\/25-1.webp'><img loading=\"lazy\" decoding=\"async\" width=\"400\" height=\"267\" src=\"https:\/\/wbp.lublin.pl\/wp-content\/uploads\/2020\/02\/25-1-400x267.webp\" class=\"attachment-thumbnail size-thumbnail not-transparent\" alt=\"\" srcset=\"https:\/\/wbp.lublin.pl\/wp-content\/uploads\/2020\/02\/25-1-400x267.webp 400w, https:\/\/wbp.lublin.pl\/wp-content\/uploads\/2020\/02\/25-1-600x400.webp 600w, https:\/\/wbp.lublin.pl\/wp-content\/uploads\/2020\/02\/25-1-768x512.webp 768w, https:\/\/wbp.lublin.pl\/wp-content\/uploads\/2020\/02\/25-1-1536x1024.webp 1536w, https:\/\/wbp.lublin.pl\/wp-content\/uploads\/2020\/02\/25-1-947x631.webp 947w, https:\/\/wbp.lublin.pl\/wp-content\/uploads\/2020\/02\/25-1-624x416.webp 624w, https:\/\/wbp.lublin.pl\/wp-content\/uploads\/2020\/02\/25-1-84x56.webp 84w, https:\/\/wbp.lublin.pl\/wp-content\/uploads\/2020\/02\/25-1.webp 1620w\" sizes=\"auto, (max-width: 400px) 100vw, 400px\" data-has-transparency=\"false\" data-dominant-color=\"52514b\" style=\"--dominant-color: #52514b;\" \/><\/a>\n\t\t\t<\/div><\/figure><figure class='gallery-item'>\n\t\t\t<div class='gallery-icon portrait'>\n\t\t\t\t<a href='https:\/\/wbp.lublin.pl\/wp-content\/uploads\/2020\/02\/26-1-e1582103615892.webp'><img loading=\"lazy\" decoding=\"async\" width=\"267\" height=\"400\" src=\"https:\/\/wbp.lublin.pl\/wp-content\/uploads\/2020\/02\/26-1-e1582103615892-267x400.webp\" class=\"attachment-thumbnail size-thumbnail not-transparent\" alt=\"\" srcset=\"https:\/\/wbp.lublin.pl\/wp-content\/uploads\/2020\/02\/26-1-e1582103615892-267x400.webp 267w, https:\/\/wbp.lublin.pl\/wp-content\/uploads\/2020\/02\/26-1-e1582103615892-400x600.webp 400w, https:\/\/wbp.lublin.pl\/wp-content\/uploads\/2020\/02\/26-1-e1582103615892-624x936.webp 624w, https:\/\/wbp.lublin.pl\/wp-content\/uploads\/2020\/02\/26-1-e1582103615892.webp 720w\" sizes=\"auto, (max-width: 267px) 100vw, 267px\" data-has-transparency=\"false\" data-dominant-color=\"46483f\" style=\"--dominant-color: #46483f;\" \/><\/a>\n\t\t\t<\/div><\/figure><figure class='gallery-item'>\n\t\t\t<div class='gallery-icon landscape'>\n\t\t\t\t<a href='https:\/\/wbp.lublin.pl\/wp-content\/uploads\/2020\/02\/27-1.webp'><img loading=\"lazy\" decoding=\"async\" width=\"400\" height=\"267\" src=\"https:\/\/wbp.lublin.pl\/wp-content\/uploads\/2020\/02\/27-1-400x267.webp\" class=\"attachment-thumbnail size-thumbnail not-transparent\" alt=\"\" srcset=\"https:\/\/wbp.lublin.pl\/wp-content\/uploads\/2020\/02\/27-1-400x267.webp 400w, https:\/\/wbp.lublin.pl\/wp-content\/uploads\/2020\/02\/27-1-600x400.webp 600w, https:\/\/wbp.lublin.pl\/wp-content\/uploads\/2020\/02\/27-1-768x512.webp 768w, https:\/\/wbp.lublin.pl\/wp-content\/uploads\/2020\/02\/27-1-1536x1024.webp 1536w, https:\/\/wbp.lublin.pl\/wp-content\/uploads\/2020\/02\/27-1-947x631.webp 947w, https:\/\/wbp.lublin.pl\/wp-content\/uploads\/2020\/02\/27-1-624x416.webp 624w, https:\/\/wbp.lublin.pl\/wp-content\/uploads\/2020\/02\/27-1-84x56.webp 84w, https:\/\/wbp.lublin.pl\/wp-content\/uploads\/2020\/02\/27-1.webp 1620w\" sizes=\"auto, (max-width: 400px) 100vw, 400px\" data-has-transparency=\"false\" data-dominant-color=\"55544c\" style=\"--dominant-color: #55544c;\" \/><\/a>\n\t\t\t<\/div><\/figure><figure class='gallery-item'>\n\t\t\t<div class='gallery-icon landscape'>\n\t\t\t\t<a href='https:\/\/wbp.lublin.pl\/wp-content\/uploads\/2020\/02\/28-1.webp'><img loading=\"lazy\" decoding=\"async\" width=\"400\" height=\"267\" src=\"https:\/\/wbp.lublin.pl\/wp-content\/uploads\/2020\/02\/28-1-400x267.webp\" class=\"attachment-thumbnail size-thumbnail not-transparent\" alt=\"\" srcset=\"https:\/\/wbp.lublin.pl\/wp-content\/uploads\/2020\/02\/28-1-400x267.webp 400w, https:\/\/wbp.lublin.pl\/wp-content\/uploads\/2020\/02\/28-1-600x400.webp 600w, https:\/\/wbp.lublin.pl\/wp-content\/uploads\/2020\/02\/28-1-768x512.webp 768w, https:\/\/wbp.lublin.pl\/wp-content\/uploads\/2020\/02\/28-1-1536x1024.webp 1536w, https:\/\/wbp.lublin.pl\/wp-content\/uploads\/2020\/02\/28-1-947x631.webp 947w, https:\/\/wbp.lublin.pl\/wp-content\/uploads\/2020\/02\/28-1-624x416.webp 624w, https:\/\/wbp.lublin.pl\/wp-content\/uploads\/2020\/02\/28-1-84x56.webp 84w, https:\/\/wbp.lublin.pl\/wp-content\/uploads\/2020\/02\/28-1.webp 1620w\" sizes=\"auto, (max-width: 400px) 100vw, 400px\" data-has-transparency=\"false\" data-dominant-color=\"595d51\" style=\"--dominant-color: #595d51;\" \/><\/a>\n\t\t\t<\/div><\/figure><figure class='gallery-item'>\n\t\t\t<div class='gallery-icon landscape'>\n\t\t\t\t<a href='https:\/\/wbp.lublin.pl\/wp-content\/uploads\/2020\/02\/29-1.webp'><img loading=\"lazy\" decoding=\"async\" width=\"400\" height=\"267\" src=\"https:\/\/wbp.lublin.pl\/wp-content\/uploads\/2020\/02\/29-1-400x267.webp\" class=\"attachment-thumbnail size-thumbnail not-transparent\" alt=\"\" srcset=\"https:\/\/wbp.lublin.pl\/wp-content\/uploads\/2020\/02\/29-1-400x267.webp 400w, https:\/\/wbp.lublin.pl\/wp-content\/uploads\/2020\/02\/29-1-600x400.webp 600w, https:\/\/wbp.lublin.pl\/wp-content\/uploads\/2020\/02\/29-1-768x512.webp 768w, https:\/\/wbp.lublin.pl\/wp-content\/uploads\/2020\/02\/29-1-1536x1024.webp 1536w, https:\/\/wbp.lublin.pl\/wp-content\/uploads\/2020\/02\/29-1-947x631.webp 947w, https:\/\/wbp.lublin.pl\/wp-content\/uploads\/2020\/02\/29-1-624x416.webp 624w, https:\/\/wbp.lublin.pl\/wp-content\/uploads\/2020\/02\/29-1-84x56.webp 84w, https:\/\/wbp.lublin.pl\/wp-content\/uploads\/2020\/02\/29-1.webp 1620w\" sizes=\"auto, (max-width: 400px) 100vw, 400px\" data-has-transparency=\"false\" data-dominant-color=\"676155\" style=\"--dominant-color: #676155;\" \/><\/a>\n\t\t\t<\/div><\/figure><figure class='gallery-item'>\n\t\t\t<div class='gallery-icon landscape'>\n\t\t\t\t<a href='https:\/\/wbp.lublin.pl\/wp-content\/uploads\/2020\/02\/30-1.webp'><img loading=\"lazy\" decoding=\"async\" width=\"400\" height=\"267\" src=\"https:\/\/wbp.lublin.pl\/wp-content\/uploads\/2020\/02\/30-1-400x267.webp\" class=\"attachment-thumbnail size-thumbnail not-transparent\" alt=\"\" srcset=\"https:\/\/wbp.lublin.pl\/wp-content\/uploads\/2020\/02\/30-1-400x267.webp 400w, https:\/\/wbp.lublin.pl\/wp-content\/uploads\/2020\/02\/30-1-600x400.webp 600w, https:\/\/wbp.lublin.pl\/wp-content\/uploads\/2020\/02\/30-1-768x512.webp 768w, https:\/\/wbp.lublin.pl\/wp-content\/uploads\/2020\/02\/30-1-1536x1024.webp 1536w, https:\/\/wbp.lublin.pl\/wp-content\/uploads\/2020\/02\/30-1-947x631.webp 947w, https:\/\/wbp.lublin.pl\/wp-content\/uploads\/2020\/02\/30-1-624x416.webp 624w, https:\/\/wbp.lublin.pl\/wp-content\/uploads\/2020\/02\/30-1-84x56.webp 84w, https:\/\/wbp.lublin.pl\/wp-content\/uploads\/2020\/02\/30-1.webp 1620w\" sizes=\"auto, (max-width: 400px) 100vw, 400px\" data-has-transparency=\"false\" data-dominant-color=\"6a6860\" style=\"--dominant-color: #6a6860;\" \/><\/a>\n\t\t\t<\/div><\/figure><figure class='gallery-item'>\n\t\t\t<div class='gallery-icon landscape'>\n\t\t\t\t<a href='https:\/\/wbp.lublin.pl\/wp-content\/uploads\/2020\/02\/31-1.webp'><img loading=\"lazy\" decoding=\"async\" width=\"400\" height=\"267\" src=\"https:\/\/wbp.lublin.pl\/wp-content\/uploads\/2020\/02\/31-1-400x267.webp\" class=\"attachment-thumbnail size-thumbnail not-transparent\" alt=\"\" aria-describedby=\"gallery-1-24141\" srcset=\"https:\/\/wbp.lublin.pl\/wp-content\/uploads\/2020\/02\/31-1-400x267.webp 400w, https:\/\/wbp.lublin.pl\/wp-content\/uploads\/2020\/02\/31-1-600x400.webp 600w, https:\/\/wbp.lublin.pl\/wp-content\/uploads\/2020\/02\/31-1-768x512.webp 768w, https:\/\/wbp.lublin.pl\/wp-content\/uploads\/2020\/02\/31-1-1536x1024.webp 1536w, https:\/\/wbp.lublin.pl\/wp-content\/uploads\/2020\/02\/31-1-947x631.webp 947w, https:\/\/wbp.lublin.pl\/wp-content\/uploads\/2020\/02\/31-1-624x416.webp 624w, https:\/\/wbp.lublin.pl\/wp-content\/uploads\/2020\/02\/31-1-84x56.webp 84w, https:\/\/wbp.lublin.pl\/wp-content\/uploads\/2020\/02\/31-1.webp 1620w\" sizes=\"auto, (max-width: 400px) 100vw, 400px\" data-has-transparency=\"false\" data-dominant-color=\"5d6864\" style=\"--dominant-color: #5d6864;\" \/><\/a>\n\t\t\t<\/div>\n\t\t\t\t<figcaption class='wp-caption-text gallery-caption' id='gallery-1-24141'>\n\t\t\t\tRed. Marek Skowronek w rozmowie z ekip\u0105 Panoramy Lubelskiej \n\t\t\t\t<\/figcaption><\/figure><figure class='gallery-item'>\n\t\t\t<div class='gallery-icon landscape'>\n\t\t\t\t<a href='https:\/\/wbp.lublin.pl\/wp-content\/uploads\/2020\/02\/32-1.webp'><img loading=\"lazy\" decoding=\"async\" width=\"400\" height=\"267\" src=\"https:\/\/wbp.lublin.pl\/wp-content\/uploads\/2020\/02\/32-1-400x267.webp\" class=\"attachment-thumbnail size-thumbnail not-transparent\" alt=\"\" srcset=\"https:\/\/wbp.lublin.pl\/wp-content\/uploads\/2020\/02\/32-1-400x267.webp 400w, https:\/\/wbp.lublin.pl\/wp-content\/uploads\/2020\/02\/32-1-600x400.webp 600w, https:\/\/wbp.lublin.pl\/wp-content\/uploads\/2020\/02\/32-1-768x512.webp 768w, https:\/\/wbp.lublin.pl\/wp-content\/uploads\/2020\/02\/32-1-1536x1024.webp 1536w, https:\/\/wbp.lublin.pl\/wp-content\/uploads\/2020\/02\/32-1-947x631.webp 947w, https:\/\/wbp.lublin.pl\/wp-content\/uploads\/2020\/02\/32-1-624x416.webp 624w, https:\/\/wbp.lublin.pl\/wp-content\/uploads\/2020\/02\/32-1-84x56.webp 84w, https:\/\/wbp.lublin.pl\/wp-content\/uploads\/2020\/02\/32-1.webp 1620w\" sizes=\"auto, (max-width: 400px) 100vw, 400px\" data-has-transparency=\"false\" data-dominant-color=\"454848\" style=\"--dominant-color: #454848;\" \/><\/a>\n\t\t\t<\/div><\/figure>\n\t\t<\/div>\n\n<p>Materia\u0142 Panoramy Lubelskiej (<a href=\"https:\/\/lublin.tvp.pl\/46625753\/12-lutego-2020-g-2130%2016:30\">https:\/\/lublin.tvp.pl\/46625753\/12-lutego-2020-g-2130 16:30<\/a> )<\/p>\n<p><strong><em>Fot. D. Mo\u015bcibrodzka<\/em><\/strong><\/p>\n","protected":false},"excerpt":{"rendered":"","protected":false},"author":7,"featured_media":24118,"comment_status":"closed","ping_status":"closed","sticky":false,"template":"","format":"standard","meta":{"_tec_requires_first_save":true,"_crdt_document":"","pgc_sgb_lightbox_settings":"","_EventAllDay":false,"_EventTimezone":"","_EventStartDate":"","_EventEndDate":"","_EventStartDateUTC":"","_EventEndDateUTC":"","_EventShowMap":false,"_EventShowMapLink":false,"_EventURL":"","_EventCost":"","_EventCostDescription":"","_EventCurrencySymbol":"","_EventCurrencyCode":"","_EventCurrencyPosition":"","_EventDateTimeSeparator":"","_EventTimeRangeSeparator":"","_EventOrganizerID":[],"_EventVenueID":[],"_OrganizerEmail":"","_OrganizerPhone":"","_OrganizerWebsite":"","_VenueAddress":"","_VenueCity":"","_VenueCountry":"","_VenueProvince":"","_VenueState":"","_VenueZip":"","_VenuePhone":"","_VenueURL":"","_VenueStateProvince":"","_VenueLat":"","_VenueLng":"","_VenueShowMap":false,"_VenueShowMapLink":false,"_tribe_blocks_recurrence_rules":"","_tribe_blocks_recurrence_description":"","_tribe_blocks_recurrence_exclusions":"","footnotes":""},"categories":[537,635,540],"tags":[],"class_list":["post-24111","post","type-post","status-publish","format-standard","has-post-thumbnail","hentry","category-archiwum-wydarzen","category-rok-2020","category-spotkania-autorskie-w-obiektywie"],"publishpress_future_action":{"enabled":false,"date":"2026-05-06 07:16:20","action":"change-status","newStatus":"draft","terms":[],"taxonomy":"category","extraData":[]},"publishpress_future_workflow_manual_trigger":{"enabledWorkflows":[]},"_links":{"self":[{"href":"https:\/\/wbp.lublin.pl\/index.php\/wp-json\/wp\/v2\/posts\/24111","targetHints":{"allow":["GET"]}}],"collection":[{"href":"https:\/\/wbp.lublin.pl\/index.php\/wp-json\/wp\/v2\/posts"}],"about":[{"href":"https:\/\/wbp.lublin.pl\/index.php\/wp-json\/wp\/v2\/types\/post"}],"author":[{"embeddable":true,"href":"https:\/\/wbp.lublin.pl\/index.php\/wp-json\/wp\/v2\/users\/7"}],"replies":[{"embeddable":true,"href":"https:\/\/wbp.lublin.pl\/index.php\/wp-json\/wp\/v2\/comments?post=24111"}],"version-history":[{"count":1,"href":"https:\/\/wbp.lublin.pl\/index.php\/wp-json\/wp\/v2\/posts\/24111\/revisions"}],"predecessor-version":[{"id":24143,"href":"https:\/\/wbp.lublin.pl\/index.php\/wp-json\/wp\/v2\/posts\/24111\/revisions\/24143"}],"wp:featuredmedia":[{"embeddable":true,"href":"https:\/\/wbp.lublin.pl\/index.php\/wp-json\/wp\/v2\/media\/24118"}],"wp:attachment":[{"href":"https:\/\/wbp.lublin.pl\/index.php\/wp-json\/wp\/v2\/media?parent=24111"}],"wp:term":[{"taxonomy":"category","embeddable":true,"href":"https:\/\/wbp.lublin.pl\/index.php\/wp-json\/wp\/v2\/categories?post=24111"},{"taxonomy":"post_tag","embeddable":true,"href":"https:\/\/wbp.lublin.pl\/index.php\/wp-json\/wp\/v2\/tags?post=24111"}],"curies":[{"name":"wp","href":"https:\/\/api.w.org\/{rel}","templated":true}]}}