{"id":24437,"date":"2020-03-24T16:02:43","date_gmt":"2020-03-24T15:02:43","guid":{"rendered":"https:\/\/wbp.lublin.pl\/?p=24437"},"modified":"2020-03-30T10:53:40","modified_gmt":"2020-03-30T08:53:40","slug":"malo-znane-oblicza-historii-w-fabularnej-odslonie","status":"publish","type":"post","link":"https:\/\/wbp.lublin.pl\/index.php\/2020\/03\/24\/malo-znane-oblicza-historii-w-fabularnej-odslonie\/","title":{"rendered":"Ma\u0142o znane oblicza historii w fabularnej ods\u0142onie (Domowe Narodowe Czytanie, odc. 4)"},"content":{"rendered":"<p><!--more--><\/p>\n<p align=\"justify\"><span style=\"font-family: , sans-serif;\">A mo\u017ce macie te ksi\u0105\u017cki na swojej domowej p\u00f3\u0142ce bibliotecznej, w swoich prywatnych zbiorach, od\u0142o\u017cone niegdy\u015b do przeczytania \u201ena p\u00f3\u017aniej\u201d? Sprawd\u017acie i przeczytajcie teraz! Je\u017celi nie macie ich w zbiorach \u2013 wpiszcie na list\u0119 ksi\u0105\u017cek, kt\u00f3re w przysz\u0142o\u015bci warto pozna\u0107. Zach\u0119camy!<\/span><\/p>\n<h3 align=\"center\"><span style=\"font-family: , sans-serif;\"><b>Ma\u0142o znane oblicza historii w fabularnej ods\u0142onie<\/b><\/span><\/h3>\n<p><span style=\"font-family: , sans-serif;\"><b>Rebecca Gabl\u00e9, <\/b><\/span><span style=\"font-family: , sans-serif;\"><i><b>Bracia Hioba<\/b><\/i><\/span><span style=\"font-family: , sans-serif;\"><b>,<\/b><\/span><span style=\"font-family: , sans-serif;\"> Wydawnictwo Esprit, Krak\u00f3w 2013, s. 880<\/span><\/p>\n<p align=\"center\"><img data-dominant-color=\"d57487\" data-has-transparency=\"false\" style=\"--dominant-color: #d57487;\" loading=\"lazy\" decoding=\"async\" class=\"aligncenter size-full wp-image-24438 not-transparent\" src=\"https:\/\/wbp.lublin.pl\/wp-content\/uploads\/2020\/03\/hist1.png\" alt=\"\" width=\"450\" height=\"450\" \/><\/p>\n<p align=\"justify\"><span style=\"font-family: , sans-serif;\">Hiob &#8211; posta\u0107 biblijna, cz\u0142owiek pozbawiony maj\u0105tku, rodziny, do\u015bwiadczony ci\u0119\u017ckimi chorobami\u2026 Czy ludzie tego pokroju mog\u0105 by\u0107 barwnymi bohaterami powie\u015bci historycznej? Okazuje si\u0119, \u017ce tak! Udowodni\u0142a to, ma\u0142o znana polskim czytelnikom, niemiecka pisarka Rebecca Gabl\u00e9 pisz\u0105c ksi\u0105\u017ck\u0119 <\/span><span style=\"font-family: , sans-serif;\"><i>Bracia Hioba<\/i><\/span><span style=\"font-family: , sans-serif;\">. <\/span><\/p>\n<p align=\"justify\"><span style=\"font-family: , sans-serif;\">G\u0142\u00f3wne postaci powie\u015bci Gabl\u00e9 to grupa wyrzutk\u00f3w, ludzi u\u0142omnych na ciele i umy\u015ble, obarczonych amnezj\u0105, padaczk\u0105, chorobami psychicznymi. W\u015br\u00f3d nich pojawiaj\u0105 si\u0119 bracia syjamscy i seryjny morderca. Przygody tej nieszablonowej grupy usadowi\u0142a autorka w \u015bredniowieczu, w czasach, w kt\u00f3rych uwa\u017cano, \u017ce osoby upo\u015bledzone umys\u0142owo nie posiada\u0142y duszy, a ludzie z u\u0142omno\u015bciami fizycznymi nie byli stworzeni na obraz i podobie\u0144stwo boskie. Dodajmy do tego niespokojne czasy dwunastowiecznej Anglii, ogarni\u0119tej wojn\u0105 domow\u0105 mi\u0119dzy cesarzow\u0105 Matyld\u0105 a Stefanem z Blois, a otrzymamy niesamowit\u0105 awanturniczo-przygodow\u0105 mieszank\u0119, gdzie prawdziwa historia miesza si\u0119 z fikcj\u0105 literack\u0105. Za\u015b tytu\u0142owi <\/span><span style=\"font-family: , sans-serif;\"><i>Bracia Hioba<\/i><\/span><span style=\"font-family: , sans-serif;\"> na ka\u017cdym kroku udowadniaj\u0105, \u017ce s\u0105 zdolni do wielkich po\u015bwi\u0119ce\u0144 i wielkich czyn\u00f3w.<\/span><\/p>\n<p align=\"justify\"><span style=\"font-family: , sans-serif;\"> Ksi\u0105\u017cka przypadnie zapewne do gustu mi\u0142o\u015bnikom pi\u00f3ra Kena Folletta i jego wyj\u0105tkowej sagi historycznej osadzonej w \u201ecieniu\u201d <\/span><span style=\"color: #000000;\"><span style=\"font-family: , sans-serif;\">Kingsbridge \u2013 <\/span><\/span><span style=\"color: #000000;\"><span style=\"font-family: , sans-serif;\"><i>Filary ziemi<\/i><\/span><\/span><span style=\"color: #000000;\"><span style=\"font-family: , sans-serif;\">, <\/span><\/span><span style=\"color: #000000;\"><span style=\"font-family: , sans-serif;\"><i>\u015awiat bez ko\u0144ca<\/i><\/span><\/span><span style=\"color: #000000;\"><span style=\"font-family: , sans-serif;\"> i <\/span><\/span><span style=\"color: #000000;\"><span style=\"font-family: , sans-serif;\"><i>S\u0142up ognia<\/i><\/span><\/span><span style=\"color: #000000;\"><span style=\"font-family: , sans-serif;\">. A mo\u017ce rozbudzi w czytelnikach \u2013 dot\u0105d stroni\u0105cych od fabularyzowanych powie\u015bci historycznych \u2013 zami\u0142owanie do opowie\u015bci z histori\u0105 w tle?<\/span><\/span><\/p>\n<p>&nbsp;<\/p>\n<p><span style=\"color: #000000;\"><span style=\"font-family: , sans-serif;\"><b>Nathaniel Philbrick<\/b><\/span><\/span><span style=\"color: #000000;\"><span style=\"font-family: , sans-serif;\"><i><b>, \u00a0W samym sercu morza. Katastrofa statku wielorybniczego Essex<\/b><\/i><\/span><\/span><span style=\"color: #000000;\"><span style=\"font-family: , sans-serif;\"><b>,<\/b><\/span><\/span><span style=\"color: #000000;\"><span style=\"font-family: , sans-serif;\"> HarperCollins Polska, Warszawa 2015, s. 288<\/span><\/span><\/p>\n<p align=\"center\"><img data-dominant-color=\"4c5f68\" data-has-transparency=\"false\" style=\"--dominant-color: #4c5f68;\" loading=\"lazy\" decoding=\"async\" class=\"aligncenter size-full wp-image-24439 not-transparent\" src=\"https:\/\/wbp.lublin.pl\/wp-content\/uploads\/2020\/03\/hist2.jpg\" alt=\"\" width=\"404\" height=\"600\" \/><\/p>\n<p align=\"justify\"><span style=\"color: #000000;\"><span style=\"font-family: , sans-serif;\"> 20 listopada 1820 roku, brytyjski statek wielorybniczy \u201eEssex\u201d zosta\u0142 staranowany przez kaszalota. Dwudziestu marynarzy przez 93 dni b\u0142\u0105ka\u0142o si\u0119 po Pacyfiku. Z tej dwudziestki ostatecznie prze\u017cy\u0142o tylko o\u015bmiu. By\u0142a to jedna<br \/>\nz najwi\u0119kszych katastrof morskich XIX wieku. Historia \u201eEssexa\u201d sta\u0142a si\u0119 inspiracj\u0105 dla Hermana Melville\u2019a do skre\u015blenia kulminacyjnej sceny zatopienia statku \u201ePequod\u201d w jego sztandarowej powie\u015bci <\/span><\/span><span style=\"color: #000000;\"><span style=\"font-family: , sans-serif;\"><i>Moby Dick.<\/i><\/span><\/span><\/p>\n<p align=\"justify\"><span style=\"color: #000000;\"><span style=\"font-family: , sans-serif;\"> Nathaniel Philbrick to autorytet w dziedzinie historii wyspy i miasta Nuntucket,<\/span><\/span><span style=\"color: #222222;\"><span style=\"font-family: , sans-serif;\"> amyka\u0144skiej miejscowo\u015bci, kt\u00f3ra od XVII do XIX wieku by\u0142a znanym portem wielorybniczym<\/span><\/span><span style=\"color: #000000;\"><span style=\"font-family: , sans-serif;\">. Dzi\u0119ki jego \u017cmudnej pracy przed czytelnikiem otwiera si\u0119 \u015bwiat wielorybnik\u00f3w z Nuntucket. Poznajemy histori\u0119 tego miejsca i jego mieszka\u0144c\u00f3w, ich zwyczaje, ale przede wszystkim obserwujemy ci\u0119\u017cki i niebezpieczny zaw\u00f3d wielorybnika. <\/span><\/span><\/p>\n<p align=\"justify\"><span style=\"color: #000000;\">\u00a0\u00a0\u00a0\u00a0\u00a0\u00a0\u00a0\u00a0\u00a0\u00a0<span style=\"font-family: , sans-serif;\">Sednem opowie\u015bci s\u0105 losy za\u0142ogi statku \u201eEssex\u201d i morskiej wyprawy, kt\u00f3r\u0105 od samego pocz\u0105tku prze\u015bladowa\u0142 pech. Ale to co dla Melville\u2019a by\u0142o ko\u0144cem powie\u015bci \u2013 zatopienie \u201ePequod\u2019a\u201d przez tytu\u0142owego Moby Dicka \u2013 dla Philbricka by\u0142o zaledwie pocz\u0105tkiem tragedii, bowiem rozbitkowie z \u201eEssexa\u201d zostali zaatakowani po raz wt\u00f3ry, tym razem przez ork\u0119. <\/span><\/span><\/p>\n<p align=\"justify\"><span style=\"color: #000000;\"> \u00a0\u00a0\u00a0\u00a0\u00a0\u00a0\u00a0\u00a0<span style=\"font-family: , sans-serif;\">Ksi\u0105\u017cka <\/span><\/span><span style=\"color: #000000;\"><span style=\"font-family: , sans-serif;\"><i>W samym sercu morza <\/i><\/span><\/span><span style=\"color: #000000;\"><span style=\"font-family: , sans-serif;\">odkrywa przed czytelnikiem istot\u0119 cz\u0142owiecze\u0144stwa \u2013 wahania, rozterki, dylematy moralne, kt\u00f3re towarzysz\u0105 trudnej walce o przetrwanie w ekstremalnej sytuacji, w kt\u00f3rej znale\u017ali si\u0119 bohaterowie opowie\u015bci. Autor sugestywnie opisuje, jak reaguje cz\u0142owiek umieraj\u0105cy z pragnienia, paradoksalnie b\u0119d\u0105c na \u015brodku oceanu.<\/span><\/span><\/p>\n<p align=\"justify\"><span style=\"color: #000000;\"><span style=\"font-family: , sans-serif;\">Niebagatelne znaczenie dla powstania ksi\u0105\u017cki, jej autentyzmu ma fakt, \u017ce Nathaniel Philbrick snuje swoj\u0105 opowie\u015b\u0107 posi\u0142kuj\u0105c si\u0119 relacjami pierwszego oficera Owena Chase, kt\u00f3ry prze\u017cy\u0142 katastrof\u0119. Dzi\u0119ki temu autor trzyma si\u0119 fakt\u00f3w, daj\u0105c odp\u00f3r pokusie fantazjowania, pisz\u0105c sugestywnie o prawdziwych wydarzeniach i wyzwaniach, przed kt\u00f3rymi stan\u0119li niegdy\u015b wielorybnicy z Nuntucket.<\/span><\/span><\/p>\n<p align=\"right\"><span style=\"font-family: , sans-serif;\"><b>Agnieszka Sitko \u2013 Dzia\u0142 Informacji i Promocji WBP<\/b><\/span><\/p>\n","protected":false},"excerpt":{"rendered":"","protected":false},"author":7,"featured_media":24438,"comment_status":"closed","ping_status":"closed","sticky":false,"template":"","format":"standard","meta":{"_tec_requires_first_save":true,"_crdt_document":"","pgc_sgb_lightbox_settings":"","_EventAllDay":false,"_EventTimezone":"","_EventStartDate":"","_EventEndDate":"","_EventStartDateUTC":"","_EventEndDateUTC":"","_EventShowMap":false,"_EventShowMapLink":false,"_EventURL":"","_EventCost":"","_EventCostDescription":"","_EventCurrencySymbol":"","_EventCurrencyCode":"","_EventCurrencyPosition":"","_EventDateTimeSeparator":"","_EventTimeRangeSeparator":"","_EventOrganizerID":[],"_EventVenueID":[],"_OrganizerEmail":"","_OrganizerPhone":"","_OrganizerWebsite":"","_VenueAddress":"","_VenueCity":"","_VenueCountry":"","_VenueProvince":"","_VenueState":"","_VenueZip":"","_VenuePhone":"","_VenueURL":"","_VenueStateProvince":"","_VenueLat":"","_VenueLng":"","_VenueShowMap":false,"_VenueShowMapLink":false,"_tribe_blocks_recurrence_rules":"","_tribe_blocks_recurrence_description":"","_tribe_blocks_recurrence_exclusions":"","footnotes":""},"categories":[636,10],"tags":[],"class_list":["post-24437","post","type-post","status-publish","format-standard","has-post-thumbnail","hentry","category-domowe-narodowe-czytanie","category-aktualnosci"],"publishpress_future_action":{"enabled":false,"date":"2026-05-06 11:45:03","action":"change-status","newStatus":"draft","terms":[],"taxonomy":"category","extraData":[]},"publishpress_future_workflow_manual_trigger":{"enabledWorkflows":[]},"_links":{"self":[{"href":"https:\/\/wbp.lublin.pl\/index.php\/wp-json\/wp\/v2\/posts\/24437","targetHints":{"allow":["GET"]}}],"collection":[{"href":"https:\/\/wbp.lublin.pl\/index.php\/wp-json\/wp\/v2\/posts"}],"about":[{"href":"https:\/\/wbp.lublin.pl\/index.php\/wp-json\/wp\/v2\/types\/post"}],"author":[{"embeddable":true,"href":"https:\/\/wbp.lublin.pl\/index.php\/wp-json\/wp\/v2\/users\/7"}],"replies":[{"embeddable":true,"href":"https:\/\/wbp.lublin.pl\/index.php\/wp-json\/wp\/v2\/comments?post=24437"}],"version-history":[{"count":6,"href":"https:\/\/wbp.lublin.pl\/index.php\/wp-json\/wp\/v2\/posts\/24437\/revisions"}],"predecessor-version":[{"id":24457,"href":"https:\/\/wbp.lublin.pl\/index.php\/wp-json\/wp\/v2\/posts\/24437\/revisions\/24457"}],"wp:featuredmedia":[{"embeddable":true,"href":"https:\/\/wbp.lublin.pl\/index.php\/wp-json\/wp\/v2\/media\/24438"}],"wp:attachment":[{"href":"https:\/\/wbp.lublin.pl\/index.php\/wp-json\/wp\/v2\/media?parent=24437"}],"wp:term":[{"taxonomy":"category","embeddable":true,"href":"https:\/\/wbp.lublin.pl\/index.php\/wp-json\/wp\/v2\/categories?post=24437"},{"taxonomy":"post_tag","embeddable":true,"href":"https:\/\/wbp.lublin.pl\/index.php\/wp-json\/wp\/v2\/tags?post=24437"}],"curies":[{"name":"wp","href":"https:\/\/api.w.org\/{rel}","templated":true}]}}