{"id":24920,"date":"2020-04-06T15:09:41","date_gmt":"2020-04-06T13:09:41","guid":{"rendered":"https:\/\/wbp.lublin.pl\/?p=24920"},"modified":"2020-04-09T12:50:57","modified_gmt":"2020-04-09T10:50:57","slug":"zegnamy-longina-jana-okonia-1927-2020","status":"publish","type":"post","link":"https:\/\/wbp.lublin.pl\/index.php\/2020\/04\/06\/zegnamy-longina-jana-okonia-1927-2020\/","title":{"rendered":"\u017begnamy Longina Jana Okonia (1927-2020)"},"content":{"rendered":"<p><!--more--><\/p>\n<p align=\"center\"><span style=\"font-size: medium;\"><b>Wojew\u00f3dzka Biblioteka Publiczna im. Hieronima \u0141opaci\u0144skiego<br \/>\nw Lublinie<\/b><\/span><\/p>\n<p align=\"center\"><span style=\"font-size: medium;\">\u017cegna<\/span><\/p>\n<p align=\"center\"><span style=\"font-size: medium;\"><b>Longina Jana Okonia<br \/>\n(ur. 20 grudnia 1927 w \u015awierszczowie \u2013 zm. 3 kwietnia 2020 w Che\u0142mie)<\/b><\/span><\/p>\n<p align=\"center\"><span style=\"font-size: medium;\">Uroczysto\u015b\u0107 pogrzebowa odby\u0142a si\u0119 4 kwietnia 2020 roku<br \/>\nw <\/span><span style=\"font-size: medium;\">Kaplicy Cmentarza Komunalnego w Che\u0142mie przy ul. Mo\u015bcickiego<\/span><\/p>\n<p align=\"justify\"><span style=\"font-size: medium;\"><b>Longin Jan Oko\u0144 \u2013 <\/b><\/span><span style=\"font-size: medium;\">prozaik, poeta, publicysta, krytyk literacki, eseista, popularyzator nauki, etnograf i pedagog, organizator \u017cycia kulturalnego. Absolwent studi\u00f3w pedagogicznych i polonistycznych oraz podyplomowych z zakresu zarz\u0105dzania o\u015bwiat\u0105 na Uniwersytecie Warszawskim. Wieloletni &#8211; zaanga\u017cowany w prac\u0119 &#8211; pedagog, nauczyciel i inspektor szkolny. Aktywny i zaanga\u017cowany cz\u0142onek Zwi\u0105zku Literat\u00f3w Polskich, a tak\u017ce m.in. inicjator i za\u0142o\u017cyciel Grupy Literackiej \u201ePryzmaty\u201d, wsp\u00f3\u0142za\u0142o\u017cyciel Che\u0142mskiej Grupy Literackiej \u201eLubelska 36\u201d, wsp\u00f3\u0142redaktor che\u0142mskiego pisma literacko-artystycznego \u201eEgeria\u201d. Honorowy obywatel miasta Che\u0142ma. <\/span><\/p>\n<p align=\"justify\"><span style=\"font-size: medium;\">Wielokrotnie nagradzany za swoj\u0105 tw\u00f3rczo\u015b\u0107 literack\u0105 i pedagogiczn\u0105, m.in. Nagrod\u0105 Literack\u0105 im. Boles\u0142awa Prusa za powie\u015b\u0107\u00a0<\/span><span style=\"font-size: medium;\"><i>Tecumseh <\/i><\/span><span style=\"font-size: medium;\">(1977), <\/span><span style=\"font-size: medium;\">\u00a0Orderem U\u015bmiechu (1977), Medalem Komisji Edukacji Narodowej (1978), Krzy\u017cem Kawalerskim Orderu Odrodzenia Polski (1978), Nagrod\u0105 Ministra Kultury (1982), Krzy\u017cem Oficerskim Orderu Odrodzenia Polski (1986), medalem \u201eZa Zas\u0142ugi dla Wojew\u00f3dztwa Lubelskiego\u201d (1997), Wojew\u00f3dzk\u0105 Nagrod\u0105 Kulturaln\u0105 (2003), Nagrod\u0105 Literack\u0105 im. Kazimierza Andrzeja Jaworskiego (2006). <\/span><\/p>\n<p align=\"justify\"><span style=\"font-size: medium;\">Autor licznych ksi\u0105\u017cek (poezja, powie\u015bci, opowiadania, szkice literackie) m.in.: <\/span><span style=\"font-size: medium;\"><i>\u0141zy serca <\/i><\/span><span style=\"font-size: medium;\">(<\/span><span style=\"font-size: medium;\">1947)<\/span><span style=\"font-size: medium;\"><i>,<\/i><\/span><span style=\"font-size: medium;\">\u00a0<\/span><span style=\"font-size: medium;\"><i>Kroki s\u0142oneczne <\/i><\/span><span style=\"font-size: medium;\">(<\/span><span style=\"font-size: medium;\">1960)<\/span><span style=\"font-size: medium;\">,<\/span><span style=\"font-size: medium;\"><i>\u00a0\u0141owienie \u015bwitu (1969), Legendy che\u0142mskie (<\/i><\/span><span style=\"font-size: medium;\">1969)<\/span><span style=\"font-size: medium;\"><i>,<\/i><\/span><span style=\"font-size: medium;\">\u00a0<\/span><span style=\"font-size: medium;\"><i>Dr\u0105\u017cy\u0142em noc (<\/i><\/span><span style=\"font-size: medium;\">1971)<\/span><span style=\"font-size: medium;\"><i>,<\/i><\/span><span style=\"font-size: medium;\">\u00a0<\/span><span style=\"font-size: medium;\"><i>Przys\u0142owia ludu che\u0142mskiego (1971), Opowie\u015bci nied\u017awiedziego grodu (<\/i><\/span><span style=\"font-size: medium;\">1973)<\/span><span style=\"font-size: medium;\"><i>,<\/i><\/span><span style=\"font-size: medium;\">\u00a0<\/span><span style=\"font-size: medium;\"><i>Ludowe zagadki che\u0142mskie (<\/i><\/span><span style=\"font-size: medium;\">1975)<\/span><span style=\"font-size: medium;\"><i>,<\/i><\/span><span style=\"font-size: medium;\">\u00a0<\/span><span style=\"font-size: medium;\"><i>Tecumseh (<\/i><\/span><span style=\"font-size: medium;\">1976)<\/span><span style=\"font-size: medium;\"><i>,<\/i><\/span><span style=\"font-size: medium;\">\u00a0<\/span><span style=\"font-size: medium;\"><i>Niezwyk\u0142e dzieje pi\u0119knej Anny (<\/i><\/span><span style=\"font-size: medium;\">1978)<\/span><span style=\"font-size: medium;\"><i>, Czerwonosk\u00f3ry genera\u0142 (1979), \u015aladami Tecumseha (<\/i><\/span><span style=\"font-size: medium;\">1981)<\/span><span style=\"font-size: medium;\"><i>,<\/i><\/span><span style=\"font-size: medium;\">\u00a0<\/span><span style=\"font-size: medium;\"><i>P\u0142on\u0105ca preria (<\/i><\/span><span style=\"font-size: medium;\">1986)<\/span><span style=\"font-size: medium;\"><i>,<\/i><\/span><span style=\"font-size: medium;\">\u00a0<\/span><span style=\"font-size: medium;\"><i>Prze\u0142\u0119cz grozy (<\/i><\/span><span style=\"font-size: medium;\">1990)<\/span><span style=\"font-size: medium;\"><i>, Historia literatury Ziemi Che\u0142mskiej 1505\u20132010 (<\/i><\/span><span style=\"font-size: medium;\">2010, uzupe\u0142niona szkicami).<\/span><\/p>\n<p align=\"justify\"><span style=\"font-size: medium;\"><b>Longin Jan Oko\u0144<\/b><\/span> <span style=\"font-size: medium;\"><b>\u2013 <\/b><\/span><span style=\"font-size: medium;\">zwi\u0105zany emocjonalnie z Che\u0142mszczyzn\u0105 i Lubelszczyzn\u0105. Oddany sprawie literatury, kultury i edukacji, rzetelnie pracowa\u0142 na rzecz jej upowszechnienia, zw\u0142aszcza w\u015br\u00f3d m\u0142odzie\u017cy. Literatura polska, che\u0142mska i lubelska straci\u0142a Pisarza \u2013 Legend\u0119. Pozosta\u0142a dobra pami\u0119\u0107 i ksi\u0105\u017cki. <\/span><\/p>\n","protected":false},"excerpt":{"rendered":"","protected":false},"author":7,"featured_media":24922,"comment_status":"closed","ping_status":"closed","sticky":false,"template":"","format":"standard","meta":{"_tec_requires_first_save":true,"_crdt_document":"","pgc_sgb_lightbox_settings":"","_EventAllDay":false,"_EventTimezone":"","_EventStartDate":"","_EventEndDate":"","_EventStartDateUTC":"","_EventEndDateUTC":"","_EventShowMap":false,"_EventShowMapLink":false,"_EventURL":"","_EventCost":"","_EventCostDescription":"","_EventCurrencySymbol":"","_EventCurrencyCode":"","_EventCurrencyPosition":"","_EventDateTimeSeparator":"","_EventTimeRangeSeparator":"","_EventOrganizerID":[],"_EventVenueID":[],"_OrganizerEmail":"","_OrganizerPhone":"","_OrganizerWebsite":"","_VenueAddress":"","_VenueCity":"","_VenueCountry":"","_VenueProvince":"","_VenueState":"","_VenueZip":"","_VenuePhone":"","_VenueURL":"","_VenueStateProvince":"","_VenueLat":"","_VenueLng":"","_VenueShowMap":false,"_VenueShowMapLink":false,"_tribe_blocks_recurrence_rules":"","_tribe_blocks_recurrence_description":"","_tribe_blocks_recurrence_exclusions":"","footnotes":""},"categories":[10,53],"tags":[],"class_list":["post-24920","post","type-post","status-publish","format-standard","has-post-thumbnail","hentry","category-aktualnosci","category-komunikaty"],"publishpress_future_action":{"enabled":false,"date":"2026-05-08 16:09:21","action":"change-status","newStatus":"draft","terms":[],"taxonomy":"category","extraData":[]},"publishpress_future_workflow_manual_trigger":{"enabledWorkflows":[]},"_links":{"self":[{"href":"https:\/\/wbp.lublin.pl\/index.php\/wp-json\/wp\/v2\/posts\/24920","targetHints":{"allow":["GET"]}}],"collection":[{"href":"https:\/\/wbp.lublin.pl\/index.php\/wp-json\/wp\/v2\/posts"}],"about":[{"href":"https:\/\/wbp.lublin.pl\/index.php\/wp-json\/wp\/v2\/types\/post"}],"author":[{"embeddable":true,"href":"https:\/\/wbp.lublin.pl\/index.php\/wp-json\/wp\/v2\/users\/7"}],"replies":[{"embeddable":true,"href":"https:\/\/wbp.lublin.pl\/index.php\/wp-json\/wp\/v2\/comments?post=24920"}],"version-history":[{"count":2,"href":"https:\/\/wbp.lublin.pl\/index.php\/wp-json\/wp\/v2\/posts\/24920\/revisions"}],"predecessor-version":[{"id":24924,"href":"https:\/\/wbp.lublin.pl\/index.php\/wp-json\/wp\/v2\/posts\/24920\/revisions\/24924"}],"wp:featuredmedia":[{"embeddable":true,"href":"https:\/\/wbp.lublin.pl\/index.php\/wp-json\/wp\/v2\/media\/24922"}],"wp:attachment":[{"href":"https:\/\/wbp.lublin.pl\/index.php\/wp-json\/wp\/v2\/media?parent=24920"}],"wp:term":[{"taxonomy":"category","embeddable":true,"href":"https:\/\/wbp.lublin.pl\/index.php\/wp-json\/wp\/v2\/categories?post=24920"},{"taxonomy":"post_tag","embeddable":true,"href":"https:\/\/wbp.lublin.pl\/index.php\/wp-json\/wp\/v2\/tags?post=24920"}],"curies":[{"name":"wp","href":"https:\/\/api.w.org\/{rel}","templated":true}]}}