{"id":24948,"date":"2020-04-08T13:10:54","date_gmt":"2020-04-08T11:10:54","guid":{"rendered":"https:\/\/wbp.lublin.pl\/?p=24948"},"modified":"2020-04-14T13:31:51","modified_gmt":"2020-04-14T11:31:51","slug":"wielkanocne-klimaty","status":"publish","type":"post","link":"https:\/\/wbp.lublin.pl\/index.php\/2020\/04\/08\/wielkanocne-klimaty\/","title":{"rendered":"Wielkanocne klimaty (Domowe Narodowe Czytanie, odc. 16)"},"content":{"rendered":"<p><!--more--><\/p>\n<p align=\"justify\"><span style=\"color: #222222;\"><span style=\"font-size: medium;\"><img data-dominant-color=\"a29681\" data-has-transparency=\"false\" style=\"--dominant-color: #a29681;\" loading=\"lazy\" decoding=\"async\" class=\"size-medium wp-image-24955 alignright not-transparent\" src=\"https:\/\/wbp.lublin.pl\/wp-content\/uploads\/2020\/04\/JajoDekoracja-300x207.jpg\" alt=\"\" width=\"300\" height=\"207\" \/>Wyj\u0105tkowy jest ten tegoroczny wielkanocny czas. Czas wielkiej pr\u00f3by dla nas wszystkich. <\/span><\/span><\/p>\n<p align=\"justify\"><span style=\"color: #222222;\"><span style=\"font-size: medium;\">\u015awi\u0119ta Wielkanocne \u2013 ju\u017c za par\u0119 dni, przed nami ko\u0144cowe przygotowania, kt\u00f3rych dokonujemy tym razem w innym, nie jak niegdy\u015b po\u015bpiesznym i zawrotnym tempie, ale z refle<\/span><\/span><span style=\"color: #222222;\"><span style=\"font-size: medium;\">k<\/span><\/span><span style=\"color: #222222;\"><span style=\"font-size: medium;\">sj\u0105, tak przynale\u017cn\u0105 i \u015awi\u0119tom Wielkiej Nocy, jak i temu wyj\u0105tkowemu etapowi dziej\u00f3w XXI-wiecz<\/span><\/span><span style=\"color: #222222;\"><span style=\"font-size: medium;\">n<\/span><\/span><span style=\"color: #222222;\"><span style=\"font-size: medium;\">ego \u015bwiata. <\/span><\/span><\/p>\n<p align=\"justify\"><span style=\"color: #222222;\"><span style=\"font-size: medium;\">Warto i w tym trudnym czasie zadba\u0107 o atmosfer\u0119 \u015awiat, tych, kt\u00f3re corocznie wraz z wiosn\u0105 wnosi\u0142y w nasz\u0105 egzystencj\u0119 m\u0105dro\u015b\u0107 budz\u0105cej si\u0119 do nowego \u017cycia przyrody. Zaakcentujmy \u015bwi\u0105teczn\u0105 atmosfer\u0119 w naszym domu, niech rozja\u015bni te trudne dla nas wszystkich chwile. <\/span><\/span><\/p>\n<p align=\"justify\"><span style=\"color: #222222;\"><span style=\"font-size: medium;\"><img data-dominant-color=\"957f50\" data-has-transparency=\"false\" style=\"--dominant-color: #957f50;\" loading=\"lazy\" decoding=\"async\" class=\"alignleft size-medium wp-image-24950 not-transparent\" src=\"https:\/\/wbp.lublin.pl\/wp-content\/uploads\/2020\/04\/Fot.-Agata-Kozio\u0142-2-300x169.jpg\" alt=\"\" width=\"300\" height=\"169\" \/>Wielkanocny koszyczek pomys\u0142\u00f3w przynios\u0142a dla Pa\u0144stwa <\/span><\/span><span style=\"color: #222222;\"><span style=\"font-size: medium;\"><b>Agata<\/b><\/span><\/span><span style=\"color: #222222;\"><span style=\"font-size: medium;\">, ja odkurzy\u0142am ju\u017c adapter \u201eBambino\u201d i jedn\u0105 z winylowych p\u0142yt. Dlaczego? Na p\u0142ycie ustawiamy ugotowane jajko w podstawce, siadamy na krze\u015ble z p\u0119dzelkiem w r\u0119ku zanurzonym wcze\u015bniej w farbce do malowania jajek, w\u0142\u0105czamy adapter, p\u0142yta si\u0119 kr\u0119ci, a my malujemy pi\u0119kne, r\u00f3wne kreski na jajku, kt\u00f3re za par\u0119 minut stanie si\u0119 wielkanocn\u0105 pisank\u0105. Powodzenia!<\/span><\/span><\/p>\n<p align=\"justify\"><span style=\"color: #222222;\"><span style=\"font-size: medium;\">\u015awi\u0119ta to r\u00f3wnie\u017c wspomnienia, tak\u017ce naszych lektur z dzieci\u0144stwa.<\/span><\/span><span style=\"color: #222222;\"><span style=\"font-size: medium;\"><b> Renata<\/b><\/span><\/span><span style=\"color: #222222;\"><span style=\"font-size: medium;\"> \u2013 debiutuj\u0105ca w <\/span><\/span><span style=\"color: #222222;\"><span style=\"font-size: medium;\"><b>Narodowym Domowym Czytaniu<\/b><\/span><\/span><span style=\"color: #222222;\"><span style=\"font-size: medium;\"> \u2013 zaprasza Pa\u0144stwa do krainy szcz\u0119\u015bliwo\u015bci \u2013 do Bullerbyn. <\/span><\/span><span style=\"color: #222222;\"><span style=\"font-size: medium;\"><i>Dzieci z Bullerbyn<\/i><\/span><\/span><span style=\"color: #222222;\"><span style=\"font-size: medium;\"> to lektura szkolna wszech czas\u00f3w. Na \u015awi\u0119ta Wielkanocne to lektura obowi\u0105zkowa!<\/span><\/span><\/p>\n<p align=\"right\"><span style=\"color: #222222;\"><span style=\"font-size: medium;\"><b>Ewa<\/b><\/span><\/span><\/p>\n<hr \/>\n<p align=\"justify\"><span style=\"font-size: medium;\"><b><img data-dominant-color=\"84875e\" data-has-transparency=\"false\" style=\"--dominant-color: #84875e;\" loading=\"lazy\" decoding=\"async\" class=\"alignleft size-medium wp-image-24956 not-transparent\" src=\"https:\/\/wbp.lublin.pl\/wp-content\/uploads\/2020\/04\/Wielkanoc-300x300.jpg\" alt=\"\" width=\"300\" height=\"300\" \/>Tessa Evelegh, <\/b><\/span><span style=\"font-size: medium;\"><i><b>Wielkanoc. \u015awi\u0105teczne dekoracje, prezenty, przepisy,<\/b><\/i><\/span><span style=\"font-size: medium;\"> Wydanie 2, Wydawnictwo RM, \u0141\u00f3d\u017a 2011, s. 64<\/span><\/p>\n<p align=\"justify\"><span style=\"font-size: medium;\"> Przegl\u0105daj\u0105c moj\u0105 \u201eporadnikow\u0105\u201d domow\u0105 biblioteczk\u0119, na p\u00f3\u0142ce z ksi\u0105\u017ckami na temat florystyki odkry\u0142am publikacj\u0119 <\/span><span style=\"font-size: medium;\"><i><b>Wielkanoc<\/b><\/i><\/span><span style=\"font-size: medium;\"><b>.<\/b><\/span><span style=\"font-size: medium;\"><i><b> \u015awi\u0105teczne dekoracje, prezenty, przepisy.<\/b><\/i><\/span><i> <\/i><span style=\"font-size: medium;\">Jest to doskona\u0142e kompendium, zawieraj\u0105ce moc informacji przydatnych w okresie wielkanocnym. <\/span><\/p>\n<p align=\"justify\"><span style=\"font-size: medium;\">Znajdziemy tu pi\u0119kne pomys\u0142y na ciekawe kompozycje kwiatowe. Autorka proponuje nam, aby do \u015bwi\u0105tecznych dekoracji wykorzysta\u0107 stworzone przez natur\u0119 p\u0119kaj\u0105ce p\u0105czki nowych li\u015bci, energicznie rozwijaj\u0105ce si\u0119 wiosenne kwiaty czy te\u017c jajko, w kt\u00f3rym kryj\u0119 si\u0119 zal\u0105\u017cek nowego \u017cycia. Znajdziemy tutaj inspiracj\u0119 jak wykona\u0107 wspania\u0142e bukiety z pierwszych wiosennych kwiat\u00f3w, kt\u00f3re znakomicie udekoruj\u0105 nasz \u015bwi\u0105teczny st\u00f3\u0142.<\/span><\/p>\n<p align=\"justify\"><span style=\"font-size: medium;\"><img data-dominant-color=\"817462\" data-has-transparency=\"false\" style=\"--dominant-color: #817462;\" loading=\"lazy\" decoding=\"async\" class=\"size-medium wp-image-24951 alignright not-transparent\" src=\"https:\/\/wbp.lublin.pl\/wp-content\/uploads\/2020\/04\/Fot.-Agata-Kozio\u0142-183x300.jpg\" alt=\"\" width=\"183\" height=\"300\" \/>W ksi\u0105\u017cce nie zabrak\u0142o tematyki ozdabiania jajek. Jak si\u0119 bowiem okazuje jest to wielka sztuka, kt\u00f3ra towarzyszy nam od wielu pokole\u0144. Do wyboru mamy ro\u017cne techniki: pocz\u0105wszy od woskowania a\u017c do dekorowania przy u\u017cyciu \u015bwie\u017cych li\u015bci. Uupe\u0142nieniem publikacji s\u0105 wielkanocne przepisy na s\u0142odko\u015bci, kt\u00f3re powinny obowi\u0105zkowo zago\u015bci\u0107 na naszych sto\u0142ach i nie s\u0105 to tylko mazurki! <\/span><\/p>\n<p align=\"justify\"><span style=\"font-size: medium;\">Polecam t\u0119 ksi\u0105\u017ck\u0119, to doskona\u0142y poradnik dla ka\u017cdego, kto chce oryginalnie przyozdobi\u0107 i przygotowa\u0107 sw\u00f3j dom z okazji \u015awi\u0105t Wielkanocnych. Przegl\u0105daj\u0105c j\u0105 \u2013 pomimo niesprzyjaj\u0105cych okoliczno\u015bci tegorocznego okresu przed\u015bwi\u0105tecznego \u2013mo\u017cna poczu\u0107 i wej\u015b\u0107 w atmosfer\u0119 zbli\u017caj\u0105cych si\u0119 \u015awi\u0105t Wielkiej Nocy. <\/span><\/p>\n<p align=\"justify\"><span style=\"font-size: medium;\">Wiele pomys\u0142\u00f3w z tej i innych ksi\u0105\u017cek (a tak\u017ce czasopism i Internetu) sama ju\u017c \u2013 z powodzeniem \u2013 wykorzysta\u0142am, wierz\u0119 w Pa\u0144stwa inwencj\u0119 pomimo wielu ogranicze\u0144, kt\u00f3re nas obowi\u0105zuj\u0105. Jak dowodzi historia, w\u0142a\u015bnie w czasach ogranicze\u0144 i barier uaktywnia si\u0119 \u2013 czasem g\u0142\u0119boko ukryta \u2013 nasza kreatywno\u015b\u0107. Sprawmy zatem, by \u2013 wbrew przeciwno\u015bciom losu \u2013 by\u0142y to, jak zawsze, pi\u0119kne i radosne Wielkanocne \u015awi\u0119ta. <\/span><\/p>\n<p align=\"right\"><span style=\"font-size: medium;\"><b>Agata Kozio\u0142 \u2013 Dzia\u0142 Informacji i Promocji<\/b><\/span><\/p>\n<hr \/>\n<p align=\"center\"><span style=\"font-size: medium;\"><b>Wielkanoc w Bullerbyn<\/b><\/span><\/p>\n<p align=\"justify\"><span style=\"font-size: medium;\"><img data-dominant-color=\"746c69\" data-has-transparency=\"false\" style=\"--dominant-color: #746c69;\" loading=\"lazy\" decoding=\"async\" class=\"alignleft size-medium wp-image-24952 not-transparent\" src=\"https:\/\/wbp.lublin.pl\/wp-content\/uploads\/2020\/04\/IMG_20200405_135407-300x225.jpg\" alt=\"\" width=\"300\" height=\"225\" \/>Pierwsza ksi\u0105\u017cka \u2013 samodzielnie przeze mnie przeczytana od deski do deski \u2013to <\/span><span style=\"font-size: medium;\"><i>Dzieci z Bullerbyn<\/i><\/span><span style=\"font-size: medium;\">. Pami\u0119tam, \u017ce gdy sko\u0144czy\u0142am czytanie poczu\u0142am wielki \u017cal, \u017ce to ju\u017c koniec spotkania, koniec wsp\u00f3lnych przyg\u00f3d. Poczu\u0142am wielk\u0105 t\u0119sknot\u0119. <\/span><\/p>\n<p align=\"justify\"><span style=\"font-size: medium;\">W poszukiwaniu ukojenia si\u0119ga\u0142am po kolejne ksi\u0105\u017cki Astrid Lindgren. Tak narodzi\u0142a si\u0119 fascynacja jej tw\u00f3rczo\u015bci\u0105 \u2013 literatur\u0105 prost\u0105 i \u0142atw\u0105 w odbiorze. Literatur\u0105 pozbawion\u0105 moralizatorstwa. Tak zrodzi\u0142a si\u0119 te\u017c moja fascynacja cudown\u0105 autork\u0105. Cudown\u0105 kobiet\u0105, kt\u00f3ra b\u0119d\u0105c ju\u017c starsz\u0105 pani\u0105, potrafi\u0142a wdrapa\u0107 si\u0119 na drzewo weso\u0142o przy tym wo\u0142aj\u0105c do ekipy telewizyjnej kr\u0119c\u0105cej o niej film, \u017ce \u201enie jest zapisane w Prawie Moj\u017ceszowym, \u017ce stare baby nie mog\u0105 w\u0142azi\u0107 na drzewo\u201d. <\/span><\/p>\n<p align=\"justify\"><span style=\"font-size: medium;\">Od dzieci\u0144stwa szuka\u0142am odpowiedzi, czy Bullerbyn istnieje naprawd\u0119. Nie by\u0142y to \u0142atwe poszukiwania. Rozpocz\u0119\u0142am je w czasach, kiedy pisa\u0142am stal\u00f3wk\u0105 umieszczon\u0105 w obsadce, a ka\u0142amarz z atramentem sta\u0142 na zielonej szkolnej \u0142awce w specjalnie wyci\u0119tej dziurce. <\/span><\/p>\n<p align=\"justify\"><span style=\"font-size: medium;\">Upragnione Bullerbyn. Po wielu latach znalaz\u0142am je. Dos\u0142ownie i w przeno\u015bni. Dos\u0142ownie niedaleko ma\u0142ej miejscowo\u015b\u0107 o nazwie Vimmerby (po\u0142udniowowschodnia Szwecja) &#8211; Astrid Lindgren&#8217;s World (<\/span><span style=\"color: #0000ff;\"><u><a href=\"https:\/\/astridlindgrensvarld.se\/en\/\"><span style=\"font-size: medium;\">https:\/\/astridlindgrensvarld.se\/en\/<\/span><\/a><\/u><\/span><span style=\"font-size: medium;\">). Ostatni raz by\u0142am tam w 2016 roku. Dzisiaj, w czasach zarazy, po parku spaceruj\u0119 wirtualnie maj\u0105c nadziej\u0119, \u017ce jeszcze tam kiedy\u015b powr\u00f3c\u0119. <\/span><\/p>\n<p align=\"justify\"><span style=\"font-size: medium;\">A w przeno\u015bni\u2026 Zrozumia\u0142am, \u017ce ca\u0142e moje dzieci\u0144stwo sp\u0119dzi\u0142am w\u2026 Bullerbyn. Dzisiaj Bullerbyn to dla mnie synonim raju dzieci\u0144stwa. Obecnie moje cztery \u015bciany, w kt\u00f3rych mog\u0119 schroni\u0107 si\u0119 w ten z\u0142y czas s\u0105 r\u00f3wnie\u017c\u2026 Bullerbyn. Jestem szcz\u0119\u015bciar\u0105! Mam nadziej\u0119, \u017ce i Ty, kt\u00f3ry\/a czytasz ten tekst r\u00f3wnie\u017c masz swoje bezpieczne Bullerbyn. <\/span><\/p>\n<p align=\"justify\"><span style=\"font-size: medium;\">I cho\u0107 <\/span><span style=\"font-size: medium;\"><i>Dzieci z Bullerbyn<\/i><\/span><span style=\"font-size: medium;\"> to lektura sugerowana dla klasy 3, to zapraszam ma\u0142ych i du\u017cych, m\u0142odych i tych dojrza\u0142ych do wsp\u00f3lnego s\u0142uchania bezp\u0142atnego audiobooka <\/span><span style=\"color: #0000ff;\"><u><a href=\"https:\/\/www.youtube.com\/watch?v=1_-oWaYhv98&amp;list=PLoWYjFHcn--WHh5u0lCg4NZr-8qr7YO-s&amp;index=25\"><span style=\"font-size: medium;\">https:\/\/www.youtube.com\/watch?v=1_-oWaYhv98&amp;list=PLoWYjFHcn&#8211;WHh5u0lCg4NZr-8qr7YO-s&amp;index=25<\/span><\/a><\/u><\/span><span style=\"font-size: medium;\">. A \u017ceby sp\u0119dzi\u0107 Wielkanoc w Bullerbyn \u201ezapukaj\u201d pod adres <\/span><span style=\"color: #0000ff;\"><u><a href=\"https:\/\/www.youtube.com\/watch?v=UbH56wdPqWE\"><span style=\"font-size: medium;\">https:\/\/www.youtube.com\/watch?v=UbH56wdPqWE<\/span><\/a><\/u><\/span><span style=\"font-size: medium;\">.<\/span><\/p>\n<p align=\"justify\"><span style=\"font-size: medium;\">Spr\u00f3buj odnale\u017a\u0107 w sobie dziecko, s\u0142uchaj i ciesz si\u0119!<\/span><\/p>\n<p align=\"justify\"><span style=\"font-size: medium;\">Polecam r\u00f3wnie\u017c filmy do obejrzenia dla wszystkich: <\/span><span style=\"font-size: medium;\"><i>Dzieci z Bullerbyn<\/i><\/span><span style=\"font-size: medium;\"> (1986), <\/span><span style=\"font-size: medium;\"><i>Dzieci z Bullerbyn. Nowe przygody<\/i><\/span><span style=\"font-size: medium;\"> (1987) oraz film biograficzny dla tych troch\u0119 dojrzalszych <\/span><span style=\"font-size: medium;\"><i>M\u0142odo\u015b\u0107 Astrid <\/i><\/span><span style=\"font-size: medium;\">(2018). <\/span><\/p>\n<p align=\"right\"><span style=\"font-size: medium;\">\u017bycz\u0119 dobrych chwil przy lekturze i zdrowych \u201ewsp\u00f3lnych\u201d \u015awi\u0105t.<br \/>\nRenata \u2013 \u201edziecko z Bullerbyn\u201d<\/span><\/p>\n<p align=\"right\"><span style=\"color: #333333;\"><span style=\"font-size: medium;\"><b>Renata Bluj &#8211; Dzia\u0142 Ochrony i Konserwacji Zbior\u00f3w<\/b><\/span><\/span><\/p>\n<p style=\"text-align: center;\" align=\"justify\">Rekwizyty na fotografiach wykona\u0142a\u00a0<strong>Agata Kozio\u0142<\/strong>.<\/p>\n","protected":false},"excerpt":{"rendered":"","protected":false},"author":7,"featured_media":24955,"comment_status":"closed","ping_status":"closed","sticky":false,"template":"","format":"standard","meta":{"_tec_requires_first_save":true,"_crdt_document":"","pgc_sgb_lightbox_settings":"","_EventAllDay":false,"_EventTimezone":"","_EventStartDate":"","_EventEndDate":"","_EventStartDateUTC":"","_EventEndDateUTC":"","_EventShowMap":false,"_EventShowMapLink":false,"_EventURL":"","_EventCost":"","_EventCostDescription":"","_EventCurrencySymbol":"","_EventCurrencyCode":"","_EventCurrencyPosition":"","_EventDateTimeSeparator":"","_EventTimeRangeSeparator":"","_EventOrganizerID":[],"_EventVenueID":[],"_OrganizerEmail":"","_OrganizerPhone":"","_OrganizerWebsite":"","_VenueAddress":"","_VenueCity":"","_VenueCountry":"","_VenueProvince":"","_VenueState":"","_VenueZip":"","_VenuePhone":"","_VenueURL":"","_VenueStateProvince":"","_VenueLat":"","_VenueLng":"","_VenueShowMap":false,"_VenueShowMapLink":false,"_tribe_blocks_recurrence_rules":"","_tribe_blocks_recurrence_description":"","_tribe_blocks_recurrence_exclusions":"","footnotes":""},"categories":[636,10],"tags":[],"class_list":["post-24948","post","type-post","status-publish","format-standard","has-post-thumbnail","hentry","category-domowe-narodowe-czytanie","category-aktualnosci"],"publishpress_future_action":{"enabled":false,"date":"2026-05-06 12:57:39","action":"change-status","newStatus":"draft","terms":[],"taxonomy":"category","extraData":[]},"publishpress_future_workflow_manual_trigger":{"enabledWorkflows":[]},"_links":{"self":[{"href":"https:\/\/wbp.lublin.pl\/index.php\/wp-json\/wp\/v2\/posts\/24948","targetHints":{"allow":["GET"]}}],"collection":[{"href":"https:\/\/wbp.lublin.pl\/index.php\/wp-json\/wp\/v2\/posts"}],"about":[{"href":"https:\/\/wbp.lublin.pl\/index.php\/wp-json\/wp\/v2\/types\/post"}],"author":[{"embeddable":true,"href":"https:\/\/wbp.lublin.pl\/index.php\/wp-json\/wp\/v2\/users\/7"}],"replies":[{"embeddable":true,"href":"https:\/\/wbp.lublin.pl\/index.php\/wp-json\/wp\/v2\/comments?post=24948"}],"version-history":[{"count":6,"href":"https:\/\/wbp.lublin.pl\/index.php\/wp-json\/wp\/v2\/posts\/24948\/revisions"}],"predecessor-version":[{"id":24964,"href":"https:\/\/wbp.lublin.pl\/index.php\/wp-json\/wp\/v2\/posts\/24948\/revisions\/24964"}],"wp:featuredmedia":[{"embeddable":true,"href":"https:\/\/wbp.lublin.pl\/index.php\/wp-json\/wp\/v2\/media\/24955"}],"wp:attachment":[{"href":"https:\/\/wbp.lublin.pl\/index.php\/wp-json\/wp\/v2\/media?parent=24948"}],"wp:term":[{"taxonomy":"category","embeddable":true,"href":"https:\/\/wbp.lublin.pl\/index.php\/wp-json\/wp\/v2\/categories?post=24948"},{"taxonomy":"post_tag","embeddable":true,"href":"https:\/\/wbp.lublin.pl\/index.php\/wp-json\/wp\/v2\/tags?post=24948"}],"curies":[{"name":"wp","href":"https:\/\/api.w.org\/{rel}","templated":true}]}}